{"id":22664,"date":"2016-05-10T13:38:46","date_gmt":"2016-05-10T13:38:46","guid":{"rendered":"https:\/\/abarevegan.com.br\/index.php\/2016\/05\/10\/gerente-de-fabrica-e-encontrado-morto-em-casa\/"},"modified":"2016-05-10T13:38:46","modified_gmt":"2016-05-10T13:38:46","slug":"gerente-de-fabrica-e-encontrado-morto-em-casa","status":"publish","type":"post","link":"https:\/\/nk7-testes.com.br\/agazeta\/gerente-de-fabrica-e-encontrado-morto-em-casa\/","title":{"rendered":"Gerente de f\u00e1brica \u00e9 encontrado morto em casa"},"content":{"rendered":"<p style=\"text-align: justify;\">Rosto de Nilberto ficou desfigurado com as agress\u00f5es<\/p>\n<p style=\"text-align: justify;\">Gerente de produ\u00e7\u00e3o de uma f\u00e1brica de biscoitos de Rio Branco \u00e9 encontrado morto na madrugada desta segunda-feira. O crime ainda est\u00e1 sendo investigado, mas a primeira hip\u00f3tese \u00e9 que se trata de latroc\u00ednio.<\/p>\n<p style=\"text-align: justify;\">O corpo de Nilberto Monteiro da Silva, 43, foi encontrado por amigos na madrugada desta segunda-feira (9), dentro da casa dele, no bairro Jardim El Dourado.<\/p>\n<p style=\"text-align: justify;\">A v\u00edtima estava com o rosto desfigurado, com muitas marcas de espancamento pelo corpo. Segundo amigos, Nilberto teria sa\u00eddo no s\u00e1bado e retornou para casa, mas no domingo n\u00e3o se comunicou com ningu\u00e9m.<\/p>\n<p style=\"text-align: justify;\">\u201cNo domingo, a gente costumava se reunir na casa da irm\u00e3 dele. Tentamos contato o dia todo, at\u00e9 \u00e0s 11 e n\u00e3o conseguimos. A\u00ed viemos \u00e0s 5 da manh\u00e3 abrir a casa\u201d, disse a amiga Patr\u00edcia Filgueiras.<\/p>\n<p style=\"text-align: justify;\">De acordo com a amiga de Nilberto, o quarto estava revirado. Al\u00e9m do carro, outros objetos tamb\u00e9m foram roubados.<\/p>\n<p style=\"text-align: justify;\">N\u00e3o h\u00e1 vest\u00edgios de arrombamento na casa. Portanto, al\u00e9m da tese de latroc\u00ednio, a pol\u00edcia acredita que o autor do crime tenha sido autorizado a entrar. \u201cFoi franqueada a entrada ou algu\u00e9m amea\u00e7ou com arma para ele abrir o port\u00e3o\u201d, disse o comandante do 5\u00ba Batalh\u00e3o, Major Edener Franco.<\/p>\n","protected":false},"excerpt":{"rendered":"<p style=\"text-align: justify;\">Rosto de Nilberto ficou desfigurado com as agress\u00f5es<\/p>\n","protected":false},"author":4,"featured_media":22663,"comment_status":"open","ping_status":"open","sticky":false,"template":"","format":"standard","meta":{"jnews-multi-image_gallery":[],"jnews_single_post":[],"jnews_primary_category":[],"jnews_social_meta":[],"jnews_review":[],"enable_review":"","type":"","name":"","summary":"","brand":"","sku":"","good":[],"bad":[],"score_override":"","override_value":"","rating":[],"price":[],"footnotes":""},"categories":[44],"tags":[],"class_list":["post-22664","post","type-post","status-publish","format-standard","has-post-thumbnail","hentry","category-policia"],"yoast_head":"<!-- This site is optimized with the Yoast SEO plugin v26.5 - https:\/\/yoast.com\/wordpress\/plugins\/seo\/ -->\n<title>Gerente de f\u00e1brica \u00e9 encontrado morto em casa - Agazeta.net<\/title>\n<meta name=\"robots\" content=\"index, follow, max-snippet:-1, max-image-preview:large, max-video-preview:-1\" \/>\n<link rel=\"canonical\" href=\"https:\/\/nk7-testes.com.br\/agazeta\/gerente-de-fabrica-e-encontrado-morto-em-casa\/\" \/>\n<meta property=\"og:locale\" content=\"pt_BR\" \/>\n<meta property=\"og:type\" content=\"article\" \/>\n<meta property=\"og:title\" content=\"Gerente de f\u00e1brica \u00e9 encontrado morto em casa - Agazeta.net\" \/>\n<meta property=\"og:description\" content=\"Rosto de Nilberto ficou desfigurado com as agress\u00f5es\" \/>\n<meta property=\"og:url\" content=\"https:\/\/nk7-testes.com.br\/agazeta\/gerente-de-fabrica-e-encontrado-morto-em-casa\/\" \/>\n<meta property=\"og:site_name\" content=\"Agazeta.net\" \/>\n<meta property=\"article:published_time\" content=\"2016-05-10T13:38:46+00:00\" \/>\n<meta property=\"og:image\" content=\"https:\/\/nk7-testes.com.br\/agazeta\/wp-content\/uploads\/2016\/05\/100516-policia-homemassassinado-arquivopessoal.jpg\" \/>\n\t<meta property=\"og:image:width\" content=\"458\" \/>\n\t<meta property=\"og:image:height\" content=\"340\" \/>\n\t<meta property=\"og:image:type\" content=\"image\/jpeg\" \/>\n<meta name=\"author\" content=\"Agazeta.Net\" \/>\n<meta name=\"twitter:card\" content=\"summary_large_image\" \/>\n<meta name=\"twitter:label1\" content=\"Escrito por\" \/>\n\t<meta name=\"twitter:data1\" content=\"Agazeta.Net\" \/>\n\t<meta name=\"twitter:label2\" content=\"Est. tempo de leitura\" \/>\n\t<meta name=\"twitter:data2\" content=\"1 minuto\" \/>\n<script type=\"application\/ld+json\" class=\"yoast-schema-graph\">{\"@context\":\"https:\/\/schema.org\",\"@graph\":[{\"@type\":\"WebPage\",\"@id\":\"https:\/\/nk7-testes.com.br\/agazeta\/gerente-de-fabrica-e-encontrado-morto-em-casa\/\",\"url\":\"https:\/\/nk7-testes.com.br\/agazeta\/gerente-de-fabrica-e-encontrado-morto-em-casa\/\",\"name\":\"Gerente de f\u00e1brica \u00e9 encontrado morto em casa - Agazeta.net\",\"isPartOf\":{\"@id\":\"https:\/\/nk7-testes.com.br\/agazeta\/#website\"},\"primaryImageOfPage\":{\"@id\":\"https:\/\/nk7-testes.com.br\/agazeta\/gerente-de-fabrica-e-encontrado-morto-em-casa\/#primaryimage\"},\"image\":{\"@id\":\"https:\/\/nk7-testes.com.br\/agazeta\/gerente-de-fabrica-e-encontrado-morto-em-casa\/#primaryimage\"},\"thumbnailUrl\":\"https:\/\/nk7-testes.com.br\/agazeta\/wp-content\/uploads\/2016\/05\/100516-policia-homemassassinado-arquivopessoal.jpg\",\"datePublished\":\"2016-05-10T13:38:46+00:00\",\"author\":{\"@id\":\"https:\/\/nk7-testes.com.br\/agazeta\/#\/schema\/person\/6d6e25cb0435eb4a02fd44d30b4e3020\"},\"breadcrumb\":{\"@id\":\"https:\/\/nk7-testes.com.br\/agazeta\/gerente-de-fabrica-e-encontrado-morto-em-casa\/#breadcrumb\"},\"inLanguage\":\"pt-BR\",\"potentialAction\":[{\"@type\":\"ReadAction\",\"target\":[\"https:\/\/nk7-testes.com.br\/agazeta\/gerente-de-fabrica-e-encontrado-morto-em-casa\/\"]}]},{\"@type\":\"ImageObject\",\"inLanguage\":\"pt-BR\",\"@id\":\"https:\/\/nk7-testes.com.br\/agazeta\/gerente-de-fabrica-e-encontrado-morto-em-casa\/#primaryimage\",\"url\":\"https:\/\/nk7-testes.com.br\/agazeta\/wp-content\/uploads\/2016\/05\/100516-policia-homemassassinado-arquivopessoal.jpg\",\"contentUrl\":\"https:\/\/nk7-testes.com.br\/agazeta\/wp-content\/uploads\/2016\/05\/100516-policia-homemassassinado-arquivopessoal.jpg\",\"width\":458,\"height\":340,\"caption\":\"100516-policia-homemassassinado-arquivopessoal\"},{\"@type\":\"BreadcrumbList\",\"@id\":\"https:\/\/nk7-testes.com.br\/agazeta\/gerente-de-fabrica-e-encontrado-morto-em-casa\/#breadcrumb\",\"itemListElement\":[{\"@type\":\"ListItem\",\"position\":1,\"name\":\"In\u00edcio\",\"item\":\"https:\/\/nk7-testes.com.br\/agazeta\/\"},{\"@type\":\"ListItem\",\"position\":2,\"name\":\"Gerente de f\u00e1brica \u00e9 encontrado morto em casa\"}]},{\"@type\":\"WebSite\",\"@id\":\"https:\/\/nk7-testes.com.br\/agazeta\/#website\",\"url\":\"https:\/\/nk7-testes.com.br\/agazeta\/\",\"name\":\"Agazeta.net\",\"description\":\"Agazeta.net - Not\u00edcias de Rio Branco\/AC\",\"potentialAction\":[{\"@type\":\"SearchAction\",\"target\":{\"@type\":\"EntryPoint\",\"urlTemplate\":\"https:\/\/nk7-testes.com.br\/agazeta\/?s={search_term_string}\"},\"query-input\":{\"@type\":\"PropertyValueSpecification\",\"valueRequired\":true,\"valueName\":\"search_term_string\"}}],\"inLanguage\":\"pt-BR\"},{\"@type\":\"Person\",\"@id\":\"https:\/\/nk7-testes.com.br\/agazeta\/#\/schema\/person\/6d6e25cb0435eb4a02fd44d30b4e3020\",\"name\":\"Agazeta.Net\",\"url\":\"https:\/\/nk7-testes.com.br\/agazeta\/author\/agazeta\/\"}]}<\/script>\n<!-- \/ Yoast SEO plugin. -->","yoast_head_json":{"title":"Gerente de f\u00e1brica \u00e9 encontrado morto em casa - Agazeta.net","robots":{"index":"index","follow":"follow","max-snippet":"max-snippet:-1","max-image-preview":"max-image-preview:large","max-video-preview":"max-video-preview:-1"},"canonical":"https:\/\/nk7-testes.com.br\/agazeta\/gerente-de-fabrica-e-encontrado-morto-em-casa\/","og_locale":"pt_BR","og_type":"article","og_title":"Gerente de f\u00e1brica \u00e9 encontrado morto em casa - Agazeta.net","og_description":"Rosto de Nilberto ficou desfigurado com as agress\u00f5es","og_url":"https:\/\/nk7-testes.com.br\/agazeta\/gerente-de-fabrica-e-encontrado-morto-em-casa\/","og_site_name":"Agazeta.net","article_published_time":"2016-05-10T13:38:46+00:00","og_image":[{"width":458,"height":340,"url":"https:\/\/nk7-testes.com.br\/agazeta\/wp-content\/uploads\/2016\/05\/100516-policia-homemassassinado-arquivopessoal.jpg","type":"image\/jpeg"}],"author":"Agazeta.Net","twitter_card":"summary_large_image","twitter_misc":{"Escrito por":"Agazeta.Net","Est. tempo de leitura":"1 minuto"},"schema":{"@context":"https:\/\/schema.org","@graph":[{"@type":"WebPage","@id":"https:\/\/nk7-testes.com.br\/agazeta\/gerente-de-fabrica-e-encontrado-morto-em-casa\/","url":"https:\/\/nk7-testes.com.br\/agazeta\/gerente-de-fabrica-e-encontrado-morto-em-casa\/","name":"Gerente de f\u00e1brica \u00e9 encontrado morto em casa - Agazeta.net","isPartOf":{"@id":"https:\/\/nk7-testes.com.br\/agazeta\/#website"},"primaryImageOfPage":{"@id":"https:\/\/nk7-testes.com.br\/agazeta\/gerente-de-fabrica-e-encontrado-morto-em-casa\/#primaryimage"},"image":{"@id":"https:\/\/nk7-testes.com.br\/agazeta\/gerente-de-fabrica-e-encontrado-morto-em-casa\/#primaryimage"},"thumbnailUrl":"https:\/\/nk7-testes.com.br\/agazeta\/wp-content\/uploads\/2016\/05\/100516-policia-homemassassinado-arquivopessoal.jpg","datePublished":"2016-05-10T13:38:46+00:00","author":{"@id":"https:\/\/nk7-testes.com.br\/agazeta\/#\/schema\/person\/6d6e25cb0435eb4a02fd44d30b4e3020"},"breadcrumb":{"@id":"https:\/\/nk7-testes.com.br\/agazeta\/gerente-de-fabrica-e-encontrado-morto-em-casa\/#breadcrumb"},"inLanguage":"pt-BR","potentialAction":[{"@type":"ReadAction","target":["https:\/\/nk7-testes.com.br\/agazeta\/gerente-de-fabrica-e-encontrado-morto-em-casa\/"]}]},{"@type":"ImageObject","inLanguage":"pt-BR","@id":"https:\/\/nk7-testes.com.br\/agazeta\/gerente-de-fabrica-e-encontrado-morto-em-casa\/#primaryimage","url":"https:\/\/nk7-testes.com.br\/agazeta\/wp-content\/uploads\/2016\/05\/100516-policia-homemassassinado-arquivopessoal.jpg","contentUrl":"https:\/\/nk7-testes.com.br\/agazeta\/wp-content\/uploads\/2016\/05\/100516-policia-homemassassinado-arquivopessoal.jpg","width":458,"height":340,"caption":"100516-policia-homemassassinado-arquivopessoal"},{"@type":"BreadcrumbList","@id":"https:\/\/nk7-testes.com.br\/agazeta\/gerente-de-fabrica-e-encontrado-morto-em-casa\/#breadcrumb","itemListElement":[{"@type":"ListItem","position":1,"name":"In\u00edcio","item":"https:\/\/nk7-testes.com.br\/agazeta\/"},{"@type":"ListItem","position":2,"name":"Gerente de f\u00e1brica \u00e9 encontrado morto em casa"}]},{"@type":"WebSite","@id":"https:\/\/nk7-testes.com.br\/agazeta\/#website","url":"https:\/\/nk7-testes.com.br\/agazeta\/","name":"Agazeta.net","description":"Agazeta.net - Not\u00edcias de Rio Branco\/AC","potentialAction":[{"@type":"SearchAction","target":{"@type":"EntryPoint","urlTemplate":"https:\/\/nk7-testes.com.br\/agazeta\/?s={search_term_string}"},"query-input":{"@type":"PropertyValueSpecification","valueRequired":true,"valueName":"search_term_string"}}],"inLanguage":"pt-BR"},{"@type":"Person","@id":"https:\/\/nk7-testes.com.br\/agazeta\/#\/schema\/person\/6d6e25cb0435eb4a02fd44d30b4e3020","name":"Agazeta.Net","url":"https:\/\/nk7-testes.com.br\/agazeta\/author\/agazeta\/"}]}},"_links":{"self":[{"href":"https:\/\/nk7-testes.com.br\/agazeta\/wp-json\/wp\/v2\/posts\/22664","targetHints":{"allow":["GET"]}}],"collection":[{"href":"https:\/\/nk7-testes.com.br\/agazeta\/wp-json\/wp\/v2\/posts"}],"about":[{"href":"https:\/\/nk7-testes.com.br\/agazeta\/wp-json\/wp\/v2\/types\/post"}],"author":[{"embeddable":true,"href":"https:\/\/nk7-testes.com.br\/agazeta\/wp-json\/wp\/v2\/users\/4"}],"replies":[{"embeddable":true,"href":"https:\/\/nk7-testes.com.br\/agazeta\/wp-json\/wp\/v2\/comments?post=22664"}],"version-history":[{"count":0,"href":"https:\/\/nk7-testes.com.br\/agazeta\/wp-json\/wp\/v2\/posts\/22664\/revisions"}],"wp:featuredmedia":[{"embeddable":true,"href":"https:\/\/nk7-testes.com.br\/agazeta\/wp-json\/wp\/v2\/media\/22663"}],"wp:attachment":[{"href":"https:\/\/nk7-testes.com.br\/agazeta\/wp-json\/wp\/v2\/media?parent=22664"}],"wp:term":[{"taxonomy":"category","embeddable":true,"href":"https:\/\/nk7-testes.com.br\/agazeta\/wp-json\/wp\/v2\/categories?post=22664"},{"taxonomy":"post_tag","embeddable":true,"href":"https:\/\/nk7-testes.com.br\/agazeta\/wp-json\/wp\/v2\/tags?post=22664"}],"curies":[{"name":"wp","href":"https:\/\/api.w.org\/{rel}","templated":true}]}}