{"id":22662,"date":"2016-05-09T22:14:39","date_gmt":"2016-05-09T22:14:39","guid":{"rendered":"https:\/\/abarevegan.com.br\/index.php\/2016\/05\/09\/ufac-e-inpa-fecham-parceria\/"},"modified":"2016-05-09T22:14:39","modified_gmt":"2016-05-09T22:14:39","slug":"ufac-e-inpa-fecham-parceria","status":"publish","type":"post","link":"https:\/\/nk7-testes.com.br\/agazeta\/ufac-e-inpa-fecham-parceria\/","title":{"rendered":"Ufac e Impa fecham parceria"},"content":{"rendered":"<p style=\"text-align: justify;\">Coopera\u00e7\u00e3o cient\u00edfica foi divulgada nesta segunda<\/p>\n<p style=\"text-align: justify;\">A Universidade Federal do Acre (Ufac) e o Instituto Nacional de Matem\u00e1tica Pura e Aplicada (Impa) assinaram nesta segunda-feira, 9, um protocolo de inten\u00e7\u00f5es para coopera\u00e7\u00e3o t\u00e9cnico-cient\u00edfica entre ambas as institui\u00e7\u00f5es.<\/p>\n<p style=\"text-align: justify;\">O documento prev\u00ea coopera\u00e7\u00e3o m\u00fatua para o interc\u00e2mbio de docentes, pesquisadores e estudantes; implementa\u00e7\u00e3o de projetos conjuntos de pesquisa; promo\u00e7\u00e3o de eventos cient\u00edfico-culturais; interc\u00e2mbio de informa\u00e7\u00f5es e publica\u00e7\u00f5es acad\u00eamicas. A validade do protocolo de inten\u00e7\u00f5es \u00e9 de dois anos.<\/p>\n<p style=\"text-align: justify;\">\u201cO Impa \u00e9 uma refer\u00eancia no Brasil e pode contribuir decisivamente para o avan\u00e7o educacional no pa\u00eds. Para a Ufac, \u00e9 um honra poder manter essa aproxima\u00e7\u00e3o\u201d, disse o reitor da Ufac, Minoru Kinpara. \u201cA matem\u00e1tica \u00e9 a base para diferentes \u00e1reas do conhecimento. Nosso grande desafio \u00e9 fazer com que nossos estudantes adquiram gosto por esse conhecimento. Temos a convic\u00e7\u00e3o de que essa \u00e9 uma a\u00e7\u00e3o que perpassa pela a\u00e7\u00e3o do professor e nisso tamb\u00e9m buscaremos investir.\u201d<\/p>\n<p style=\"text-align: justify;\">No Acre, a convite do deputado federal Sib\u00e1 Machado (PT-AC), que testemunhou a assinatura, o diretor-geral do Impa, Marcelo Viana, falou da necessidade de expans\u00e3o de programas para melhoria do ensino da Matem\u00e1tica em todo o pa\u00eds.<\/p>\n<p style=\"text-align: justify;\">\u201cTemos a miss\u00e3o de contribuir para o desenvolvimento da matem\u00e1tica em todo o territ\u00f3rio nacional, por isso estamos muito abertos a esse tipo de parceria\u201d, afirmou Viana. \u201cParte da nossa meta \u00e9 contribuir para a organiza\u00e7\u00e3o de um mestrado acad\u00eamico em Matem\u00e1tica, para, em seguida, pensarmos um doutorado. Esse \u00e9 o in\u00edcio de uma aproxima\u00e7\u00e3o.\u201d<\/p>\n<p style=\"text-align: justify;\">Atualmente, a Ufac mant\u00e9m dois programas de p\u00f3s-gradua\u00e7\u00e3o ligados ao ensino da Matem\u00e1tica. O mestrado profissional em Ensino de Ci\u00eancia e Matem\u00e1tica, coordenado pelo professor Gilberto Melo, cujo objetivo \u00e9 aprimorar a forma\u00e7\u00e3o continuada dos professores por meio de atividades de pesquisa aplicada e do desenvolvimento da pr\u00e1tica pedag\u00f3gica, fomentando a reflex\u00e3o sobre o exerc\u00edcio da profiss\u00e3o e o processo de ensino e aprendizagem.<\/p>\n<p style=\"text-align: justify;\">E o programa de p\u00f3s-gradua\u00e7\u00e3o em Matem\u00e1tica em Rede Nacional (Profmat), sob coordena\u00e7\u00e3o do professor Wenden Charles Rodrigues, voltado a professores de Matem\u00e1tica do ensino b\u00e1sico que estejam, efetivamente, em sala de aula.<\/p>\n<p style=\"text-align: justify;\">Diferente do mestrado em Ci\u00eancia e Matem\u00e1tica, o Profmat \u00e9 constitu\u00eddo de cursos semipresenciais, com oferta nacional, realizado por uma rede de institui\u00e7\u00f5es de ensino superior, no contexto da Universidade Aberta do Brasil, e coordenado pela Sociedade Brasileira de Matem\u00e1tica (SBM).<\/p>\n","protected":false},"excerpt":{"rendered":"<p style=\"text-align: justify;\">Coopera\u00e7\u00e3o cient\u00edfica foi divulgada nesta segunda<\/p>\n","protected":false},"author":4,"featured_media":22661,"comment_status":"open","ping_status":"open","sticky":false,"template":"","format":"standard","meta":{"jnews-multi-image_gallery":[],"jnews_single_post":[],"jnews_primary_category":[],"jnews_social_meta":[],"jnews_review":[],"enable_review":"","type":"","name":"","summary":"","brand":"","sku":"","good":[],"bad":[],"score_override":"","override_value":"","rating":[],"price":[],"footnotes":""},"categories":[54],"tags":[],"class_list":["post-22662","post","type-post","status-publish","format-standard","has-post-thumbnail","hentry","category-cotidiano"],"yoast_head":"<!-- This site is optimized with the Yoast SEO plugin v26.5 - https:\/\/yoast.com\/wordpress\/plugins\/seo\/ -->\n<title>Ufac e Impa fecham parceria - Agazeta.net<\/title>\n<meta name=\"robots\" content=\"index, follow, max-snippet:-1, max-image-preview:large, max-video-preview:-1\" \/>\n<link rel=\"canonical\" href=\"https:\/\/nk7-testes.com.br\/agazeta\/ufac-e-inpa-fecham-parceria\/\" \/>\n<meta property=\"og:locale\" content=\"pt_BR\" \/>\n<meta property=\"og:type\" content=\"article\" \/>\n<meta property=\"og:title\" content=\"Ufac e Impa fecham parceria - Agazeta.net\" \/>\n<meta property=\"og:description\" content=\"Coopera\u00e7\u00e3o cient\u00edfica foi divulgada nesta segunda\" \/>\n<meta property=\"og:url\" content=\"https:\/\/nk7-testes.com.br\/agazeta\/ufac-e-inpa-fecham-parceria\/\" \/>\n<meta property=\"og:site_name\" content=\"Agazeta.net\" \/>\n<meta property=\"article:published_time\" content=\"2016-05-09T22:14:39+00:00\" \/>\n<meta property=\"og:image\" content=\"https:\/\/nk7-testes.com.br\/agazeta\/wp-content\/uploads\/2016\/05\/090516-cotidiano-ufacinpa-ascomufac.jpg\" \/>\n\t<meta property=\"og:image:width\" content=\"458\" \/>\n\t<meta property=\"og:image:height\" content=\"340\" \/>\n\t<meta property=\"og:image:type\" content=\"image\/jpeg\" \/>\n<meta name=\"author\" content=\"Agazeta.Net\" \/>\n<meta name=\"twitter:card\" content=\"summary_large_image\" \/>\n<meta name=\"twitter:label1\" content=\"Escrito por\" \/>\n\t<meta name=\"twitter:data1\" content=\"Agazeta.Net\" \/>\n\t<meta name=\"twitter:label2\" content=\"Est. tempo de leitura\" \/>\n\t<meta name=\"twitter:data2\" content=\"2 minutos\" \/>\n<script type=\"application\/ld+json\" class=\"yoast-schema-graph\">{\"@context\":\"https:\/\/schema.org\",\"@graph\":[{\"@type\":\"WebPage\",\"@id\":\"https:\/\/nk7-testes.com.br\/agazeta\/ufac-e-inpa-fecham-parceria\/\",\"url\":\"https:\/\/nk7-testes.com.br\/agazeta\/ufac-e-inpa-fecham-parceria\/\",\"name\":\"Ufac e Impa fecham parceria - Agazeta.net\",\"isPartOf\":{\"@id\":\"https:\/\/nk7-testes.com.br\/agazeta\/#website\"},\"primaryImageOfPage\":{\"@id\":\"https:\/\/nk7-testes.com.br\/agazeta\/ufac-e-inpa-fecham-parceria\/#primaryimage\"},\"image\":{\"@id\":\"https:\/\/nk7-testes.com.br\/agazeta\/ufac-e-inpa-fecham-parceria\/#primaryimage\"},\"thumbnailUrl\":\"https:\/\/nk7-testes.com.br\/agazeta\/wp-content\/uploads\/2016\/05\/090516-cotidiano-ufacinpa-ascomufac.jpg\",\"datePublished\":\"2016-05-09T22:14:39+00:00\",\"author\":{\"@id\":\"https:\/\/nk7-testes.com.br\/agazeta\/#\/schema\/person\/6d6e25cb0435eb4a02fd44d30b4e3020\"},\"breadcrumb\":{\"@id\":\"https:\/\/nk7-testes.com.br\/agazeta\/ufac-e-inpa-fecham-parceria\/#breadcrumb\"},\"inLanguage\":\"pt-BR\",\"potentialAction\":[{\"@type\":\"ReadAction\",\"target\":[\"https:\/\/nk7-testes.com.br\/agazeta\/ufac-e-inpa-fecham-parceria\/\"]}]},{\"@type\":\"ImageObject\",\"inLanguage\":\"pt-BR\",\"@id\":\"https:\/\/nk7-testes.com.br\/agazeta\/ufac-e-inpa-fecham-parceria\/#primaryimage\",\"url\":\"https:\/\/nk7-testes.com.br\/agazeta\/wp-content\/uploads\/2016\/05\/090516-cotidiano-ufacinpa-ascomufac.jpg\",\"contentUrl\":\"https:\/\/nk7-testes.com.br\/agazeta\/wp-content\/uploads\/2016\/05\/090516-cotidiano-ufacinpa-ascomufac.jpg\",\"width\":458,\"height\":340,\"caption\":\"090516-cotidiano-ufacinpa-ascomufac\"},{\"@type\":\"BreadcrumbList\",\"@id\":\"https:\/\/nk7-testes.com.br\/agazeta\/ufac-e-inpa-fecham-parceria\/#breadcrumb\",\"itemListElement\":[{\"@type\":\"ListItem\",\"position\":1,\"name\":\"In\u00edcio\",\"item\":\"https:\/\/nk7-testes.com.br\/agazeta\/\"},{\"@type\":\"ListItem\",\"position\":2,\"name\":\"Ufac e Impa fecham parceria\"}]},{\"@type\":\"WebSite\",\"@id\":\"https:\/\/nk7-testes.com.br\/agazeta\/#website\",\"url\":\"https:\/\/nk7-testes.com.br\/agazeta\/\",\"name\":\"Agazeta.net\",\"description\":\"Agazeta.net - Not\u00edcias de Rio Branco\/AC\",\"potentialAction\":[{\"@type\":\"SearchAction\",\"target\":{\"@type\":\"EntryPoint\",\"urlTemplate\":\"https:\/\/nk7-testes.com.br\/agazeta\/?s={search_term_string}\"},\"query-input\":{\"@type\":\"PropertyValueSpecification\",\"valueRequired\":true,\"valueName\":\"search_term_string\"}}],\"inLanguage\":\"pt-BR\"},{\"@type\":\"Person\",\"@id\":\"https:\/\/nk7-testes.com.br\/agazeta\/#\/schema\/person\/6d6e25cb0435eb4a02fd44d30b4e3020\",\"name\":\"Agazeta.Net\",\"url\":\"https:\/\/nk7-testes.com.br\/agazeta\/author\/agazeta\/\"}]}<\/script>\n<!-- \/ Yoast SEO plugin. -->","yoast_head_json":{"title":"Ufac e Impa fecham parceria - Agazeta.net","robots":{"index":"index","follow":"follow","max-snippet":"max-snippet:-1","max-image-preview":"max-image-preview:large","max-video-preview":"max-video-preview:-1"},"canonical":"https:\/\/nk7-testes.com.br\/agazeta\/ufac-e-inpa-fecham-parceria\/","og_locale":"pt_BR","og_type":"article","og_title":"Ufac e Impa fecham parceria - Agazeta.net","og_description":"Coopera\u00e7\u00e3o cient\u00edfica foi divulgada nesta segunda","og_url":"https:\/\/nk7-testes.com.br\/agazeta\/ufac-e-inpa-fecham-parceria\/","og_site_name":"Agazeta.net","article_published_time":"2016-05-09T22:14:39+00:00","og_image":[{"width":458,"height":340,"url":"https:\/\/nk7-testes.com.br\/agazeta\/wp-content\/uploads\/2016\/05\/090516-cotidiano-ufacinpa-ascomufac.jpg","type":"image\/jpeg"}],"author":"Agazeta.Net","twitter_card":"summary_large_image","twitter_misc":{"Escrito por":"Agazeta.Net","Est. tempo de leitura":"2 minutos"},"schema":{"@context":"https:\/\/schema.org","@graph":[{"@type":"WebPage","@id":"https:\/\/nk7-testes.com.br\/agazeta\/ufac-e-inpa-fecham-parceria\/","url":"https:\/\/nk7-testes.com.br\/agazeta\/ufac-e-inpa-fecham-parceria\/","name":"Ufac e Impa fecham parceria - Agazeta.net","isPartOf":{"@id":"https:\/\/nk7-testes.com.br\/agazeta\/#website"},"primaryImageOfPage":{"@id":"https:\/\/nk7-testes.com.br\/agazeta\/ufac-e-inpa-fecham-parceria\/#primaryimage"},"image":{"@id":"https:\/\/nk7-testes.com.br\/agazeta\/ufac-e-inpa-fecham-parceria\/#primaryimage"},"thumbnailUrl":"https:\/\/nk7-testes.com.br\/agazeta\/wp-content\/uploads\/2016\/05\/090516-cotidiano-ufacinpa-ascomufac.jpg","datePublished":"2016-05-09T22:14:39+00:00","author":{"@id":"https:\/\/nk7-testes.com.br\/agazeta\/#\/schema\/person\/6d6e25cb0435eb4a02fd44d30b4e3020"},"breadcrumb":{"@id":"https:\/\/nk7-testes.com.br\/agazeta\/ufac-e-inpa-fecham-parceria\/#breadcrumb"},"inLanguage":"pt-BR","potentialAction":[{"@type":"ReadAction","target":["https:\/\/nk7-testes.com.br\/agazeta\/ufac-e-inpa-fecham-parceria\/"]}]},{"@type":"ImageObject","inLanguage":"pt-BR","@id":"https:\/\/nk7-testes.com.br\/agazeta\/ufac-e-inpa-fecham-parceria\/#primaryimage","url":"https:\/\/nk7-testes.com.br\/agazeta\/wp-content\/uploads\/2016\/05\/090516-cotidiano-ufacinpa-ascomufac.jpg","contentUrl":"https:\/\/nk7-testes.com.br\/agazeta\/wp-content\/uploads\/2016\/05\/090516-cotidiano-ufacinpa-ascomufac.jpg","width":458,"height":340,"caption":"090516-cotidiano-ufacinpa-ascomufac"},{"@type":"BreadcrumbList","@id":"https:\/\/nk7-testes.com.br\/agazeta\/ufac-e-inpa-fecham-parceria\/#breadcrumb","itemListElement":[{"@type":"ListItem","position":1,"name":"In\u00edcio","item":"https:\/\/nk7-testes.com.br\/agazeta\/"},{"@type":"ListItem","position":2,"name":"Ufac e Impa fecham parceria"}]},{"@type":"WebSite","@id":"https:\/\/nk7-testes.com.br\/agazeta\/#website","url":"https:\/\/nk7-testes.com.br\/agazeta\/","name":"Agazeta.net","description":"Agazeta.net - Not\u00edcias de Rio Branco\/AC","potentialAction":[{"@type":"SearchAction","target":{"@type":"EntryPoint","urlTemplate":"https:\/\/nk7-testes.com.br\/agazeta\/?s={search_term_string}"},"query-input":{"@type":"PropertyValueSpecification","valueRequired":true,"valueName":"search_term_string"}}],"inLanguage":"pt-BR"},{"@type":"Person","@id":"https:\/\/nk7-testes.com.br\/agazeta\/#\/schema\/person\/6d6e25cb0435eb4a02fd44d30b4e3020","name":"Agazeta.Net","url":"https:\/\/nk7-testes.com.br\/agazeta\/author\/agazeta\/"}]}},"_links":{"self":[{"href":"https:\/\/nk7-testes.com.br\/agazeta\/wp-json\/wp\/v2\/posts\/22662","targetHints":{"allow":["GET"]}}],"collection":[{"href":"https:\/\/nk7-testes.com.br\/agazeta\/wp-json\/wp\/v2\/posts"}],"about":[{"href":"https:\/\/nk7-testes.com.br\/agazeta\/wp-json\/wp\/v2\/types\/post"}],"author":[{"embeddable":true,"href":"https:\/\/nk7-testes.com.br\/agazeta\/wp-json\/wp\/v2\/users\/4"}],"replies":[{"embeddable":true,"href":"https:\/\/nk7-testes.com.br\/agazeta\/wp-json\/wp\/v2\/comments?post=22662"}],"version-history":[{"count":0,"href":"https:\/\/nk7-testes.com.br\/agazeta\/wp-json\/wp\/v2\/posts\/22662\/revisions"}],"wp:featuredmedia":[{"embeddable":true,"href":"https:\/\/nk7-testes.com.br\/agazeta\/wp-json\/wp\/v2\/media\/22661"}],"wp:attachment":[{"href":"https:\/\/nk7-testes.com.br\/agazeta\/wp-json\/wp\/v2\/media?parent=22662"}],"wp:term":[{"taxonomy":"category","embeddable":true,"href":"https:\/\/nk7-testes.com.br\/agazeta\/wp-json\/wp\/v2\/categories?post=22662"},{"taxonomy":"post_tag","embeddable":true,"href":"https:\/\/nk7-testes.com.br\/agazeta\/wp-json\/wp\/v2\/tags?post=22662"}],"curies":[{"name":"wp","href":"https:\/\/api.w.org\/{rel}","templated":true}]}}