{"id":22649,"date":"2016-05-09T14:44:10","date_gmt":"2016-05-09T14:44:10","guid":{"rendered":"https:\/\/abarevegan.com.br\/index.php\/2016\/05\/09\/biblioteca-da-floresta-expoe-helio-melo\/"},"modified":"2016-05-09T14:44:10","modified_gmt":"2016-05-09T14:44:10","slug":"biblioteca-da-floresta-expoe-helio-melo","status":"publish","type":"post","link":"https:\/\/nk7-testes.com.br\/agazeta\/biblioteca-da-floresta-expoe-helio-melo\/","title":{"rendered":"Biblioteca da Floresta exp\u00f5e H\u00e9lio Melo"},"content":{"rendered":"<p style=\"text-align: justify;\">Artista concebeu esp\u00e9cie de \u201csurrealismo da floresta\u201d<\/p>\n<p style=\"text-align: justify;\">Ele n\u00e3o era o s\u00e1bio da floresta, ele era a pr\u00f3pria floresta na sua intensidade de cores, texturas e ritmos. Um artista plural que viveu a natureza como elemento indispens\u00e1vel. Trabalhou a auto sustentabilidade de maneira ampla e defendeu por meio da arte os direitos dos povos da floresta.<\/p>\n<p style=\"text-align: justify;\">Na inf\u00e2ncia, seus passos deixaram rastros em varadouros e o seringal na sua calmaria, al\u00e9m de ber\u00e7o, lhe serviu de escola. Mais velho, se mudou para o seringal Sen\u00e1polis, onde sua m\u00e3e herdou uma pequena coloca\u00e7\u00e3o.<\/p>\n<p style=\"text-align: justify;\">Por aquelas brenhas amaz\u00f4nicas ele se tornou seringueiro, e entre um corte de seringa e a queda do ouri\u00e7o da castanha, aprendeu a ouvir o Curupira, desvendou artimanhas do Boto, se escondeu da Matinta Pereira, correu atr\u00e1s do Caboquinho e tomou banho na presen\u00e7a da M\u00e3e D\u2019\u00e1gua. Tamb\u00e9m deixou-se encantar pela Cobra Grande e teve uma conversa de p\u00e9 de orelha com o Mapinguari.<\/p>\n<p style=\"text-align: justify;\">Menino do Intimari, al\u00e9m de aparar o leite da mata, soube extrair dela a beleza da sua arte. Cresceu e ganhou asas, e na busca por melhores condi\u00e7\u00f5es abandonou o seringal sem imaginar que as cores, hist\u00f3rias e experi\u00eancias daquela localidade lhe tornariam um artista conhecido mundialmente. Suas telas, sua m\u00fasica e a maneira caracter\u00edstica de lidar com as palavras expressava o seringal que nunca sairia dele.<\/p>\n<p style=\"text-align: justify;\">Franzino, sem vaidade, usava sempre a mesma blusa banca, j\u00e1 amarelada pelo tempo. Quando chegou \u00e0 capital, encontrou na rua Xapuri, no Bairro da Base, um lar para sua fam\u00edlia.<\/p>\n<p style=\"text-align: justify;\">\u00c0s margens do nosso maior caudal foi catraieiro e com o varej\u00e3o nas m\u00e3os cortou as \u00e1guas morenas do rio Acre, tocando cada distrito em busca de um sustento digno. Ele aprendeu a conversar com o rio seguindo o curso barrento das \u00e1guas.<\/p>\n<p style=\"text-align: justify;\">Nos barrancos que eram a extens\u00e3o da sua moradia, o canto do azul\u00e3o, da saracura, e da galinha d\u2019\u00e1gua serviu de inspira\u00e7\u00e3o para a melodia harmoniosamente gritada pelas cordas de sua rabeca, instrumento medieval precursor do violino que aprendeu a tocar de ouvido.<\/p>\n<p style=\"text-align: justify;\">Trabalhou como ambulante, barbeiro e vigia na Companhia de Desenvolvimento do Acre, no distrito industrial de Rio Branco.<\/p>\n<p style=\"text-align: justify;\">Na \u201ccidade grande\u201d aprendeu a sentir e desvendar, intimamente, maneiras de pensar e todo comportamento urbano que posteriormente fundiu com suas lembran\u00e7as do seringal, o que transparece nos seus tra\u00e7os esverdeados cheios de cr\u00edtica e reflex\u00e3o.<\/p>\n<p style=\"text-align: justify;\">Seu H\u00e9lio coloria sentimentos distantes dos barrac\u00f5es, do querosene e da mal\u00e1ria com surpreendente surrealismo.<\/p>\n<p style=\"text-align: justify;\">Ele era um musico autodidata, mas gostava mesmo era de dan\u00e7ar. Afirmava, discretamente, que a \u00fanica maneira de cair no forr\u00f3 era quebrar as cordas do seu instrumento.<\/p>\n<p style=\"text-align: justify;\">Al\u00e9m da rabeca, tamb\u00e9m tocava viol\u00e3o e cavaquinho. Chegou a se apresentar no Planalto Central acompanhado do seu conjunto, e representou com louvor a m\u00fasica produzida na regi\u00e3o Norte.<\/p>\n<p style=\"text-align: justify;\">Mesmo tendo as artes pl\u00e1sticas como seguimento principal, as composi\u00e7\u00f5es musicais e seu estilo \u00fanico s\u00e3o refer\u00eancias respeitadas pelas novas gera\u00e7\u00f5es de m\u00fasicos. \u201cLembran\u00e7a do Seringal\u201d \u00e9 um dos principais hinos do cancioneiro popular acriano.<\/p>\n<p style=\"text-align: justify;\">H\u00e9lio Melo estudou apenas at\u00e9 a terceira s\u00e9rie do ensino regular e costumava afirmar que o t\u00edtulo de artista era s\u00f3 um apelido que alguns amigos colocaram nele. Quanta mod\u00e9stia!<\/p>\n<p style=\"text-align: justify;\">Suas obras foram expostas em v\u00e1rios pa\u00edses e sua t\u00e9cnica de pigmenta\u00e7\u00e3o, utilizando mat\u00e9ria prima da floresta, continua sendo discutida em rodas de estudos at\u00e9 os dias atuais; \u00e9 utilizada tanto por artistas renomados como por alunos de arte.<\/p>\n","protected":false},"excerpt":{"rendered":"<p style=\"text-align: justify;\">Artista concebeu esp\u00e9cie de \u201csurrealismo da floresta\u201d<\/p>\n","protected":false},"author":4,"featured_media":22648,"comment_status":"open","ping_status":"open","sticky":false,"template":"","format":"standard","meta":{"jnews-multi-image_gallery":[],"jnews_single_post":[],"jnews_primary_category":[],"jnews_social_meta":[],"jnews_review":[],"enable_review":"","type":"","name":"","summary":"","brand":"","sku":"","good":[],"bad":[],"score_override":"","override_value":"","rating":[],"price":[],"footnotes":""},"categories":[54],"tags":[],"class_list":["post-22649","post","type-post","status-publish","format-standard","has-post-thumbnail","hentry","category-cotidiano"],"yoast_head":"<!-- This site is optimized with the Yoast SEO plugin v26.5 - https:\/\/yoast.com\/wordpress\/plugins\/seo\/ -->\n<title>Biblioteca da Floresta exp\u00f5e H\u00e9lio Melo - Agazeta.net<\/title>\n<meta name=\"robots\" content=\"index, follow, max-snippet:-1, max-image-preview:large, max-video-preview:-1\" \/>\n<link rel=\"canonical\" href=\"https:\/\/nk7-testes.com.br\/agazeta\/biblioteca-da-floresta-expoe-helio-melo\/\" \/>\n<meta property=\"og:locale\" content=\"pt_BR\" \/>\n<meta property=\"og:type\" content=\"article\" \/>\n<meta property=\"og:title\" content=\"Biblioteca da Floresta exp\u00f5e H\u00e9lio Melo - Agazeta.net\" \/>\n<meta property=\"og:description\" content=\"Artista concebeu esp\u00e9cie de \u201csurrealismo da floresta\u201d\" \/>\n<meta property=\"og:url\" content=\"https:\/\/nk7-testes.com.br\/agazeta\/biblioteca-da-floresta-expoe-helio-melo\/\" \/>\n<meta property=\"og:site_name\" content=\"Agazeta.net\" \/>\n<meta property=\"article:published_time\" content=\"2016-05-09T14:44:10+00:00\" \/>\n<meta property=\"og:image\" content=\"https:\/\/nk7-testes.com.br\/agazeta\/wp-content\/uploads\/2016\/05\/090516-cotidiano-heliomelo-arquivoFEM.jpg\" \/>\n\t<meta property=\"og:image:width\" content=\"458\" \/>\n\t<meta property=\"og:image:height\" content=\"340\" \/>\n\t<meta property=\"og:image:type\" content=\"image\/jpeg\" \/>\n<meta name=\"author\" content=\"Agazeta.Net\" \/>\n<meta name=\"twitter:card\" content=\"summary_large_image\" \/>\n<meta name=\"twitter:label1\" content=\"Escrito por\" \/>\n\t<meta name=\"twitter:data1\" content=\"Agazeta.Net\" \/>\n\t<meta name=\"twitter:label2\" content=\"Est. tempo de leitura\" \/>\n\t<meta name=\"twitter:data2\" content=\"3 minutos\" \/>\n<script type=\"application\/ld+json\" class=\"yoast-schema-graph\">{\"@context\":\"https:\/\/schema.org\",\"@graph\":[{\"@type\":\"WebPage\",\"@id\":\"https:\/\/nk7-testes.com.br\/agazeta\/biblioteca-da-floresta-expoe-helio-melo\/\",\"url\":\"https:\/\/nk7-testes.com.br\/agazeta\/biblioteca-da-floresta-expoe-helio-melo\/\",\"name\":\"Biblioteca da Floresta exp\u00f5e H\u00e9lio Melo - Agazeta.net\",\"isPartOf\":{\"@id\":\"https:\/\/nk7-testes.com.br\/agazeta\/#website\"},\"primaryImageOfPage\":{\"@id\":\"https:\/\/nk7-testes.com.br\/agazeta\/biblioteca-da-floresta-expoe-helio-melo\/#primaryimage\"},\"image\":{\"@id\":\"https:\/\/nk7-testes.com.br\/agazeta\/biblioteca-da-floresta-expoe-helio-melo\/#primaryimage\"},\"thumbnailUrl\":\"https:\/\/nk7-testes.com.br\/agazeta\/wp-content\/uploads\/2016\/05\/090516-cotidiano-heliomelo-arquivoFEM.jpg\",\"datePublished\":\"2016-05-09T14:44:10+00:00\",\"author\":{\"@id\":\"https:\/\/nk7-testes.com.br\/agazeta\/#\/schema\/person\/6d6e25cb0435eb4a02fd44d30b4e3020\"},\"breadcrumb\":{\"@id\":\"https:\/\/nk7-testes.com.br\/agazeta\/biblioteca-da-floresta-expoe-helio-melo\/#breadcrumb\"},\"inLanguage\":\"pt-BR\",\"potentialAction\":[{\"@type\":\"ReadAction\",\"target\":[\"https:\/\/nk7-testes.com.br\/agazeta\/biblioteca-da-floresta-expoe-helio-melo\/\"]}]},{\"@type\":\"ImageObject\",\"inLanguage\":\"pt-BR\",\"@id\":\"https:\/\/nk7-testes.com.br\/agazeta\/biblioteca-da-floresta-expoe-helio-melo\/#primaryimage\",\"url\":\"https:\/\/nk7-testes.com.br\/agazeta\/wp-content\/uploads\/2016\/05\/090516-cotidiano-heliomelo-arquivoFEM.jpg\",\"contentUrl\":\"https:\/\/nk7-testes.com.br\/agazeta\/wp-content\/uploads\/2016\/05\/090516-cotidiano-heliomelo-arquivoFEM.jpg\",\"width\":458,\"height\":340,\"caption\":\"090516-cotidiano-heliomelo-arquivoFEM\"},{\"@type\":\"BreadcrumbList\",\"@id\":\"https:\/\/nk7-testes.com.br\/agazeta\/biblioteca-da-floresta-expoe-helio-melo\/#breadcrumb\",\"itemListElement\":[{\"@type\":\"ListItem\",\"position\":1,\"name\":\"In\u00edcio\",\"item\":\"https:\/\/nk7-testes.com.br\/agazeta\/\"},{\"@type\":\"ListItem\",\"position\":2,\"name\":\"Biblioteca da Floresta exp\u00f5e H\u00e9lio Melo\"}]},{\"@type\":\"WebSite\",\"@id\":\"https:\/\/nk7-testes.com.br\/agazeta\/#website\",\"url\":\"https:\/\/nk7-testes.com.br\/agazeta\/\",\"name\":\"Agazeta.net\",\"description\":\"Agazeta.net - Not\u00edcias de Rio Branco\/AC\",\"potentialAction\":[{\"@type\":\"SearchAction\",\"target\":{\"@type\":\"EntryPoint\",\"urlTemplate\":\"https:\/\/nk7-testes.com.br\/agazeta\/?s={search_term_string}\"},\"query-input\":{\"@type\":\"PropertyValueSpecification\",\"valueRequired\":true,\"valueName\":\"search_term_string\"}}],\"inLanguage\":\"pt-BR\"},{\"@type\":\"Person\",\"@id\":\"https:\/\/nk7-testes.com.br\/agazeta\/#\/schema\/person\/6d6e25cb0435eb4a02fd44d30b4e3020\",\"name\":\"Agazeta.Net\",\"url\":\"https:\/\/nk7-testes.com.br\/agazeta\/author\/agazeta\/\"}]}<\/script>\n<!-- \/ Yoast SEO plugin. -->","yoast_head_json":{"title":"Biblioteca da Floresta exp\u00f5e H\u00e9lio Melo - Agazeta.net","robots":{"index":"index","follow":"follow","max-snippet":"max-snippet:-1","max-image-preview":"max-image-preview:large","max-video-preview":"max-video-preview:-1"},"canonical":"https:\/\/nk7-testes.com.br\/agazeta\/biblioteca-da-floresta-expoe-helio-melo\/","og_locale":"pt_BR","og_type":"article","og_title":"Biblioteca da Floresta exp\u00f5e H\u00e9lio Melo - Agazeta.net","og_description":"Artista concebeu esp\u00e9cie de \u201csurrealismo da floresta\u201d","og_url":"https:\/\/nk7-testes.com.br\/agazeta\/biblioteca-da-floresta-expoe-helio-melo\/","og_site_name":"Agazeta.net","article_published_time":"2016-05-09T14:44:10+00:00","og_image":[{"width":458,"height":340,"url":"https:\/\/nk7-testes.com.br\/agazeta\/wp-content\/uploads\/2016\/05\/090516-cotidiano-heliomelo-arquivoFEM.jpg","type":"image\/jpeg"}],"author":"Agazeta.Net","twitter_card":"summary_large_image","twitter_misc":{"Escrito por":"Agazeta.Net","Est. tempo de leitura":"3 minutos"},"schema":{"@context":"https:\/\/schema.org","@graph":[{"@type":"WebPage","@id":"https:\/\/nk7-testes.com.br\/agazeta\/biblioteca-da-floresta-expoe-helio-melo\/","url":"https:\/\/nk7-testes.com.br\/agazeta\/biblioteca-da-floresta-expoe-helio-melo\/","name":"Biblioteca da Floresta exp\u00f5e H\u00e9lio Melo - Agazeta.net","isPartOf":{"@id":"https:\/\/nk7-testes.com.br\/agazeta\/#website"},"primaryImageOfPage":{"@id":"https:\/\/nk7-testes.com.br\/agazeta\/biblioteca-da-floresta-expoe-helio-melo\/#primaryimage"},"image":{"@id":"https:\/\/nk7-testes.com.br\/agazeta\/biblioteca-da-floresta-expoe-helio-melo\/#primaryimage"},"thumbnailUrl":"https:\/\/nk7-testes.com.br\/agazeta\/wp-content\/uploads\/2016\/05\/090516-cotidiano-heliomelo-arquivoFEM.jpg","datePublished":"2016-05-09T14:44:10+00:00","author":{"@id":"https:\/\/nk7-testes.com.br\/agazeta\/#\/schema\/person\/6d6e25cb0435eb4a02fd44d30b4e3020"},"breadcrumb":{"@id":"https:\/\/nk7-testes.com.br\/agazeta\/biblioteca-da-floresta-expoe-helio-melo\/#breadcrumb"},"inLanguage":"pt-BR","potentialAction":[{"@type":"ReadAction","target":["https:\/\/nk7-testes.com.br\/agazeta\/biblioteca-da-floresta-expoe-helio-melo\/"]}]},{"@type":"ImageObject","inLanguage":"pt-BR","@id":"https:\/\/nk7-testes.com.br\/agazeta\/biblioteca-da-floresta-expoe-helio-melo\/#primaryimage","url":"https:\/\/nk7-testes.com.br\/agazeta\/wp-content\/uploads\/2016\/05\/090516-cotidiano-heliomelo-arquivoFEM.jpg","contentUrl":"https:\/\/nk7-testes.com.br\/agazeta\/wp-content\/uploads\/2016\/05\/090516-cotidiano-heliomelo-arquivoFEM.jpg","width":458,"height":340,"caption":"090516-cotidiano-heliomelo-arquivoFEM"},{"@type":"BreadcrumbList","@id":"https:\/\/nk7-testes.com.br\/agazeta\/biblioteca-da-floresta-expoe-helio-melo\/#breadcrumb","itemListElement":[{"@type":"ListItem","position":1,"name":"In\u00edcio","item":"https:\/\/nk7-testes.com.br\/agazeta\/"},{"@type":"ListItem","position":2,"name":"Biblioteca da Floresta exp\u00f5e H\u00e9lio Melo"}]},{"@type":"WebSite","@id":"https:\/\/nk7-testes.com.br\/agazeta\/#website","url":"https:\/\/nk7-testes.com.br\/agazeta\/","name":"Agazeta.net","description":"Agazeta.net - Not\u00edcias de Rio Branco\/AC","potentialAction":[{"@type":"SearchAction","target":{"@type":"EntryPoint","urlTemplate":"https:\/\/nk7-testes.com.br\/agazeta\/?s={search_term_string}"},"query-input":{"@type":"PropertyValueSpecification","valueRequired":true,"valueName":"search_term_string"}}],"inLanguage":"pt-BR"},{"@type":"Person","@id":"https:\/\/nk7-testes.com.br\/agazeta\/#\/schema\/person\/6d6e25cb0435eb4a02fd44d30b4e3020","name":"Agazeta.Net","url":"https:\/\/nk7-testes.com.br\/agazeta\/author\/agazeta\/"}]}},"_links":{"self":[{"href":"https:\/\/nk7-testes.com.br\/agazeta\/wp-json\/wp\/v2\/posts\/22649","targetHints":{"allow":["GET"]}}],"collection":[{"href":"https:\/\/nk7-testes.com.br\/agazeta\/wp-json\/wp\/v2\/posts"}],"about":[{"href":"https:\/\/nk7-testes.com.br\/agazeta\/wp-json\/wp\/v2\/types\/post"}],"author":[{"embeddable":true,"href":"https:\/\/nk7-testes.com.br\/agazeta\/wp-json\/wp\/v2\/users\/4"}],"replies":[{"embeddable":true,"href":"https:\/\/nk7-testes.com.br\/agazeta\/wp-json\/wp\/v2\/comments?post=22649"}],"version-history":[{"count":0,"href":"https:\/\/nk7-testes.com.br\/agazeta\/wp-json\/wp\/v2\/posts\/22649\/revisions"}],"wp:featuredmedia":[{"embeddable":true,"href":"https:\/\/nk7-testes.com.br\/agazeta\/wp-json\/wp\/v2\/media\/22648"}],"wp:attachment":[{"href":"https:\/\/nk7-testes.com.br\/agazeta\/wp-json\/wp\/v2\/media?parent=22649"}],"wp:term":[{"taxonomy":"category","embeddable":true,"href":"https:\/\/nk7-testes.com.br\/agazeta\/wp-json\/wp\/v2\/categories?post=22649"},{"taxonomy":"post_tag","embeddable":true,"href":"https:\/\/nk7-testes.com.br\/agazeta\/wp-json\/wp\/v2\/tags?post=22649"}],"curies":[{"name":"wp","href":"https:\/\/api.w.org\/{rel}","templated":true}]}}