{"id":22640,"date":"2016-05-07T16:58:30","date_gmt":"2016-05-07T16:58:30","guid":{"rendered":"https:\/\/abarevegan.com.br\/index.php\/2016\/05\/07\/produtora-audiovisual-e-fundacao-aldeia-firmam-parceria\/"},"modified":"2016-05-07T16:58:30","modified_gmt":"2016-05-07T16:58:30","slug":"produtora-audiovisual-e-fundacao-aldeia-firmam-parceria","status":"publish","type":"post","link":"https:\/\/nk7-testes.com.br\/agazeta\/produtora-audiovisual-e-fundacao-aldeia-firmam-parceria\/","title":{"rendered":"Produtora audiovisual e Funda\u00e7\u00e3o Aldeia firmam parceria"},"content":{"rendered":"<p style=\"text-align: justify;\">Novo projeto d\u2019Os Descordantes traz apoio do Governo<\/p>\n<p style=\"text-align: justify;\">Em Rio Branco, para a realiza\u00e7\u00e3o do segundo \u00e1lbum da banda Os Descordantens, a produtora Cambuci Roots firma parceria com a Funda\u00e7\u00e3o Aldeia, por meio da TV Aldeia, para veicula\u00e7\u00e3o da s\u00e9rie musical Root Sessions. A parceria tamb\u00e9m se dar\u00e1 com o registro do processo de grava\u00e7\u00e3o das m\u00fasicas do disco, ao longo deste m\u00eas.<\/p>\n<p style=\"text-align: justify;\">Com 18 \u00e1lbuns j\u00e1 gravados, o est\u00fadio Cambuci, em S\u00e3o Paulo, leva um pouco da hist\u00f3ria do Acre. O m\u00fasico e empreendedor Jo\u00e3o Eduardo Vasconcelos viveu no estado bons anos de sua vida, e ap\u00f3s a passagem pela banda Los Porongas, resolveu montar um est\u00fadio que levasse o espirito da boa m\u00fasica sempre \u00e0 frente.<\/p>\n<p style=\"text-align: justify;\">\u201cN\u00f3s queremos que ou\u00e7am nossas m\u00fasicas. E se a arte traz reflex\u00e3o, ela pode abrir um mundo diferente para qualquer um\u201d, afirma Vasconcelos.<\/p>\n<p style=\"text-align: justify;\">O tamb\u00e9m m\u00fasico Eduardo Escariz, baiano e jornalista, juntou-se ao outro Eduardo para a cria\u00e7\u00e3o de v\u00eddeos, e assim ter uma ferramenta a mais para levar cultura pela internet.<\/p>\n<p style=\"text-align: justify;\">O quadro Root Sessions j\u00e1 est\u00e1 em sua segunda temporada no canal do YouTube \u201cCambuci Roots\u201d, e conta com a participa\u00e7\u00e3o de m\u00fasicos do cen\u00e1rio independente.<\/p>\n<p style=\"text-align: justify;\">\u201c\u00c9 muito bom ver que somos produtores, que estamos realizando. Criamos alternativas para n\u00e3o dependermos de ningu\u00e9m e criamos nosso pr\u00f3prio material\u201d, afirma Escariz.<\/p>\n<p style=\"text-align: justify;\">\u201cO di\u00e1logo \u00e9 a nossa marca, e quando constru\u00eddo com humildade envolvendo todos, quem ganha \u00e9 a comunidade. A funda\u00e7\u00e3o tem em seu objetivo promover a cultura\u201d, confirma a secret\u00e1ria de Estado de Comunica\u00e7\u00e3o, Andr\u00e9a Z\u00edlio.<\/p>\n<p style=\"text-align: justify;\">A parceria evid\u00eancia a import\u00e2ncia de o cen\u00e1rio cultural brasileiro ter seu espa\u00e7o garantido.<\/p>\n","protected":false},"excerpt":{"rendered":"<p style=\"text-align: justify;\">Novo projeto d\u2019Os Descordantes traz apoio do Governo<\/p>\n","protected":false},"author":4,"featured_media":22639,"comment_status":"open","ping_status":"open","sticky":false,"template":"","format":"standard","meta":{"jnews-multi-image_gallery":[],"jnews_single_post":[],"jnews_primary_category":[],"jnews_social_meta":[],"jnews_review":[],"enable_review":"","type":"","name":"","summary":"","brand":"","sku":"","good":[],"bad":[],"score_override":"","override_value":"","rating":[],"price":[],"footnotes":""},"categories":[54],"tags":[],"class_list":["post-22640","post","type-post","status-publish","format-standard","has-post-thumbnail","hentry","category-cotidiano"],"yoast_head":"<!-- This site is optimized with the Yoast SEO plugin v26.5 - https:\/\/yoast.com\/wordpress\/plugins\/seo\/ -->\n<title>Produtora audiovisual e Funda\u00e7\u00e3o Aldeia firmam parceria - Agazeta.net<\/title>\n<meta name=\"robots\" content=\"index, follow, max-snippet:-1, max-image-preview:large, max-video-preview:-1\" \/>\n<link rel=\"canonical\" href=\"https:\/\/nk7-testes.com.br\/agazeta\/produtora-audiovisual-e-fundacao-aldeia-firmam-parceria\/\" \/>\n<meta property=\"og:locale\" content=\"pt_BR\" \/>\n<meta property=\"og:type\" content=\"article\" \/>\n<meta property=\"og:title\" content=\"Produtora audiovisual e Funda\u00e7\u00e3o Aldeia firmam parceria - Agazeta.net\" \/>\n<meta property=\"og:description\" content=\"Novo projeto d\u2019Os Descordantes traz apoio do Governo\" \/>\n<meta property=\"og:url\" content=\"https:\/\/nk7-testes.com.br\/agazeta\/produtora-audiovisual-e-fundacao-aldeia-firmam-parceria\/\" \/>\n<meta property=\"og:site_name\" content=\"Agazeta.net\" \/>\n<meta property=\"article:published_time\" content=\"2016-05-07T16:58:30+00:00\" \/>\n<meta property=\"og:image\" content=\"https:\/\/nk7-testes.com.br\/agazeta\/wp-content\/uploads\/2016\/05\/070516-cotidiano-osdescordantes-diegogurgelagenciadenoticiasdoacre.jpg\" \/>\n\t<meta property=\"og:image:width\" content=\"458\" \/>\n\t<meta property=\"og:image:height\" content=\"340\" \/>\n\t<meta property=\"og:image:type\" content=\"image\/jpeg\" \/>\n<meta name=\"author\" content=\"Agazeta.Net\" \/>\n<meta name=\"twitter:card\" content=\"summary_large_image\" \/>\n<meta name=\"twitter:label1\" content=\"Escrito por\" \/>\n\t<meta name=\"twitter:data1\" content=\"Agazeta.Net\" \/>\n\t<meta name=\"twitter:label2\" content=\"Est. tempo de leitura\" \/>\n\t<meta name=\"twitter:data2\" content=\"2 minutos\" \/>\n<script type=\"application\/ld+json\" class=\"yoast-schema-graph\">{\"@context\":\"https:\/\/schema.org\",\"@graph\":[{\"@type\":\"WebPage\",\"@id\":\"https:\/\/nk7-testes.com.br\/agazeta\/produtora-audiovisual-e-fundacao-aldeia-firmam-parceria\/\",\"url\":\"https:\/\/nk7-testes.com.br\/agazeta\/produtora-audiovisual-e-fundacao-aldeia-firmam-parceria\/\",\"name\":\"Produtora audiovisual e Funda\u00e7\u00e3o Aldeia firmam parceria - Agazeta.net\",\"isPartOf\":{\"@id\":\"https:\/\/nk7-testes.com.br\/agazeta\/#website\"},\"primaryImageOfPage\":{\"@id\":\"https:\/\/nk7-testes.com.br\/agazeta\/produtora-audiovisual-e-fundacao-aldeia-firmam-parceria\/#primaryimage\"},\"image\":{\"@id\":\"https:\/\/nk7-testes.com.br\/agazeta\/produtora-audiovisual-e-fundacao-aldeia-firmam-parceria\/#primaryimage\"},\"thumbnailUrl\":\"https:\/\/nk7-testes.com.br\/agazeta\/wp-content\/uploads\/2016\/05\/070516-cotidiano-osdescordantes-diegogurgelagenciadenoticiasdoacre.jpg\",\"datePublished\":\"2016-05-07T16:58:30+00:00\",\"author\":{\"@id\":\"https:\/\/nk7-testes.com.br\/agazeta\/#\/schema\/person\/6d6e25cb0435eb4a02fd44d30b4e3020\"},\"breadcrumb\":{\"@id\":\"https:\/\/nk7-testes.com.br\/agazeta\/produtora-audiovisual-e-fundacao-aldeia-firmam-parceria\/#breadcrumb\"},\"inLanguage\":\"pt-BR\",\"potentialAction\":[{\"@type\":\"ReadAction\",\"target\":[\"https:\/\/nk7-testes.com.br\/agazeta\/produtora-audiovisual-e-fundacao-aldeia-firmam-parceria\/\"]}]},{\"@type\":\"ImageObject\",\"inLanguage\":\"pt-BR\",\"@id\":\"https:\/\/nk7-testes.com.br\/agazeta\/produtora-audiovisual-e-fundacao-aldeia-firmam-parceria\/#primaryimage\",\"url\":\"https:\/\/nk7-testes.com.br\/agazeta\/wp-content\/uploads\/2016\/05\/070516-cotidiano-osdescordantes-diegogurgelagenciadenoticiasdoacre.jpg\",\"contentUrl\":\"https:\/\/nk7-testes.com.br\/agazeta\/wp-content\/uploads\/2016\/05\/070516-cotidiano-osdescordantes-diegogurgelagenciadenoticiasdoacre.jpg\",\"width\":458,\"height\":340,\"caption\":\"070516-cotidiano-osdescordantes-diegogurgelagenciadenoticiasdoacre\"},{\"@type\":\"BreadcrumbList\",\"@id\":\"https:\/\/nk7-testes.com.br\/agazeta\/produtora-audiovisual-e-fundacao-aldeia-firmam-parceria\/#breadcrumb\",\"itemListElement\":[{\"@type\":\"ListItem\",\"position\":1,\"name\":\"In\u00edcio\",\"item\":\"https:\/\/nk7-testes.com.br\/agazeta\/\"},{\"@type\":\"ListItem\",\"position\":2,\"name\":\"Produtora audiovisual e Funda\u00e7\u00e3o Aldeia firmam parceria\"}]},{\"@type\":\"WebSite\",\"@id\":\"https:\/\/nk7-testes.com.br\/agazeta\/#website\",\"url\":\"https:\/\/nk7-testes.com.br\/agazeta\/\",\"name\":\"Agazeta.net\",\"description\":\"Agazeta.net - Not\u00edcias de Rio Branco\/AC\",\"potentialAction\":[{\"@type\":\"SearchAction\",\"target\":{\"@type\":\"EntryPoint\",\"urlTemplate\":\"https:\/\/nk7-testes.com.br\/agazeta\/?s={search_term_string}\"},\"query-input\":{\"@type\":\"PropertyValueSpecification\",\"valueRequired\":true,\"valueName\":\"search_term_string\"}}],\"inLanguage\":\"pt-BR\"},{\"@type\":\"Person\",\"@id\":\"https:\/\/nk7-testes.com.br\/agazeta\/#\/schema\/person\/6d6e25cb0435eb4a02fd44d30b4e3020\",\"name\":\"Agazeta.Net\",\"url\":\"https:\/\/nk7-testes.com.br\/agazeta\/author\/agazeta\/\"}]}<\/script>\n<!-- \/ Yoast SEO plugin. -->","yoast_head_json":{"title":"Produtora audiovisual e Funda\u00e7\u00e3o Aldeia firmam parceria - Agazeta.net","robots":{"index":"index","follow":"follow","max-snippet":"max-snippet:-1","max-image-preview":"max-image-preview:large","max-video-preview":"max-video-preview:-1"},"canonical":"https:\/\/nk7-testes.com.br\/agazeta\/produtora-audiovisual-e-fundacao-aldeia-firmam-parceria\/","og_locale":"pt_BR","og_type":"article","og_title":"Produtora audiovisual e Funda\u00e7\u00e3o Aldeia firmam parceria - Agazeta.net","og_description":"Novo projeto d\u2019Os Descordantes traz apoio do Governo","og_url":"https:\/\/nk7-testes.com.br\/agazeta\/produtora-audiovisual-e-fundacao-aldeia-firmam-parceria\/","og_site_name":"Agazeta.net","article_published_time":"2016-05-07T16:58:30+00:00","og_image":[{"width":458,"height":340,"url":"https:\/\/nk7-testes.com.br\/agazeta\/wp-content\/uploads\/2016\/05\/070516-cotidiano-osdescordantes-diegogurgelagenciadenoticiasdoacre.jpg","type":"image\/jpeg"}],"author":"Agazeta.Net","twitter_card":"summary_large_image","twitter_misc":{"Escrito por":"Agazeta.Net","Est. tempo de leitura":"2 minutos"},"schema":{"@context":"https:\/\/schema.org","@graph":[{"@type":"WebPage","@id":"https:\/\/nk7-testes.com.br\/agazeta\/produtora-audiovisual-e-fundacao-aldeia-firmam-parceria\/","url":"https:\/\/nk7-testes.com.br\/agazeta\/produtora-audiovisual-e-fundacao-aldeia-firmam-parceria\/","name":"Produtora audiovisual e Funda\u00e7\u00e3o Aldeia firmam parceria - Agazeta.net","isPartOf":{"@id":"https:\/\/nk7-testes.com.br\/agazeta\/#website"},"primaryImageOfPage":{"@id":"https:\/\/nk7-testes.com.br\/agazeta\/produtora-audiovisual-e-fundacao-aldeia-firmam-parceria\/#primaryimage"},"image":{"@id":"https:\/\/nk7-testes.com.br\/agazeta\/produtora-audiovisual-e-fundacao-aldeia-firmam-parceria\/#primaryimage"},"thumbnailUrl":"https:\/\/nk7-testes.com.br\/agazeta\/wp-content\/uploads\/2016\/05\/070516-cotidiano-osdescordantes-diegogurgelagenciadenoticiasdoacre.jpg","datePublished":"2016-05-07T16:58:30+00:00","author":{"@id":"https:\/\/nk7-testes.com.br\/agazeta\/#\/schema\/person\/6d6e25cb0435eb4a02fd44d30b4e3020"},"breadcrumb":{"@id":"https:\/\/nk7-testes.com.br\/agazeta\/produtora-audiovisual-e-fundacao-aldeia-firmam-parceria\/#breadcrumb"},"inLanguage":"pt-BR","potentialAction":[{"@type":"ReadAction","target":["https:\/\/nk7-testes.com.br\/agazeta\/produtora-audiovisual-e-fundacao-aldeia-firmam-parceria\/"]}]},{"@type":"ImageObject","inLanguage":"pt-BR","@id":"https:\/\/nk7-testes.com.br\/agazeta\/produtora-audiovisual-e-fundacao-aldeia-firmam-parceria\/#primaryimage","url":"https:\/\/nk7-testes.com.br\/agazeta\/wp-content\/uploads\/2016\/05\/070516-cotidiano-osdescordantes-diegogurgelagenciadenoticiasdoacre.jpg","contentUrl":"https:\/\/nk7-testes.com.br\/agazeta\/wp-content\/uploads\/2016\/05\/070516-cotidiano-osdescordantes-diegogurgelagenciadenoticiasdoacre.jpg","width":458,"height":340,"caption":"070516-cotidiano-osdescordantes-diegogurgelagenciadenoticiasdoacre"},{"@type":"BreadcrumbList","@id":"https:\/\/nk7-testes.com.br\/agazeta\/produtora-audiovisual-e-fundacao-aldeia-firmam-parceria\/#breadcrumb","itemListElement":[{"@type":"ListItem","position":1,"name":"In\u00edcio","item":"https:\/\/nk7-testes.com.br\/agazeta\/"},{"@type":"ListItem","position":2,"name":"Produtora audiovisual e Funda\u00e7\u00e3o Aldeia firmam parceria"}]},{"@type":"WebSite","@id":"https:\/\/nk7-testes.com.br\/agazeta\/#website","url":"https:\/\/nk7-testes.com.br\/agazeta\/","name":"Agazeta.net","description":"Agazeta.net - Not\u00edcias de Rio Branco\/AC","potentialAction":[{"@type":"SearchAction","target":{"@type":"EntryPoint","urlTemplate":"https:\/\/nk7-testes.com.br\/agazeta\/?s={search_term_string}"},"query-input":{"@type":"PropertyValueSpecification","valueRequired":true,"valueName":"search_term_string"}}],"inLanguage":"pt-BR"},{"@type":"Person","@id":"https:\/\/nk7-testes.com.br\/agazeta\/#\/schema\/person\/6d6e25cb0435eb4a02fd44d30b4e3020","name":"Agazeta.Net","url":"https:\/\/nk7-testes.com.br\/agazeta\/author\/agazeta\/"}]}},"_links":{"self":[{"href":"https:\/\/nk7-testes.com.br\/agazeta\/wp-json\/wp\/v2\/posts\/22640","targetHints":{"allow":["GET"]}}],"collection":[{"href":"https:\/\/nk7-testes.com.br\/agazeta\/wp-json\/wp\/v2\/posts"}],"about":[{"href":"https:\/\/nk7-testes.com.br\/agazeta\/wp-json\/wp\/v2\/types\/post"}],"author":[{"embeddable":true,"href":"https:\/\/nk7-testes.com.br\/agazeta\/wp-json\/wp\/v2\/users\/4"}],"replies":[{"embeddable":true,"href":"https:\/\/nk7-testes.com.br\/agazeta\/wp-json\/wp\/v2\/comments?post=22640"}],"version-history":[{"count":0,"href":"https:\/\/nk7-testes.com.br\/agazeta\/wp-json\/wp\/v2\/posts\/22640\/revisions"}],"wp:featuredmedia":[{"embeddable":true,"href":"https:\/\/nk7-testes.com.br\/agazeta\/wp-json\/wp\/v2\/media\/22639"}],"wp:attachment":[{"href":"https:\/\/nk7-testes.com.br\/agazeta\/wp-json\/wp\/v2\/media?parent=22640"}],"wp:term":[{"taxonomy":"category","embeddable":true,"href":"https:\/\/nk7-testes.com.br\/agazeta\/wp-json\/wp\/v2\/categories?post=22640"},{"taxonomy":"post_tag","embeddable":true,"href":"https:\/\/nk7-testes.com.br\/agazeta\/wp-json\/wp\/v2\/tags?post=22640"}],"curies":[{"name":"wp","href":"https:\/\/api.w.org\/{rel}","templated":true}]}}