{"id":22624,"date":"2016-05-06T15:11:01","date_gmt":"2016-05-06T15:11:01","guid":{"rendered":"https:\/\/abarevegan.com.br\/index.php\/2016\/05\/06\/em-seis-meses-codigo-de-transito-muda\/"},"modified":"2016-05-06T15:11:01","modified_gmt":"2016-05-06T15:11:01","slug":"em-seis-meses-codigo-de-transito-muda","status":"publish","type":"post","link":"https:\/\/nk7-testes.com.br\/agazeta\/em-seis-meses-codigo-de-transito-muda\/","title":{"rendered":"Em seis meses, C\u00f3digo de Tr\u00e2nsito muda"},"content":{"rendered":"<p style=\"text-align: justify;\">Bom saber quais s\u00e3o as novas puni\u00e7\u00f5es<\/p>\n<p style=\"text-align: justify;\">O C\u00f3digo de Tr\u00e2nsito Brasileiro (CTB) sofreu altera\u00e7\u00f5es que passam a valer em um prazo de 180 dias. As multas sofreram reajustes que variam de 53% a 66% e v\u00e1rias infra\u00e7\u00f5es mudaram para a categoria grav\u00edssima. Uma das mais pol\u00eamicas \u00e9 sobre a recusa do exame de alcoolemia, que agora passa a ser infra\u00e7\u00e3o grav\u00edssima.<\/p>\n<p style=\"text-align: justify;\">A lei 13.281 que altera o C\u00f3digo de Tr\u00e2nsito, autorizada pela presid\u00eancia da rep\u00fablica e publicada no di\u00e1rio oficial da uni\u00e3o desta quinta-feira (05) promove uma revolu\u00e7\u00e3o nas regras para quem est\u00e1 atr\u00e1s do volante. Foram alterados mais de 30 artigos do CTB.<\/p>\n<p style=\"text-align: justify;\">N\u00e3o s\u00f3 para o condutor, mas para todo sistema de tr\u00e2nsito brasileiro, muitas coisas devem desburocratizar a partir das mudan\u00e7as.<\/p>\n<p style=\"text-align: justify;\">O procurador jur\u00eddico do Detran\/Acre, F\u00e1bio Ferreira, avalia por exemplo, que houve avan\u00e7o importante no quesito Porte Obrigat\u00f3rio. Daqui a 180 dias, o documento do ve\u00edculo pode ser dispensado pelo agente, se ele tiver como consult\u00e1-lo.<\/p>\n<p style=\"text-align: justify;\">\u201c\u00c9 um avan\u00e7o tendo em vista que n\u00e3o temos por defici\u00eancia t\u00e9cnica, administrativa ou operacional, por conta dos Correios, de entregar esse documento em prazo ex\u00edguo, conforme exige a legisla\u00e7\u00e3o de tr\u00e2nsito\u201d, comenta.<\/p>\n<p style=\"text-align: justify;\">Muita coisa tamb\u00e9m vai mudar em rela\u00e7\u00e3o ao bolso de quem for multado. Os valores das multas foram reajustados entre 53% e 66%.<\/p>\n<p style=\"text-align: justify;\">A leve, por exemplo, que era R$ 53 passou para R$ 88 e a grav\u00edssima de R$ 191 agora vai ser R$ 293. Esta \u00e9 a primeira vez depois de 16 anos que as modalidades de infra\u00e7\u00e3o sofrem reajuste.<\/p>\n<p style=\"text-align: justify;\">De acordo com as novas regras, a multa para quem for flagrado dirigindo alcoolizado \u00e9 de R$ 2,9 mil, ou seja, 10 vezes o valor da multa grav\u00edssima. O condutor pode perder 7 pontos na carteira e ter a CNH suspensa por 12 meses.<\/p>\n<p style=\"text-align: justify;\">Outro tema pol\u00eamico \u00e9 que passa a ser infra\u00e7\u00e3o de tr\u00e2nsito a recusa do exame de alcoolemia. \u201cO agente de tr\u00e2nsito pode fazer autua\u00e7\u00e3o a partir do momento em que o condutor se recusa a fazer exame de alcoolemia, seja exame cl\u00ednico, bafom\u00e9trico ou de sangue. Passa a ser sancionado simplesmente pelo fato de n\u00e3o querer fazer o exame\u201d, explica.<\/p>\n<p style=\"text-align: justify;\">Tamb\u00e9m \u00e9 considerada infra\u00e7\u00e3o grav\u00edssima dirigir manipulando ou falando ao celular. Para o procurador, este \u00e9 outro ponto importante e que pode reduzir os \u00edndices de acidentes. \u201cA muito tempo os \u00f3rg\u00e3os de tr\u00e2nsito vem solicitando o aumento da gravidade da san\u00e7\u00e3o correspondente a esse comportamento\u201d, disse.<\/p>\n<p style=\"text-align: justify;\">Entre as mudan\u00e7as no c\u00f3digo tamb\u00e9m est\u00e3o \u00e0 previs\u00e3o de pena alternativa para crimes de tr\u00e2nsito e a divulga\u00e7\u00e3o ampla da arrecada\u00e7\u00e3o e aplica\u00e7\u00e3o dos recursos, oriundos das multas.<\/p>\n","protected":false},"excerpt":{"rendered":"<p style=\"text-align: justify;\">Bom saber quais s\u00e3o as novas puni\u00e7\u00f5es<\/p>\n","protected":false},"author":4,"featured_media":11199,"comment_status":"open","ping_status":"open","sticky":false,"template":"","format":"standard","meta":{"jnews-multi-image_gallery":[],"jnews_single_post":[],"jnews_primary_category":[],"jnews_social_meta":[],"jnews_review":[],"enable_review":"","type":"","name":"","summary":"","brand":"","sku":"","good":[],"bad":[],"score_override":"","override_value":"","rating":[],"price":[],"footnotes":""},"categories":[54],"tags":[],"class_list":["post-22624","post","type-post","status-publish","format-standard","has-post-thumbnail","hentry","category-cotidiano"],"yoast_head":"<!-- This site is optimized with the Yoast SEO plugin v26.5 - https:\/\/yoast.com\/wordpress\/plugins\/seo\/ -->\n<title>Em seis meses, C\u00f3digo de Tr\u00e2nsito muda - Agazeta.net<\/title>\n<meta name=\"robots\" content=\"index, follow, max-snippet:-1, max-image-preview:large, max-video-preview:-1\" \/>\n<link rel=\"canonical\" href=\"https:\/\/nk7-testes.com.br\/agazeta\/em-seis-meses-codigo-de-transito-muda\/\" \/>\n<meta property=\"og:locale\" content=\"pt_BR\" \/>\n<meta property=\"og:type\" content=\"article\" \/>\n<meta property=\"og:title\" content=\"Em seis meses, C\u00f3digo de Tr\u00e2nsito muda - Agazeta.net\" \/>\n<meta property=\"og:description\" content=\"Bom saber quais s\u00e3o as novas puni\u00e7\u00f5es\" \/>\n<meta property=\"og:url\" content=\"https:\/\/nk7-testes.com.br\/agazeta\/em-seis-meses-codigo-de-transito-muda\/\" \/>\n<meta property=\"og:site_name\" content=\"Agazeta.net\" \/>\n<meta property=\"article:published_time\" content=\"2016-05-06T15:11:01+00:00\" \/>\n<meta property=\"og:image\" content=\"https:\/\/nk7-testes.com.br\/agazeta\/wp-content\/uploads\/2014\/11\/0411-policia-detran-angelaperessecom.jpg\" \/>\n\t<meta property=\"og:image:width\" content=\"458\" \/>\n\t<meta property=\"og:image:height\" content=\"340\" \/>\n\t<meta property=\"og:image:type\" content=\"image\/jpeg\" \/>\n<meta name=\"author\" content=\"Agazeta.Net\" \/>\n<meta name=\"twitter:card\" content=\"summary_large_image\" \/>\n<meta name=\"twitter:label1\" content=\"Escrito por\" \/>\n\t<meta name=\"twitter:data1\" content=\"Agazeta.Net\" \/>\n\t<meta name=\"twitter:label2\" content=\"Est. tempo de leitura\" \/>\n\t<meta name=\"twitter:data2\" content=\"2 minutos\" \/>\n<script type=\"application\/ld+json\" class=\"yoast-schema-graph\">{\"@context\":\"https:\/\/schema.org\",\"@graph\":[{\"@type\":\"WebPage\",\"@id\":\"https:\/\/nk7-testes.com.br\/agazeta\/em-seis-meses-codigo-de-transito-muda\/\",\"url\":\"https:\/\/nk7-testes.com.br\/agazeta\/em-seis-meses-codigo-de-transito-muda\/\",\"name\":\"Em seis meses, C\u00f3digo de Tr\u00e2nsito muda - Agazeta.net\",\"isPartOf\":{\"@id\":\"https:\/\/nk7-testes.com.br\/agazeta\/#website\"},\"primaryImageOfPage\":{\"@id\":\"https:\/\/nk7-testes.com.br\/agazeta\/em-seis-meses-codigo-de-transito-muda\/#primaryimage\"},\"image\":{\"@id\":\"https:\/\/nk7-testes.com.br\/agazeta\/em-seis-meses-codigo-de-transito-muda\/#primaryimage\"},\"thumbnailUrl\":\"https:\/\/nk7-testes.com.br\/agazeta\/wp-content\/uploads\/2014\/11\/0411-policia-detran-angelaperessecom.jpg\",\"datePublished\":\"2016-05-06T15:11:01+00:00\",\"author\":{\"@id\":\"https:\/\/nk7-testes.com.br\/agazeta\/#\/schema\/person\/6d6e25cb0435eb4a02fd44d30b4e3020\"},\"breadcrumb\":{\"@id\":\"https:\/\/nk7-testes.com.br\/agazeta\/em-seis-meses-codigo-de-transito-muda\/#breadcrumb\"},\"inLanguage\":\"pt-BR\",\"potentialAction\":[{\"@type\":\"ReadAction\",\"target\":[\"https:\/\/nk7-testes.com.br\/agazeta\/em-seis-meses-codigo-de-transito-muda\/\"]}]},{\"@type\":\"ImageObject\",\"inLanguage\":\"pt-BR\",\"@id\":\"https:\/\/nk7-testes.com.br\/agazeta\/em-seis-meses-codigo-de-transito-muda\/#primaryimage\",\"url\":\"https:\/\/nk7-testes.com.br\/agazeta\/wp-content\/uploads\/2014\/11\/0411-policia-detran-angelaperessecom.jpg\",\"contentUrl\":\"https:\/\/nk7-testes.com.br\/agazeta\/wp-content\/uploads\/2014\/11\/0411-policia-detran-angelaperessecom.jpg\",\"width\":458,\"height\":340,\"caption\":\"0411-policia-detran-angelaperessecom\"},{\"@type\":\"BreadcrumbList\",\"@id\":\"https:\/\/nk7-testes.com.br\/agazeta\/em-seis-meses-codigo-de-transito-muda\/#breadcrumb\",\"itemListElement\":[{\"@type\":\"ListItem\",\"position\":1,\"name\":\"In\u00edcio\",\"item\":\"https:\/\/nk7-testes.com.br\/agazeta\/\"},{\"@type\":\"ListItem\",\"position\":2,\"name\":\"Em seis meses, C\u00f3digo de Tr\u00e2nsito muda\"}]},{\"@type\":\"WebSite\",\"@id\":\"https:\/\/nk7-testes.com.br\/agazeta\/#website\",\"url\":\"https:\/\/nk7-testes.com.br\/agazeta\/\",\"name\":\"Agazeta.net\",\"description\":\"Agazeta.net - Not\u00edcias de Rio Branco\/AC\",\"potentialAction\":[{\"@type\":\"SearchAction\",\"target\":{\"@type\":\"EntryPoint\",\"urlTemplate\":\"https:\/\/nk7-testes.com.br\/agazeta\/?s={search_term_string}\"},\"query-input\":{\"@type\":\"PropertyValueSpecification\",\"valueRequired\":true,\"valueName\":\"search_term_string\"}}],\"inLanguage\":\"pt-BR\"},{\"@type\":\"Person\",\"@id\":\"https:\/\/nk7-testes.com.br\/agazeta\/#\/schema\/person\/6d6e25cb0435eb4a02fd44d30b4e3020\",\"name\":\"Agazeta.Net\",\"url\":\"https:\/\/nk7-testes.com.br\/agazeta\/author\/agazeta\/\"}]}<\/script>\n<!-- \/ Yoast SEO plugin. -->","yoast_head_json":{"title":"Em seis meses, C\u00f3digo de Tr\u00e2nsito muda - Agazeta.net","robots":{"index":"index","follow":"follow","max-snippet":"max-snippet:-1","max-image-preview":"max-image-preview:large","max-video-preview":"max-video-preview:-1"},"canonical":"https:\/\/nk7-testes.com.br\/agazeta\/em-seis-meses-codigo-de-transito-muda\/","og_locale":"pt_BR","og_type":"article","og_title":"Em seis meses, C\u00f3digo de Tr\u00e2nsito muda - Agazeta.net","og_description":"Bom saber quais s\u00e3o as novas puni\u00e7\u00f5es","og_url":"https:\/\/nk7-testes.com.br\/agazeta\/em-seis-meses-codigo-de-transito-muda\/","og_site_name":"Agazeta.net","article_published_time":"2016-05-06T15:11:01+00:00","og_image":[{"width":458,"height":340,"url":"https:\/\/nk7-testes.com.br\/agazeta\/wp-content\/uploads\/2014\/11\/0411-policia-detran-angelaperessecom.jpg","type":"image\/jpeg"}],"author":"Agazeta.Net","twitter_card":"summary_large_image","twitter_misc":{"Escrito por":"Agazeta.Net","Est. tempo de leitura":"2 minutos"},"schema":{"@context":"https:\/\/schema.org","@graph":[{"@type":"WebPage","@id":"https:\/\/nk7-testes.com.br\/agazeta\/em-seis-meses-codigo-de-transito-muda\/","url":"https:\/\/nk7-testes.com.br\/agazeta\/em-seis-meses-codigo-de-transito-muda\/","name":"Em seis meses, C\u00f3digo de Tr\u00e2nsito muda - Agazeta.net","isPartOf":{"@id":"https:\/\/nk7-testes.com.br\/agazeta\/#website"},"primaryImageOfPage":{"@id":"https:\/\/nk7-testes.com.br\/agazeta\/em-seis-meses-codigo-de-transito-muda\/#primaryimage"},"image":{"@id":"https:\/\/nk7-testes.com.br\/agazeta\/em-seis-meses-codigo-de-transito-muda\/#primaryimage"},"thumbnailUrl":"https:\/\/nk7-testes.com.br\/agazeta\/wp-content\/uploads\/2014\/11\/0411-policia-detran-angelaperessecom.jpg","datePublished":"2016-05-06T15:11:01+00:00","author":{"@id":"https:\/\/nk7-testes.com.br\/agazeta\/#\/schema\/person\/6d6e25cb0435eb4a02fd44d30b4e3020"},"breadcrumb":{"@id":"https:\/\/nk7-testes.com.br\/agazeta\/em-seis-meses-codigo-de-transito-muda\/#breadcrumb"},"inLanguage":"pt-BR","potentialAction":[{"@type":"ReadAction","target":["https:\/\/nk7-testes.com.br\/agazeta\/em-seis-meses-codigo-de-transito-muda\/"]}]},{"@type":"ImageObject","inLanguage":"pt-BR","@id":"https:\/\/nk7-testes.com.br\/agazeta\/em-seis-meses-codigo-de-transito-muda\/#primaryimage","url":"https:\/\/nk7-testes.com.br\/agazeta\/wp-content\/uploads\/2014\/11\/0411-policia-detran-angelaperessecom.jpg","contentUrl":"https:\/\/nk7-testes.com.br\/agazeta\/wp-content\/uploads\/2014\/11\/0411-policia-detran-angelaperessecom.jpg","width":458,"height":340,"caption":"0411-policia-detran-angelaperessecom"},{"@type":"BreadcrumbList","@id":"https:\/\/nk7-testes.com.br\/agazeta\/em-seis-meses-codigo-de-transito-muda\/#breadcrumb","itemListElement":[{"@type":"ListItem","position":1,"name":"In\u00edcio","item":"https:\/\/nk7-testes.com.br\/agazeta\/"},{"@type":"ListItem","position":2,"name":"Em seis meses, C\u00f3digo de Tr\u00e2nsito muda"}]},{"@type":"WebSite","@id":"https:\/\/nk7-testes.com.br\/agazeta\/#website","url":"https:\/\/nk7-testes.com.br\/agazeta\/","name":"Agazeta.net","description":"Agazeta.net - Not\u00edcias de Rio Branco\/AC","potentialAction":[{"@type":"SearchAction","target":{"@type":"EntryPoint","urlTemplate":"https:\/\/nk7-testes.com.br\/agazeta\/?s={search_term_string}"},"query-input":{"@type":"PropertyValueSpecification","valueRequired":true,"valueName":"search_term_string"}}],"inLanguage":"pt-BR"},{"@type":"Person","@id":"https:\/\/nk7-testes.com.br\/agazeta\/#\/schema\/person\/6d6e25cb0435eb4a02fd44d30b4e3020","name":"Agazeta.Net","url":"https:\/\/nk7-testes.com.br\/agazeta\/author\/agazeta\/"}]}},"_links":{"self":[{"href":"https:\/\/nk7-testes.com.br\/agazeta\/wp-json\/wp\/v2\/posts\/22624","targetHints":{"allow":["GET"]}}],"collection":[{"href":"https:\/\/nk7-testes.com.br\/agazeta\/wp-json\/wp\/v2\/posts"}],"about":[{"href":"https:\/\/nk7-testes.com.br\/agazeta\/wp-json\/wp\/v2\/types\/post"}],"author":[{"embeddable":true,"href":"https:\/\/nk7-testes.com.br\/agazeta\/wp-json\/wp\/v2\/users\/4"}],"replies":[{"embeddable":true,"href":"https:\/\/nk7-testes.com.br\/agazeta\/wp-json\/wp\/v2\/comments?post=22624"}],"version-history":[{"count":0,"href":"https:\/\/nk7-testes.com.br\/agazeta\/wp-json\/wp\/v2\/posts\/22624\/revisions"}],"wp:featuredmedia":[{"embeddable":true,"href":"https:\/\/nk7-testes.com.br\/agazeta\/wp-json\/wp\/v2\/media\/11199"}],"wp:attachment":[{"href":"https:\/\/nk7-testes.com.br\/agazeta\/wp-json\/wp\/v2\/media?parent=22624"}],"wp:term":[{"taxonomy":"category","embeddable":true,"href":"https:\/\/nk7-testes.com.br\/agazeta\/wp-json\/wp\/v2\/categories?post=22624"},{"taxonomy":"post_tag","embeddable":true,"href":"https:\/\/nk7-testes.com.br\/agazeta\/wp-json\/wp\/v2\/tags?post=22624"}],"curies":[{"name":"wp","href":"https:\/\/api.w.org\/{rel}","templated":true}]}}