{"id":22609,"date":"2016-05-05T19:15:20","date_gmt":"2016-05-05T19:15:20","guid":{"rendered":"https:\/\/abarevegan.com.br\/index.php\/2016\/05\/05\/mulheres-denunciam-falta-de-ajuda-de-custo-no-tfd\/"},"modified":"2016-05-05T19:15:20","modified_gmt":"2016-05-05T19:15:20","slug":"mulheres-denunciam-falta-de-ajuda-de-custo-no-tfd","status":"publish","type":"post","link":"https:\/\/nk7-testes.com.br\/agazeta\/mulheres-denunciam-falta-de-ajuda-de-custo-no-tfd\/","title":{"rendered":"Mulheres denunciam falta de ajuda de custo no TFD"},"content":{"rendered":"<p style=\"text-align: justify;\">Grupo protestou em frente \u00e0 sede da Sesacre<\/p>\n<p style=\"text-align: justify;\">Um grupo de mulheres se reuniu para denunciar a falta de pagamento de ajuda de custo pelo TFD (Tratamento Fora de Domic\u00edlio). Elas t\u00eam o direito garantido que o Estado pague para que elas fa\u00e7am tratamento em outros estados. Mas, apesar disso, asseguram que o benef\u00edcio n\u00e3o tem sido pago h\u00e1 mais de um ano.<\/p>\n<p style=\"text-align: justify;\">Francisca da Silva Ferreira faz tratamento contra a Doen\u00e7a de Chagas desde 2013. Ela disse ter gasto R$ 2,6 mil s\u00f3 em exames para diagnosticar a doen\u00e7a, j\u00e1 que pelo hospital p\u00fablico n\u00e3o foi poss\u00edvel saber as causas de suas dores.<\/p>\n<p style=\"text-align: justify;\">Ap\u00f3s descobrir o que realmente tinha, ela conseguiu garantir o tratamento em S\u00e3o Paulo pelo TFD, mas como a ajuda de custo (que serviria para pagar estadia e alimenta\u00e7\u00e3o) n\u00e3o tem sido paga, ela se vira como pode.<\/p>\n<p style=\"text-align: justify;\">\u201cEu, por exemplo, fiz bingo, feijoada, pedindo ajuda pra um e pra outro, um quilo de feij\u00e3o, a carne pra poder custear minha viagem\u201d, indigna-se.<\/p>\n<p style=\"text-align: justify;\">Mas, como o dinheiro arrecadado nem sempre \u00e9 suficiente, doente e desempregada, ela se v\u00ea em uma situa\u00e7\u00e3o bastante complicada. \u201cA situa\u00e7\u00e3o \u00e9 bem dif\u00edcil porque as passagens eles d\u00e3o, mas a ajuda de custo que a gente d\u00e1 entrada pra quando chegar l\u00e1 o dinheiro estar na conta, a gente vai e volta e nada\u201d.<\/p>\n<p style=\"text-align: justify;\">Outra que passa pela mesma situa\u00e7\u00e3o de Francisca \u00e9 Maria Concei\u00e7\u00e3o Lima. Era vendedora aut\u00f4noma, mas teve que largar a profiss\u00e3o para conseguir fazer o tratamento contra o c\u00e2ncer de mama em Porto Velho-RO.<\/p>\n<p style=\"text-align: justify;\">Ela aguarda por uma posi\u00e7\u00e3o do TFD quanto \u00e0 ajuda de custo a que tem direito. \u201c\u00c9 muito dif\u00edcil porque eu dependo da ajuda de custo do TFD. Eu n\u00e3o trabalho e n\u00e3o tenho fam\u00edlia. Como eu n\u00e3o estou recebendo a ajuda, eu n\u00e3o tenho nem onde eu ficar. Outro problema \u00e9 que n\u00e3o tenho como pagar acompanhante e o hospital n\u00e3o aceita paciente sem o acompanhante\u201d.<\/p>\n<p style=\"text-align: justify;\">Maria conta tamb\u00e9m que contraiu d\u00edvidas para fazer o tratamento. Sem ter como custear, pediu emprestado para devolver quando o TFD depositasse o benef\u00edcio. \u201cO que a gente precisa \u00e9 de uma data definitiva, porque eu peguei dinheiro emprestado. Eu estou devendo \u00e0 casa de apoio, eu preciso comprar rem\u00e9dio, a minha alimenta\u00e7\u00e3o\u201d, pontuou.<\/p>\n<p style=\"text-align: justify;\">A paciente conta ainda que, estava em Cacoal fazendo tratamento. Retornou a Rio Branco porque j\u00e1 n\u00e3o tinha mais recursos para manter-se l\u00e1. \u201cEstou passando precis\u00e3o tanto pra comprar medica\u00e7\u00e3o, quanto na minha alimenta\u00e7\u00e3o e pra pagar a casa de apoio. Estou aqui porque estava sem acompanhante e eu estava passando necessidades\u201d.<\/p>\n<p style=\"text-align: justify;\">Sebastiana Pereira da Silva h\u00e1 tr\u00eas anos descobriu o c\u00e2ncer mama. Fez o tratamento, mas a doen\u00e7a evoluiu para o pulm\u00e3o. Ela conta que n\u00e3o recebe o auxilio desde o ano passado e agora o m\u00e9dico do Acre que trata do caso dela quer que ela fa\u00e7a tratamento aqui e n\u00e3o mais em Rond\u00f4nia. S\u00f3 que ela alega que isso n\u00e3o \u00e9 vi\u00e1vel por conta do acesso \u00e0 medica\u00e7\u00e3o.<\/p>\n<p style=\"text-align: justify;\">\u201cTem vezes que a gente vai pra Porto Velho n\u00e3o tem dinheiro nem pra comprar alimenta\u00e7\u00e3o. A medica\u00e7\u00e3o \u00e9 muito cara e eles querem me trazer pra c\u00e1. O Estado teria que pagar, mas o governo n\u00e3o paga nem um medicamento de trezentos reais, imagina se vai ter como pagar o rem\u00e9dio que eu preciso que \u00e9 de dez mil setecentos e cinquenta reais? E estou conseguindo meu rem\u00e9dio l\u00e1 e aqui eu sei que n\u00e3o vou conseguir\u201d, declarou Sebatiana j\u00e1 aos prantos.<\/p>\n<p style=\"text-align: justify;\">Com a situa\u00e7\u00e3o cada vez mais complicada, os pacientes ficam sem ter a quem recorrer. \u201cJ\u00e1 pensei em desistir do tratamento, porque eu n\u00e3o tenho a quem pedir ajuda. A \u00fanica esperan\u00e7a \u00e9 que o governo, o secret\u00e1rio de Sa\u00fade, libere o pagamento, pelo menos os atrasados\u201d, disse Maria.<\/p>\n<p style=\"text-align: justify;\"><strong>Sesacre responde<\/strong><\/p>\n<p style=\"text-align: justify;\">Em rela\u00e7\u00e3o a ajuda de custo em 2016, o TFD disse que est\u00e3o em dias. As solicita\u00e7\u00f5es referentes ao m\u00eas de abril j\u00e1 est\u00e3o sendo viabilizados os tr\u00e2mites para pagamento.<\/p>\n","protected":false},"excerpt":{"rendered":"<p style=\"text-align: justify;\">Grupo protestou em frente \u00e0 sede da Sesacre<\/p>\n","protected":false},"author":4,"featured_media":22608,"comment_status":"open","ping_status":"open","sticky":false,"template":"","format":"standard","meta":{"jnews-multi-image_gallery":[],"jnews_single_post":[],"jnews_primary_category":[],"jnews_social_meta":[],"jnews_review":[],"enable_review":"","type":"","name":"","summary":"","brand":"","sku":"","good":[],"bad":[],"score_override":"","override_value":"","rating":[],"price":[],"footnotes":""},"categories":[54],"tags":[],"class_list":["post-22609","post","type-post","status-publish","format-standard","has-post-thumbnail","hentry","category-cotidiano"],"yoast_head":"<!-- This site is optimized with the Yoast SEO plugin v26.5 - https:\/\/yoast.com\/wordpress\/plugins\/seo\/ -->\n<title>Mulheres denunciam falta de ajuda de custo no TFD - Agazeta.net<\/title>\n<meta name=\"robots\" content=\"index, follow, max-snippet:-1, max-image-preview:large, max-video-preview:-1\" \/>\n<link rel=\"canonical\" href=\"https:\/\/nk7-testes.com.br\/agazeta\/mulheres-denunciam-falta-de-ajuda-de-custo-no-tfd\/\" \/>\n<meta property=\"og:locale\" content=\"pt_BR\" \/>\n<meta property=\"og:type\" content=\"article\" \/>\n<meta property=\"og:title\" content=\"Mulheres denunciam falta de ajuda de custo no TFD - Agazeta.net\" \/>\n<meta property=\"og:description\" content=\"Grupo protestou em frente \u00e0 sede da Sesacre\" \/>\n<meta property=\"og:url\" content=\"https:\/\/nk7-testes.com.br\/agazeta\/mulheres-denunciam-falta-de-ajuda-de-custo-no-tfd\/\" \/>\n<meta property=\"og:site_name\" content=\"Agazeta.net\" \/>\n<meta property=\"article:published_time\" content=\"2016-05-05T19:15:20+00:00\" \/>\n<meta property=\"og:image\" content=\"https:\/\/nk7-testes.com.br\/agazeta\/wp-content\/uploads\/2016\/05\/050516-cotidiano-usuariossussesacre-taianelima.jpg\" \/>\n\t<meta property=\"og:image:width\" content=\"458\" \/>\n\t<meta property=\"og:image:height\" content=\"340\" \/>\n\t<meta property=\"og:image:type\" content=\"image\/jpeg\" \/>\n<meta name=\"author\" content=\"Agazeta.Net\" \/>\n<meta name=\"twitter:card\" content=\"summary_large_image\" \/>\n<meta name=\"twitter:label1\" content=\"Escrito por\" \/>\n\t<meta name=\"twitter:data1\" content=\"Agazeta.Net\" \/>\n\t<meta name=\"twitter:label2\" content=\"Est. tempo de leitura\" \/>\n\t<meta name=\"twitter:data2\" content=\"4 minutos\" \/>\n<script type=\"application\/ld+json\" class=\"yoast-schema-graph\">{\"@context\":\"https:\/\/schema.org\",\"@graph\":[{\"@type\":\"WebPage\",\"@id\":\"https:\/\/nk7-testes.com.br\/agazeta\/mulheres-denunciam-falta-de-ajuda-de-custo-no-tfd\/\",\"url\":\"https:\/\/nk7-testes.com.br\/agazeta\/mulheres-denunciam-falta-de-ajuda-de-custo-no-tfd\/\",\"name\":\"Mulheres denunciam falta de ajuda de custo no TFD - Agazeta.net\",\"isPartOf\":{\"@id\":\"https:\/\/nk7-testes.com.br\/agazeta\/#website\"},\"primaryImageOfPage\":{\"@id\":\"https:\/\/nk7-testes.com.br\/agazeta\/mulheres-denunciam-falta-de-ajuda-de-custo-no-tfd\/#primaryimage\"},\"image\":{\"@id\":\"https:\/\/nk7-testes.com.br\/agazeta\/mulheres-denunciam-falta-de-ajuda-de-custo-no-tfd\/#primaryimage\"},\"thumbnailUrl\":\"https:\/\/nk7-testes.com.br\/agazeta\/wp-content\/uploads\/2016\/05\/050516-cotidiano-usuariossussesacre-taianelima.jpg\",\"datePublished\":\"2016-05-05T19:15:20+00:00\",\"author\":{\"@id\":\"https:\/\/nk7-testes.com.br\/agazeta\/#\/schema\/person\/6d6e25cb0435eb4a02fd44d30b4e3020\"},\"breadcrumb\":{\"@id\":\"https:\/\/nk7-testes.com.br\/agazeta\/mulheres-denunciam-falta-de-ajuda-de-custo-no-tfd\/#breadcrumb\"},\"inLanguage\":\"pt-BR\",\"potentialAction\":[{\"@type\":\"ReadAction\",\"target\":[\"https:\/\/nk7-testes.com.br\/agazeta\/mulheres-denunciam-falta-de-ajuda-de-custo-no-tfd\/\"]}]},{\"@type\":\"ImageObject\",\"inLanguage\":\"pt-BR\",\"@id\":\"https:\/\/nk7-testes.com.br\/agazeta\/mulheres-denunciam-falta-de-ajuda-de-custo-no-tfd\/#primaryimage\",\"url\":\"https:\/\/nk7-testes.com.br\/agazeta\/wp-content\/uploads\/2016\/05\/050516-cotidiano-usuariossussesacre-taianelima.jpg\",\"contentUrl\":\"https:\/\/nk7-testes.com.br\/agazeta\/wp-content\/uploads\/2016\/05\/050516-cotidiano-usuariossussesacre-taianelima.jpg\",\"width\":458,\"height\":340,\"caption\":\"050516-cotidiano-usuariossussesacre-taianelima\"},{\"@type\":\"BreadcrumbList\",\"@id\":\"https:\/\/nk7-testes.com.br\/agazeta\/mulheres-denunciam-falta-de-ajuda-de-custo-no-tfd\/#breadcrumb\",\"itemListElement\":[{\"@type\":\"ListItem\",\"position\":1,\"name\":\"In\u00edcio\",\"item\":\"https:\/\/nk7-testes.com.br\/agazeta\/\"},{\"@type\":\"ListItem\",\"position\":2,\"name\":\"Mulheres denunciam falta de ajuda de custo no TFD\"}]},{\"@type\":\"WebSite\",\"@id\":\"https:\/\/nk7-testes.com.br\/agazeta\/#website\",\"url\":\"https:\/\/nk7-testes.com.br\/agazeta\/\",\"name\":\"Agazeta.net\",\"description\":\"Agazeta.net - Not\u00edcias de Rio Branco\/AC\",\"potentialAction\":[{\"@type\":\"SearchAction\",\"target\":{\"@type\":\"EntryPoint\",\"urlTemplate\":\"https:\/\/nk7-testes.com.br\/agazeta\/?s={search_term_string}\"},\"query-input\":{\"@type\":\"PropertyValueSpecification\",\"valueRequired\":true,\"valueName\":\"search_term_string\"}}],\"inLanguage\":\"pt-BR\"},{\"@type\":\"Person\",\"@id\":\"https:\/\/nk7-testes.com.br\/agazeta\/#\/schema\/person\/6d6e25cb0435eb4a02fd44d30b4e3020\",\"name\":\"Agazeta.Net\",\"url\":\"https:\/\/nk7-testes.com.br\/agazeta\/author\/agazeta\/\"}]}<\/script>\n<!-- \/ Yoast SEO plugin. -->","yoast_head_json":{"title":"Mulheres denunciam falta de ajuda de custo no TFD - Agazeta.net","robots":{"index":"index","follow":"follow","max-snippet":"max-snippet:-1","max-image-preview":"max-image-preview:large","max-video-preview":"max-video-preview:-1"},"canonical":"https:\/\/nk7-testes.com.br\/agazeta\/mulheres-denunciam-falta-de-ajuda-de-custo-no-tfd\/","og_locale":"pt_BR","og_type":"article","og_title":"Mulheres denunciam falta de ajuda de custo no TFD - Agazeta.net","og_description":"Grupo protestou em frente \u00e0 sede da Sesacre","og_url":"https:\/\/nk7-testes.com.br\/agazeta\/mulheres-denunciam-falta-de-ajuda-de-custo-no-tfd\/","og_site_name":"Agazeta.net","article_published_time":"2016-05-05T19:15:20+00:00","og_image":[{"width":458,"height":340,"url":"https:\/\/nk7-testes.com.br\/agazeta\/wp-content\/uploads\/2016\/05\/050516-cotidiano-usuariossussesacre-taianelima.jpg","type":"image\/jpeg"}],"author":"Agazeta.Net","twitter_card":"summary_large_image","twitter_misc":{"Escrito por":"Agazeta.Net","Est. tempo de leitura":"4 minutos"},"schema":{"@context":"https:\/\/schema.org","@graph":[{"@type":"WebPage","@id":"https:\/\/nk7-testes.com.br\/agazeta\/mulheres-denunciam-falta-de-ajuda-de-custo-no-tfd\/","url":"https:\/\/nk7-testes.com.br\/agazeta\/mulheres-denunciam-falta-de-ajuda-de-custo-no-tfd\/","name":"Mulheres denunciam falta de ajuda de custo no TFD - Agazeta.net","isPartOf":{"@id":"https:\/\/nk7-testes.com.br\/agazeta\/#website"},"primaryImageOfPage":{"@id":"https:\/\/nk7-testes.com.br\/agazeta\/mulheres-denunciam-falta-de-ajuda-de-custo-no-tfd\/#primaryimage"},"image":{"@id":"https:\/\/nk7-testes.com.br\/agazeta\/mulheres-denunciam-falta-de-ajuda-de-custo-no-tfd\/#primaryimage"},"thumbnailUrl":"https:\/\/nk7-testes.com.br\/agazeta\/wp-content\/uploads\/2016\/05\/050516-cotidiano-usuariossussesacre-taianelima.jpg","datePublished":"2016-05-05T19:15:20+00:00","author":{"@id":"https:\/\/nk7-testes.com.br\/agazeta\/#\/schema\/person\/6d6e25cb0435eb4a02fd44d30b4e3020"},"breadcrumb":{"@id":"https:\/\/nk7-testes.com.br\/agazeta\/mulheres-denunciam-falta-de-ajuda-de-custo-no-tfd\/#breadcrumb"},"inLanguage":"pt-BR","potentialAction":[{"@type":"ReadAction","target":["https:\/\/nk7-testes.com.br\/agazeta\/mulheres-denunciam-falta-de-ajuda-de-custo-no-tfd\/"]}]},{"@type":"ImageObject","inLanguage":"pt-BR","@id":"https:\/\/nk7-testes.com.br\/agazeta\/mulheres-denunciam-falta-de-ajuda-de-custo-no-tfd\/#primaryimage","url":"https:\/\/nk7-testes.com.br\/agazeta\/wp-content\/uploads\/2016\/05\/050516-cotidiano-usuariossussesacre-taianelima.jpg","contentUrl":"https:\/\/nk7-testes.com.br\/agazeta\/wp-content\/uploads\/2016\/05\/050516-cotidiano-usuariossussesacre-taianelima.jpg","width":458,"height":340,"caption":"050516-cotidiano-usuariossussesacre-taianelima"},{"@type":"BreadcrumbList","@id":"https:\/\/nk7-testes.com.br\/agazeta\/mulheres-denunciam-falta-de-ajuda-de-custo-no-tfd\/#breadcrumb","itemListElement":[{"@type":"ListItem","position":1,"name":"In\u00edcio","item":"https:\/\/nk7-testes.com.br\/agazeta\/"},{"@type":"ListItem","position":2,"name":"Mulheres denunciam falta de ajuda de custo no TFD"}]},{"@type":"WebSite","@id":"https:\/\/nk7-testes.com.br\/agazeta\/#website","url":"https:\/\/nk7-testes.com.br\/agazeta\/","name":"Agazeta.net","description":"Agazeta.net - Not\u00edcias de Rio Branco\/AC","potentialAction":[{"@type":"SearchAction","target":{"@type":"EntryPoint","urlTemplate":"https:\/\/nk7-testes.com.br\/agazeta\/?s={search_term_string}"},"query-input":{"@type":"PropertyValueSpecification","valueRequired":true,"valueName":"search_term_string"}}],"inLanguage":"pt-BR"},{"@type":"Person","@id":"https:\/\/nk7-testes.com.br\/agazeta\/#\/schema\/person\/6d6e25cb0435eb4a02fd44d30b4e3020","name":"Agazeta.Net","url":"https:\/\/nk7-testes.com.br\/agazeta\/author\/agazeta\/"}]}},"_links":{"self":[{"href":"https:\/\/nk7-testes.com.br\/agazeta\/wp-json\/wp\/v2\/posts\/22609","targetHints":{"allow":["GET"]}}],"collection":[{"href":"https:\/\/nk7-testes.com.br\/agazeta\/wp-json\/wp\/v2\/posts"}],"about":[{"href":"https:\/\/nk7-testes.com.br\/agazeta\/wp-json\/wp\/v2\/types\/post"}],"author":[{"embeddable":true,"href":"https:\/\/nk7-testes.com.br\/agazeta\/wp-json\/wp\/v2\/users\/4"}],"replies":[{"embeddable":true,"href":"https:\/\/nk7-testes.com.br\/agazeta\/wp-json\/wp\/v2\/comments?post=22609"}],"version-history":[{"count":0,"href":"https:\/\/nk7-testes.com.br\/agazeta\/wp-json\/wp\/v2\/posts\/22609\/revisions"}],"wp:featuredmedia":[{"embeddable":true,"href":"https:\/\/nk7-testes.com.br\/agazeta\/wp-json\/wp\/v2\/media\/22608"}],"wp:attachment":[{"href":"https:\/\/nk7-testes.com.br\/agazeta\/wp-json\/wp\/v2\/media?parent=22609"}],"wp:term":[{"taxonomy":"category","embeddable":true,"href":"https:\/\/nk7-testes.com.br\/agazeta\/wp-json\/wp\/v2\/categories?post=22609"},{"taxonomy":"post_tag","embeddable":true,"href":"https:\/\/nk7-testes.com.br\/agazeta\/wp-json\/wp\/v2\/tags?post=22609"}],"curies":[{"name":"wp","href":"https:\/\/api.w.org\/{rel}","templated":true}]}}