{"id":22605,"date":"2016-05-05T16:06:47","date_gmt":"2016-05-05T16:06:47","guid":{"rendered":"https:\/\/abarevegan.com.br\/index.php\/2016\/05\/05\/gestores-discutem-acao-para-combater-barbeiro\/"},"modified":"2016-05-05T16:06:47","modified_gmt":"2016-05-05T16:06:47","slug":"gestores-discutem-acao-para-combater-barbeiro","status":"publish","type":"post","link":"https:\/\/nk7-testes.com.br\/agazeta\/gestores-discutem-acao-para-combater-barbeiro\/","title":{"rendered":"Gestores discutem a\u00e7\u00e3o para combater \u201cbarbeiro\u201d"},"content":{"rendered":"<p style=\"text-align: justify;\">No Juru\u00e1, problema se agrava: 9 casos em 2016<\/p>\n<p style=\"text-align: justify;\">Uma equipe do Programa de Vigil\u00e2ncia dos Vetores da Doen\u00e7a de Chagas no Acre est\u00e1 em Cruzeiro do Sul para tratar do assunto. O grupo se reuniu com representantes de outras coordena\u00e7\u00f5es para debater sobre estrat\u00e9gias no combate a doen\u00e7a.<\/p>\n<p style=\"text-align: justify;\">O Juru\u00e1 tem a aten\u00e7\u00e3o voltada para doen\u00e7a ap\u00f3s o registro de 9 casos positivos na regi\u00e3o somente este ano, com dois \u00f3bitos. Deste 7 casos aconteceram em Rodrigues Alves e 2 em Cruzeiro do Sul.<\/p>\n<p style=\"text-align: justify;\">\u201cO objetivo desse encontro \u00e9 formar parcerias e dar o devido encaminhamento das a\u00e7\u00f5es a serem executadas quanto aos casos de Chagas que aconteceram e que possam acontecer,\u201d disse a coordenadora Programa de Vigil\u00e2ncia dos Vetores da Doen\u00e7a de Chagas no Acre, Carmelinda Gon\u00e7alves.<\/p>\n<p style=\"text-align: justify;\">Uma das medidas para evitar mais casos como os j\u00e1 registrados \u00e9 a capacita\u00e7\u00e3o de uma equipe de sa\u00fade do munic\u00edpio para identificar a doen\u00e7a nos exames laboratoriais e reconhecer atrav\u00e9s das fezes do barbeiro se o mosquito est\u00e1 ou n\u00e3o infectado.<\/p>\n<p style=\"text-align: justify;\">Um panfleto informado \u00e0 maneira adequada de higieniza\u00e7\u00e3o de frutos (a\u00e7a\u00ed, buriti, jatob\u00e1) para produ\u00e7\u00e3o de vinho deve ser entregue para os produtores da regi\u00e3o, al\u00e9m do cadastro e fiscaliza\u00e7\u00e3o desses produtores.<\/p>\n<p style=\"text-align: justify;\">\u201cDentro desses cadastros h\u00e1 produtor que entrega polpa de a\u00e7a\u00ed, buriti para as escolas. Ent\u00e3o, esse produtor que tem cadastro com a gente ser\u00e1 incentivado a fazer uma produ\u00e7\u00e3o mais limpa, mais adequada\u201d, ponderou o coordenador do Programa de Aquisi\u00e7\u00e3o de Alimentos da Seaprof, Adolfo de Ara\u00fajo.<\/p>\n<p style=\"text-align: justify;\">Carmelinda explica que o a\u00e7a\u00ed n\u00e3o \u00e9 o \u2018vil\u00e3o\u2019 nos casos de contamina\u00e7\u00e3o da Doen\u00e7a de Chagas, mas sim a falta de higieniza\u00e7\u00e3o no momento da produ\u00e7\u00e3o do vinho. \u201cO a\u00e7a\u00ed n\u00e3o \u00e9 o vil\u00e3o, o vil\u00e3o \u00e9 a falta de higieniza\u00e7\u00e3o do fruto. Ent\u00e3o vamos ter consci\u00eancia disso\u201d.<\/p>\n","protected":false},"excerpt":{"rendered":"<p style=\"text-align: justify;\">No Juru\u00e1, problema se agrava: 9 casos em 2016<\/p>\n","protected":false},"author":4,"featured_media":22604,"comment_status":"open","ping_status":"open","sticky":false,"template":"","format":"standard","meta":{"jnews-multi-image_gallery":[],"jnews_single_post":[],"jnews_primary_category":[],"jnews_social_meta":[],"jnews_review":[],"enable_review":"","type":"","name":"","summary":"","brand":"","sku":"","good":[],"bad":[],"score_override":"","override_value":"","rating":[],"price":[],"footnotes":""},"categories":[54],"tags":[],"class_list":["post-22605","post","type-post","status-publish","format-standard","has-post-thumbnail","hentry","category-cotidiano"],"yoast_head":"<!-- This site is optimized with the Yoast SEO plugin v26.5 - https:\/\/yoast.com\/wordpress\/plugins\/seo\/ -->\n<title>Gestores discutem a\u00e7\u00e3o para combater \u201cbarbeiro\u201d - Agazeta.net<\/title>\n<meta name=\"robots\" content=\"index, follow, max-snippet:-1, max-image-preview:large, max-video-preview:-1\" \/>\n<link rel=\"canonical\" href=\"https:\/\/nk7-testes.com.br\/agazeta\/gestores-discutem-acao-para-combater-barbeiro\/\" \/>\n<meta property=\"og:locale\" content=\"pt_BR\" \/>\n<meta property=\"og:type\" content=\"article\" \/>\n<meta property=\"og:title\" content=\"Gestores discutem a\u00e7\u00e3o para combater \u201cbarbeiro\u201d - Agazeta.net\" \/>\n<meta property=\"og:description\" content=\"No Juru\u00e1, problema se agrava: 9 casos em 2016\" \/>\n<meta property=\"og:url\" content=\"https:\/\/nk7-testes.com.br\/agazeta\/gestores-discutem-acao-para-combater-barbeiro\/\" \/>\n<meta property=\"og:site_name\" content=\"Agazeta.net\" \/>\n<meta property=\"article:published_time\" content=\"2016-05-05T16:06:47+00:00\" \/>\n<meta property=\"og:image\" content=\"https:\/\/nk7-testes.com.br\/agazeta\/wp-content\/uploads\/2016\/05\/050516-cotidiano-barbeiro-reproducao2.jpg\" \/>\n\t<meta property=\"og:image:width\" content=\"458\" \/>\n\t<meta property=\"og:image:height\" content=\"340\" \/>\n\t<meta property=\"og:image:type\" content=\"image\/jpeg\" \/>\n<meta name=\"author\" content=\"Agazeta.Net\" \/>\n<meta name=\"twitter:card\" content=\"summary_large_image\" \/>\n<meta name=\"twitter:label1\" content=\"Escrito por\" \/>\n\t<meta name=\"twitter:data1\" content=\"Agazeta.Net\" \/>\n\t<meta name=\"twitter:label2\" content=\"Est. tempo de leitura\" \/>\n\t<meta name=\"twitter:data2\" content=\"2 minutos\" \/>\n<script type=\"application\/ld+json\" class=\"yoast-schema-graph\">{\"@context\":\"https:\/\/schema.org\",\"@graph\":[{\"@type\":\"WebPage\",\"@id\":\"https:\/\/nk7-testes.com.br\/agazeta\/gestores-discutem-acao-para-combater-barbeiro\/\",\"url\":\"https:\/\/nk7-testes.com.br\/agazeta\/gestores-discutem-acao-para-combater-barbeiro\/\",\"name\":\"Gestores discutem a\u00e7\u00e3o para combater \u201cbarbeiro\u201d - Agazeta.net\",\"isPartOf\":{\"@id\":\"https:\/\/nk7-testes.com.br\/agazeta\/#website\"},\"primaryImageOfPage\":{\"@id\":\"https:\/\/nk7-testes.com.br\/agazeta\/gestores-discutem-acao-para-combater-barbeiro\/#primaryimage\"},\"image\":{\"@id\":\"https:\/\/nk7-testes.com.br\/agazeta\/gestores-discutem-acao-para-combater-barbeiro\/#primaryimage\"},\"thumbnailUrl\":\"https:\/\/nk7-testes.com.br\/agazeta\/wp-content\/uploads\/2016\/05\/050516-cotidiano-barbeiro-reproducao2.jpg\",\"datePublished\":\"2016-05-05T16:06:47+00:00\",\"author\":{\"@id\":\"https:\/\/nk7-testes.com.br\/agazeta\/#\/schema\/person\/6d6e25cb0435eb4a02fd44d30b4e3020\"},\"breadcrumb\":{\"@id\":\"https:\/\/nk7-testes.com.br\/agazeta\/gestores-discutem-acao-para-combater-barbeiro\/#breadcrumb\"},\"inLanguage\":\"pt-BR\",\"potentialAction\":[{\"@type\":\"ReadAction\",\"target\":[\"https:\/\/nk7-testes.com.br\/agazeta\/gestores-discutem-acao-para-combater-barbeiro\/\"]}]},{\"@type\":\"ImageObject\",\"inLanguage\":\"pt-BR\",\"@id\":\"https:\/\/nk7-testes.com.br\/agazeta\/gestores-discutem-acao-para-combater-barbeiro\/#primaryimage\",\"url\":\"https:\/\/nk7-testes.com.br\/agazeta\/wp-content\/uploads\/2016\/05\/050516-cotidiano-barbeiro-reproducao2.jpg\",\"contentUrl\":\"https:\/\/nk7-testes.com.br\/agazeta\/wp-content\/uploads\/2016\/05\/050516-cotidiano-barbeiro-reproducao2.jpg\",\"width\":458,\"height\":340,\"caption\":\"050516-cotidiano-barbeiro-reproducao2\"},{\"@type\":\"BreadcrumbList\",\"@id\":\"https:\/\/nk7-testes.com.br\/agazeta\/gestores-discutem-acao-para-combater-barbeiro\/#breadcrumb\",\"itemListElement\":[{\"@type\":\"ListItem\",\"position\":1,\"name\":\"In\u00edcio\",\"item\":\"https:\/\/nk7-testes.com.br\/agazeta\/\"},{\"@type\":\"ListItem\",\"position\":2,\"name\":\"Gestores discutem a\u00e7\u00e3o para combater \u201cbarbeiro\u201d\"}]},{\"@type\":\"WebSite\",\"@id\":\"https:\/\/nk7-testes.com.br\/agazeta\/#website\",\"url\":\"https:\/\/nk7-testes.com.br\/agazeta\/\",\"name\":\"Agazeta.net\",\"description\":\"Agazeta.net - Not\u00edcias de Rio Branco\/AC\",\"potentialAction\":[{\"@type\":\"SearchAction\",\"target\":{\"@type\":\"EntryPoint\",\"urlTemplate\":\"https:\/\/nk7-testes.com.br\/agazeta\/?s={search_term_string}\"},\"query-input\":{\"@type\":\"PropertyValueSpecification\",\"valueRequired\":true,\"valueName\":\"search_term_string\"}}],\"inLanguage\":\"pt-BR\"},{\"@type\":\"Person\",\"@id\":\"https:\/\/nk7-testes.com.br\/agazeta\/#\/schema\/person\/6d6e25cb0435eb4a02fd44d30b4e3020\",\"name\":\"Agazeta.Net\",\"url\":\"https:\/\/nk7-testes.com.br\/agazeta\/author\/agazeta\/\"}]}<\/script>\n<!-- \/ Yoast SEO plugin. -->","yoast_head_json":{"title":"Gestores discutem a\u00e7\u00e3o para combater \u201cbarbeiro\u201d - Agazeta.net","robots":{"index":"index","follow":"follow","max-snippet":"max-snippet:-1","max-image-preview":"max-image-preview:large","max-video-preview":"max-video-preview:-1"},"canonical":"https:\/\/nk7-testes.com.br\/agazeta\/gestores-discutem-acao-para-combater-barbeiro\/","og_locale":"pt_BR","og_type":"article","og_title":"Gestores discutem a\u00e7\u00e3o para combater \u201cbarbeiro\u201d - Agazeta.net","og_description":"No Juru\u00e1, problema se agrava: 9 casos em 2016","og_url":"https:\/\/nk7-testes.com.br\/agazeta\/gestores-discutem-acao-para-combater-barbeiro\/","og_site_name":"Agazeta.net","article_published_time":"2016-05-05T16:06:47+00:00","og_image":[{"width":458,"height":340,"url":"https:\/\/nk7-testes.com.br\/agazeta\/wp-content\/uploads\/2016\/05\/050516-cotidiano-barbeiro-reproducao2.jpg","type":"image\/jpeg"}],"author":"Agazeta.Net","twitter_card":"summary_large_image","twitter_misc":{"Escrito por":"Agazeta.Net","Est. tempo de leitura":"2 minutos"},"schema":{"@context":"https:\/\/schema.org","@graph":[{"@type":"WebPage","@id":"https:\/\/nk7-testes.com.br\/agazeta\/gestores-discutem-acao-para-combater-barbeiro\/","url":"https:\/\/nk7-testes.com.br\/agazeta\/gestores-discutem-acao-para-combater-barbeiro\/","name":"Gestores discutem a\u00e7\u00e3o para combater \u201cbarbeiro\u201d - Agazeta.net","isPartOf":{"@id":"https:\/\/nk7-testes.com.br\/agazeta\/#website"},"primaryImageOfPage":{"@id":"https:\/\/nk7-testes.com.br\/agazeta\/gestores-discutem-acao-para-combater-barbeiro\/#primaryimage"},"image":{"@id":"https:\/\/nk7-testes.com.br\/agazeta\/gestores-discutem-acao-para-combater-barbeiro\/#primaryimage"},"thumbnailUrl":"https:\/\/nk7-testes.com.br\/agazeta\/wp-content\/uploads\/2016\/05\/050516-cotidiano-barbeiro-reproducao2.jpg","datePublished":"2016-05-05T16:06:47+00:00","author":{"@id":"https:\/\/nk7-testes.com.br\/agazeta\/#\/schema\/person\/6d6e25cb0435eb4a02fd44d30b4e3020"},"breadcrumb":{"@id":"https:\/\/nk7-testes.com.br\/agazeta\/gestores-discutem-acao-para-combater-barbeiro\/#breadcrumb"},"inLanguage":"pt-BR","potentialAction":[{"@type":"ReadAction","target":["https:\/\/nk7-testes.com.br\/agazeta\/gestores-discutem-acao-para-combater-barbeiro\/"]}]},{"@type":"ImageObject","inLanguage":"pt-BR","@id":"https:\/\/nk7-testes.com.br\/agazeta\/gestores-discutem-acao-para-combater-barbeiro\/#primaryimage","url":"https:\/\/nk7-testes.com.br\/agazeta\/wp-content\/uploads\/2016\/05\/050516-cotidiano-barbeiro-reproducao2.jpg","contentUrl":"https:\/\/nk7-testes.com.br\/agazeta\/wp-content\/uploads\/2016\/05\/050516-cotidiano-barbeiro-reproducao2.jpg","width":458,"height":340,"caption":"050516-cotidiano-barbeiro-reproducao2"},{"@type":"BreadcrumbList","@id":"https:\/\/nk7-testes.com.br\/agazeta\/gestores-discutem-acao-para-combater-barbeiro\/#breadcrumb","itemListElement":[{"@type":"ListItem","position":1,"name":"In\u00edcio","item":"https:\/\/nk7-testes.com.br\/agazeta\/"},{"@type":"ListItem","position":2,"name":"Gestores discutem a\u00e7\u00e3o para combater \u201cbarbeiro\u201d"}]},{"@type":"WebSite","@id":"https:\/\/nk7-testes.com.br\/agazeta\/#website","url":"https:\/\/nk7-testes.com.br\/agazeta\/","name":"Agazeta.net","description":"Agazeta.net - Not\u00edcias de Rio Branco\/AC","potentialAction":[{"@type":"SearchAction","target":{"@type":"EntryPoint","urlTemplate":"https:\/\/nk7-testes.com.br\/agazeta\/?s={search_term_string}"},"query-input":{"@type":"PropertyValueSpecification","valueRequired":true,"valueName":"search_term_string"}}],"inLanguage":"pt-BR"},{"@type":"Person","@id":"https:\/\/nk7-testes.com.br\/agazeta\/#\/schema\/person\/6d6e25cb0435eb4a02fd44d30b4e3020","name":"Agazeta.Net","url":"https:\/\/nk7-testes.com.br\/agazeta\/author\/agazeta\/"}]}},"_links":{"self":[{"href":"https:\/\/nk7-testes.com.br\/agazeta\/wp-json\/wp\/v2\/posts\/22605","targetHints":{"allow":["GET"]}}],"collection":[{"href":"https:\/\/nk7-testes.com.br\/agazeta\/wp-json\/wp\/v2\/posts"}],"about":[{"href":"https:\/\/nk7-testes.com.br\/agazeta\/wp-json\/wp\/v2\/types\/post"}],"author":[{"embeddable":true,"href":"https:\/\/nk7-testes.com.br\/agazeta\/wp-json\/wp\/v2\/users\/4"}],"replies":[{"embeddable":true,"href":"https:\/\/nk7-testes.com.br\/agazeta\/wp-json\/wp\/v2\/comments?post=22605"}],"version-history":[{"count":0,"href":"https:\/\/nk7-testes.com.br\/agazeta\/wp-json\/wp\/v2\/posts\/22605\/revisions"}],"wp:featuredmedia":[{"embeddable":true,"href":"https:\/\/nk7-testes.com.br\/agazeta\/wp-json\/wp\/v2\/media\/22604"}],"wp:attachment":[{"href":"https:\/\/nk7-testes.com.br\/agazeta\/wp-json\/wp\/v2\/media?parent=22605"}],"wp:term":[{"taxonomy":"category","embeddable":true,"href":"https:\/\/nk7-testes.com.br\/agazeta\/wp-json\/wp\/v2\/categories?post=22605"},{"taxonomy":"post_tag","embeddable":true,"href":"https:\/\/nk7-testes.com.br\/agazeta\/wp-json\/wp\/v2\/tags?post=22605"}],"curies":[{"name":"wp","href":"https:\/\/api.w.org\/{rel}","templated":true}]}}