{"id":22599,"date":"2016-05-05T15:00:07","date_gmt":"2016-05-05T15:00:07","guid":{"rendered":"https:\/\/abarevegan.com.br\/index.php\/2016\/05\/05\/iapen-suspende-saida-de-presos-apos-fuga\/"},"modified":"2016-05-05T15:00:07","modified_gmt":"2016-05-05T15:00:07","slug":"iapen-suspende-saida-de-presos-apos-fuga","status":"publish","type":"post","link":"https:\/\/nk7-testes.com.br\/agazeta\/iapen-suspende-saida-de-presos-apos-fuga\/","title":{"rendered":"Iapen suspende sa\u00edda de presos ap\u00f3s fuga"},"content":{"rendered":"<p style=\"text-align: justify;\">Preso rec\u00e9m-sentenciado desmoraliza sistema prisional<\/p>\n<p style=\"text-align: justify;\">O Instituto de Administra\u00e7\u00e3o Penitenci\u00e1ria do Acre (Iapen) suspendeu todas as sa\u00eddas de presos, ap\u00f3s um detento ser resgatado por comparsas em feira de artesanato, no centro de Rio Branco.<\/p>\n<p style=\"text-align: justify;\">O fato ocorrido na \u00faltima segunda-feira (4) est\u00e1 sendo investigado e o Iapen quer apurar por que um preso rec\u00e9m-sentenciado recebeu o benef\u00edcio da sa\u00edda.<\/p>\n<p style=\"text-align: justify;\">A feira de artesanato do novo mercado velho foi o local escolhido pelos criminosos para fazer o resgate do preso Marcos Cunha Lindoso, conhecido como Marquinho. Homens armados na noite da \u00faltima segunda-feira teriam rendido um agente penitenci\u00e1rio e resgatado o detento.<\/p>\n<p style=\"text-align: justify;\">De acordo com o diretor do Iapen, Martin Hessel, tr\u00eas agentes faziam a escolta de dois presos que participavam da feira de artesanatos. O prisioneiro Marcos Cunha, por sinal, teria recebido autoriza\u00e7\u00e3o para sair por que desempenhava a fun\u00e7\u00e3o de coordenador de artesanato. Esse posto, segundo o diretor, \u00e9 question\u00e1vel, por que o preso foi condenado recentemente enquanto estava na penitenci\u00e1ria.<\/p>\n<p style=\"text-align: justify;\">\u201cAlgumas medidas j\u00e1 est\u00e3o sendo tomadas tamb\u00e9m como verifica\u00e7\u00e3o da equipe que faz a sele\u00e7\u00e3o dos reeducandos para o trabalho. A gente vai apurar se houve falha da seguran\u00e7a, no processo de sele\u00e7\u00e3o\u201d, afirmou.<\/p>\n<p style=\"text-align: justify;\">Marcos Cunha \u00e9 acusado de integrar fac\u00e7\u00e3o criminosa, respons\u00e1vel por homic\u00eddios, assaltos, roubos e que aterrorizou a capital no final do ano passado, com ataques incendi\u00e1rios.<\/p>\n<p style=\"text-align: justify;\">De acordo com o diretor do Iapen, um inqu\u00e9rito foi aberto para apurar as circunst\u00e2ncias da a\u00e7\u00e3o, que colocou em liberdade o sentenciado. Uma das provid\u00eancias imediatas foi de suspender as sa\u00eddas de presos da penitenci\u00e1ria.<\/p>\n","protected":false},"excerpt":{"rendered":"<p style=\"text-align: justify;\">Preso rec\u00e9m-sentenciado desmoraliza sistema prisional<\/p>\n","protected":false},"author":4,"featured_media":22598,"comment_status":"open","ping_status":"open","sticky":false,"template":"","format":"standard","meta":{"jnews-multi-image_gallery":[],"jnews_single_post":[],"jnews_primary_category":[],"jnews_social_meta":[],"jnews_review":[],"enable_review":"","type":"","name":"","summary":"","brand":"","sku":"","good":[],"bad":[],"score_override":"","override_value":"","rating":[],"price":[],"footnotes":""},"categories":[44],"tags":[],"class_list":["post-22599","post","type-post","status-publish","format-standard","has-post-thumbnail","hentry","category-policia"],"yoast_head":"<!-- This site is optimized with the Yoast SEO plugin v26.5 - https:\/\/yoast.com\/wordpress\/plugins\/seo\/ -->\n<title>Iapen suspende sa\u00edda de presos ap\u00f3s fuga - Agazeta.net<\/title>\n<meta name=\"robots\" content=\"index, follow, max-snippet:-1, max-image-preview:large, max-video-preview:-1\" \/>\n<link rel=\"canonical\" href=\"https:\/\/nk7-testes.com.br\/agazeta\/iapen-suspende-saida-de-presos-apos-fuga\/\" \/>\n<meta property=\"og:locale\" content=\"pt_BR\" \/>\n<meta property=\"og:type\" content=\"article\" \/>\n<meta property=\"og:title\" content=\"Iapen suspende sa\u00edda de presos ap\u00f3s fuga - Agazeta.net\" \/>\n<meta property=\"og:description\" content=\"Preso rec\u00e9m-sentenciado desmoraliza sistema prisional\" \/>\n<meta property=\"og:url\" content=\"https:\/\/nk7-testes.com.br\/agazeta\/iapen-suspende-saida-de-presos-apos-fuga\/\" \/>\n<meta property=\"og:site_name\" content=\"Agazeta.net\" \/>\n<meta property=\"article:published_time\" content=\"2016-05-05T15:00:07+00:00\" \/>\n<meta property=\"og:image\" content=\"https:\/\/nk7-testes.com.br\/agazeta\/wp-content\/uploads\/2016\/05\/050516-policia-presofugitivo-cedida.jpg\" \/>\n\t<meta property=\"og:image:width\" content=\"458\" \/>\n\t<meta property=\"og:image:height\" content=\"340\" \/>\n\t<meta property=\"og:image:type\" content=\"image\/jpeg\" \/>\n<meta name=\"author\" content=\"Agazeta.Net\" \/>\n<meta name=\"twitter:card\" content=\"summary_large_image\" \/>\n<meta name=\"twitter:label1\" content=\"Escrito por\" \/>\n\t<meta name=\"twitter:data1\" content=\"Agazeta.Net\" \/>\n\t<meta name=\"twitter:label2\" content=\"Est. tempo de leitura\" \/>\n\t<meta name=\"twitter:data2\" content=\"1 minuto\" \/>\n<script type=\"application\/ld+json\" class=\"yoast-schema-graph\">{\"@context\":\"https:\/\/schema.org\",\"@graph\":[{\"@type\":\"WebPage\",\"@id\":\"https:\/\/nk7-testes.com.br\/agazeta\/iapen-suspende-saida-de-presos-apos-fuga\/\",\"url\":\"https:\/\/nk7-testes.com.br\/agazeta\/iapen-suspende-saida-de-presos-apos-fuga\/\",\"name\":\"Iapen suspende sa\u00edda de presos ap\u00f3s fuga - Agazeta.net\",\"isPartOf\":{\"@id\":\"https:\/\/nk7-testes.com.br\/agazeta\/#website\"},\"primaryImageOfPage\":{\"@id\":\"https:\/\/nk7-testes.com.br\/agazeta\/iapen-suspende-saida-de-presos-apos-fuga\/#primaryimage\"},\"image\":{\"@id\":\"https:\/\/nk7-testes.com.br\/agazeta\/iapen-suspende-saida-de-presos-apos-fuga\/#primaryimage\"},\"thumbnailUrl\":\"https:\/\/nk7-testes.com.br\/agazeta\/wp-content\/uploads\/2016\/05\/050516-policia-presofugitivo-cedida.jpg\",\"datePublished\":\"2016-05-05T15:00:07+00:00\",\"author\":{\"@id\":\"https:\/\/nk7-testes.com.br\/agazeta\/#\/schema\/person\/6d6e25cb0435eb4a02fd44d30b4e3020\"},\"breadcrumb\":{\"@id\":\"https:\/\/nk7-testes.com.br\/agazeta\/iapen-suspende-saida-de-presos-apos-fuga\/#breadcrumb\"},\"inLanguage\":\"pt-BR\",\"potentialAction\":[{\"@type\":\"ReadAction\",\"target\":[\"https:\/\/nk7-testes.com.br\/agazeta\/iapen-suspende-saida-de-presos-apos-fuga\/\"]}]},{\"@type\":\"ImageObject\",\"inLanguage\":\"pt-BR\",\"@id\":\"https:\/\/nk7-testes.com.br\/agazeta\/iapen-suspende-saida-de-presos-apos-fuga\/#primaryimage\",\"url\":\"https:\/\/nk7-testes.com.br\/agazeta\/wp-content\/uploads\/2016\/05\/050516-policia-presofugitivo-cedida.jpg\",\"contentUrl\":\"https:\/\/nk7-testes.com.br\/agazeta\/wp-content\/uploads\/2016\/05\/050516-policia-presofugitivo-cedida.jpg\",\"width\":458,\"height\":340,\"caption\":\"050516-policia-presofugitivo-cedida\"},{\"@type\":\"BreadcrumbList\",\"@id\":\"https:\/\/nk7-testes.com.br\/agazeta\/iapen-suspende-saida-de-presos-apos-fuga\/#breadcrumb\",\"itemListElement\":[{\"@type\":\"ListItem\",\"position\":1,\"name\":\"In\u00edcio\",\"item\":\"https:\/\/nk7-testes.com.br\/agazeta\/\"},{\"@type\":\"ListItem\",\"position\":2,\"name\":\"Iapen suspende sa\u00edda de presos ap\u00f3s fuga\"}]},{\"@type\":\"WebSite\",\"@id\":\"https:\/\/nk7-testes.com.br\/agazeta\/#website\",\"url\":\"https:\/\/nk7-testes.com.br\/agazeta\/\",\"name\":\"Agazeta.net\",\"description\":\"Agazeta.net - Not\u00edcias de Rio Branco\/AC\",\"potentialAction\":[{\"@type\":\"SearchAction\",\"target\":{\"@type\":\"EntryPoint\",\"urlTemplate\":\"https:\/\/nk7-testes.com.br\/agazeta\/?s={search_term_string}\"},\"query-input\":{\"@type\":\"PropertyValueSpecification\",\"valueRequired\":true,\"valueName\":\"search_term_string\"}}],\"inLanguage\":\"pt-BR\"},{\"@type\":\"Person\",\"@id\":\"https:\/\/nk7-testes.com.br\/agazeta\/#\/schema\/person\/6d6e25cb0435eb4a02fd44d30b4e3020\",\"name\":\"Agazeta.Net\",\"url\":\"https:\/\/nk7-testes.com.br\/agazeta\/author\/agazeta\/\"}]}<\/script>\n<!-- \/ Yoast SEO plugin. -->","yoast_head_json":{"title":"Iapen suspende sa\u00edda de presos ap\u00f3s fuga - Agazeta.net","robots":{"index":"index","follow":"follow","max-snippet":"max-snippet:-1","max-image-preview":"max-image-preview:large","max-video-preview":"max-video-preview:-1"},"canonical":"https:\/\/nk7-testes.com.br\/agazeta\/iapen-suspende-saida-de-presos-apos-fuga\/","og_locale":"pt_BR","og_type":"article","og_title":"Iapen suspende sa\u00edda de presos ap\u00f3s fuga - Agazeta.net","og_description":"Preso rec\u00e9m-sentenciado desmoraliza sistema prisional","og_url":"https:\/\/nk7-testes.com.br\/agazeta\/iapen-suspende-saida-de-presos-apos-fuga\/","og_site_name":"Agazeta.net","article_published_time":"2016-05-05T15:00:07+00:00","og_image":[{"width":458,"height":340,"url":"https:\/\/nk7-testes.com.br\/agazeta\/wp-content\/uploads\/2016\/05\/050516-policia-presofugitivo-cedida.jpg","type":"image\/jpeg"}],"author":"Agazeta.Net","twitter_card":"summary_large_image","twitter_misc":{"Escrito por":"Agazeta.Net","Est. tempo de leitura":"1 minuto"},"schema":{"@context":"https:\/\/schema.org","@graph":[{"@type":"WebPage","@id":"https:\/\/nk7-testes.com.br\/agazeta\/iapen-suspende-saida-de-presos-apos-fuga\/","url":"https:\/\/nk7-testes.com.br\/agazeta\/iapen-suspende-saida-de-presos-apos-fuga\/","name":"Iapen suspende sa\u00edda de presos ap\u00f3s fuga - Agazeta.net","isPartOf":{"@id":"https:\/\/nk7-testes.com.br\/agazeta\/#website"},"primaryImageOfPage":{"@id":"https:\/\/nk7-testes.com.br\/agazeta\/iapen-suspende-saida-de-presos-apos-fuga\/#primaryimage"},"image":{"@id":"https:\/\/nk7-testes.com.br\/agazeta\/iapen-suspende-saida-de-presos-apos-fuga\/#primaryimage"},"thumbnailUrl":"https:\/\/nk7-testes.com.br\/agazeta\/wp-content\/uploads\/2016\/05\/050516-policia-presofugitivo-cedida.jpg","datePublished":"2016-05-05T15:00:07+00:00","author":{"@id":"https:\/\/nk7-testes.com.br\/agazeta\/#\/schema\/person\/6d6e25cb0435eb4a02fd44d30b4e3020"},"breadcrumb":{"@id":"https:\/\/nk7-testes.com.br\/agazeta\/iapen-suspende-saida-de-presos-apos-fuga\/#breadcrumb"},"inLanguage":"pt-BR","potentialAction":[{"@type":"ReadAction","target":["https:\/\/nk7-testes.com.br\/agazeta\/iapen-suspende-saida-de-presos-apos-fuga\/"]}]},{"@type":"ImageObject","inLanguage":"pt-BR","@id":"https:\/\/nk7-testes.com.br\/agazeta\/iapen-suspende-saida-de-presos-apos-fuga\/#primaryimage","url":"https:\/\/nk7-testes.com.br\/agazeta\/wp-content\/uploads\/2016\/05\/050516-policia-presofugitivo-cedida.jpg","contentUrl":"https:\/\/nk7-testes.com.br\/agazeta\/wp-content\/uploads\/2016\/05\/050516-policia-presofugitivo-cedida.jpg","width":458,"height":340,"caption":"050516-policia-presofugitivo-cedida"},{"@type":"BreadcrumbList","@id":"https:\/\/nk7-testes.com.br\/agazeta\/iapen-suspende-saida-de-presos-apos-fuga\/#breadcrumb","itemListElement":[{"@type":"ListItem","position":1,"name":"In\u00edcio","item":"https:\/\/nk7-testes.com.br\/agazeta\/"},{"@type":"ListItem","position":2,"name":"Iapen suspende sa\u00edda de presos ap\u00f3s fuga"}]},{"@type":"WebSite","@id":"https:\/\/nk7-testes.com.br\/agazeta\/#website","url":"https:\/\/nk7-testes.com.br\/agazeta\/","name":"Agazeta.net","description":"Agazeta.net - Not\u00edcias de Rio Branco\/AC","potentialAction":[{"@type":"SearchAction","target":{"@type":"EntryPoint","urlTemplate":"https:\/\/nk7-testes.com.br\/agazeta\/?s={search_term_string}"},"query-input":{"@type":"PropertyValueSpecification","valueRequired":true,"valueName":"search_term_string"}}],"inLanguage":"pt-BR"},{"@type":"Person","@id":"https:\/\/nk7-testes.com.br\/agazeta\/#\/schema\/person\/6d6e25cb0435eb4a02fd44d30b4e3020","name":"Agazeta.Net","url":"https:\/\/nk7-testes.com.br\/agazeta\/author\/agazeta\/"}]}},"_links":{"self":[{"href":"https:\/\/nk7-testes.com.br\/agazeta\/wp-json\/wp\/v2\/posts\/22599","targetHints":{"allow":["GET"]}}],"collection":[{"href":"https:\/\/nk7-testes.com.br\/agazeta\/wp-json\/wp\/v2\/posts"}],"about":[{"href":"https:\/\/nk7-testes.com.br\/agazeta\/wp-json\/wp\/v2\/types\/post"}],"author":[{"embeddable":true,"href":"https:\/\/nk7-testes.com.br\/agazeta\/wp-json\/wp\/v2\/users\/4"}],"replies":[{"embeddable":true,"href":"https:\/\/nk7-testes.com.br\/agazeta\/wp-json\/wp\/v2\/comments?post=22599"}],"version-history":[{"count":0,"href":"https:\/\/nk7-testes.com.br\/agazeta\/wp-json\/wp\/v2\/posts\/22599\/revisions"}],"wp:featuredmedia":[{"embeddable":true,"href":"https:\/\/nk7-testes.com.br\/agazeta\/wp-json\/wp\/v2\/media\/22598"}],"wp:attachment":[{"href":"https:\/\/nk7-testes.com.br\/agazeta\/wp-json\/wp\/v2\/media?parent=22599"}],"wp:term":[{"taxonomy":"category","embeddable":true,"href":"https:\/\/nk7-testes.com.br\/agazeta\/wp-json\/wp\/v2\/categories?post=22599"},{"taxonomy":"post_tag","embeddable":true,"href":"https:\/\/nk7-testes.com.br\/agazeta\/wp-json\/wp\/v2\/tags?post=22599"}],"curies":[{"name":"wp","href":"https:\/\/api.w.org\/{rel}","templated":true}]}}