{"id":22585,"date":"2016-05-04T19:25:38","date_gmt":"2016-05-04T19:25:38","guid":{"rendered":"https:\/\/abarevegan.com.br\/index.php\/2016\/05\/04\/ultimo-dia-para-regularizar-titulo-eleitoral-gera-grande-publico\/"},"modified":"2016-05-04T19:25:38","modified_gmt":"2016-05-04T19:25:38","slug":"ultimo-dia-para-regularizar-titulo-eleitoral-gera-grande-publico","status":"publish","type":"post","link":"https:\/\/nk7-testes.com.br\/agazeta\/ultimo-dia-para-regularizar-titulo-eleitoral-gera-grande-publico\/","title":{"rendered":"Ultimo dia para regularizar t\u00edtulo eleitoral gera grande p\u00fablico"},"content":{"rendered":"<p style=\"text-align: justify;\">Fila tinha v\u00e1rios metros e chegava a OAB<\/p>\n<p style=\"text-align: justify;\">Quem deixou para regularizar o t\u00edtulo no \u00faltimo dia teve que ter paci\u00eancia. Uma grande fila de eleitores ocupou toda a extens\u00e3o da rua em frente ao F\u00f3rum Eleitoral de Rio Branco que passou da Oab, isso desde as primeiras horas da manh\u00e3 desta quarta-feira(4).<\/p>\n<p style=\"text-align: justify;\">Teve gente que dormiu no local, outros chegaram \u00e0s 21h de ontem para serem atendidos mais r\u00e1pido. Algumas pessoas foram preparadas para a espera e levaram at\u00e9 caf\u00e9 da manh\u00e3 e cadeira para n\u00e3o cansar.<\/p>\n<p style=\"text-align: justify;\">Ao todo, 25 servidores atendiam o p\u00fablico, cada procedimento demorava entre 10 e 15 minutos.<\/p>\n<p style=\"text-align: justify;\">Os port\u00f5es abriram \u00e0s 8h e devem fechar \u00e0s 17h. Quem n\u00e3o conseguir realizar esse procedimento vai ficar fora das elei\u00e7\u00f5es municipais deste ano. Os servi\u00e7os oferecidos s\u00e3o: emiss\u00e3o do t\u00edtulo de eleitor pela primeira vez, transfer\u00eancia, regulariza\u00e7\u00e3o ou atualiza\u00e7\u00e3o dos dados cadastrais e recadastramento biom\u00e9trico.<\/p>\n<p style=\"text-align: justify;\">Ao observar o n\u00famero de pessoas que aguardavam atendimento, alguns mais atrasados resolveram desistir de fazer o servi\u00e7o. Outros pediam a prorroga\u00e7\u00e3o do prazo, mas conforme o diretor do Tribunal Regional Eleitoral, isso \u00e9 praticamente imposs\u00edvel, j\u00e1 que a regulariza\u00e7\u00e3o estava dispon\u00edvel h\u00e1 mais de um ano e essa data \u00e9 amparada pela legisla\u00e7\u00e3o.<\/p>\n<p style=\"text-align: justify;\">A situa\u00e7\u00e3o era parecida no interior do estado. Em Brasileia, a fila no f\u00f3rum eleitoral impressionava quem ia chegando. Quem deixou para esse \u00faltimo dia n\u00e3o sabia que encontraria um p\u00fablico t\u00e3o grande.<\/p>\n<p style=\"text-align: justify;\">Em Cruzeiro do Sul, segunda cidade mais populosa do estado, a situa\u00e7\u00e3o n\u00e3o foi diferente. Os eleitores tiveram que aguardar por horas o atendimento.<\/p>\n","protected":false},"excerpt":{"rendered":"<p style=\"text-align: justify;\">Fila tinha v\u00e1rios metros e chegava a OAB<\/p>\n","protected":false},"author":4,"featured_media":22584,"comment_status":"open","ping_status":"open","sticky":false,"template":"","format":"standard","meta":{"jnews-multi-image_gallery":[],"jnews_single_post":[],"jnews_primary_category":[],"jnews_social_meta":[],"jnews_review":[],"enable_review":"","type":"","name":"","summary":"","brand":"","sku":"","good":[],"bad":[],"score_override":"","override_value":"","rating":[],"price":[],"footnotes":""},"categories":[54],"tags":[],"class_list":["post-22585","post","type-post","status-publish","format-standard","has-post-thumbnail","hentry","category-cotidiano"],"yoast_head":"<!-- This site is optimized with the Yoast SEO plugin v26.5 - https:\/\/yoast.com\/wordpress\/plugins\/seo\/ -->\n<title>Ultimo dia para regularizar t\u00edtulo eleitoral gera grande p\u00fablico - Agazeta.net<\/title>\n<meta name=\"robots\" content=\"index, follow, max-snippet:-1, max-image-preview:large, max-video-preview:-1\" \/>\n<link rel=\"canonical\" href=\"https:\/\/nk7-testes.com.br\/agazeta\/ultimo-dia-para-regularizar-titulo-eleitoral-gera-grande-publico\/\" \/>\n<meta property=\"og:locale\" content=\"pt_BR\" \/>\n<meta property=\"og:type\" content=\"article\" \/>\n<meta property=\"og:title\" content=\"Ultimo dia para regularizar t\u00edtulo eleitoral gera grande p\u00fablico - Agazeta.net\" \/>\n<meta property=\"og:description\" content=\"Fila tinha v\u00e1rios metros e chegava a OAB\" \/>\n<meta property=\"og:url\" content=\"https:\/\/nk7-testes.com.br\/agazeta\/ultimo-dia-para-regularizar-titulo-eleitoral-gera-grande-publico\/\" \/>\n<meta property=\"og:site_name\" content=\"Agazeta.net\" \/>\n<meta property=\"article:published_time\" content=\"2016-05-04T19:25:38+00:00\" \/>\n<meta property=\"og:image\" content=\"https:\/\/nk7-testes.com.br\/agazeta\/wp-content\/uploads\/2016\/05\/040516-cotidiano-filatre.jpg\" \/>\n\t<meta property=\"og:image:width\" content=\"458\" \/>\n\t<meta property=\"og:image:height\" content=\"340\" \/>\n\t<meta property=\"og:image:type\" content=\"image\/jpeg\" \/>\n<meta name=\"author\" content=\"Agazeta.Net\" \/>\n<meta name=\"twitter:card\" content=\"summary_large_image\" \/>\n<meta name=\"twitter:label1\" content=\"Escrito por\" \/>\n\t<meta name=\"twitter:data1\" content=\"Agazeta.Net\" \/>\n\t<meta name=\"twitter:label2\" content=\"Est. tempo de leitura\" \/>\n\t<meta name=\"twitter:data2\" content=\"1 minuto\" \/>\n<script type=\"application\/ld+json\" class=\"yoast-schema-graph\">{\"@context\":\"https:\/\/schema.org\",\"@graph\":[{\"@type\":\"WebPage\",\"@id\":\"https:\/\/nk7-testes.com.br\/agazeta\/ultimo-dia-para-regularizar-titulo-eleitoral-gera-grande-publico\/\",\"url\":\"https:\/\/nk7-testes.com.br\/agazeta\/ultimo-dia-para-regularizar-titulo-eleitoral-gera-grande-publico\/\",\"name\":\"Ultimo dia para regularizar t\u00edtulo eleitoral gera grande p\u00fablico - Agazeta.net\",\"isPartOf\":{\"@id\":\"https:\/\/nk7-testes.com.br\/agazeta\/#website\"},\"primaryImageOfPage\":{\"@id\":\"https:\/\/nk7-testes.com.br\/agazeta\/ultimo-dia-para-regularizar-titulo-eleitoral-gera-grande-publico\/#primaryimage\"},\"image\":{\"@id\":\"https:\/\/nk7-testes.com.br\/agazeta\/ultimo-dia-para-regularizar-titulo-eleitoral-gera-grande-publico\/#primaryimage\"},\"thumbnailUrl\":\"https:\/\/nk7-testes.com.br\/agazeta\/wp-content\/uploads\/2016\/05\/040516-cotidiano-filatre.jpg\",\"datePublished\":\"2016-05-04T19:25:38+00:00\",\"author\":{\"@id\":\"https:\/\/nk7-testes.com.br\/agazeta\/#\/schema\/person\/6d6e25cb0435eb4a02fd44d30b4e3020\"},\"breadcrumb\":{\"@id\":\"https:\/\/nk7-testes.com.br\/agazeta\/ultimo-dia-para-regularizar-titulo-eleitoral-gera-grande-publico\/#breadcrumb\"},\"inLanguage\":\"pt-BR\",\"potentialAction\":[{\"@type\":\"ReadAction\",\"target\":[\"https:\/\/nk7-testes.com.br\/agazeta\/ultimo-dia-para-regularizar-titulo-eleitoral-gera-grande-publico\/\"]}]},{\"@type\":\"ImageObject\",\"inLanguage\":\"pt-BR\",\"@id\":\"https:\/\/nk7-testes.com.br\/agazeta\/ultimo-dia-para-regularizar-titulo-eleitoral-gera-grande-publico\/#primaryimage\",\"url\":\"https:\/\/nk7-testes.com.br\/agazeta\/wp-content\/uploads\/2016\/05\/040516-cotidiano-filatre.jpg\",\"contentUrl\":\"https:\/\/nk7-testes.com.br\/agazeta\/wp-content\/uploads\/2016\/05\/040516-cotidiano-filatre.jpg\",\"width\":458,\"height\":340,\"caption\":\"040516-cotidiano-filatre\"},{\"@type\":\"BreadcrumbList\",\"@id\":\"https:\/\/nk7-testes.com.br\/agazeta\/ultimo-dia-para-regularizar-titulo-eleitoral-gera-grande-publico\/#breadcrumb\",\"itemListElement\":[{\"@type\":\"ListItem\",\"position\":1,\"name\":\"In\u00edcio\",\"item\":\"https:\/\/nk7-testes.com.br\/agazeta\/\"},{\"@type\":\"ListItem\",\"position\":2,\"name\":\"Ultimo dia para regularizar t\u00edtulo eleitoral gera grande p\u00fablico\"}]},{\"@type\":\"WebSite\",\"@id\":\"https:\/\/nk7-testes.com.br\/agazeta\/#website\",\"url\":\"https:\/\/nk7-testes.com.br\/agazeta\/\",\"name\":\"Agazeta.net\",\"description\":\"Agazeta.net - Not\u00edcias de Rio Branco\/AC\",\"potentialAction\":[{\"@type\":\"SearchAction\",\"target\":{\"@type\":\"EntryPoint\",\"urlTemplate\":\"https:\/\/nk7-testes.com.br\/agazeta\/?s={search_term_string}\"},\"query-input\":{\"@type\":\"PropertyValueSpecification\",\"valueRequired\":true,\"valueName\":\"search_term_string\"}}],\"inLanguage\":\"pt-BR\"},{\"@type\":\"Person\",\"@id\":\"https:\/\/nk7-testes.com.br\/agazeta\/#\/schema\/person\/6d6e25cb0435eb4a02fd44d30b4e3020\",\"name\":\"Agazeta.Net\",\"url\":\"https:\/\/nk7-testes.com.br\/agazeta\/author\/agazeta\/\"}]}<\/script>\n<!-- \/ Yoast SEO plugin. -->","yoast_head_json":{"title":"Ultimo dia para regularizar t\u00edtulo eleitoral gera grande p\u00fablico - Agazeta.net","robots":{"index":"index","follow":"follow","max-snippet":"max-snippet:-1","max-image-preview":"max-image-preview:large","max-video-preview":"max-video-preview:-1"},"canonical":"https:\/\/nk7-testes.com.br\/agazeta\/ultimo-dia-para-regularizar-titulo-eleitoral-gera-grande-publico\/","og_locale":"pt_BR","og_type":"article","og_title":"Ultimo dia para regularizar t\u00edtulo eleitoral gera grande p\u00fablico - Agazeta.net","og_description":"Fila tinha v\u00e1rios metros e chegava a OAB","og_url":"https:\/\/nk7-testes.com.br\/agazeta\/ultimo-dia-para-regularizar-titulo-eleitoral-gera-grande-publico\/","og_site_name":"Agazeta.net","article_published_time":"2016-05-04T19:25:38+00:00","og_image":[{"width":458,"height":340,"url":"https:\/\/nk7-testes.com.br\/agazeta\/wp-content\/uploads\/2016\/05\/040516-cotidiano-filatre.jpg","type":"image\/jpeg"}],"author":"Agazeta.Net","twitter_card":"summary_large_image","twitter_misc":{"Escrito por":"Agazeta.Net","Est. tempo de leitura":"1 minuto"},"schema":{"@context":"https:\/\/schema.org","@graph":[{"@type":"WebPage","@id":"https:\/\/nk7-testes.com.br\/agazeta\/ultimo-dia-para-regularizar-titulo-eleitoral-gera-grande-publico\/","url":"https:\/\/nk7-testes.com.br\/agazeta\/ultimo-dia-para-regularizar-titulo-eleitoral-gera-grande-publico\/","name":"Ultimo dia para regularizar t\u00edtulo eleitoral gera grande p\u00fablico - Agazeta.net","isPartOf":{"@id":"https:\/\/nk7-testes.com.br\/agazeta\/#website"},"primaryImageOfPage":{"@id":"https:\/\/nk7-testes.com.br\/agazeta\/ultimo-dia-para-regularizar-titulo-eleitoral-gera-grande-publico\/#primaryimage"},"image":{"@id":"https:\/\/nk7-testes.com.br\/agazeta\/ultimo-dia-para-regularizar-titulo-eleitoral-gera-grande-publico\/#primaryimage"},"thumbnailUrl":"https:\/\/nk7-testes.com.br\/agazeta\/wp-content\/uploads\/2016\/05\/040516-cotidiano-filatre.jpg","datePublished":"2016-05-04T19:25:38+00:00","author":{"@id":"https:\/\/nk7-testes.com.br\/agazeta\/#\/schema\/person\/6d6e25cb0435eb4a02fd44d30b4e3020"},"breadcrumb":{"@id":"https:\/\/nk7-testes.com.br\/agazeta\/ultimo-dia-para-regularizar-titulo-eleitoral-gera-grande-publico\/#breadcrumb"},"inLanguage":"pt-BR","potentialAction":[{"@type":"ReadAction","target":["https:\/\/nk7-testes.com.br\/agazeta\/ultimo-dia-para-regularizar-titulo-eleitoral-gera-grande-publico\/"]}]},{"@type":"ImageObject","inLanguage":"pt-BR","@id":"https:\/\/nk7-testes.com.br\/agazeta\/ultimo-dia-para-regularizar-titulo-eleitoral-gera-grande-publico\/#primaryimage","url":"https:\/\/nk7-testes.com.br\/agazeta\/wp-content\/uploads\/2016\/05\/040516-cotidiano-filatre.jpg","contentUrl":"https:\/\/nk7-testes.com.br\/agazeta\/wp-content\/uploads\/2016\/05\/040516-cotidiano-filatre.jpg","width":458,"height":340,"caption":"040516-cotidiano-filatre"},{"@type":"BreadcrumbList","@id":"https:\/\/nk7-testes.com.br\/agazeta\/ultimo-dia-para-regularizar-titulo-eleitoral-gera-grande-publico\/#breadcrumb","itemListElement":[{"@type":"ListItem","position":1,"name":"In\u00edcio","item":"https:\/\/nk7-testes.com.br\/agazeta\/"},{"@type":"ListItem","position":2,"name":"Ultimo dia para regularizar t\u00edtulo eleitoral gera grande p\u00fablico"}]},{"@type":"WebSite","@id":"https:\/\/nk7-testes.com.br\/agazeta\/#website","url":"https:\/\/nk7-testes.com.br\/agazeta\/","name":"Agazeta.net","description":"Agazeta.net - Not\u00edcias de Rio Branco\/AC","potentialAction":[{"@type":"SearchAction","target":{"@type":"EntryPoint","urlTemplate":"https:\/\/nk7-testes.com.br\/agazeta\/?s={search_term_string}"},"query-input":{"@type":"PropertyValueSpecification","valueRequired":true,"valueName":"search_term_string"}}],"inLanguage":"pt-BR"},{"@type":"Person","@id":"https:\/\/nk7-testes.com.br\/agazeta\/#\/schema\/person\/6d6e25cb0435eb4a02fd44d30b4e3020","name":"Agazeta.Net","url":"https:\/\/nk7-testes.com.br\/agazeta\/author\/agazeta\/"}]}},"_links":{"self":[{"href":"https:\/\/nk7-testes.com.br\/agazeta\/wp-json\/wp\/v2\/posts\/22585","targetHints":{"allow":["GET"]}}],"collection":[{"href":"https:\/\/nk7-testes.com.br\/agazeta\/wp-json\/wp\/v2\/posts"}],"about":[{"href":"https:\/\/nk7-testes.com.br\/agazeta\/wp-json\/wp\/v2\/types\/post"}],"author":[{"embeddable":true,"href":"https:\/\/nk7-testes.com.br\/agazeta\/wp-json\/wp\/v2\/users\/4"}],"replies":[{"embeddable":true,"href":"https:\/\/nk7-testes.com.br\/agazeta\/wp-json\/wp\/v2\/comments?post=22585"}],"version-history":[{"count":0,"href":"https:\/\/nk7-testes.com.br\/agazeta\/wp-json\/wp\/v2\/posts\/22585\/revisions"}],"wp:featuredmedia":[{"embeddable":true,"href":"https:\/\/nk7-testes.com.br\/agazeta\/wp-json\/wp\/v2\/media\/22584"}],"wp:attachment":[{"href":"https:\/\/nk7-testes.com.br\/agazeta\/wp-json\/wp\/v2\/media?parent=22585"}],"wp:term":[{"taxonomy":"category","embeddable":true,"href":"https:\/\/nk7-testes.com.br\/agazeta\/wp-json\/wp\/v2\/categories?post=22585"},{"taxonomy":"post_tag","embeddable":true,"href":"https:\/\/nk7-testes.com.br\/agazeta\/wp-json\/wp\/v2\/tags?post=22585"}],"curies":[{"name":"wp","href":"https:\/\/api.w.org\/{rel}","templated":true}]}}