{"id":22572,"date":"2016-05-04T14:10:20","date_gmt":"2016-05-04T14:10:20","guid":{"rendered":"https:\/\/abarevegan.com.br\/index.php\/2016\/05\/04\/adelaide-nao-se-pode-negar-que-e-preocupante\/"},"modified":"2016-05-04T14:10:20","modified_gmt":"2016-05-04T14:10:20","slug":"adelaide-nao-se-pode-negar-que-e-preocupante","status":"publish","type":"post","link":"https:\/\/nk7-testes.com.br\/agazeta\/adelaide-nao-se-pode-negar-que-e-preocupante\/","title":{"rendered":"Adelaide: \u201cN\u00e3o se pode negar que \u00e9 preocupante\u201d"},"content":{"rendered":"<p style=\"text-align: justify;\">Fieac avalia retra\u00e7\u00e3o da ind\u00fastria na participa\u00e7\u00e3o no PIB<\/p>\n<p style=\"text-align: justify;\">A CNI divulgou dados realistas sobre a participa\u00e7\u00e3o da ind\u00fastria no PIB dos estados brasileiros, entre os anos de 2010 e 2013. No balan\u00e7o, 23 unidades da Federa\u00e7\u00e3o sofreram retra\u00e7\u00e3o da ind\u00fastria na composi\u00e7\u00e3o do PIB estadual.<\/p>\n<p style=\"text-align: justify;\">No Acre, a retra\u00e7\u00e3o foi de 3,8 pontos percentuais. O PIB do Acre \u00e9 calculado em R$ 10,5 bilh\u00f5es e a participa\u00e7\u00e3o da ind\u00fastria corresponde a R$ 1,1 bilh\u00e3o, ou seja, 10,6% do PIB total.<\/p>\n<p style=\"text-align: justify;\">Para a Federa\u00e7\u00e3o da ind\u00fastria do Acre (Fieac), o encolhimento \u00e9 preocupante. \u201cA gente sabe que a ind\u00fastria vem sofrendo uma queda por conta da economia e a agora temos esses n\u00fameros, que n\u00e3o tem como negar que \u00e9 preocupante\u201d, disse a vice-presidente da Federa\u00e7\u00e3o, Adelaide F\u00e1tima Oliveira.<\/p>\n<p style=\"text-align: justify;\">Segundo a Fieac, o setor florestal foi um dos que mais sentiu o impacto da crise econ\u00f4mica, seguido da constru\u00e7\u00e3o civil. Nesse \u00faltimo segmento, a classe trabalhadora recebeu o reflexo da recess\u00e3o, devido \u00e0s demiss\u00f5es em massa.<\/p>\n<p style=\"text-align: justify;\">E n\u00e3o foi por menos, no Acre, a ind\u00fastria emprega 16.222 trabalhadores e o setor da constru\u00e7\u00e3o civil corresponde a 58,8% da atividade econ\u00f4mica industrial. \u201cCostumo dizer que a constru\u00e7\u00e3o \u00e9 para n\u00f3s a nave m\u00e3e. Quando h\u00e1 demiss\u00f5es e n\u00e3o h\u00e1 contrata\u00e7\u00e3o de servi\u00e7os na constru\u00e7\u00e3o civil todos os segmentos sofrem\u201d, afirmou F\u00e1tima.<\/p>\n<p style=\"text-align: justify;\">Ainda de acordo com a CNI, a participa\u00e7\u00e3o da ind\u00fastria no PIB do Acre (10,6%) \u00e9 a segunda menor do Brasil, atr\u00e1s apenas do Distrito Federal (6,5%).<\/p>\n<p style=\"text-align: justify;\">Para desapontar os investidores, o Acre tem uma das tarifas de energia el\u00e9trica mais caras do pa\u00eds, cerca de 5% a mais que a m\u00e9dia nacional.<\/p>\n<p style=\"text-align: justify;\">Segundo a vice-presidente da Fieac, pol\u00edticas p\u00fablicas como incentivos fiscais s\u00e3o atrativos que podem trazer mais ind\u00fastrias e alavancar a atividade econ\u00f4mica no estado. \u201cNo momento de crise o que a gente tem que fazer \u00e9 levantar a cabe\u00e7a, buscar dentro de si ideias e trazer para o mercado como forma de driblar. Isso n\u00e3o \u00e9 uma quest\u00e3o do Acre \u00e9 uma quest\u00e3o de Brasil\u201d, disse.<\/p>\n","protected":false},"excerpt":{"rendered":"<p style=\"text-align: justify;\">Fieac avalia retra\u00e7\u00e3o da ind\u00fastria na participa\u00e7\u00e3o no PIB<\/p>\n","protected":false},"author":4,"featured_media":22571,"comment_status":"open","ping_status":"open","sticky":false,"template":"","format":"standard","meta":{"jnews-multi-image_gallery":[],"jnews_single_post":[],"jnews_primary_category":[],"jnews_social_meta":[],"jnews_review":[],"enable_review":"","type":"","name":"","summary":"","brand":"","sku":"","good":[],"bad":[],"score_override":"","override_value":"","rating":[],"price":[],"footnotes":""},"categories":[54],"tags":[],"class_list":["post-22572","post","type-post","status-publish","format-standard","has-post-thumbnail","hentry","category-cotidiano"],"yoast_head":"<!-- This site is optimized with the Yoast SEO plugin v26.5 - https:\/\/yoast.com\/wordpress\/plugins\/seo\/ -->\n<title>Adelaide: \u201cN\u00e3o se pode negar que \u00e9 preocupante\u201d - Agazeta.net<\/title>\n<meta name=\"robots\" content=\"index, follow, max-snippet:-1, max-image-preview:large, max-video-preview:-1\" \/>\n<link rel=\"canonical\" href=\"https:\/\/nk7-testes.com.br\/agazeta\/adelaide-nao-se-pode-negar-que-e-preocupante\/\" \/>\n<meta property=\"og:locale\" content=\"pt_BR\" \/>\n<meta property=\"og:type\" content=\"article\" \/>\n<meta property=\"og:title\" content=\"Adelaide: \u201cN\u00e3o se pode negar que \u00e9 preocupante\u201d - Agazeta.net\" \/>\n<meta property=\"og:description\" content=\"Fieac avalia retra\u00e7\u00e3o da ind\u00fastria na participa\u00e7\u00e3o no PIB\" \/>\n<meta property=\"og:url\" content=\"https:\/\/nk7-testes.com.br\/agazeta\/adelaide-nao-se-pode-negar-que-e-preocupante\/\" \/>\n<meta property=\"og:site_name\" content=\"Agazeta.net\" \/>\n<meta property=\"article:published_time\" content=\"2016-05-04T14:10:20+00:00\" \/>\n<meta property=\"og:image\" content=\"https:\/\/nk7-testes.com.br\/agazeta\/wp-content\/uploads\/2016\/05\/040516-cotidiano-adelaidefatima-tvgazeta.jpg\" \/>\n\t<meta property=\"og:image:width\" content=\"458\" \/>\n\t<meta property=\"og:image:height\" content=\"340\" \/>\n\t<meta property=\"og:image:type\" content=\"image\/jpeg\" \/>\n<meta name=\"author\" content=\"Agazeta.Net\" \/>\n<meta name=\"twitter:card\" content=\"summary_large_image\" \/>\n<meta name=\"twitter:label1\" content=\"Escrito por\" \/>\n\t<meta name=\"twitter:data1\" content=\"Agazeta.Net\" \/>\n\t<meta name=\"twitter:label2\" content=\"Est. tempo de leitura\" \/>\n\t<meta name=\"twitter:data2\" content=\"2 minutos\" \/>\n<script type=\"application\/ld+json\" class=\"yoast-schema-graph\">{\"@context\":\"https:\/\/schema.org\",\"@graph\":[{\"@type\":\"WebPage\",\"@id\":\"https:\/\/nk7-testes.com.br\/agazeta\/adelaide-nao-se-pode-negar-que-e-preocupante\/\",\"url\":\"https:\/\/nk7-testes.com.br\/agazeta\/adelaide-nao-se-pode-negar-que-e-preocupante\/\",\"name\":\"Adelaide: \u201cN\u00e3o se pode negar que \u00e9 preocupante\u201d - Agazeta.net\",\"isPartOf\":{\"@id\":\"https:\/\/nk7-testes.com.br\/agazeta\/#website\"},\"primaryImageOfPage\":{\"@id\":\"https:\/\/nk7-testes.com.br\/agazeta\/adelaide-nao-se-pode-negar-que-e-preocupante\/#primaryimage\"},\"image\":{\"@id\":\"https:\/\/nk7-testes.com.br\/agazeta\/adelaide-nao-se-pode-negar-que-e-preocupante\/#primaryimage\"},\"thumbnailUrl\":\"https:\/\/nk7-testes.com.br\/agazeta\/wp-content\/uploads\/2016\/05\/040516-cotidiano-adelaidefatima-tvgazeta.jpg\",\"datePublished\":\"2016-05-04T14:10:20+00:00\",\"author\":{\"@id\":\"https:\/\/nk7-testes.com.br\/agazeta\/#\/schema\/person\/6d6e25cb0435eb4a02fd44d30b4e3020\"},\"breadcrumb\":{\"@id\":\"https:\/\/nk7-testes.com.br\/agazeta\/adelaide-nao-se-pode-negar-que-e-preocupante\/#breadcrumb\"},\"inLanguage\":\"pt-BR\",\"potentialAction\":[{\"@type\":\"ReadAction\",\"target\":[\"https:\/\/nk7-testes.com.br\/agazeta\/adelaide-nao-se-pode-negar-que-e-preocupante\/\"]}]},{\"@type\":\"ImageObject\",\"inLanguage\":\"pt-BR\",\"@id\":\"https:\/\/nk7-testes.com.br\/agazeta\/adelaide-nao-se-pode-negar-que-e-preocupante\/#primaryimage\",\"url\":\"https:\/\/nk7-testes.com.br\/agazeta\/wp-content\/uploads\/2016\/05\/040516-cotidiano-adelaidefatima-tvgazeta.jpg\",\"contentUrl\":\"https:\/\/nk7-testes.com.br\/agazeta\/wp-content\/uploads\/2016\/05\/040516-cotidiano-adelaidefatima-tvgazeta.jpg\",\"width\":458,\"height\":340,\"caption\":\"040516-cotidiano-adelaidefatima-tvgazeta\"},{\"@type\":\"BreadcrumbList\",\"@id\":\"https:\/\/nk7-testes.com.br\/agazeta\/adelaide-nao-se-pode-negar-que-e-preocupante\/#breadcrumb\",\"itemListElement\":[{\"@type\":\"ListItem\",\"position\":1,\"name\":\"In\u00edcio\",\"item\":\"https:\/\/nk7-testes.com.br\/agazeta\/\"},{\"@type\":\"ListItem\",\"position\":2,\"name\":\"Adelaide: \u201cN\u00e3o se pode negar que \u00e9 preocupante\u201d\"}]},{\"@type\":\"WebSite\",\"@id\":\"https:\/\/nk7-testes.com.br\/agazeta\/#website\",\"url\":\"https:\/\/nk7-testes.com.br\/agazeta\/\",\"name\":\"Agazeta.net\",\"description\":\"Agazeta.net - Not\u00edcias de Rio Branco\/AC\",\"potentialAction\":[{\"@type\":\"SearchAction\",\"target\":{\"@type\":\"EntryPoint\",\"urlTemplate\":\"https:\/\/nk7-testes.com.br\/agazeta\/?s={search_term_string}\"},\"query-input\":{\"@type\":\"PropertyValueSpecification\",\"valueRequired\":true,\"valueName\":\"search_term_string\"}}],\"inLanguage\":\"pt-BR\"},{\"@type\":\"Person\",\"@id\":\"https:\/\/nk7-testes.com.br\/agazeta\/#\/schema\/person\/6d6e25cb0435eb4a02fd44d30b4e3020\",\"name\":\"Agazeta.Net\",\"url\":\"https:\/\/nk7-testes.com.br\/agazeta\/author\/agazeta\/\"}]}<\/script>\n<!-- \/ Yoast SEO plugin. -->","yoast_head_json":{"title":"Adelaide: \u201cN\u00e3o se pode negar que \u00e9 preocupante\u201d - Agazeta.net","robots":{"index":"index","follow":"follow","max-snippet":"max-snippet:-1","max-image-preview":"max-image-preview:large","max-video-preview":"max-video-preview:-1"},"canonical":"https:\/\/nk7-testes.com.br\/agazeta\/adelaide-nao-se-pode-negar-que-e-preocupante\/","og_locale":"pt_BR","og_type":"article","og_title":"Adelaide: \u201cN\u00e3o se pode negar que \u00e9 preocupante\u201d - Agazeta.net","og_description":"Fieac avalia retra\u00e7\u00e3o da ind\u00fastria na participa\u00e7\u00e3o no PIB","og_url":"https:\/\/nk7-testes.com.br\/agazeta\/adelaide-nao-se-pode-negar-que-e-preocupante\/","og_site_name":"Agazeta.net","article_published_time":"2016-05-04T14:10:20+00:00","og_image":[{"width":458,"height":340,"url":"https:\/\/nk7-testes.com.br\/agazeta\/wp-content\/uploads\/2016\/05\/040516-cotidiano-adelaidefatima-tvgazeta.jpg","type":"image\/jpeg"}],"author":"Agazeta.Net","twitter_card":"summary_large_image","twitter_misc":{"Escrito por":"Agazeta.Net","Est. tempo de leitura":"2 minutos"},"schema":{"@context":"https:\/\/schema.org","@graph":[{"@type":"WebPage","@id":"https:\/\/nk7-testes.com.br\/agazeta\/adelaide-nao-se-pode-negar-que-e-preocupante\/","url":"https:\/\/nk7-testes.com.br\/agazeta\/adelaide-nao-se-pode-negar-que-e-preocupante\/","name":"Adelaide: \u201cN\u00e3o se pode negar que \u00e9 preocupante\u201d - Agazeta.net","isPartOf":{"@id":"https:\/\/nk7-testes.com.br\/agazeta\/#website"},"primaryImageOfPage":{"@id":"https:\/\/nk7-testes.com.br\/agazeta\/adelaide-nao-se-pode-negar-que-e-preocupante\/#primaryimage"},"image":{"@id":"https:\/\/nk7-testes.com.br\/agazeta\/adelaide-nao-se-pode-negar-que-e-preocupante\/#primaryimage"},"thumbnailUrl":"https:\/\/nk7-testes.com.br\/agazeta\/wp-content\/uploads\/2016\/05\/040516-cotidiano-adelaidefatima-tvgazeta.jpg","datePublished":"2016-05-04T14:10:20+00:00","author":{"@id":"https:\/\/nk7-testes.com.br\/agazeta\/#\/schema\/person\/6d6e25cb0435eb4a02fd44d30b4e3020"},"breadcrumb":{"@id":"https:\/\/nk7-testes.com.br\/agazeta\/adelaide-nao-se-pode-negar-que-e-preocupante\/#breadcrumb"},"inLanguage":"pt-BR","potentialAction":[{"@type":"ReadAction","target":["https:\/\/nk7-testes.com.br\/agazeta\/adelaide-nao-se-pode-negar-que-e-preocupante\/"]}]},{"@type":"ImageObject","inLanguage":"pt-BR","@id":"https:\/\/nk7-testes.com.br\/agazeta\/adelaide-nao-se-pode-negar-que-e-preocupante\/#primaryimage","url":"https:\/\/nk7-testes.com.br\/agazeta\/wp-content\/uploads\/2016\/05\/040516-cotidiano-adelaidefatima-tvgazeta.jpg","contentUrl":"https:\/\/nk7-testes.com.br\/agazeta\/wp-content\/uploads\/2016\/05\/040516-cotidiano-adelaidefatima-tvgazeta.jpg","width":458,"height":340,"caption":"040516-cotidiano-adelaidefatima-tvgazeta"},{"@type":"BreadcrumbList","@id":"https:\/\/nk7-testes.com.br\/agazeta\/adelaide-nao-se-pode-negar-que-e-preocupante\/#breadcrumb","itemListElement":[{"@type":"ListItem","position":1,"name":"In\u00edcio","item":"https:\/\/nk7-testes.com.br\/agazeta\/"},{"@type":"ListItem","position":2,"name":"Adelaide: \u201cN\u00e3o se pode negar que \u00e9 preocupante\u201d"}]},{"@type":"WebSite","@id":"https:\/\/nk7-testes.com.br\/agazeta\/#website","url":"https:\/\/nk7-testes.com.br\/agazeta\/","name":"Agazeta.net","description":"Agazeta.net - Not\u00edcias de Rio Branco\/AC","potentialAction":[{"@type":"SearchAction","target":{"@type":"EntryPoint","urlTemplate":"https:\/\/nk7-testes.com.br\/agazeta\/?s={search_term_string}"},"query-input":{"@type":"PropertyValueSpecification","valueRequired":true,"valueName":"search_term_string"}}],"inLanguage":"pt-BR"},{"@type":"Person","@id":"https:\/\/nk7-testes.com.br\/agazeta\/#\/schema\/person\/6d6e25cb0435eb4a02fd44d30b4e3020","name":"Agazeta.Net","url":"https:\/\/nk7-testes.com.br\/agazeta\/author\/agazeta\/"}]}},"_links":{"self":[{"href":"https:\/\/nk7-testes.com.br\/agazeta\/wp-json\/wp\/v2\/posts\/22572","targetHints":{"allow":["GET"]}}],"collection":[{"href":"https:\/\/nk7-testes.com.br\/agazeta\/wp-json\/wp\/v2\/posts"}],"about":[{"href":"https:\/\/nk7-testes.com.br\/agazeta\/wp-json\/wp\/v2\/types\/post"}],"author":[{"embeddable":true,"href":"https:\/\/nk7-testes.com.br\/agazeta\/wp-json\/wp\/v2\/users\/4"}],"replies":[{"embeddable":true,"href":"https:\/\/nk7-testes.com.br\/agazeta\/wp-json\/wp\/v2\/comments?post=22572"}],"version-history":[{"count":0,"href":"https:\/\/nk7-testes.com.br\/agazeta\/wp-json\/wp\/v2\/posts\/22572\/revisions"}],"wp:featuredmedia":[{"embeddable":true,"href":"https:\/\/nk7-testes.com.br\/agazeta\/wp-json\/wp\/v2\/media\/22571"}],"wp:attachment":[{"href":"https:\/\/nk7-testes.com.br\/agazeta\/wp-json\/wp\/v2\/media?parent=22572"}],"wp:term":[{"taxonomy":"category","embeddable":true,"href":"https:\/\/nk7-testes.com.br\/agazeta\/wp-json\/wp\/v2\/categories?post=22572"},{"taxonomy":"post_tag","embeddable":true,"href":"https:\/\/nk7-testes.com.br\/agazeta\/wp-json\/wp\/v2\/tags?post=22572"}],"curies":[{"name":"wp","href":"https:\/\/api.w.org\/{rel}","templated":true}]}}