{"id":22553,"date":"2016-05-03T15:57:32","date_gmt":"2016-05-03T15:57:32","guid":{"rendered":"https:\/\/abarevegan.com.br\/index.php\/2016\/05\/03\/acidente-entre-moto-e-onibus-na-avenida-ceara\/"},"modified":"2016-05-03T15:57:32","modified_gmt":"2016-05-03T15:57:32","slug":"acidente-entre-moto-e-onibus-na-avenida-ceara","status":"publish","type":"post","link":"https:\/\/nk7-testes.com.br\/agazeta\/acidente-entre-moto-e-onibus-na-avenida-ceara\/","title":{"rendered":"Acidente entre moto e \u00f4nibus na Avenida Cear\u00e1"},"content":{"rendered":"<p style=\"text-align: justify;\">Policial aposentado morre na colis\u00e3o<\/p>\n<p style=\"text-align: justify;\">O acidente automobil\u00edstico, ocorrido por volta das 9 horas da manh\u00e3 desta segunda-feira (2) no cruzamento da Avenida Cear\u00e1 com Rua Piau\u00ed, matou o ex-policial civil, Jos\u00e9 Alden\u00edzio R\u00e9gio da Silva, 59.<\/p>\n<p style=\"text-align: justify;\">Na colis\u00e3o entre os dois ve\u00edculos, o policial tentava ultrapassar o \u00f4nibus pelo lado direito e, na curva, acabou sendo atropelado. Populares que estavam bem pr\u00f3ximo ao local do ocorrido e presenciaram o instante que o acidente aconteceu disseram que viram a tentativa de ultrapassagem pela direita.<\/p>\n<p style=\"text-align: justify;\">A equipe avan\u00e7ada 01 Servi\u00e7o M\u00f3vel de Urg\u00eancia (Samu) foi acionada, mas ao se dirigir \u00e0 avenida, encontrou o paciente ca\u00eddo ao ch\u00e3o. Os param\u00e9dicos deixaram o motociclista com vida no Pronto Socorro, mas elen\u00e3o resistiu aos ferimentos.<\/p>\n<p style=\"text-align: justify;\">O motorista que conduzia o \u00f4nibus na hora do acidente permaneceu no local, e prestou acidente \u00e0 v\u00edtima.<\/p>\n<p style=\"text-align: justify;\">Policiais de tr\u00e2nsito prestaram atendimento \u00e0 ocorr\u00eancia. Como teve mortes no acidente, um inqu\u00e9rito deve ser aberto.<\/p>\n","protected":false},"excerpt":{"rendered":"<p style=\"text-align: justify;\">Policial aposentado morre na colis\u00e3o<\/p>\n","protected":false},"author":4,"featured_media":22552,"comment_status":"open","ping_status":"open","sticky":false,"template":"","format":"standard","meta":{"jnews-multi-image_gallery":[],"jnews_single_post":[],"jnews_primary_category":[],"jnews_social_meta":[],"jnews_review":[],"enable_review":"","type":"","name":"","summary":"","brand":"","sku":"","good":[],"bad":[],"score_override":"","override_value":"","rating":[],"price":[],"footnotes":""},"categories":[44],"tags":[],"class_list":["post-22553","post","type-post","status-publish","format-standard","has-post-thumbnail","hentry","category-policia"],"yoast_head":"<!-- This site is optimized with the Yoast SEO plugin v26.5 - https:\/\/yoast.com\/wordpress\/plugins\/seo\/ -->\n<title>Acidente entre moto e \u00f4nibus na Avenida Cear\u00e1 - Agazeta.net<\/title>\n<meta name=\"robots\" content=\"index, follow, max-snippet:-1, max-image-preview:large, max-video-preview:-1\" \/>\n<link rel=\"canonical\" href=\"https:\/\/nk7-testes.com.br\/agazeta\/acidente-entre-moto-e-onibus-na-avenida-ceara\/\" \/>\n<meta property=\"og:locale\" content=\"pt_BR\" \/>\n<meta property=\"og:type\" content=\"article\" \/>\n<meta property=\"og:title\" content=\"Acidente entre moto e \u00f4nibus na Avenida Cear\u00e1 - Agazeta.net\" \/>\n<meta property=\"og:description\" content=\"Policial aposentado morre na colis\u00e3o\" \/>\n<meta property=\"og:url\" content=\"https:\/\/nk7-testes.com.br\/agazeta\/acidente-entre-moto-e-onibus-na-avenida-ceara\/\" \/>\n<meta property=\"og:site_name\" content=\"Agazeta.net\" \/>\n<meta property=\"article:published_time\" content=\"2016-05-03T15:57:32+00:00\" \/>\n<meta property=\"og:image\" content=\"https:\/\/nk7-testes.com.br\/agazeta\/wp-content\/uploads\/2016\/05\/030516-policia-acidente-cleriston.jpg\" \/>\n\t<meta property=\"og:image:width\" content=\"458\" \/>\n\t<meta property=\"og:image:height\" content=\"340\" \/>\n\t<meta property=\"og:image:type\" content=\"image\/jpeg\" \/>\n<meta name=\"author\" content=\"Agazeta.Net\" \/>\n<meta name=\"twitter:card\" content=\"summary_large_image\" \/>\n<meta name=\"twitter:label1\" content=\"Escrito por\" \/>\n\t<meta name=\"twitter:data1\" content=\"Agazeta.Net\" \/>\n\t<meta name=\"twitter:label2\" content=\"Est. tempo de leitura\" \/>\n\t<meta name=\"twitter:data2\" content=\"1 minuto\" \/>\n<script type=\"application\/ld+json\" class=\"yoast-schema-graph\">{\"@context\":\"https:\/\/schema.org\",\"@graph\":[{\"@type\":\"WebPage\",\"@id\":\"https:\/\/nk7-testes.com.br\/agazeta\/acidente-entre-moto-e-onibus-na-avenida-ceara\/\",\"url\":\"https:\/\/nk7-testes.com.br\/agazeta\/acidente-entre-moto-e-onibus-na-avenida-ceara\/\",\"name\":\"Acidente entre moto e \u00f4nibus na Avenida Cear\u00e1 - Agazeta.net\",\"isPartOf\":{\"@id\":\"https:\/\/nk7-testes.com.br\/agazeta\/#website\"},\"primaryImageOfPage\":{\"@id\":\"https:\/\/nk7-testes.com.br\/agazeta\/acidente-entre-moto-e-onibus-na-avenida-ceara\/#primaryimage\"},\"image\":{\"@id\":\"https:\/\/nk7-testes.com.br\/agazeta\/acidente-entre-moto-e-onibus-na-avenida-ceara\/#primaryimage\"},\"thumbnailUrl\":\"https:\/\/nk7-testes.com.br\/agazeta\/wp-content\/uploads\/2016\/05\/030516-policia-acidente-cleriston.jpg\",\"datePublished\":\"2016-05-03T15:57:32+00:00\",\"author\":{\"@id\":\"https:\/\/nk7-testes.com.br\/agazeta\/#\/schema\/person\/6d6e25cb0435eb4a02fd44d30b4e3020\"},\"breadcrumb\":{\"@id\":\"https:\/\/nk7-testes.com.br\/agazeta\/acidente-entre-moto-e-onibus-na-avenida-ceara\/#breadcrumb\"},\"inLanguage\":\"pt-BR\",\"potentialAction\":[{\"@type\":\"ReadAction\",\"target\":[\"https:\/\/nk7-testes.com.br\/agazeta\/acidente-entre-moto-e-onibus-na-avenida-ceara\/\"]}]},{\"@type\":\"ImageObject\",\"inLanguage\":\"pt-BR\",\"@id\":\"https:\/\/nk7-testes.com.br\/agazeta\/acidente-entre-moto-e-onibus-na-avenida-ceara\/#primaryimage\",\"url\":\"https:\/\/nk7-testes.com.br\/agazeta\/wp-content\/uploads\/2016\/05\/030516-policia-acidente-cleriston.jpg\",\"contentUrl\":\"https:\/\/nk7-testes.com.br\/agazeta\/wp-content\/uploads\/2016\/05\/030516-policia-acidente-cleriston.jpg\",\"width\":458,\"height\":340,\"caption\":\"030516-policia-acidente-cleriston\"},{\"@type\":\"BreadcrumbList\",\"@id\":\"https:\/\/nk7-testes.com.br\/agazeta\/acidente-entre-moto-e-onibus-na-avenida-ceara\/#breadcrumb\",\"itemListElement\":[{\"@type\":\"ListItem\",\"position\":1,\"name\":\"In\u00edcio\",\"item\":\"https:\/\/nk7-testes.com.br\/agazeta\/\"},{\"@type\":\"ListItem\",\"position\":2,\"name\":\"Acidente entre moto e \u00f4nibus na Avenida Cear\u00e1\"}]},{\"@type\":\"WebSite\",\"@id\":\"https:\/\/nk7-testes.com.br\/agazeta\/#website\",\"url\":\"https:\/\/nk7-testes.com.br\/agazeta\/\",\"name\":\"Agazeta.net\",\"description\":\"Agazeta.net - Not\u00edcias de Rio Branco\/AC\",\"potentialAction\":[{\"@type\":\"SearchAction\",\"target\":{\"@type\":\"EntryPoint\",\"urlTemplate\":\"https:\/\/nk7-testes.com.br\/agazeta\/?s={search_term_string}\"},\"query-input\":{\"@type\":\"PropertyValueSpecification\",\"valueRequired\":true,\"valueName\":\"search_term_string\"}}],\"inLanguage\":\"pt-BR\"},{\"@type\":\"Person\",\"@id\":\"https:\/\/nk7-testes.com.br\/agazeta\/#\/schema\/person\/6d6e25cb0435eb4a02fd44d30b4e3020\",\"name\":\"Agazeta.Net\",\"url\":\"https:\/\/nk7-testes.com.br\/agazeta\/author\/agazeta\/\"}]}<\/script>\n<!-- \/ Yoast SEO plugin. -->","yoast_head_json":{"title":"Acidente entre moto e \u00f4nibus na Avenida Cear\u00e1 - Agazeta.net","robots":{"index":"index","follow":"follow","max-snippet":"max-snippet:-1","max-image-preview":"max-image-preview:large","max-video-preview":"max-video-preview:-1"},"canonical":"https:\/\/nk7-testes.com.br\/agazeta\/acidente-entre-moto-e-onibus-na-avenida-ceara\/","og_locale":"pt_BR","og_type":"article","og_title":"Acidente entre moto e \u00f4nibus na Avenida Cear\u00e1 - Agazeta.net","og_description":"Policial aposentado morre na colis\u00e3o","og_url":"https:\/\/nk7-testes.com.br\/agazeta\/acidente-entre-moto-e-onibus-na-avenida-ceara\/","og_site_name":"Agazeta.net","article_published_time":"2016-05-03T15:57:32+00:00","og_image":[{"width":458,"height":340,"url":"https:\/\/nk7-testes.com.br\/agazeta\/wp-content\/uploads\/2016\/05\/030516-policia-acidente-cleriston.jpg","type":"image\/jpeg"}],"author":"Agazeta.Net","twitter_card":"summary_large_image","twitter_misc":{"Escrito por":"Agazeta.Net","Est. tempo de leitura":"1 minuto"},"schema":{"@context":"https:\/\/schema.org","@graph":[{"@type":"WebPage","@id":"https:\/\/nk7-testes.com.br\/agazeta\/acidente-entre-moto-e-onibus-na-avenida-ceara\/","url":"https:\/\/nk7-testes.com.br\/agazeta\/acidente-entre-moto-e-onibus-na-avenida-ceara\/","name":"Acidente entre moto e \u00f4nibus na Avenida Cear\u00e1 - Agazeta.net","isPartOf":{"@id":"https:\/\/nk7-testes.com.br\/agazeta\/#website"},"primaryImageOfPage":{"@id":"https:\/\/nk7-testes.com.br\/agazeta\/acidente-entre-moto-e-onibus-na-avenida-ceara\/#primaryimage"},"image":{"@id":"https:\/\/nk7-testes.com.br\/agazeta\/acidente-entre-moto-e-onibus-na-avenida-ceara\/#primaryimage"},"thumbnailUrl":"https:\/\/nk7-testes.com.br\/agazeta\/wp-content\/uploads\/2016\/05\/030516-policia-acidente-cleriston.jpg","datePublished":"2016-05-03T15:57:32+00:00","author":{"@id":"https:\/\/nk7-testes.com.br\/agazeta\/#\/schema\/person\/6d6e25cb0435eb4a02fd44d30b4e3020"},"breadcrumb":{"@id":"https:\/\/nk7-testes.com.br\/agazeta\/acidente-entre-moto-e-onibus-na-avenida-ceara\/#breadcrumb"},"inLanguage":"pt-BR","potentialAction":[{"@type":"ReadAction","target":["https:\/\/nk7-testes.com.br\/agazeta\/acidente-entre-moto-e-onibus-na-avenida-ceara\/"]}]},{"@type":"ImageObject","inLanguage":"pt-BR","@id":"https:\/\/nk7-testes.com.br\/agazeta\/acidente-entre-moto-e-onibus-na-avenida-ceara\/#primaryimage","url":"https:\/\/nk7-testes.com.br\/agazeta\/wp-content\/uploads\/2016\/05\/030516-policia-acidente-cleriston.jpg","contentUrl":"https:\/\/nk7-testes.com.br\/agazeta\/wp-content\/uploads\/2016\/05\/030516-policia-acidente-cleriston.jpg","width":458,"height":340,"caption":"030516-policia-acidente-cleriston"},{"@type":"BreadcrumbList","@id":"https:\/\/nk7-testes.com.br\/agazeta\/acidente-entre-moto-e-onibus-na-avenida-ceara\/#breadcrumb","itemListElement":[{"@type":"ListItem","position":1,"name":"In\u00edcio","item":"https:\/\/nk7-testes.com.br\/agazeta\/"},{"@type":"ListItem","position":2,"name":"Acidente entre moto e \u00f4nibus na Avenida Cear\u00e1"}]},{"@type":"WebSite","@id":"https:\/\/nk7-testes.com.br\/agazeta\/#website","url":"https:\/\/nk7-testes.com.br\/agazeta\/","name":"Agazeta.net","description":"Agazeta.net - Not\u00edcias de Rio Branco\/AC","potentialAction":[{"@type":"SearchAction","target":{"@type":"EntryPoint","urlTemplate":"https:\/\/nk7-testes.com.br\/agazeta\/?s={search_term_string}"},"query-input":{"@type":"PropertyValueSpecification","valueRequired":true,"valueName":"search_term_string"}}],"inLanguage":"pt-BR"},{"@type":"Person","@id":"https:\/\/nk7-testes.com.br\/agazeta\/#\/schema\/person\/6d6e25cb0435eb4a02fd44d30b4e3020","name":"Agazeta.Net","url":"https:\/\/nk7-testes.com.br\/agazeta\/author\/agazeta\/"}]}},"_links":{"self":[{"href":"https:\/\/nk7-testes.com.br\/agazeta\/wp-json\/wp\/v2\/posts\/22553","targetHints":{"allow":["GET"]}}],"collection":[{"href":"https:\/\/nk7-testes.com.br\/agazeta\/wp-json\/wp\/v2\/posts"}],"about":[{"href":"https:\/\/nk7-testes.com.br\/agazeta\/wp-json\/wp\/v2\/types\/post"}],"author":[{"embeddable":true,"href":"https:\/\/nk7-testes.com.br\/agazeta\/wp-json\/wp\/v2\/users\/4"}],"replies":[{"embeddable":true,"href":"https:\/\/nk7-testes.com.br\/agazeta\/wp-json\/wp\/v2\/comments?post=22553"}],"version-history":[{"count":0,"href":"https:\/\/nk7-testes.com.br\/agazeta\/wp-json\/wp\/v2\/posts\/22553\/revisions"}],"wp:featuredmedia":[{"embeddable":true,"href":"https:\/\/nk7-testes.com.br\/agazeta\/wp-json\/wp\/v2\/media\/22552"}],"wp:attachment":[{"href":"https:\/\/nk7-testes.com.br\/agazeta\/wp-json\/wp\/v2\/media?parent=22553"}],"wp:term":[{"taxonomy":"category","embeddable":true,"href":"https:\/\/nk7-testes.com.br\/agazeta\/wp-json\/wp\/v2\/categories?post=22553"},{"taxonomy":"post_tag","embeddable":true,"href":"https:\/\/nk7-testes.com.br\/agazeta\/wp-json\/wp\/v2\/tags?post=22553"}],"curies":[{"name":"wp","href":"https:\/\/api.w.org\/{rel}","templated":true}]}}