{"id":22542,"date":"2016-05-02T22:10:40","date_gmt":"2016-05-02T22:10:40","guid":{"rendered":"https:\/\/abarevegan.com.br\/index.php\/2016\/05\/02\/acre-tem-3-menor-numero-de-medicos-especialistas\/"},"modified":"2016-05-02T22:10:40","modified_gmt":"2016-05-02T22:10:40","slug":"acre-tem-3-menor-numero-de-medicos-especialistas","status":"publish","type":"post","link":"https:\/\/nk7-testes.com.br\/agazeta\/acre-tem-3-menor-numero-de-medicos-especialistas\/","title":{"rendered":"Acre tem 3\u00ba menor n\u00famero de m\u00e9dicos especialistas"},"content":{"rendered":"<p style=\"text-align: justify;\">Apenas 51 por 100 mil habitantes, segundo cadastro<\/p>\n<p style=\"text-align: justify;\">As unidades federadas do Norte e do Nordeste s\u00e3o as que contam com os n\u00fameros mais baixos de m\u00e9dicos especialistas para cada grupo de 100 mil habitantes, segundo o Cadastro Nacional de Especialistas. Maranh\u00e3o (32), Par\u00e1 (42), Acre (51) e Amazonas (56). Uma das especialidades raras no Acre \u00e9 a de oftalmologista: apenas 1,7 para cada 100 mil habitantes.<\/p>\n<p style=\"text-align: justify;\">O atendimento m\u00e9dico especializado est\u00e1 proporcionalmente mais concentrado nas regi\u00f5es Sudeste e Sul. \u00c9 o que mostram os dados da vers\u00e3o definitiva do Cadastro Nacional de Especialistas, lan\u00e7ado pelo Minist\u00e9rio da Sa\u00fade na ultima sexta-feira (29) durante cerim\u00f4nia no Pal\u00e1cio do Planalto, em Bras\u00edlia, sobre o Programa Mais M\u00e9dicos.<\/p>\n<p style=\"text-align: justify;\">Segundo dados da plataforma, mais da metade dos m\u00e9dicos com especialidades (54%) est\u00e3o localizados na regi\u00e3o Sudeste, onde a propor\u00e7\u00e3o desses profissionais (154 por 100 mil habitantes) \u00e9 maior que o \u00edndice nacional de 119 m\u00e9dicos por 100 mil habitantes. J\u00e1 a propor\u00e7\u00e3o do Norte \u00e9 a menor do pa\u00eds, de 50 especialistas por 100 mil habitantes.<\/p>\n<p style=\"text-align: justify;\">As regi\u00f5es Sul e Centro-Oeste tamb\u00e9m apresentam, ao lado do Sudeste, altas propor\u00e7\u00f5es de especialistas por 100 mil habitantes: s\u00e3o, respectivamente, 145 e 134.<\/p>\n<p style=\"text-align: justify;\">Entre as unidades da federa\u00e7\u00e3o, destaca-se pela alta propor\u00e7\u00e3o desses profissionais o Distrito Federal, que tem o maior \u00edndice do pa\u00eds \u2013 de 275 especialistas por 100 mil habitantes, mais que o dobro do n\u00famero nacional.<\/p>\n<p style=\"text-align: justify;\">Isso \u00e9 o motivo, inclusive, do bom desempenho do Centro-Oeste, uma vez que os demais estados da regi\u00e3o apresentam dados mais baixos e pr\u00f3ximos da m\u00e9dia nacional \u2013 104, 115 e 87 s\u00e3o os n\u00fameros de Goi\u00e1s, Mato Grosso do Sul e Mato Grosso.<\/p>\n<p style=\"text-align: justify;\">O Cadastro Nacional de Especialistas foi criado para fornecer um diagn\u00f3stico correto da distribui\u00e7\u00e3o dos m\u00e9dicos com t\u00edtulo de especialista ou resid\u00eancia no pa\u00eds. Os dados enfatizam a import\u00e2ncia de se implementar a\u00e7\u00f5es que promovam maior equidade entre as regi\u00f5es.<\/p>\n<p><strong>Sesacre responde<\/strong><\/p>\n<p style=\"text-align: justify;\">A Secret\u00e1ria Adjunta de Aten\u00e7\u00e3o \u00e0 Sa\u00fade, Marize Lucena, explica que a situa\u00e7\u00e3o do baixo n\u00famero de m\u00e9dicos especializados no Acre acontece em virtude dos profissionais buscarem os grandes centros, \u201cinvestimento o governo vem fazendo, com o incentivo de cria\u00e7\u00e3o de faculdades na \u00e1rea e tamb\u00e9m com a cria\u00e7\u00e3o de resid\u00eancias m\u00e9dicas, mas o caso \u00e9 que os profissionais buscam os grandes centros para ficarem mais pr\u00f3ximos aos familiares.\u201d<\/p>\n<p style=\"text-align: justify;\">Marize tamb\u00e9m admitiu que o problema traz preju\u00edzos ao estado, aumentando a demanda de pacientes que precisam sair do Acre em busca de tratamento, mas ela disse que o governo tem buscado alternativas para resolver o problema.<\/p>\n","protected":false},"excerpt":{"rendered":"<p style=\"text-align: justify;\">Apenas 51 por 100 mil habitantes, segundo cadastro<\/p>\n","protected":false},"author":4,"featured_media":20590,"comment_status":"open","ping_status":"open","sticky":false,"template":"","format":"standard","meta":{"jnews-multi-image_gallery":[],"jnews_single_post":[],"jnews_primary_category":[],"jnews_social_meta":[],"jnews_review":[],"enable_review":"","type":"","name":"","summary":"","brand":"","sku":"","good":[],"bad":[],"score_override":"","override_value":"","rating":[],"price":[],"footnotes":""},"categories":[54],"tags":[],"class_list":["post-22542","post","type-post","status-publish","format-standard","has-post-thumbnail","hentry","category-cotidiano"],"yoast_head":"<!-- This site is optimized with the Yoast SEO plugin v26.5 - https:\/\/yoast.com\/wordpress\/plugins\/seo\/ -->\n<title>Acre tem 3\u00ba menor n\u00famero de m\u00e9dicos especialistas - Agazeta.net<\/title>\n<meta name=\"robots\" content=\"index, follow, max-snippet:-1, max-image-preview:large, max-video-preview:-1\" \/>\n<link rel=\"canonical\" href=\"https:\/\/nk7-testes.com.br\/agazeta\/acre-tem-3-menor-numero-de-medicos-especialistas\/\" \/>\n<meta property=\"og:locale\" content=\"pt_BR\" \/>\n<meta property=\"og:type\" content=\"article\" \/>\n<meta property=\"og:title\" content=\"Acre tem 3\u00ba menor n\u00famero de m\u00e9dicos especialistas - Agazeta.net\" \/>\n<meta property=\"og:description\" content=\"Apenas 51 por 100 mil habitantes, segundo cadastro\" \/>\n<meta property=\"og:url\" content=\"https:\/\/nk7-testes.com.br\/agazeta\/acre-tem-3-menor-numero-de-medicos-especialistas\/\" \/>\n<meta property=\"og:site_name\" content=\"Agazeta.net\" \/>\n<meta property=\"article:published_time\" content=\"2016-05-02T22:10:40+00:00\" \/>\n<meta property=\"og:image\" content=\"https:\/\/nk7-testes.com.br\/agazeta\/wp-content\/uploads\/2016\/01\/1911-cotidiano-saudenacheia-assessoriatarauaca.jpg\" \/>\n\t<meta property=\"og:image:width\" content=\"458\" \/>\n\t<meta property=\"og:image:height\" content=\"340\" \/>\n\t<meta property=\"og:image:type\" content=\"image\/jpeg\" \/>\n<meta name=\"author\" content=\"Agazeta.Net\" \/>\n<meta name=\"twitter:card\" content=\"summary_large_image\" \/>\n<meta name=\"twitter:label1\" content=\"Escrito por\" \/>\n\t<meta name=\"twitter:data1\" content=\"Agazeta.Net\" \/>\n\t<meta name=\"twitter:label2\" content=\"Est. tempo de leitura\" \/>\n\t<meta name=\"twitter:data2\" content=\"2 minutos\" \/>\n<script type=\"application\/ld+json\" class=\"yoast-schema-graph\">{\"@context\":\"https:\/\/schema.org\",\"@graph\":[{\"@type\":\"WebPage\",\"@id\":\"https:\/\/nk7-testes.com.br\/agazeta\/acre-tem-3-menor-numero-de-medicos-especialistas\/\",\"url\":\"https:\/\/nk7-testes.com.br\/agazeta\/acre-tem-3-menor-numero-de-medicos-especialistas\/\",\"name\":\"Acre tem 3\u00ba menor n\u00famero de m\u00e9dicos especialistas - Agazeta.net\",\"isPartOf\":{\"@id\":\"https:\/\/nk7-testes.com.br\/agazeta\/#website\"},\"primaryImageOfPage\":{\"@id\":\"https:\/\/nk7-testes.com.br\/agazeta\/acre-tem-3-menor-numero-de-medicos-especialistas\/#primaryimage\"},\"image\":{\"@id\":\"https:\/\/nk7-testes.com.br\/agazeta\/acre-tem-3-menor-numero-de-medicos-especialistas\/#primaryimage\"},\"thumbnailUrl\":\"https:\/\/nk7-testes.com.br\/agazeta\/wp-content\/uploads\/2016\/01\/1911-cotidiano-saudenacheia-assessoriatarauaca.jpg\",\"datePublished\":\"2016-05-02T22:10:40+00:00\",\"author\":{\"@id\":\"https:\/\/nk7-testes.com.br\/agazeta\/#\/schema\/person\/6d6e25cb0435eb4a02fd44d30b4e3020\"},\"breadcrumb\":{\"@id\":\"https:\/\/nk7-testes.com.br\/agazeta\/acre-tem-3-menor-numero-de-medicos-especialistas\/#breadcrumb\"},\"inLanguage\":\"pt-BR\",\"potentialAction\":[{\"@type\":\"ReadAction\",\"target\":[\"https:\/\/nk7-testes.com.br\/agazeta\/acre-tem-3-menor-numero-de-medicos-especialistas\/\"]}]},{\"@type\":\"ImageObject\",\"inLanguage\":\"pt-BR\",\"@id\":\"https:\/\/nk7-testes.com.br\/agazeta\/acre-tem-3-menor-numero-de-medicos-especialistas\/#primaryimage\",\"url\":\"https:\/\/nk7-testes.com.br\/agazeta\/wp-content\/uploads\/2016\/01\/1911-cotidiano-saudenacheia-assessoriatarauaca.jpg\",\"contentUrl\":\"https:\/\/nk7-testes.com.br\/agazeta\/wp-content\/uploads\/2016\/01\/1911-cotidiano-saudenacheia-assessoriatarauaca.jpg\",\"width\":458,\"height\":340,\"caption\":\"1911-cotidiano-saudenacheia-assessoriatarauaca\"},{\"@type\":\"BreadcrumbList\",\"@id\":\"https:\/\/nk7-testes.com.br\/agazeta\/acre-tem-3-menor-numero-de-medicos-especialistas\/#breadcrumb\",\"itemListElement\":[{\"@type\":\"ListItem\",\"position\":1,\"name\":\"In\u00edcio\",\"item\":\"https:\/\/nk7-testes.com.br\/agazeta\/\"},{\"@type\":\"ListItem\",\"position\":2,\"name\":\"Acre tem 3\u00ba menor n\u00famero de m\u00e9dicos especialistas\"}]},{\"@type\":\"WebSite\",\"@id\":\"https:\/\/nk7-testes.com.br\/agazeta\/#website\",\"url\":\"https:\/\/nk7-testes.com.br\/agazeta\/\",\"name\":\"Agazeta.net\",\"description\":\"Agazeta.net - Not\u00edcias de Rio Branco\/AC\",\"potentialAction\":[{\"@type\":\"SearchAction\",\"target\":{\"@type\":\"EntryPoint\",\"urlTemplate\":\"https:\/\/nk7-testes.com.br\/agazeta\/?s={search_term_string}\"},\"query-input\":{\"@type\":\"PropertyValueSpecification\",\"valueRequired\":true,\"valueName\":\"search_term_string\"}}],\"inLanguage\":\"pt-BR\"},{\"@type\":\"Person\",\"@id\":\"https:\/\/nk7-testes.com.br\/agazeta\/#\/schema\/person\/6d6e25cb0435eb4a02fd44d30b4e3020\",\"name\":\"Agazeta.Net\",\"url\":\"https:\/\/nk7-testes.com.br\/agazeta\/author\/agazeta\/\"}]}<\/script>\n<!-- \/ Yoast SEO plugin. -->","yoast_head_json":{"title":"Acre tem 3\u00ba menor n\u00famero de m\u00e9dicos especialistas - Agazeta.net","robots":{"index":"index","follow":"follow","max-snippet":"max-snippet:-1","max-image-preview":"max-image-preview:large","max-video-preview":"max-video-preview:-1"},"canonical":"https:\/\/nk7-testes.com.br\/agazeta\/acre-tem-3-menor-numero-de-medicos-especialistas\/","og_locale":"pt_BR","og_type":"article","og_title":"Acre tem 3\u00ba menor n\u00famero de m\u00e9dicos especialistas - Agazeta.net","og_description":"Apenas 51 por 100 mil habitantes, segundo cadastro","og_url":"https:\/\/nk7-testes.com.br\/agazeta\/acre-tem-3-menor-numero-de-medicos-especialistas\/","og_site_name":"Agazeta.net","article_published_time":"2016-05-02T22:10:40+00:00","og_image":[{"width":458,"height":340,"url":"https:\/\/nk7-testes.com.br\/agazeta\/wp-content\/uploads\/2016\/01\/1911-cotidiano-saudenacheia-assessoriatarauaca.jpg","type":"image\/jpeg"}],"author":"Agazeta.Net","twitter_card":"summary_large_image","twitter_misc":{"Escrito por":"Agazeta.Net","Est. tempo de leitura":"2 minutos"},"schema":{"@context":"https:\/\/schema.org","@graph":[{"@type":"WebPage","@id":"https:\/\/nk7-testes.com.br\/agazeta\/acre-tem-3-menor-numero-de-medicos-especialistas\/","url":"https:\/\/nk7-testes.com.br\/agazeta\/acre-tem-3-menor-numero-de-medicos-especialistas\/","name":"Acre tem 3\u00ba menor n\u00famero de m\u00e9dicos especialistas - Agazeta.net","isPartOf":{"@id":"https:\/\/nk7-testes.com.br\/agazeta\/#website"},"primaryImageOfPage":{"@id":"https:\/\/nk7-testes.com.br\/agazeta\/acre-tem-3-menor-numero-de-medicos-especialistas\/#primaryimage"},"image":{"@id":"https:\/\/nk7-testes.com.br\/agazeta\/acre-tem-3-menor-numero-de-medicos-especialistas\/#primaryimage"},"thumbnailUrl":"https:\/\/nk7-testes.com.br\/agazeta\/wp-content\/uploads\/2016\/01\/1911-cotidiano-saudenacheia-assessoriatarauaca.jpg","datePublished":"2016-05-02T22:10:40+00:00","author":{"@id":"https:\/\/nk7-testes.com.br\/agazeta\/#\/schema\/person\/6d6e25cb0435eb4a02fd44d30b4e3020"},"breadcrumb":{"@id":"https:\/\/nk7-testes.com.br\/agazeta\/acre-tem-3-menor-numero-de-medicos-especialistas\/#breadcrumb"},"inLanguage":"pt-BR","potentialAction":[{"@type":"ReadAction","target":["https:\/\/nk7-testes.com.br\/agazeta\/acre-tem-3-menor-numero-de-medicos-especialistas\/"]}]},{"@type":"ImageObject","inLanguage":"pt-BR","@id":"https:\/\/nk7-testes.com.br\/agazeta\/acre-tem-3-menor-numero-de-medicos-especialistas\/#primaryimage","url":"https:\/\/nk7-testes.com.br\/agazeta\/wp-content\/uploads\/2016\/01\/1911-cotidiano-saudenacheia-assessoriatarauaca.jpg","contentUrl":"https:\/\/nk7-testes.com.br\/agazeta\/wp-content\/uploads\/2016\/01\/1911-cotidiano-saudenacheia-assessoriatarauaca.jpg","width":458,"height":340,"caption":"1911-cotidiano-saudenacheia-assessoriatarauaca"},{"@type":"BreadcrumbList","@id":"https:\/\/nk7-testes.com.br\/agazeta\/acre-tem-3-menor-numero-de-medicos-especialistas\/#breadcrumb","itemListElement":[{"@type":"ListItem","position":1,"name":"In\u00edcio","item":"https:\/\/nk7-testes.com.br\/agazeta\/"},{"@type":"ListItem","position":2,"name":"Acre tem 3\u00ba menor n\u00famero de m\u00e9dicos especialistas"}]},{"@type":"WebSite","@id":"https:\/\/nk7-testes.com.br\/agazeta\/#website","url":"https:\/\/nk7-testes.com.br\/agazeta\/","name":"Agazeta.net","description":"Agazeta.net - Not\u00edcias de Rio Branco\/AC","potentialAction":[{"@type":"SearchAction","target":{"@type":"EntryPoint","urlTemplate":"https:\/\/nk7-testes.com.br\/agazeta\/?s={search_term_string}"},"query-input":{"@type":"PropertyValueSpecification","valueRequired":true,"valueName":"search_term_string"}}],"inLanguage":"pt-BR"},{"@type":"Person","@id":"https:\/\/nk7-testes.com.br\/agazeta\/#\/schema\/person\/6d6e25cb0435eb4a02fd44d30b4e3020","name":"Agazeta.Net","url":"https:\/\/nk7-testes.com.br\/agazeta\/author\/agazeta\/"}]}},"_links":{"self":[{"href":"https:\/\/nk7-testes.com.br\/agazeta\/wp-json\/wp\/v2\/posts\/22542","targetHints":{"allow":["GET"]}}],"collection":[{"href":"https:\/\/nk7-testes.com.br\/agazeta\/wp-json\/wp\/v2\/posts"}],"about":[{"href":"https:\/\/nk7-testes.com.br\/agazeta\/wp-json\/wp\/v2\/types\/post"}],"author":[{"embeddable":true,"href":"https:\/\/nk7-testes.com.br\/agazeta\/wp-json\/wp\/v2\/users\/4"}],"replies":[{"embeddable":true,"href":"https:\/\/nk7-testes.com.br\/agazeta\/wp-json\/wp\/v2\/comments?post=22542"}],"version-history":[{"count":0,"href":"https:\/\/nk7-testes.com.br\/agazeta\/wp-json\/wp\/v2\/posts\/22542\/revisions"}],"wp:featuredmedia":[{"embeddable":true,"href":"https:\/\/nk7-testes.com.br\/agazeta\/wp-json\/wp\/v2\/media\/20590"}],"wp:attachment":[{"href":"https:\/\/nk7-testes.com.br\/agazeta\/wp-json\/wp\/v2\/media?parent=22542"}],"wp:term":[{"taxonomy":"category","embeddable":true,"href":"https:\/\/nk7-testes.com.br\/agazeta\/wp-json\/wp\/v2\/categories?post=22542"},{"taxonomy":"post_tag","embeddable":true,"href":"https:\/\/nk7-testes.com.br\/agazeta\/wp-json\/wp\/v2\/tags?post=22542"}],"curies":[{"name":"wp","href":"https:\/\/api.w.org\/{rel}","templated":true}]}}