{"id":22541,"date":"2016-05-02T22:02:20","date_gmt":"2016-05-02T22:02:20","guid":{"rendered":"https:\/\/abarevegan.com.br\/index.php\/2016\/05\/02\/protesto-em-frente-a-maternidade-barbara-heliodora\/"},"modified":"2016-05-02T22:02:20","modified_gmt":"2016-05-02T22:02:20","slug":"protesto-em-frente-a-maternidade-barbara-heliodora","status":"publish","type":"post","link":"https:\/\/nk7-testes.com.br\/agazeta\/protesto-em-frente-a-maternidade-barbara-heliodora\/","title":{"rendered":"Protesto em frente \u00e0 maternidade B\u00e1rbara Heliodora"},"content":{"rendered":"<p style=\"text-align: justify;\">Mortes de beb\u00eas motivam revolta da comunidade<\/p>\n<p style=\"text-align: justify;\">Manifestantes armaram uma tenda e fizeram cartazes e colocaram uma faixa preta na est\u00e1tua da Maternidade B\u00e1rbara Heliodora representando luto. A escultura que recebeu o nome de \u201cvida\u201d na \u00e9poca da reinaugura\u00e7\u00e3o da unidade, em 2010, tem sido destaque por outro motivo.<\/p>\n<p style=\"text-align: justify;\">A manifesta\u00e7\u00e3o teve inicio nas primeiras horas de hoje (2) e foi motivada pelo registro da morte de dois beb\u00eas no local. Um deles foi o filho do motorista Leomar Oliveira Torres.<\/p>\n<p style=\"text-align: justify;\">Ele conta que sua mulher, a jovem C\u00e1ssia Cristina, chegou \u00e0 maternidade com a bolsa estourada na ter\u00e7a-feira (26), mas s\u00f3 teve o beb\u00ea retirado dois dias depois, quando j\u00e1 estava morto. No dia seguinte, outro beb\u00ea morreu na unidade.<\/p>\n<p style=\"text-align: justify;\">Leomar disse ainda, que j\u00e1 registrou o fato na delegacia e agora vai entrar na justi\u00e7a. \u201cVou acionar o Minist\u00e9rio P\u00fablico e vou processar o Estado, porque isso foi neglig\u00eancia m\u00e9dica. Isso n\u00e3o pode estar acontecendo com nossas crian\u00e7as. Na quinta, morreu meu filho, na sexta de manh\u00e3 morreu outra crian\u00e7a, em menos de vinte quatro horas duas crian\u00e7as\u201d.<\/p>\n<p style=\"text-align: justify;\">Um grupo de jovens se reuniu para se solidarizar com essas fam\u00edlias e chamar a aten\u00e7\u00e3o do poder p\u00fablico para esses fatos. Desde o in\u00edcio desse ano, casos como esses t\u00eam sido recorrentes na maternidade.<\/p>\n<p style=\"text-align: justify;\">\u201cN\u00f3s sabemos que n\u00e3o a situa\u00e7\u00e3o da maternidade n\u00e3o \u00e9 boa, precisamos que pol\u00edticos e a gest\u00e3o tenham uma aten\u00e7\u00e3o especial com a maternidade\u201d, disse Ren\u00ea Fontes, um dos pais que protestavam. \u201cAqui \u00e9 lugar de vida, n\u00e3o um lugar de morte\u201d.<\/p>\n<p style=\"text-align: justify;\">A popula\u00e7\u00e3o teme que mais beb\u00eas morram no hospital e querem mudan\u00e7as no atendimento.<\/p>\n","protected":false},"excerpt":{"rendered":"<p style=\"text-align: justify;\">Mortes de beb\u00eas motivam revolta da comunidade<\/p>\n","protected":false},"author":4,"featured_media":22540,"comment_status":"open","ping_status":"open","sticky":false,"template":"","format":"standard","meta":{"jnews-multi-image_gallery":[],"jnews_single_post":[],"jnews_primary_category":[],"jnews_social_meta":[],"jnews_review":[],"enable_review":"","type":"","name":"","summary":"","brand":"","sku":"","good":[],"bad":[],"score_override":"","override_value":"","rating":[],"price":[],"footnotes":""},"categories":[54],"tags":[],"class_list":["post-22541","post","type-post","status-publish","format-standard","has-post-thumbnail","hentry","category-cotidiano"],"yoast_head":"<!-- This site is optimized with the Yoast SEO plugin v26.5 - https:\/\/yoast.com\/wordpress\/plugins\/seo\/ -->\n<title>Protesto em frente \u00e0 maternidade B\u00e1rbara Heliodora - Agazeta.net<\/title>\n<meta name=\"robots\" content=\"index, follow, max-snippet:-1, max-image-preview:large, max-video-preview:-1\" \/>\n<link rel=\"canonical\" href=\"https:\/\/nk7-testes.com.br\/agazeta\/protesto-em-frente-a-maternidade-barbara-heliodora\/\" \/>\n<meta property=\"og:locale\" content=\"pt_BR\" \/>\n<meta property=\"og:type\" content=\"article\" \/>\n<meta property=\"og:title\" content=\"Protesto em frente \u00e0 maternidade B\u00e1rbara Heliodora - Agazeta.net\" \/>\n<meta property=\"og:description\" content=\"Mortes de beb\u00eas motivam revolta da comunidade\" \/>\n<meta property=\"og:url\" content=\"https:\/\/nk7-testes.com.br\/agazeta\/protesto-em-frente-a-maternidade-barbara-heliodora\/\" \/>\n<meta property=\"og:site_name\" content=\"Agazeta.net\" \/>\n<meta property=\"article:published_time\" content=\"2016-05-02T22:02:20+00:00\" \/>\n<meta property=\"og:image\" content=\"https:\/\/nk7-testes.com.br\/agazeta\/wp-content\/uploads\/2016\/05\/020516-cotidiano-protestomaternidade-tvgazeta.jpg\" \/>\n\t<meta property=\"og:image:width\" content=\"458\" \/>\n\t<meta property=\"og:image:height\" content=\"340\" \/>\n\t<meta property=\"og:image:type\" content=\"image\/jpeg\" \/>\n<meta name=\"author\" content=\"Agazeta.Net\" \/>\n<meta name=\"twitter:card\" content=\"summary_large_image\" \/>\n<meta name=\"twitter:label1\" content=\"Escrito por\" \/>\n\t<meta name=\"twitter:data1\" content=\"Agazeta.Net\" \/>\n\t<meta name=\"twitter:label2\" content=\"Est. tempo de leitura\" \/>\n\t<meta name=\"twitter:data2\" content=\"1 minuto\" \/>\n<script type=\"application\/ld+json\" class=\"yoast-schema-graph\">{\"@context\":\"https:\/\/schema.org\",\"@graph\":[{\"@type\":\"WebPage\",\"@id\":\"https:\/\/nk7-testes.com.br\/agazeta\/protesto-em-frente-a-maternidade-barbara-heliodora\/\",\"url\":\"https:\/\/nk7-testes.com.br\/agazeta\/protesto-em-frente-a-maternidade-barbara-heliodora\/\",\"name\":\"Protesto em frente \u00e0 maternidade B\u00e1rbara Heliodora - Agazeta.net\",\"isPartOf\":{\"@id\":\"https:\/\/nk7-testes.com.br\/agazeta\/#website\"},\"primaryImageOfPage\":{\"@id\":\"https:\/\/nk7-testes.com.br\/agazeta\/protesto-em-frente-a-maternidade-barbara-heliodora\/#primaryimage\"},\"image\":{\"@id\":\"https:\/\/nk7-testes.com.br\/agazeta\/protesto-em-frente-a-maternidade-barbara-heliodora\/#primaryimage\"},\"thumbnailUrl\":\"https:\/\/nk7-testes.com.br\/agazeta\/wp-content\/uploads\/2016\/05\/020516-cotidiano-protestomaternidade-tvgazeta.jpg\",\"datePublished\":\"2016-05-02T22:02:20+00:00\",\"author\":{\"@id\":\"https:\/\/nk7-testes.com.br\/agazeta\/#\/schema\/person\/6d6e25cb0435eb4a02fd44d30b4e3020\"},\"breadcrumb\":{\"@id\":\"https:\/\/nk7-testes.com.br\/agazeta\/protesto-em-frente-a-maternidade-barbara-heliodora\/#breadcrumb\"},\"inLanguage\":\"pt-BR\",\"potentialAction\":[{\"@type\":\"ReadAction\",\"target\":[\"https:\/\/nk7-testes.com.br\/agazeta\/protesto-em-frente-a-maternidade-barbara-heliodora\/\"]}]},{\"@type\":\"ImageObject\",\"inLanguage\":\"pt-BR\",\"@id\":\"https:\/\/nk7-testes.com.br\/agazeta\/protesto-em-frente-a-maternidade-barbara-heliodora\/#primaryimage\",\"url\":\"https:\/\/nk7-testes.com.br\/agazeta\/wp-content\/uploads\/2016\/05\/020516-cotidiano-protestomaternidade-tvgazeta.jpg\",\"contentUrl\":\"https:\/\/nk7-testes.com.br\/agazeta\/wp-content\/uploads\/2016\/05\/020516-cotidiano-protestomaternidade-tvgazeta.jpg\",\"width\":458,\"height\":340,\"caption\":\"020516-cotidiano-protestomaternidade-tvgazeta\"},{\"@type\":\"BreadcrumbList\",\"@id\":\"https:\/\/nk7-testes.com.br\/agazeta\/protesto-em-frente-a-maternidade-barbara-heliodora\/#breadcrumb\",\"itemListElement\":[{\"@type\":\"ListItem\",\"position\":1,\"name\":\"In\u00edcio\",\"item\":\"https:\/\/nk7-testes.com.br\/agazeta\/\"},{\"@type\":\"ListItem\",\"position\":2,\"name\":\"Protesto em frente \u00e0 maternidade B\u00e1rbara Heliodora\"}]},{\"@type\":\"WebSite\",\"@id\":\"https:\/\/nk7-testes.com.br\/agazeta\/#website\",\"url\":\"https:\/\/nk7-testes.com.br\/agazeta\/\",\"name\":\"Agazeta.net\",\"description\":\"Agazeta.net - Not\u00edcias de Rio Branco\/AC\",\"potentialAction\":[{\"@type\":\"SearchAction\",\"target\":{\"@type\":\"EntryPoint\",\"urlTemplate\":\"https:\/\/nk7-testes.com.br\/agazeta\/?s={search_term_string}\"},\"query-input\":{\"@type\":\"PropertyValueSpecification\",\"valueRequired\":true,\"valueName\":\"search_term_string\"}}],\"inLanguage\":\"pt-BR\"},{\"@type\":\"Person\",\"@id\":\"https:\/\/nk7-testes.com.br\/agazeta\/#\/schema\/person\/6d6e25cb0435eb4a02fd44d30b4e3020\",\"name\":\"Agazeta.Net\",\"url\":\"https:\/\/nk7-testes.com.br\/agazeta\/author\/agazeta\/\"}]}<\/script>\n<!-- \/ Yoast SEO plugin. -->","yoast_head_json":{"title":"Protesto em frente \u00e0 maternidade B\u00e1rbara Heliodora - Agazeta.net","robots":{"index":"index","follow":"follow","max-snippet":"max-snippet:-1","max-image-preview":"max-image-preview:large","max-video-preview":"max-video-preview:-1"},"canonical":"https:\/\/nk7-testes.com.br\/agazeta\/protesto-em-frente-a-maternidade-barbara-heliodora\/","og_locale":"pt_BR","og_type":"article","og_title":"Protesto em frente \u00e0 maternidade B\u00e1rbara Heliodora - Agazeta.net","og_description":"Mortes de beb\u00eas motivam revolta da comunidade","og_url":"https:\/\/nk7-testes.com.br\/agazeta\/protesto-em-frente-a-maternidade-barbara-heliodora\/","og_site_name":"Agazeta.net","article_published_time":"2016-05-02T22:02:20+00:00","og_image":[{"width":458,"height":340,"url":"https:\/\/nk7-testes.com.br\/agazeta\/wp-content\/uploads\/2016\/05\/020516-cotidiano-protestomaternidade-tvgazeta.jpg","type":"image\/jpeg"}],"author":"Agazeta.Net","twitter_card":"summary_large_image","twitter_misc":{"Escrito por":"Agazeta.Net","Est. tempo de leitura":"1 minuto"},"schema":{"@context":"https:\/\/schema.org","@graph":[{"@type":"WebPage","@id":"https:\/\/nk7-testes.com.br\/agazeta\/protesto-em-frente-a-maternidade-barbara-heliodora\/","url":"https:\/\/nk7-testes.com.br\/agazeta\/protesto-em-frente-a-maternidade-barbara-heliodora\/","name":"Protesto em frente \u00e0 maternidade B\u00e1rbara Heliodora - Agazeta.net","isPartOf":{"@id":"https:\/\/nk7-testes.com.br\/agazeta\/#website"},"primaryImageOfPage":{"@id":"https:\/\/nk7-testes.com.br\/agazeta\/protesto-em-frente-a-maternidade-barbara-heliodora\/#primaryimage"},"image":{"@id":"https:\/\/nk7-testes.com.br\/agazeta\/protesto-em-frente-a-maternidade-barbara-heliodora\/#primaryimage"},"thumbnailUrl":"https:\/\/nk7-testes.com.br\/agazeta\/wp-content\/uploads\/2016\/05\/020516-cotidiano-protestomaternidade-tvgazeta.jpg","datePublished":"2016-05-02T22:02:20+00:00","author":{"@id":"https:\/\/nk7-testes.com.br\/agazeta\/#\/schema\/person\/6d6e25cb0435eb4a02fd44d30b4e3020"},"breadcrumb":{"@id":"https:\/\/nk7-testes.com.br\/agazeta\/protesto-em-frente-a-maternidade-barbara-heliodora\/#breadcrumb"},"inLanguage":"pt-BR","potentialAction":[{"@type":"ReadAction","target":["https:\/\/nk7-testes.com.br\/agazeta\/protesto-em-frente-a-maternidade-barbara-heliodora\/"]}]},{"@type":"ImageObject","inLanguage":"pt-BR","@id":"https:\/\/nk7-testes.com.br\/agazeta\/protesto-em-frente-a-maternidade-barbara-heliodora\/#primaryimage","url":"https:\/\/nk7-testes.com.br\/agazeta\/wp-content\/uploads\/2016\/05\/020516-cotidiano-protestomaternidade-tvgazeta.jpg","contentUrl":"https:\/\/nk7-testes.com.br\/agazeta\/wp-content\/uploads\/2016\/05\/020516-cotidiano-protestomaternidade-tvgazeta.jpg","width":458,"height":340,"caption":"020516-cotidiano-protestomaternidade-tvgazeta"},{"@type":"BreadcrumbList","@id":"https:\/\/nk7-testes.com.br\/agazeta\/protesto-em-frente-a-maternidade-barbara-heliodora\/#breadcrumb","itemListElement":[{"@type":"ListItem","position":1,"name":"In\u00edcio","item":"https:\/\/nk7-testes.com.br\/agazeta\/"},{"@type":"ListItem","position":2,"name":"Protesto em frente \u00e0 maternidade B\u00e1rbara Heliodora"}]},{"@type":"WebSite","@id":"https:\/\/nk7-testes.com.br\/agazeta\/#website","url":"https:\/\/nk7-testes.com.br\/agazeta\/","name":"Agazeta.net","description":"Agazeta.net - Not\u00edcias de Rio Branco\/AC","potentialAction":[{"@type":"SearchAction","target":{"@type":"EntryPoint","urlTemplate":"https:\/\/nk7-testes.com.br\/agazeta\/?s={search_term_string}"},"query-input":{"@type":"PropertyValueSpecification","valueRequired":true,"valueName":"search_term_string"}}],"inLanguage":"pt-BR"},{"@type":"Person","@id":"https:\/\/nk7-testes.com.br\/agazeta\/#\/schema\/person\/6d6e25cb0435eb4a02fd44d30b4e3020","name":"Agazeta.Net","url":"https:\/\/nk7-testes.com.br\/agazeta\/author\/agazeta\/"}]}},"_links":{"self":[{"href":"https:\/\/nk7-testes.com.br\/agazeta\/wp-json\/wp\/v2\/posts\/22541","targetHints":{"allow":["GET"]}}],"collection":[{"href":"https:\/\/nk7-testes.com.br\/agazeta\/wp-json\/wp\/v2\/posts"}],"about":[{"href":"https:\/\/nk7-testes.com.br\/agazeta\/wp-json\/wp\/v2\/types\/post"}],"author":[{"embeddable":true,"href":"https:\/\/nk7-testes.com.br\/agazeta\/wp-json\/wp\/v2\/users\/4"}],"replies":[{"embeddable":true,"href":"https:\/\/nk7-testes.com.br\/agazeta\/wp-json\/wp\/v2\/comments?post=22541"}],"version-history":[{"count":0,"href":"https:\/\/nk7-testes.com.br\/agazeta\/wp-json\/wp\/v2\/posts\/22541\/revisions"}],"wp:featuredmedia":[{"embeddable":true,"href":"https:\/\/nk7-testes.com.br\/agazeta\/wp-json\/wp\/v2\/media\/22540"}],"wp:attachment":[{"href":"https:\/\/nk7-testes.com.br\/agazeta\/wp-json\/wp\/v2\/media?parent=22541"}],"wp:term":[{"taxonomy":"category","embeddable":true,"href":"https:\/\/nk7-testes.com.br\/agazeta\/wp-json\/wp\/v2\/categories?post=22541"},{"taxonomy":"post_tag","embeddable":true,"href":"https:\/\/nk7-testes.com.br\/agazeta\/wp-json\/wp\/v2\/tags?post=22541"}],"curies":[{"name":"wp","href":"https:\/\/api.w.org\/{rel}","templated":true}]}}