{"id":22539,"date":"2016-05-02T19:37:48","date_gmt":"2016-05-02T19:37:48","guid":{"rendered":"https:\/\/abarevegan.com.br\/index.php\/2016\/05\/02\/ufac-sedia-11-semana-de-enfermagem-em-cruzeiro\/"},"modified":"2016-05-02T19:37:48","modified_gmt":"2016-05-02T19:37:48","slug":"ufac-sedia-11-semana-de-enfermagem-em-cruzeiro","status":"publish","type":"post","link":"https:\/\/nk7-testes.com.br\/agazeta\/ufac-sedia-11-semana-de-enfermagem-em-cruzeiro\/","title":{"rendered":"Ufac sedia 11\u00aa Semana de Enfermagem em Cruzeiro"},"content":{"rendered":"<p style=\"text-align: justify;\">Divulga\u00e7\u00e3o de pesquisas e debates est\u00e3o previstos<\/p>\n<p style=\"text-align: justify;\">A Universidade Federal do Acre (Ufac), atrav\u00e9s do curso de Enfermagem (bacharelado), do campus Floresta, de Cruzeiro do Sul, realiza, entre os dias 7 e 13 de maio, a 11\u00aa Semana da Enfermagem.<\/p>\n<p style=\"text-align: justify;\">Com o tema \u201cEnfermagem e ci\u00eancia: explorando as fronteiras do conhecimento\u201d, a 11\u00aa edi\u00e7\u00e3o da semana da Enfermagem no Vale do Juru\u00e1 ofertar\u00e1 205 vagas gratuitas para cursos e minicursos, com certifica\u00e7\u00e3o em temas relevantes sobre sa\u00fade e sociedade. Al\u00e9m disso, tamb\u00e9m ser\u00e3o realizadas amostras de pesquisas, palestras e mesas-redondas.<\/p>\n<p style=\"text-align: justify;\">A abertura ocorrer\u00e1 no dia 9 de maio, \u00e0s 19h, no Teatro Universit\u00e1rio do Moa, onde haver\u00e1 uma apresenta\u00e7\u00e3o do Coral Popular do Instituto Federal do Acre (Ifac), sob a reg\u00eancia do maestro e professor Emerson Gaspar.<\/p>\n<p style=\"text-align: justify;\">Em seguida, ocorrer\u00e1 uma palestra com o professor da Escola Paulista de Enfermagem, da Universidade Federal de S\u00e3o Paulo (USP), Anderson da Silva Rosa.<br \/>O evento tamb\u00e9m movimentar\u00e1 a vida social da cidade de Cruzeiro do Sul, com a j\u00e1 tradicional Enfest, festa que celebra a realiza\u00e7\u00e3o anual da semana e cujos valores arrecadados s\u00e3o revertidos em benef\u00edcio da organiza\u00e7\u00e3o do baile de formatura dos estudantes da gradua\u00e7\u00e3o.<\/p>\n<p style=\"text-align: justify;\">A 11\u00aa Semana da Enfermagem do Juru\u00e1 \u00e9, h\u00e1 dez anos, coordenada pelo curso de Enfermagem (bacharelado) do campus Floresta, em parceria com os conselhos Federal (Cofen) e Regional de Enfermagem (Coren), e outras institui\u00e7\u00f5es p\u00fablicas e privadas.<\/p>\n<p style=\"text-align: justify;\">Nesse per\u00edodo, j\u00e1 foram ofertados, para todos os munic\u00edpios da regi\u00e3o, centenas de cursos, minicursos e oficinas com os mais diversos temas, voltados a atender demandas de atualiza\u00e7\u00e3o cient\u00edfica no campo da enfermagem, das ci\u00eancias da sa\u00fade (por ser o \u00fanico curso de gradua\u00e7\u00e3o na \u00e1rea de sa\u00fade na regi\u00e3o) e da sociedade em geral, sempre contemplada nos debates transversais do evento.<\/p>\n<p style=\"text-align: justify;\">Neste ano, a semana tamb\u00e9m celebrar\u00e1 a comemora\u00e7\u00e3o dos dez anos do curso de Enfermagem (bacharelado) de Cruzeiro do Sul. As inscri\u00e7\u00f5es para o evento poder\u00e3o ser realizadas na coordena\u00e7\u00e3o do curso (campus Floresta). Para maiores informa\u00e7\u00f5es, entrar em contato atrav\u00e9s do telefone (068) 3311-3506 ou pelo e-mail: <a href=\"mailto:semanadeenfermagemczs@gmail.com.\">semanadeenfermagemczs@gmail.com.<\/a><\/p>\n","protected":false},"excerpt":{"rendered":"<p style=\"text-align: justify;\">Divulga\u00e7\u00e3o de pesquisas e debates est\u00e3o previstos<\/p>\n","protected":false},"author":4,"featured_media":22538,"comment_status":"open","ping_status":"open","sticky":false,"template":"","format":"standard","meta":{"jnews-multi-image_gallery":[],"jnews_single_post":[],"jnews_primary_category":[],"jnews_social_meta":[],"jnews_review":[],"enable_review":"","type":"","name":"","summary":"","brand":"","sku":"","good":[],"bad":[],"score_override":"","override_value":"","rating":[],"price":[],"footnotes":""},"categories":[54],"tags":[],"class_list":["post-22539","post","type-post","status-publish","format-standard","has-post-thumbnail","hentry","category-cotidiano"],"yoast_head":"<!-- This site is optimized with the Yoast SEO plugin v26.5 - https:\/\/yoast.com\/wordpress\/plugins\/seo\/ -->\n<title>Ufac sedia 11\u00aa Semana de Enfermagem em Cruzeiro - Agazeta.net<\/title>\n<meta name=\"robots\" content=\"index, follow, max-snippet:-1, max-image-preview:large, max-video-preview:-1\" \/>\n<link rel=\"canonical\" href=\"https:\/\/nk7-testes.com.br\/agazeta\/ufac-sedia-11-semana-de-enfermagem-em-cruzeiro\/\" \/>\n<meta property=\"og:locale\" content=\"pt_BR\" \/>\n<meta property=\"og:type\" content=\"article\" \/>\n<meta property=\"og:title\" content=\"Ufac sedia 11\u00aa Semana de Enfermagem em Cruzeiro - Agazeta.net\" \/>\n<meta property=\"og:description\" content=\"Divulga\u00e7\u00e3o de pesquisas e debates est\u00e3o previstos\" \/>\n<meta property=\"og:url\" content=\"https:\/\/nk7-testes.com.br\/agazeta\/ufac-sedia-11-semana-de-enfermagem-em-cruzeiro\/\" \/>\n<meta property=\"og:site_name\" content=\"Agazeta.net\" \/>\n<meta property=\"article:published_time\" content=\"2016-05-02T19:37:48+00:00\" \/>\n<meta property=\"og:image\" content=\"https:\/\/nk7-testes.com.br\/agazeta\/wp-content\/uploads\/2016\/05\/020516-cotidiano-semanaenfermagem-ascomufac.jpg\" \/>\n\t<meta property=\"og:image:width\" content=\"458\" \/>\n\t<meta property=\"og:image:height\" content=\"340\" \/>\n\t<meta property=\"og:image:type\" content=\"image\/jpeg\" \/>\n<meta name=\"author\" content=\"Agazeta.Net\" \/>\n<meta name=\"twitter:card\" content=\"summary_large_image\" \/>\n<meta name=\"twitter:label1\" content=\"Escrito por\" \/>\n\t<meta name=\"twitter:data1\" content=\"Agazeta.Net\" \/>\n\t<meta name=\"twitter:label2\" content=\"Est. tempo de leitura\" \/>\n\t<meta name=\"twitter:data2\" content=\"2 minutos\" \/>\n<script type=\"application\/ld+json\" class=\"yoast-schema-graph\">{\"@context\":\"https:\/\/schema.org\",\"@graph\":[{\"@type\":\"WebPage\",\"@id\":\"https:\/\/nk7-testes.com.br\/agazeta\/ufac-sedia-11-semana-de-enfermagem-em-cruzeiro\/\",\"url\":\"https:\/\/nk7-testes.com.br\/agazeta\/ufac-sedia-11-semana-de-enfermagem-em-cruzeiro\/\",\"name\":\"Ufac sedia 11\u00aa Semana de Enfermagem em Cruzeiro - Agazeta.net\",\"isPartOf\":{\"@id\":\"https:\/\/nk7-testes.com.br\/agazeta\/#website\"},\"primaryImageOfPage\":{\"@id\":\"https:\/\/nk7-testes.com.br\/agazeta\/ufac-sedia-11-semana-de-enfermagem-em-cruzeiro\/#primaryimage\"},\"image\":{\"@id\":\"https:\/\/nk7-testes.com.br\/agazeta\/ufac-sedia-11-semana-de-enfermagem-em-cruzeiro\/#primaryimage\"},\"thumbnailUrl\":\"https:\/\/nk7-testes.com.br\/agazeta\/wp-content\/uploads\/2016\/05\/020516-cotidiano-semanaenfermagem-ascomufac.jpg\",\"datePublished\":\"2016-05-02T19:37:48+00:00\",\"author\":{\"@id\":\"https:\/\/nk7-testes.com.br\/agazeta\/#\/schema\/person\/6d6e25cb0435eb4a02fd44d30b4e3020\"},\"breadcrumb\":{\"@id\":\"https:\/\/nk7-testes.com.br\/agazeta\/ufac-sedia-11-semana-de-enfermagem-em-cruzeiro\/#breadcrumb\"},\"inLanguage\":\"pt-BR\",\"potentialAction\":[{\"@type\":\"ReadAction\",\"target\":[\"https:\/\/nk7-testes.com.br\/agazeta\/ufac-sedia-11-semana-de-enfermagem-em-cruzeiro\/\"]}]},{\"@type\":\"ImageObject\",\"inLanguage\":\"pt-BR\",\"@id\":\"https:\/\/nk7-testes.com.br\/agazeta\/ufac-sedia-11-semana-de-enfermagem-em-cruzeiro\/#primaryimage\",\"url\":\"https:\/\/nk7-testes.com.br\/agazeta\/wp-content\/uploads\/2016\/05\/020516-cotidiano-semanaenfermagem-ascomufac.jpg\",\"contentUrl\":\"https:\/\/nk7-testes.com.br\/agazeta\/wp-content\/uploads\/2016\/05\/020516-cotidiano-semanaenfermagem-ascomufac.jpg\",\"width\":458,\"height\":340,\"caption\":\"020516-cotidiano-semanaenfermagem-ascomufac\"},{\"@type\":\"BreadcrumbList\",\"@id\":\"https:\/\/nk7-testes.com.br\/agazeta\/ufac-sedia-11-semana-de-enfermagem-em-cruzeiro\/#breadcrumb\",\"itemListElement\":[{\"@type\":\"ListItem\",\"position\":1,\"name\":\"In\u00edcio\",\"item\":\"https:\/\/nk7-testes.com.br\/agazeta\/\"},{\"@type\":\"ListItem\",\"position\":2,\"name\":\"Ufac sedia 11\u00aa Semana de Enfermagem em Cruzeiro\"}]},{\"@type\":\"WebSite\",\"@id\":\"https:\/\/nk7-testes.com.br\/agazeta\/#website\",\"url\":\"https:\/\/nk7-testes.com.br\/agazeta\/\",\"name\":\"Agazeta.net\",\"description\":\"Agazeta.net - Not\u00edcias de Rio Branco\/AC\",\"potentialAction\":[{\"@type\":\"SearchAction\",\"target\":{\"@type\":\"EntryPoint\",\"urlTemplate\":\"https:\/\/nk7-testes.com.br\/agazeta\/?s={search_term_string}\"},\"query-input\":{\"@type\":\"PropertyValueSpecification\",\"valueRequired\":true,\"valueName\":\"search_term_string\"}}],\"inLanguage\":\"pt-BR\"},{\"@type\":\"Person\",\"@id\":\"https:\/\/nk7-testes.com.br\/agazeta\/#\/schema\/person\/6d6e25cb0435eb4a02fd44d30b4e3020\",\"name\":\"Agazeta.Net\",\"url\":\"https:\/\/nk7-testes.com.br\/agazeta\/author\/agazeta\/\"}]}<\/script>\n<!-- \/ Yoast SEO plugin. -->","yoast_head_json":{"title":"Ufac sedia 11\u00aa Semana de Enfermagem em Cruzeiro - Agazeta.net","robots":{"index":"index","follow":"follow","max-snippet":"max-snippet:-1","max-image-preview":"max-image-preview:large","max-video-preview":"max-video-preview:-1"},"canonical":"https:\/\/nk7-testes.com.br\/agazeta\/ufac-sedia-11-semana-de-enfermagem-em-cruzeiro\/","og_locale":"pt_BR","og_type":"article","og_title":"Ufac sedia 11\u00aa Semana de Enfermagem em Cruzeiro - Agazeta.net","og_description":"Divulga\u00e7\u00e3o de pesquisas e debates est\u00e3o previstos","og_url":"https:\/\/nk7-testes.com.br\/agazeta\/ufac-sedia-11-semana-de-enfermagem-em-cruzeiro\/","og_site_name":"Agazeta.net","article_published_time":"2016-05-02T19:37:48+00:00","og_image":[{"width":458,"height":340,"url":"https:\/\/nk7-testes.com.br\/agazeta\/wp-content\/uploads\/2016\/05\/020516-cotidiano-semanaenfermagem-ascomufac.jpg","type":"image\/jpeg"}],"author":"Agazeta.Net","twitter_card":"summary_large_image","twitter_misc":{"Escrito por":"Agazeta.Net","Est. tempo de leitura":"2 minutos"},"schema":{"@context":"https:\/\/schema.org","@graph":[{"@type":"WebPage","@id":"https:\/\/nk7-testes.com.br\/agazeta\/ufac-sedia-11-semana-de-enfermagem-em-cruzeiro\/","url":"https:\/\/nk7-testes.com.br\/agazeta\/ufac-sedia-11-semana-de-enfermagem-em-cruzeiro\/","name":"Ufac sedia 11\u00aa Semana de Enfermagem em Cruzeiro - Agazeta.net","isPartOf":{"@id":"https:\/\/nk7-testes.com.br\/agazeta\/#website"},"primaryImageOfPage":{"@id":"https:\/\/nk7-testes.com.br\/agazeta\/ufac-sedia-11-semana-de-enfermagem-em-cruzeiro\/#primaryimage"},"image":{"@id":"https:\/\/nk7-testes.com.br\/agazeta\/ufac-sedia-11-semana-de-enfermagem-em-cruzeiro\/#primaryimage"},"thumbnailUrl":"https:\/\/nk7-testes.com.br\/agazeta\/wp-content\/uploads\/2016\/05\/020516-cotidiano-semanaenfermagem-ascomufac.jpg","datePublished":"2016-05-02T19:37:48+00:00","author":{"@id":"https:\/\/nk7-testes.com.br\/agazeta\/#\/schema\/person\/6d6e25cb0435eb4a02fd44d30b4e3020"},"breadcrumb":{"@id":"https:\/\/nk7-testes.com.br\/agazeta\/ufac-sedia-11-semana-de-enfermagem-em-cruzeiro\/#breadcrumb"},"inLanguage":"pt-BR","potentialAction":[{"@type":"ReadAction","target":["https:\/\/nk7-testes.com.br\/agazeta\/ufac-sedia-11-semana-de-enfermagem-em-cruzeiro\/"]}]},{"@type":"ImageObject","inLanguage":"pt-BR","@id":"https:\/\/nk7-testes.com.br\/agazeta\/ufac-sedia-11-semana-de-enfermagem-em-cruzeiro\/#primaryimage","url":"https:\/\/nk7-testes.com.br\/agazeta\/wp-content\/uploads\/2016\/05\/020516-cotidiano-semanaenfermagem-ascomufac.jpg","contentUrl":"https:\/\/nk7-testes.com.br\/agazeta\/wp-content\/uploads\/2016\/05\/020516-cotidiano-semanaenfermagem-ascomufac.jpg","width":458,"height":340,"caption":"020516-cotidiano-semanaenfermagem-ascomufac"},{"@type":"BreadcrumbList","@id":"https:\/\/nk7-testes.com.br\/agazeta\/ufac-sedia-11-semana-de-enfermagem-em-cruzeiro\/#breadcrumb","itemListElement":[{"@type":"ListItem","position":1,"name":"In\u00edcio","item":"https:\/\/nk7-testes.com.br\/agazeta\/"},{"@type":"ListItem","position":2,"name":"Ufac sedia 11\u00aa Semana de Enfermagem em Cruzeiro"}]},{"@type":"WebSite","@id":"https:\/\/nk7-testes.com.br\/agazeta\/#website","url":"https:\/\/nk7-testes.com.br\/agazeta\/","name":"Agazeta.net","description":"Agazeta.net - Not\u00edcias de Rio Branco\/AC","potentialAction":[{"@type":"SearchAction","target":{"@type":"EntryPoint","urlTemplate":"https:\/\/nk7-testes.com.br\/agazeta\/?s={search_term_string}"},"query-input":{"@type":"PropertyValueSpecification","valueRequired":true,"valueName":"search_term_string"}}],"inLanguage":"pt-BR"},{"@type":"Person","@id":"https:\/\/nk7-testes.com.br\/agazeta\/#\/schema\/person\/6d6e25cb0435eb4a02fd44d30b4e3020","name":"Agazeta.Net","url":"https:\/\/nk7-testes.com.br\/agazeta\/author\/agazeta\/"}]}},"_links":{"self":[{"href":"https:\/\/nk7-testes.com.br\/agazeta\/wp-json\/wp\/v2\/posts\/22539","targetHints":{"allow":["GET"]}}],"collection":[{"href":"https:\/\/nk7-testes.com.br\/agazeta\/wp-json\/wp\/v2\/posts"}],"about":[{"href":"https:\/\/nk7-testes.com.br\/agazeta\/wp-json\/wp\/v2\/types\/post"}],"author":[{"embeddable":true,"href":"https:\/\/nk7-testes.com.br\/agazeta\/wp-json\/wp\/v2\/users\/4"}],"replies":[{"embeddable":true,"href":"https:\/\/nk7-testes.com.br\/agazeta\/wp-json\/wp\/v2\/comments?post=22539"}],"version-history":[{"count":0,"href":"https:\/\/nk7-testes.com.br\/agazeta\/wp-json\/wp\/v2\/posts\/22539\/revisions"}],"wp:featuredmedia":[{"embeddable":true,"href":"https:\/\/nk7-testes.com.br\/agazeta\/wp-json\/wp\/v2\/media\/22538"}],"wp:attachment":[{"href":"https:\/\/nk7-testes.com.br\/agazeta\/wp-json\/wp\/v2\/media?parent=22539"}],"wp:term":[{"taxonomy":"category","embeddable":true,"href":"https:\/\/nk7-testes.com.br\/agazeta\/wp-json\/wp\/v2\/categories?post=22539"},{"taxonomy":"post_tag","embeddable":true,"href":"https:\/\/nk7-testes.com.br\/agazeta\/wp-json\/wp\/v2\/tags?post=22539"}],"curies":[{"name":"wp","href":"https:\/\/api.w.org\/{rel}","templated":true}]}}