{"id":22510,"date":"2016-04-29T21:25:55","date_gmt":"2016-04-29T21:25:55","guid":{"rendered":"https:\/\/abarevegan.com.br\/index.php\/2016\/04\/29\/detran-foca-acoes-para-respeito-a-faixa-de-pedestre\/"},"modified":"2016-04-29T21:25:55","modified_gmt":"2016-04-29T21:25:55","slug":"detran-foca-acoes-para-respeito-a-faixa-de-pedestre","status":"publish","type":"post","link":"https:\/\/nk7-testes.com.br\/agazeta\/detran-foca-acoes-para-respeito-a-faixa-de-pedestre\/","title":{"rendered":"Detran foca a\u00e7\u00f5es para respeito \u00e0 faixa de pedestre"},"content":{"rendered":"<p style=\"text-align: justify;\">Meta \u00e9 fazer do Acre \u201crefer\u00eancia nacional\u201d<\/p>\n<p style=\"text-align: justify;\">Na pr\u00f3xima quarta-feira, o Departamento Estadual de Tr\u00e2nsito do Acre (Detran), vai promover o lan\u00e7amento de um programa anexado a campanha Maio Amarelo. O movimento acontece todos os anos no pa\u00eds, e visa incentivar atitudes de prote\u00e7\u00e3o \u00e0 vida no tr\u00e2nsito. Este ano as a\u00e7\u00f5es ser\u00e3o concentradas na educa\u00e7\u00e3o e respeito \u00e0s faixas de pedestre.<\/p>\n<p style=\"text-align: justify;\">Uma das iniciativas ser\u00e1 revitalizar as faixas j\u00e1 existentes, inclusive com material laminado, que ofere\u00e7a mais durabilidade. Tamb\u00e9m ser\u00e3o constru\u00eddas faixas elevadas, semelhantes aos quebra molas. As primeiras devem chegar \u00e0 Via Verde, pr\u00f3ximo a Contax e tamb\u00e9m no acesso a pista de caminhada em frente ao Residencial Ip\u00ea.<\/p>\n<p style=\"text-align: justify;\">\u201cA faixa de pedestre elevada propicia uma maior seguran\u00e7a ao transeunte, ao pedestre por que fica mais f\u00e1cil identific\u00e1-la, \u00e9 mais f\u00e1cil perceber a inten\u00e7\u00e3o de atravessar, al\u00e9m disso, facilita o acesso de cadeirantes, porque ficam no mesmo n\u00edvel da cal\u00e7ada\u201d, defende.<\/p>\n<p style=\"text-align: justify;\">A meta do Detran \u00e9 tornar Rio Branco, refer\u00eancia nacional em rela\u00e7\u00e3o ao respeito a faixa de pedestre. Na pr\u00e1tica, assim como acontece em outras regi\u00f5es do pa\u00eds, \u00e9 fazer com que o pedestre ao se aproximar da faixa tenha prioridade total.<\/p>\n<p style=\"text-align: justify;\">O diretor do \u00f3rg\u00e3o reconhece que para alcan\u00e7ar a meta de refer\u00eancia nacional no assunto, \u00e9 preciso haver uma mudan\u00e7a cultural. Ele explica que, por isso, foi preciso passar de uma simples campanha para um programa.<\/p>\n<p style=\"text-align: justify;\">\u201cN\u00f3s acreditamos que \u00e9 poss\u00edvel sim uma mudan\u00e7a cultural. Por isso n\u00e3o chamamos de campanha e sim de programa para que tenha continuidade ao longo do tempo\u201d, explicou.<\/p>\n","protected":false},"excerpt":{"rendered":"<p style=\"text-align: justify;\">Meta \u00e9 fazer do Acre \u201crefer\u00eancia nacional\u201d<\/p>\n","protected":false},"author":4,"featured_media":22509,"comment_status":"open","ping_status":"open","sticky":false,"template":"","format":"standard","meta":{"jnews-multi-image_gallery":[],"jnews_single_post":[],"jnews_primary_category":[],"jnews_social_meta":[],"jnews_review":[],"enable_review":"","type":"","name":"","summary":"","brand":"","sku":"","good":[],"bad":[],"score_override":"","override_value":"","rating":[],"price":[],"footnotes":""},"categories":[54],"tags":[],"class_list":["post-22510","post","type-post","status-publish","format-standard","has-post-thumbnail","hentry","category-cotidiano"],"yoast_head":"<!-- This site is optimized with the Yoast SEO plugin v26.5 - https:\/\/yoast.com\/wordpress\/plugins\/seo\/ -->\n<title>Detran foca a\u00e7\u00f5es para respeito \u00e0 faixa de pedestre - Agazeta.net<\/title>\n<meta name=\"robots\" content=\"index, follow, max-snippet:-1, max-image-preview:large, max-video-preview:-1\" \/>\n<link rel=\"canonical\" href=\"https:\/\/nk7-testes.com.br\/agazeta\/detran-foca-acoes-para-respeito-a-faixa-de-pedestre\/\" \/>\n<meta property=\"og:locale\" content=\"pt_BR\" \/>\n<meta property=\"og:type\" content=\"article\" \/>\n<meta property=\"og:title\" content=\"Detran foca a\u00e7\u00f5es para respeito \u00e0 faixa de pedestre - Agazeta.net\" \/>\n<meta property=\"og:description\" content=\"Meta \u00e9 fazer do Acre \u201crefer\u00eancia nacional\u201d\" \/>\n<meta property=\"og:url\" content=\"https:\/\/nk7-testes.com.br\/agazeta\/detran-foca-acoes-para-respeito-a-faixa-de-pedestre\/\" \/>\n<meta property=\"og:site_name\" content=\"Agazeta.net\" \/>\n<meta property=\"article:published_time\" content=\"2016-04-29T21:25:55+00:00\" \/>\n<meta property=\"og:image\" content=\"https:\/\/nk7-testes.com.br\/agazeta\/wp-content\/uploads\/2016\/04\/290416-cotidiano-faixadepedestre-tvgazeta.jpg\" \/>\n\t<meta property=\"og:image:width\" content=\"458\" \/>\n\t<meta property=\"og:image:height\" content=\"340\" \/>\n\t<meta property=\"og:image:type\" content=\"image\/jpeg\" \/>\n<meta name=\"author\" content=\"Agazeta.Net\" \/>\n<meta name=\"twitter:card\" content=\"summary_large_image\" \/>\n<meta name=\"twitter:label1\" content=\"Escrito por\" \/>\n\t<meta name=\"twitter:data1\" content=\"Agazeta.Net\" \/>\n\t<meta name=\"twitter:label2\" content=\"Est. tempo de leitura\" \/>\n\t<meta name=\"twitter:data2\" content=\"1 minuto\" \/>\n<script type=\"application\/ld+json\" class=\"yoast-schema-graph\">{\"@context\":\"https:\/\/schema.org\",\"@graph\":[{\"@type\":\"WebPage\",\"@id\":\"https:\/\/nk7-testes.com.br\/agazeta\/detran-foca-acoes-para-respeito-a-faixa-de-pedestre\/\",\"url\":\"https:\/\/nk7-testes.com.br\/agazeta\/detran-foca-acoes-para-respeito-a-faixa-de-pedestre\/\",\"name\":\"Detran foca a\u00e7\u00f5es para respeito \u00e0 faixa de pedestre - Agazeta.net\",\"isPartOf\":{\"@id\":\"https:\/\/nk7-testes.com.br\/agazeta\/#website\"},\"primaryImageOfPage\":{\"@id\":\"https:\/\/nk7-testes.com.br\/agazeta\/detran-foca-acoes-para-respeito-a-faixa-de-pedestre\/#primaryimage\"},\"image\":{\"@id\":\"https:\/\/nk7-testes.com.br\/agazeta\/detran-foca-acoes-para-respeito-a-faixa-de-pedestre\/#primaryimage\"},\"thumbnailUrl\":\"https:\/\/nk7-testes.com.br\/agazeta\/wp-content\/uploads\/2016\/04\/290416-cotidiano-faixadepedestre-tvgazeta.jpg\",\"datePublished\":\"2016-04-29T21:25:55+00:00\",\"author\":{\"@id\":\"https:\/\/nk7-testes.com.br\/agazeta\/#\/schema\/person\/6d6e25cb0435eb4a02fd44d30b4e3020\"},\"breadcrumb\":{\"@id\":\"https:\/\/nk7-testes.com.br\/agazeta\/detran-foca-acoes-para-respeito-a-faixa-de-pedestre\/#breadcrumb\"},\"inLanguage\":\"pt-BR\",\"potentialAction\":[{\"@type\":\"ReadAction\",\"target\":[\"https:\/\/nk7-testes.com.br\/agazeta\/detran-foca-acoes-para-respeito-a-faixa-de-pedestre\/\"]}]},{\"@type\":\"ImageObject\",\"inLanguage\":\"pt-BR\",\"@id\":\"https:\/\/nk7-testes.com.br\/agazeta\/detran-foca-acoes-para-respeito-a-faixa-de-pedestre\/#primaryimage\",\"url\":\"https:\/\/nk7-testes.com.br\/agazeta\/wp-content\/uploads\/2016\/04\/290416-cotidiano-faixadepedestre-tvgazeta.jpg\",\"contentUrl\":\"https:\/\/nk7-testes.com.br\/agazeta\/wp-content\/uploads\/2016\/04\/290416-cotidiano-faixadepedestre-tvgazeta.jpg\",\"width\":458,\"height\":340,\"caption\":\"290416-cotidiano-faixadepedestre-tvgazeta\"},{\"@type\":\"BreadcrumbList\",\"@id\":\"https:\/\/nk7-testes.com.br\/agazeta\/detran-foca-acoes-para-respeito-a-faixa-de-pedestre\/#breadcrumb\",\"itemListElement\":[{\"@type\":\"ListItem\",\"position\":1,\"name\":\"In\u00edcio\",\"item\":\"https:\/\/nk7-testes.com.br\/agazeta\/\"},{\"@type\":\"ListItem\",\"position\":2,\"name\":\"Detran foca a\u00e7\u00f5es para respeito \u00e0 faixa de pedestre\"}]},{\"@type\":\"WebSite\",\"@id\":\"https:\/\/nk7-testes.com.br\/agazeta\/#website\",\"url\":\"https:\/\/nk7-testes.com.br\/agazeta\/\",\"name\":\"Agazeta.net\",\"description\":\"Agazeta.net - Not\u00edcias de Rio Branco\/AC\",\"potentialAction\":[{\"@type\":\"SearchAction\",\"target\":{\"@type\":\"EntryPoint\",\"urlTemplate\":\"https:\/\/nk7-testes.com.br\/agazeta\/?s={search_term_string}\"},\"query-input\":{\"@type\":\"PropertyValueSpecification\",\"valueRequired\":true,\"valueName\":\"search_term_string\"}}],\"inLanguage\":\"pt-BR\"},{\"@type\":\"Person\",\"@id\":\"https:\/\/nk7-testes.com.br\/agazeta\/#\/schema\/person\/6d6e25cb0435eb4a02fd44d30b4e3020\",\"name\":\"Agazeta.Net\",\"url\":\"https:\/\/nk7-testes.com.br\/agazeta\/author\/agazeta\/\"}]}<\/script>\n<!-- \/ Yoast SEO plugin. -->","yoast_head_json":{"title":"Detran foca a\u00e7\u00f5es para respeito \u00e0 faixa de pedestre - Agazeta.net","robots":{"index":"index","follow":"follow","max-snippet":"max-snippet:-1","max-image-preview":"max-image-preview:large","max-video-preview":"max-video-preview:-1"},"canonical":"https:\/\/nk7-testes.com.br\/agazeta\/detran-foca-acoes-para-respeito-a-faixa-de-pedestre\/","og_locale":"pt_BR","og_type":"article","og_title":"Detran foca a\u00e7\u00f5es para respeito \u00e0 faixa de pedestre - Agazeta.net","og_description":"Meta \u00e9 fazer do Acre \u201crefer\u00eancia nacional\u201d","og_url":"https:\/\/nk7-testes.com.br\/agazeta\/detran-foca-acoes-para-respeito-a-faixa-de-pedestre\/","og_site_name":"Agazeta.net","article_published_time":"2016-04-29T21:25:55+00:00","og_image":[{"width":458,"height":340,"url":"https:\/\/nk7-testes.com.br\/agazeta\/wp-content\/uploads\/2016\/04\/290416-cotidiano-faixadepedestre-tvgazeta.jpg","type":"image\/jpeg"}],"author":"Agazeta.Net","twitter_card":"summary_large_image","twitter_misc":{"Escrito por":"Agazeta.Net","Est. tempo de leitura":"1 minuto"},"schema":{"@context":"https:\/\/schema.org","@graph":[{"@type":"WebPage","@id":"https:\/\/nk7-testes.com.br\/agazeta\/detran-foca-acoes-para-respeito-a-faixa-de-pedestre\/","url":"https:\/\/nk7-testes.com.br\/agazeta\/detran-foca-acoes-para-respeito-a-faixa-de-pedestre\/","name":"Detran foca a\u00e7\u00f5es para respeito \u00e0 faixa de pedestre - Agazeta.net","isPartOf":{"@id":"https:\/\/nk7-testes.com.br\/agazeta\/#website"},"primaryImageOfPage":{"@id":"https:\/\/nk7-testes.com.br\/agazeta\/detran-foca-acoes-para-respeito-a-faixa-de-pedestre\/#primaryimage"},"image":{"@id":"https:\/\/nk7-testes.com.br\/agazeta\/detran-foca-acoes-para-respeito-a-faixa-de-pedestre\/#primaryimage"},"thumbnailUrl":"https:\/\/nk7-testes.com.br\/agazeta\/wp-content\/uploads\/2016\/04\/290416-cotidiano-faixadepedestre-tvgazeta.jpg","datePublished":"2016-04-29T21:25:55+00:00","author":{"@id":"https:\/\/nk7-testes.com.br\/agazeta\/#\/schema\/person\/6d6e25cb0435eb4a02fd44d30b4e3020"},"breadcrumb":{"@id":"https:\/\/nk7-testes.com.br\/agazeta\/detran-foca-acoes-para-respeito-a-faixa-de-pedestre\/#breadcrumb"},"inLanguage":"pt-BR","potentialAction":[{"@type":"ReadAction","target":["https:\/\/nk7-testes.com.br\/agazeta\/detran-foca-acoes-para-respeito-a-faixa-de-pedestre\/"]}]},{"@type":"ImageObject","inLanguage":"pt-BR","@id":"https:\/\/nk7-testes.com.br\/agazeta\/detran-foca-acoes-para-respeito-a-faixa-de-pedestre\/#primaryimage","url":"https:\/\/nk7-testes.com.br\/agazeta\/wp-content\/uploads\/2016\/04\/290416-cotidiano-faixadepedestre-tvgazeta.jpg","contentUrl":"https:\/\/nk7-testes.com.br\/agazeta\/wp-content\/uploads\/2016\/04\/290416-cotidiano-faixadepedestre-tvgazeta.jpg","width":458,"height":340,"caption":"290416-cotidiano-faixadepedestre-tvgazeta"},{"@type":"BreadcrumbList","@id":"https:\/\/nk7-testes.com.br\/agazeta\/detran-foca-acoes-para-respeito-a-faixa-de-pedestre\/#breadcrumb","itemListElement":[{"@type":"ListItem","position":1,"name":"In\u00edcio","item":"https:\/\/nk7-testes.com.br\/agazeta\/"},{"@type":"ListItem","position":2,"name":"Detran foca a\u00e7\u00f5es para respeito \u00e0 faixa de pedestre"}]},{"@type":"WebSite","@id":"https:\/\/nk7-testes.com.br\/agazeta\/#website","url":"https:\/\/nk7-testes.com.br\/agazeta\/","name":"Agazeta.net","description":"Agazeta.net - Not\u00edcias de Rio Branco\/AC","potentialAction":[{"@type":"SearchAction","target":{"@type":"EntryPoint","urlTemplate":"https:\/\/nk7-testes.com.br\/agazeta\/?s={search_term_string}"},"query-input":{"@type":"PropertyValueSpecification","valueRequired":true,"valueName":"search_term_string"}}],"inLanguage":"pt-BR"},{"@type":"Person","@id":"https:\/\/nk7-testes.com.br\/agazeta\/#\/schema\/person\/6d6e25cb0435eb4a02fd44d30b4e3020","name":"Agazeta.Net","url":"https:\/\/nk7-testes.com.br\/agazeta\/author\/agazeta\/"}]}},"_links":{"self":[{"href":"https:\/\/nk7-testes.com.br\/agazeta\/wp-json\/wp\/v2\/posts\/22510","targetHints":{"allow":["GET"]}}],"collection":[{"href":"https:\/\/nk7-testes.com.br\/agazeta\/wp-json\/wp\/v2\/posts"}],"about":[{"href":"https:\/\/nk7-testes.com.br\/agazeta\/wp-json\/wp\/v2\/types\/post"}],"author":[{"embeddable":true,"href":"https:\/\/nk7-testes.com.br\/agazeta\/wp-json\/wp\/v2\/users\/4"}],"replies":[{"embeddable":true,"href":"https:\/\/nk7-testes.com.br\/agazeta\/wp-json\/wp\/v2\/comments?post=22510"}],"version-history":[{"count":0,"href":"https:\/\/nk7-testes.com.br\/agazeta\/wp-json\/wp\/v2\/posts\/22510\/revisions"}],"wp:featuredmedia":[{"embeddable":true,"href":"https:\/\/nk7-testes.com.br\/agazeta\/wp-json\/wp\/v2\/media\/22509"}],"wp:attachment":[{"href":"https:\/\/nk7-testes.com.br\/agazeta\/wp-json\/wp\/v2\/media?parent=22510"}],"wp:term":[{"taxonomy":"category","embeddable":true,"href":"https:\/\/nk7-testes.com.br\/agazeta\/wp-json\/wp\/v2\/categories?post=22510"},{"taxonomy":"post_tag","embeddable":true,"href":"https:\/\/nk7-testes.com.br\/agazeta\/wp-json\/wp\/v2\/tags?post=22510"}],"curies":[{"name":"wp","href":"https:\/\/api.w.org\/{rel}","templated":true}]}}