{"id":22504,"date":"2016-04-29T20:31:52","date_gmt":"2016-04-29T20:31:52","guid":{"rendered":"https:\/\/abarevegan.com.br\/index.php\/2016\/04\/29\/pesquisa-aponta-pessimismo-em-relacao-ao-dia-das-maes\/"},"modified":"2016-04-29T20:31:52","modified_gmt":"2016-04-29T20:31:52","slug":"pesquisa-aponta-pessimismo-em-relacao-ao-dia-das-maes","status":"publish","type":"post","link":"https:\/\/nk7-testes.com.br\/agazeta\/pesquisa-aponta-pessimismo-em-relacao-ao-dia-das-maes\/","title":{"rendered":"Pesquisa aponta pessimismo em rela\u00e7\u00e3o ao dia das m\u00e3es"},"content":{"rendered":"<p style=\"text-align: justify;\">Estudo foi realizado pela Fecomercio com 274 empres\u00e1rios<\/p>\n<p style=\"text-align: justify;\">Os artigos femininos est\u00e3o em evid\u00eancia nas lojas do com\u00e9rcio varejista de Rio Branco. Por todos os lados, os filhos e pais s\u00e3o atra\u00eddos para o consumo alusivo ao segundo domingo de maio, o dia das m\u00e3es.<\/p>\n<p style=\"text-align: justify;\">As promo\u00e7\u00f5es e parcelamento nas compras nunca foram t\u00e3o necess\u00e1rios, j\u00e1 que o consumidor est\u00e1 retra\u00eddo. Mesmo assim, h\u00e1 quem esteja desacreditado que todo esfor\u00e7o ser\u00e1 recompensado com bom fechamento nas vendas.<\/p>\n<p style=\"text-align: justify;\">\u201cO povo t\u00e1 comprando s\u00f3 o essencial, n\u00e3o tem mais aquele dia das m\u00e3es de antigamente, com boas vendas\u201d, comenta Francisco Figueiredo.<\/p>\n<p style=\"text-align: justify;\">O des\u00e2nimo do vendedor tem fundamento. Segundo pesquisa da Fecomercio, 7 em cada 10 comerciantes n\u00e3o acreditam em maior faturamento de vendas para o dia das m\u00e3es, quando comparado com o mesmo per\u00edodo do ano passado. A pesquisa ouviu 274 empres\u00e1rios do com\u00e9rcio varejista entre os dias 18 e 22 de abril.<\/p>\n<p style=\"text-align: justify;\">Por outro lado, h\u00e1 quem esteja motivado, acreditando que o lado sentimental fale mais alto nessa temporada. Johny Reis \u00e9 um deles. O vendedor explica que muita gente est\u00e1 entrando na loja de cal\u00e7ados para pesquisar, outros j\u00e1 est\u00e3o levando o presente. Para ele, s\u00e3o sinais de que o resultado pode ser positivo.<\/p>\n<p style=\"text-align: justify;\">\u201cA partir da pr\u00f3xima semana vai explodir , vai entrar muita gente pra comprar sapato para as m\u00e3es\u201d, disse empolgado.<\/p>\n<p style=\"text-align: justify;\">A empres\u00e1ria Nat\u00e1lia Cargnin administra uma rede de lojas. Ela acredita que o com\u00e9rcio pode sofrer uma rea\u00e7\u00e3o, nesta que \u00e9 a segunda melhor data do ano para vendas e s\u00f3 perde para o natal.<\/p>\n<p style=\"text-align: justify;\">Na rede, sorteio de brindes e muitas promo\u00e7\u00f5es foram preparados para a pr\u00f3xima semana. A empres\u00e1ria defende que a criatividade \u00e9 uma das armas para vencer a crise. \u201c\u00c9 preciso ter atratividade\u201d, disse.<\/p>\n","protected":false},"excerpt":{"rendered":"<p style=\"text-align: justify;\">Estudo foi realizado pela Fecomercio com 274 empres\u00e1rios<\/p>\n","protected":false},"author":4,"featured_media":22503,"comment_status":"open","ping_status":"open","sticky":false,"template":"","format":"standard","meta":{"jnews-multi-image_gallery":[],"jnews_single_post":[],"jnews_primary_category":[],"jnews_social_meta":[],"jnews_review":[],"enable_review":"","type":"","name":"","summary":"","brand":"","sku":"","good":[],"bad":[],"score_override":"","override_value":"","rating":[],"price":[],"footnotes":""},"categories":[54],"tags":[],"class_list":["post-22504","post","type-post","status-publish","format-standard","has-post-thumbnail","hentry","category-cotidiano"],"yoast_head":"<!-- This site is optimized with the Yoast SEO plugin v26.5 - https:\/\/yoast.com\/wordpress\/plugins\/seo\/ -->\n<title>Pesquisa aponta pessimismo em rela\u00e7\u00e3o ao dia das m\u00e3es - Agazeta.net<\/title>\n<meta name=\"robots\" content=\"index, follow, max-snippet:-1, max-image-preview:large, max-video-preview:-1\" \/>\n<link rel=\"canonical\" href=\"https:\/\/nk7-testes.com.br\/agazeta\/pesquisa-aponta-pessimismo-em-relacao-ao-dia-das-maes\/\" \/>\n<meta property=\"og:locale\" content=\"pt_BR\" \/>\n<meta property=\"og:type\" content=\"article\" \/>\n<meta property=\"og:title\" content=\"Pesquisa aponta pessimismo em rela\u00e7\u00e3o ao dia das m\u00e3es - Agazeta.net\" \/>\n<meta property=\"og:description\" content=\"Estudo foi realizado pela Fecomercio com 274 empres\u00e1rios\" \/>\n<meta property=\"og:url\" content=\"https:\/\/nk7-testes.com.br\/agazeta\/pesquisa-aponta-pessimismo-em-relacao-ao-dia-das-maes\/\" \/>\n<meta property=\"og:site_name\" content=\"Agazeta.net\" \/>\n<meta property=\"article:published_time\" content=\"2016-04-29T20:31:52+00:00\" \/>\n<meta property=\"og:image\" content=\"https:\/\/nk7-testes.com.br\/agazeta\/wp-content\/uploads\/2016\/04\/290416-cotidiano-diadasmaes-tvgazeta.jpg\" \/>\n\t<meta property=\"og:image:width\" content=\"458\" \/>\n\t<meta property=\"og:image:height\" content=\"340\" \/>\n\t<meta property=\"og:image:type\" content=\"image\/jpeg\" \/>\n<meta name=\"author\" content=\"Agazeta.Net\" \/>\n<meta name=\"twitter:card\" content=\"summary_large_image\" \/>\n<meta name=\"twitter:label1\" content=\"Escrito por\" \/>\n\t<meta name=\"twitter:data1\" content=\"Agazeta.Net\" \/>\n\t<meta name=\"twitter:label2\" content=\"Est. tempo de leitura\" \/>\n\t<meta name=\"twitter:data2\" content=\"2 minutos\" \/>\n<script type=\"application\/ld+json\" class=\"yoast-schema-graph\">{\"@context\":\"https:\/\/schema.org\",\"@graph\":[{\"@type\":\"WebPage\",\"@id\":\"https:\/\/nk7-testes.com.br\/agazeta\/pesquisa-aponta-pessimismo-em-relacao-ao-dia-das-maes\/\",\"url\":\"https:\/\/nk7-testes.com.br\/agazeta\/pesquisa-aponta-pessimismo-em-relacao-ao-dia-das-maes\/\",\"name\":\"Pesquisa aponta pessimismo em rela\u00e7\u00e3o ao dia das m\u00e3es - Agazeta.net\",\"isPartOf\":{\"@id\":\"https:\/\/nk7-testes.com.br\/agazeta\/#website\"},\"primaryImageOfPage\":{\"@id\":\"https:\/\/nk7-testes.com.br\/agazeta\/pesquisa-aponta-pessimismo-em-relacao-ao-dia-das-maes\/#primaryimage\"},\"image\":{\"@id\":\"https:\/\/nk7-testes.com.br\/agazeta\/pesquisa-aponta-pessimismo-em-relacao-ao-dia-das-maes\/#primaryimage\"},\"thumbnailUrl\":\"https:\/\/nk7-testes.com.br\/agazeta\/wp-content\/uploads\/2016\/04\/290416-cotidiano-diadasmaes-tvgazeta.jpg\",\"datePublished\":\"2016-04-29T20:31:52+00:00\",\"author\":{\"@id\":\"https:\/\/nk7-testes.com.br\/agazeta\/#\/schema\/person\/6d6e25cb0435eb4a02fd44d30b4e3020\"},\"breadcrumb\":{\"@id\":\"https:\/\/nk7-testes.com.br\/agazeta\/pesquisa-aponta-pessimismo-em-relacao-ao-dia-das-maes\/#breadcrumb\"},\"inLanguage\":\"pt-BR\",\"potentialAction\":[{\"@type\":\"ReadAction\",\"target\":[\"https:\/\/nk7-testes.com.br\/agazeta\/pesquisa-aponta-pessimismo-em-relacao-ao-dia-das-maes\/\"]}]},{\"@type\":\"ImageObject\",\"inLanguage\":\"pt-BR\",\"@id\":\"https:\/\/nk7-testes.com.br\/agazeta\/pesquisa-aponta-pessimismo-em-relacao-ao-dia-das-maes\/#primaryimage\",\"url\":\"https:\/\/nk7-testes.com.br\/agazeta\/wp-content\/uploads\/2016\/04\/290416-cotidiano-diadasmaes-tvgazeta.jpg\",\"contentUrl\":\"https:\/\/nk7-testes.com.br\/agazeta\/wp-content\/uploads\/2016\/04\/290416-cotidiano-diadasmaes-tvgazeta.jpg\",\"width\":458,\"height\":340,\"caption\":\"290416-cotidiano-diadasmaes-tvgazeta\"},{\"@type\":\"BreadcrumbList\",\"@id\":\"https:\/\/nk7-testes.com.br\/agazeta\/pesquisa-aponta-pessimismo-em-relacao-ao-dia-das-maes\/#breadcrumb\",\"itemListElement\":[{\"@type\":\"ListItem\",\"position\":1,\"name\":\"In\u00edcio\",\"item\":\"https:\/\/nk7-testes.com.br\/agazeta\/\"},{\"@type\":\"ListItem\",\"position\":2,\"name\":\"Pesquisa aponta pessimismo em rela\u00e7\u00e3o ao dia das m\u00e3es\"}]},{\"@type\":\"WebSite\",\"@id\":\"https:\/\/nk7-testes.com.br\/agazeta\/#website\",\"url\":\"https:\/\/nk7-testes.com.br\/agazeta\/\",\"name\":\"Agazeta.net\",\"description\":\"Agazeta.net - Not\u00edcias de Rio Branco\/AC\",\"potentialAction\":[{\"@type\":\"SearchAction\",\"target\":{\"@type\":\"EntryPoint\",\"urlTemplate\":\"https:\/\/nk7-testes.com.br\/agazeta\/?s={search_term_string}\"},\"query-input\":{\"@type\":\"PropertyValueSpecification\",\"valueRequired\":true,\"valueName\":\"search_term_string\"}}],\"inLanguage\":\"pt-BR\"},{\"@type\":\"Person\",\"@id\":\"https:\/\/nk7-testes.com.br\/agazeta\/#\/schema\/person\/6d6e25cb0435eb4a02fd44d30b4e3020\",\"name\":\"Agazeta.Net\",\"url\":\"https:\/\/nk7-testes.com.br\/agazeta\/author\/agazeta\/\"}]}<\/script>\n<!-- \/ Yoast SEO plugin. -->","yoast_head_json":{"title":"Pesquisa aponta pessimismo em rela\u00e7\u00e3o ao dia das m\u00e3es - Agazeta.net","robots":{"index":"index","follow":"follow","max-snippet":"max-snippet:-1","max-image-preview":"max-image-preview:large","max-video-preview":"max-video-preview:-1"},"canonical":"https:\/\/nk7-testes.com.br\/agazeta\/pesquisa-aponta-pessimismo-em-relacao-ao-dia-das-maes\/","og_locale":"pt_BR","og_type":"article","og_title":"Pesquisa aponta pessimismo em rela\u00e7\u00e3o ao dia das m\u00e3es - Agazeta.net","og_description":"Estudo foi realizado pela Fecomercio com 274 empres\u00e1rios","og_url":"https:\/\/nk7-testes.com.br\/agazeta\/pesquisa-aponta-pessimismo-em-relacao-ao-dia-das-maes\/","og_site_name":"Agazeta.net","article_published_time":"2016-04-29T20:31:52+00:00","og_image":[{"width":458,"height":340,"url":"https:\/\/nk7-testes.com.br\/agazeta\/wp-content\/uploads\/2016\/04\/290416-cotidiano-diadasmaes-tvgazeta.jpg","type":"image\/jpeg"}],"author":"Agazeta.Net","twitter_card":"summary_large_image","twitter_misc":{"Escrito por":"Agazeta.Net","Est. tempo de leitura":"2 minutos"},"schema":{"@context":"https:\/\/schema.org","@graph":[{"@type":"WebPage","@id":"https:\/\/nk7-testes.com.br\/agazeta\/pesquisa-aponta-pessimismo-em-relacao-ao-dia-das-maes\/","url":"https:\/\/nk7-testes.com.br\/agazeta\/pesquisa-aponta-pessimismo-em-relacao-ao-dia-das-maes\/","name":"Pesquisa aponta pessimismo em rela\u00e7\u00e3o ao dia das m\u00e3es - Agazeta.net","isPartOf":{"@id":"https:\/\/nk7-testes.com.br\/agazeta\/#website"},"primaryImageOfPage":{"@id":"https:\/\/nk7-testes.com.br\/agazeta\/pesquisa-aponta-pessimismo-em-relacao-ao-dia-das-maes\/#primaryimage"},"image":{"@id":"https:\/\/nk7-testes.com.br\/agazeta\/pesquisa-aponta-pessimismo-em-relacao-ao-dia-das-maes\/#primaryimage"},"thumbnailUrl":"https:\/\/nk7-testes.com.br\/agazeta\/wp-content\/uploads\/2016\/04\/290416-cotidiano-diadasmaes-tvgazeta.jpg","datePublished":"2016-04-29T20:31:52+00:00","author":{"@id":"https:\/\/nk7-testes.com.br\/agazeta\/#\/schema\/person\/6d6e25cb0435eb4a02fd44d30b4e3020"},"breadcrumb":{"@id":"https:\/\/nk7-testes.com.br\/agazeta\/pesquisa-aponta-pessimismo-em-relacao-ao-dia-das-maes\/#breadcrumb"},"inLanguage":"pt-BR","potentialAction":[{"@type":"ReadAction","target":["https:\/\/nk7-testes.com.br\/agazeta\/pesquisa-aponta-pessimismo-em-relacao-ao-dia-das-maes\/"]}]},{"@type":"ImageObject","inLanguage":"pt-BR","@id":"https:\/\/nk7-testes.com.br\/agazeta\/pesquisa-aponta-pessimismo-em-relacao-ao-dia-das-maes\/#primaryimage","url":"https:\/\/nk7-testes.com.br\/agazeta\/wp-content\/uploads\/2016\/04\/290416-cotidiano-diadasmaes-tvgazeta.jpg","contentUrl":"https:\/\/nk7-testes.com.br\/agazeta\/wp-content\/uploads\/2016\/04\/290416-cotidiano-diadasmaes-tvgazeta.jpg","width":458,"height":340,"caption":"290416-cotidiano-diadasmaes-tvgazeta"},{"@type":"BreadcrumbList","@id":"https:\/\/nk7-testes.com.br\/agazeta\/pesquisa-aponta-pessimismo-em-relacao-ao-dia-das-maes\/#breadcrumb","itemListElement":[{"@type":"ListItem","position":1,"name":"In\u00edcio","item":"https:\/\/nk7-testes.com.br\/agazeta\/"},{"@type":"ListItem","position":2,"name":"Pesquisa aponta pessimismo em rela\u00e7\u00e3o ao dia das m\u00e3es"}]},{"@type":"WebSite","@id":"https:\/\/nk7-testes.com.br\/agazeta\/#website","url":"https:\/\/nk7-testes.com.br\/agazeta\/","name":"Agazeta.net","description":"Agazeta.net - Not\u00edcias de Rio Branco\/AC","potentialAction":[{"@type":"SearchAction","target":{"@type":"EntryPoint","urlTemplate":"https:\/\/nk7-testes.com.br\/agazeta\/?s={search_term_string}"},"query-input":{"@type":"PropertyValueSpecification","valueRequired":true,"valueName":"search_term_string"}}],"inLanguage":"pt-BR"},{"@type":"Person","@id":"https:\/\/nk7-testes.com.br\/agazeta\/#\/schema\/person\/6d6e25cb0435eb4a02fd44d30b4e3020","name":"Agazeta.Net","url":"https:\/\/nk7-testes.com.br\/agazeta\/author\/agazeta\/"}]}},"_links":{"self":[{"href":"https:\/\/nk7-testes.com.br\/agazeta\/wp-json\/wp\/v2\/posts\/22504","targetHints":{"allow":["GET"]}}],"collection":[{"href":"https:\/\/nk7-testes.com.br\/agazeta\/wp-json\/wp\/v2\/posts"}],"about":[{"href":"https:\/\/nk7-testes.com.br\/agazeta\/wp-json\/wp\/v2\/types\/post"}],"author":[{"embeddable":true,"href":"https:\/\/nk7-testes.com.br\/agazeta\/wp-json\/wp\/v2\/users\/4"}],"replies":[{"embeddable":true,"href":"https:\/\/nk7-testes.com.br\/agazeta\/wp-json\/wp\/v2\/comments?post=22504"}],"version-history":[{"count":0,"href":"https:\/\/nk7-testes.com.br\/agazeta\/wp-json\/wp\/v2\/posts\/22504\/revisions"}],"wp:featuredmedia":[{"embeddable":true,"href":"https:\/\/nk7-testes.com.br\/agazeta\/wp-json\/wp\/v2\/media\/22503"}],"wp:attachment":[{"href":"https:\/\/nk7-testes.com.br\/agazeta\/wp-json\/wp\/v2\/media?parent=22504"}],"wp:term":[{"taxonomy":"category","embeddable":true,"href":"https:\/\/nk7-testes.com.br\/agazeta\/wp-json\/wp\/v2\/categories?post=22504"},{"taxonomy":"post_tag","embeddable":true,"href":"https:\/\/nk7-testes.com.br\/agazeta\/wp-json\/wp\/v2\/tags?post=22504"}],"curies":[{"name":"wp","href":"https:\/\/api.w.org\/{rel}","templated":true}]}}