{"id":22492,"date":"2016-04-29T14:17:50","date_gmt":"2016-04-29T14:17:50","guid":{"rendered":"https:\/\/abarevegan.com.br\/index.php\/2016\/04\/29\/maternidade-e-acusada-de-negligencia-medica\/"},"modified":"2016-04-29T14:17:50","modified_gmt":"2016-04-29T14:17:50","slug":"maternidade-e-acusada-de-negligencia-medica","status":"publish","type":"post","link":"https:\/\/nk7-testes.com.br\/agazeta\/maternidade-e-acusada-de-negligencia-medica\/","title":{"rendered":"Maternidade \u00e9 acusada de neglig\u00eancia m\u00e9dica"},"content":{"rendered":"<p style=\"text-align: justify;\">Leonor mostra certid\u00e3o de \u00f3bito do filho<\/p>\n<p style=\"text-align: justify;\">Homem acusa Maternidade B\u00e1rbara Heliodora de neglig\u00eancia pela morte do filho. Leonor Oliveira compareceu \u00e0 Delegacia de Flagrantes na noite de quinta-feira com a certid\u00e3o de \u00f3bito do filho com o objetivo de registrar um boletim de ocorr\u00eancia contra a maior maternidade p\u00fablica do Acre.<\/p>\n<p style=\"text-align: justify;\">Ele alega que a esposa, C\u00e1ssia Cristina Sousa da Costa, gr\u00e1vida de nove meses, teve a bolsa estourada na ter\u00e7a (26). Ela foi levada com urg\u00eancia at\u00e9 a maternidade para realizar o parto, mas s\u00f3 foi submetida ao procedimento na quinta-feira (28).<\/p>\n<p style=\"text-align: justify;\">Mas, j\u00e1 era tarde. A crian\u00e7a morreu antes de nascer. O pai do beb\u00ea acusa o hospital de neglig\u00eancia pela demora no atendimento e pela morte da crian\u00e7a.<\/p>\n<p style=\"text-align: justify;\">A assessoria da Secretaria de Estado de Sa\u00fade realiza no fim da manh\u00e3 dessa sexta-feira uma entrevista coletiva para explicar a suposta neglig\u00eancia m\u00e9dica por parte da equipe da Maternidade B\u00e1rbara Heliodora.<\/p>\n","protected":false},"excerpt":{"rendered":"<p style=\"text-align: justify;\">Leonor mostra certid\u00e3o de \u00f3bito do filho<\/p>\n","protected":false},"author":4,"featured_media":22491,"comment_status":"open","ping_status":"open","sticky":false,"template":"","format":"standard","meta":{"jnews-multi-image_gallery":[],"jnews_single_post":[],"jnews_primary_category":[],"jnews_social_meta":[],"jnews_review":[],"enable_review":"","type":"","name":"","summary":"","brand":"","sku":"","good":[],"bad":[],"score_override":"","override_value":"","rating":[],"price":[],"footnotes":""},"categories":[54],"tags":[],"class_list":["post-22492","post","type-post","status-publish","format-standard","has-post-thumbnail","hentry","category-cotidiano"],"yoast_head":"<!-- This site is optimized with the Yoast SEO plugin v26.5 - https:\/\/yoast.com\/wordpress\/plugins\/seo\/ -->\n<title>Maternidade \u00e9 acusada de neglig\u00eancia m\u00e9dica - Agazeta.net<\/title>\n<meta name=\"robots\" content=\"index, follow, max-snippet:-1, max-image-preview:large, max-video-preview:-1\" \/>\n<link rel=\"canonical\" href=\"https:\/\/nk7-testes.com.br\/agazeta\/maternidade-e-acusada-de-negligencia-medica\/\" \/>\n<meta property=\"og:locale\" content=\"pt_BR\" \/>\n<meta property=\"og:type\" content=\"article\" \/>\n<meta property=\"og:title\" content=\"Maternidade \u00e9 acusada de neglig\u00eancia m\u00e9dica - Agazeta.net\" \/>\n<meta property=\"og:description\" content=\"Leonor mostra certid\u00e3o de \u00f3bito do filho\" \/>\n<meta property=\"og:url\" content=\"https:\/\/nk7-testes.com.br\/agazeta\/maternidade-e-acusada-de-negligencia-medica\/\" \/>\n<meta property=\"og:site_name\" content=\"Agazeta.net\" \/>\n<meta property=\"article:published_time\" content=\"2016-04-29T14:17:50+00:00\" \/>\n<meta property=\"og:image\" content=\"https:\/\/nk7-testes.com.br\/agazeta\/wp-content\/uploads\/2016\/04\/290416-cotidiano-maternidade-cleriston.jpg\" \/>\n\t<meta property=\"og:image:width\" content=\"458\" \/>\n\t<meta property=\"og:image:height\" content=\"340\" \/>\n\t<meta property=\"og:image:type\" content=\"image\/jpeg\" \/>\n<meta name=\"author\" content=\"Agazeta.Net\" \/>\n<meta name=\"twitter:card\" content=\"summary_large_image\" \/>\n<meta name=\"twitter:label1\" content=\"Escrito por\" \/>\n\t<meta name=\"twitter:data1\" content=\"Agazeta.Net\" \/>\n\t<meta name=\"twitter:label2\" content=\"Est. tempo de leitura\" \/>\n\t<meta name=\"twitter:data2\" content=\"1 minuto\" \/>\n<script type=\"application\/ld+json\" class=\"yoast-schema-graph\">{\"@context\":\"https:\/\/schema.org\",\"@graph\":[{\"@type\":\"WebPage\",\"@id\":\"https:\/\/nk7-testes.com.br\/agazeta\/maternidade-e-acusada-de-negligencia-medica\/\",\"url\":\"https:\/\/nk7-testes.com.br\/agazeta\/maternidade-e-acusada-de-negligencia-medica\/\",\"name\":\"Maternidade \u00e9 acusada de neglig\u00eancia m\u00e9dica - Agazeta.net\",\"isPartOf\":{\"@id\":\"https:\/\/nk7-testes.com.br\/agazeta\/#website\"},\"primaryImageOfPage\":{\"@id\":\"https:\/\/nk7-testes.com.br\/agazeta\/maternidade-e-acusada-de-negligencia-medica\/#primaryimage\"},\"image\":{\"@id\":\"https:\/\/nk7-testes.com.br\/agazeta\/maternidade-e-acusada-de-negligencia-medica\/#primaryimage\"},\"thumbnailUrl\":\"https:\/\/nk7-testes.com.br\/agazeta\/wp-content\/uploads\/2016\/04\/290416-cotidiano-maternidade-cleriston.jpg\",\"datePublished\":\"2016-04-29T14:17:50+00:00\",\"author\":{\"@id\":\"https:\/\/nk7-testes.com.br\/agazeta\/#\/schema\/person\/6d6e25cb0435eb4a02fd44d30b4e3020\"},\"breadcrumb\":{\"@id\":\"https:\/\/nk7-testes.com.br\/agazeta\/maternidade-e-acusada-de-negligencia-medica\/#breadcrumb\"},\"inLanguage\":\"pt-BR\",\"potentialAction\":[{\"@type\":\"ReadAction\",\"target\":[\"https:\/\/nk7-testes.com.br\/agazeta\/maternidade-e-acusada-de-negligencia-medica\/\"]}]},{\"@type\":\"ImageObject\",\"inLanguage\":\"pt-BR\",\"@id\":\"https:\/\/nk7-testes.com.br\/agazeta\/maternidade-e-acusada-de-negligencia-medica\/#primaryimage\",\"url\":\"https:\/\/nk7-testes.com.br\/agazeta\/wp-content\/uploads\/2016\/04\/290416-cotidiano-maternidade-cleriston.jpg\",\"contentUrl\":\"https:\/\/nk7-testes.com.br\/agazeta\/wp-content\/uploads\/2016\/04\/290416-cotidiano-maternidade-cleriston.jpg\",\"width\":458,\"height\":340,\"caption\":\"290416-cotidiano-maternidade-cleriston\"},{\"@type\":\"BreadcrumbList\",\"@id\":\"https:\/\/nk7-testes.com.br\/agazeta\/maternidade-e-acusada-de-negligencia-medica\/#breadcrumb\",\"itemListElement\":[{\"@type\":\"ListItem\",\"position\":1,\"name\":\"In\u00edcio\",\"item\":\"https:\/\/nk7-testes.com.br\/agazeta\/\"},{\"@type\":\"ListItem\",\"position\":2,\"name\":\"Maternidade \u00e9 acusada de neglig\u00eancia m\u00e9dica\"}]},{\"@type\":\"WebSite\",\"@id\":\"https:\/\/nk7-testes.com.br\/agazeta\/#website\",\"url\":\"https:\/\/nk7-testes.com.br\/agazeta\/\",\"name\":\"Agazeta.net\",\"description\":\"Agazeta.net - Not\u00edcias de Rio Branco\/AC\",\"potentialAction\":[{\"@type\":\"SearchAction\",\"target\":{\"@type\":\"EntryPoint\",\"urlTemplate\":\"https:\/\/nk7-testes.com.br\/agazeta\/?s={search_term_string}\"},\"query-input\":{\"@type\":\"PropertyValueSpecification\",\"valueRequired\":true,\"valueName\":\"search_term_string\"}}],\"inLanguage\":\"pt-BR\"},{\"@type\":\"Person\",\"@id\":\"https:\/\/nk7-testes.com.br\/agazeta\/#\/schema\/person\/6d6e25cb0435eb4a02fd44d30b4e3020\",\"name\":\"Agazeta.Net\",\"url\":\"https:\/\/nk7-testes.com.br\/agazeta\/author\/agazeta\/\"}]}<\/script>\n<!-- \/ Yoast SEO plugin. -->","yoast_head_json":{"title":"Maternidade \u00e9 acusada de neglig\u00eancia m\u00e9dica - Agazeta.net","robots":{"index":"index","follow":"follow","max-snippet":"max-snippet:-1","max-image-preview":"max-image-preview:large","max-video-preview":"max-video-preview:-1"},"canonical":"https:\/\/nk7-testes.com.br\/agazeta\/maternidade-e-acusada-de-negligencia-medica\/","og_locale":"pt_BR","og_type":"article","og_title":"Maternidade \u00e9 acusada de neglig\u00eancia m\u00e9dica - Agazeta.net","og_description":"Leonor mostra certid\u00e3o de \u00f3bito do filho","og_url":"https:\/\/nk7-testes.com.br\/agazeta\/maternidade-e-acusada-de-negligencia-medica\/","og_site_name":"Agazeta.net","article_published_time":"2016-04-29T14:17:50+00:00","og_image":[{"width":458,"height":340,"url":"https:\/\/nk7-testes.com.br\/agazeta\/wp-content\/uploads\/2016\/04\/290416-cotidiano-maternidade-cleriston.jpg","type":"image\/jpeg"}],"author":"Agazeta.Net","twitter_card":"summary_large_image","twitter_misc":{"Escrito por":"Agazeta.Net","Est. tempo de leitura":"1 minuto"},"schema":{"@context":"https:\/\/schema.org","@graph":[{"@type":"WebPage","@id":"https:\/\/nk7-testes.com.br\/agazeta\/maternidade-e-acusada-de-negligencia-medica\/","url":"https:\/\/nk7-testes.com.br\/agazeta\/maternidade-e-acusada-de-negligencia-medica\/","name":"Maternidade \u00e9 acusada de neglig\u00eancia m\u00e9dica - Agazeta.net","isPartOf":{"@id":"https:\/\/nk7-testes.com.br\/agazeta\/#website"},"primaryImageOfPage":{"@id":"https:\/\/nk7-testes.com.br\/agazeta\/maternidade-e-acusada-de-negligencia-medica\/#primaryimage"},"image":{"@id":"https:\/\/nk7-testes.com.br\/agazeta\/maternidade-e-acusada-de-negligencia-medica\/#primaryimage"},"thumbnailUrl":"https:\/\/nk7-testes.com.br\/agazeta\/wp-content\/uploads\/2016\/04\/290416-cotidiano-maternidade-cleriston.jpg","datePublished":"2016-04-29T14:17:50+00:00","author":{"@id":"https:\/\/nk7-testes.com.br\/agazeta\/#\/schema\/person\/6d6e25cb0435eb4a02fd44d30b4e3020"},"breadcrumb":{"@id":"https:\/\/nk7-testes.com.br\/agazeta\/maternidade-e-acusada-de-negligencia-medica\/#breadcrumb"},"inLanguage":"pt-BR","potentialAction":[{"@type":"ReadAction","target":["https:\/\/nk7-testes.com.br\/agazeta\/maternidade-e-acusada-de-negligencia-medica\/"]}]},{"@type":"ImageObject","inLanguage":"pt-BR","@id":"https:\/\/nk7-testes.com.br\/agazeta\/maternidade-e-acusada-de-negligencia-medica\/#primaryimage","url":"https:\/\/nk7-testes.com.br\/agazeta\/wp-content\/uploads\/2016\/04\/290416-cotidiano-maternidade-cleriston.jpg","contentUrl":"https:\/\/nk7-testes.com.br\/agazeta\/wp-content\/uploads\/2016\/04\/290416-cotidiano-maternidade-cleriston.jpg","width":458,"height":340,"caption":"290416-cotidiano-maternidade-cleriston"},{"@type":"BreadcrumbList","@id":"https:\/\/nk7-testes.com.br\/agazeta\/maternidade-e-acusada-de-negligencia-medica\/#breadcrumb","itemListElement":[{"@type":"ListItem","position":1,"name":"In\u00edcio","item":"https:\/\/nk7-testes.com.br\/agazeta\/"},{"@type":"ListItem","position":2,"name":"Maternidade \u00e9 acusada de neglig\u00eancia m\u00e9dica"}]},{"@type":"WebSite","@id":"https:\/\/nk7-testes.com.br\/agazeta\/#website","url":"https:\/\/nk7-testes.com.br\/agazeta\/","name":"Agazeta.net","description":"Agazeta.net - Not\u00edcias de Rio Branco\/AC","potentialAction":[{"@type":"SearchAction","target":{"@type":"EntryPoint","urlTemplate":"https:\/\/nk7-testes.com.br\/agazeta\/?s={search_term_string}"},"query-input":{"@type":"PropertyValueSpecification","valueRequired":true,"valueName":"search_term_string"}}],"inLanguage":"pt-BR"},{"@type":"Person","@id":"https:\/\/nk7-testes.com.br\/agazeta\/#\/schema\/person\/6d6e25cb0435eb4a02fd44d30b4e3020","name":"Agazeta.Net","url":"https:\/\/nk7-testes.com.br\/agazeta\/author\/agazeta\/"}]}},"_links":{"self":[{"href":"https:\/\/nk7-testes.com.br\/agazeta\/wp-json\/wp\/v2\/posts\/22492","targetHints":{"allow":["GET"]}}],"collection":[{"href":"https:\/\/nk7-testes.com.br\/agazeta\/wp-json\/wp\/v2\/posts"}],"about":[{"href":"https:\/\/nk7-testes.com.br\/agazeta\/wp-json\/wp\/v2\/types\/post"}],"author":[{"embeddable":true,"href":"https:\/\/nk7-testes.com.br\/agazeta\/wp-json\/wp\/v2\/users\/4"}],"replies":[{"embeddable":true,"href":"https:\/\/nk7-testes.com.br\/agazeta\/wp-json\/wp\/v2\/comments?post=22492"}],"version-history":[{"count":0,"href":"https:\/\/nk7-testes.com.br\/agazeta\/wp-json\/wp\/v2\/posts\/22492\/revisions"}],"wp:featuredmedia":[{"embeddable":true,"href":"https:\/\/nk7-testes.com.br\/agazeta\/wp-json\/wp\/v2\/media\/22491"}],"wp:attachment":[{"href":"https:\/\/nk7-testes.com.br\/agazeta\/wp-json\/wp\/v2\/media?parent=22492"}],"wp:term":[{"taxonomy":"category","embeddable":true,"href":"https:\/\/nk7-testes.com.br\/agazeta\/wp-json\/wp\/v2\/categories?post=22492"},{"taxonomy":"post_tag","embeddable":true,"href":"https:\/\/nk7-testes.com.br\/agazeta\/wp-json\/wp\/v2\/tags?post=22492"}],"curies":[{"name":"wp","href":"https:\/\/api.w.org\/{rel}","templated":true}]}}