{"id":22440,"date":"2016-04-28T21:00:26","date_gmt":"2016-04-28T21:00:26","guid":{"rendered":"https:\/\/abarevegan.com.br\/index.php\/2016\/04\/28\/ufac-sedia-2-conferencia-mundial-da-ayahuasca\/"},"modified":"2016-04-28T21:00:26","modified_gmt":"2016-04-28T21:00:26","slug":"ufac-sedia-2-conferencia-mundial-da-ayahuasca","status":"publish","type":"post","link":"https:\/\/nk7-testes.com.br\/agazeta\/ufac-sedia-2-conferencia-mundial-da-ayahuasca\/","title":{"rendered":"Ufac sedia 2\u00aa Confer\u00eancia Mundial da Ayahuasca"},"content":{"rendered":"<p style=\"text-align: justify;\">Evento marcado para outubro traz especialistas<\/p>\n<p style=\"text-align: justify;\">Est\u00e1 aberto, at\u00e9 o dia 15 de maio, o prazo para envio de propostas de trabalhos para a 2\u00aa Confer\u00eancia Mundial da Ayahuasca. Organizada pelo Centro Internacional para Educa\u00e7\u00e3o, Pesquisa e Servi\u00e7o em Etnobot\u00e2nica (Iceers, na sigla em ingl\u00eas), com coparticipa\u00e7\u00e3o da Universidade Federal do Acre (Ufac), o evento trar\u00e1 a Rio Branco, de 17 a 22 de outubro, pelo menos 37 especialistas de diferentes \u00e1reas e pa\u00edses.<\/p>\n<p style=\"text-align: justify;\">O protocolo de inten\u00e7\u00f5es firmado ente Ufac e Iceers, garantindo a realiza\u00e7\u00e3o do evento no campus de Rio Branco, foi assinado em reuni\u00e3o no \u00faltimo dia 26.<\/p>\n<p style=\"text-align: justify;\">Para submeter propostas, os interessados devem acessar a p\u00e1gina do evento na internet, clicar na barra \u201cCall for Abstracts\u201d e preencher os campos apresentados. Os trabalhos poder\u00e3o integrar duas categorias.<\/p>\n<p style=\"text-align: justify;\">\u201cAcad\u00eamica\u201d, onde participam pessoas ou grupos de pesquisa vinculados ao segmento acad\u00eamico-cient\u00edfico e \u201cComunidade\u201d, para todos os demais interessados. Os trabalhos, selecionados pelo comit\u00ea cient\u00edfico, formado por quatro especialistas, poder\u00e3o ser apresentados em portugu\u00eas, espanhol ou ingl\u00eas.<\/p>\n<p style=\"text-align: justify;\">A primeira edi\u00e7\u00e3o da Confer\u00eancia Mundial da Ayahuasca foi realizada h\u00e1 dois anos, em Ibiza (Espanha). Na ocasi\u00e3o, quase cem propostas de trabalhos foram recebidas pela organiza\u00e7\u00e3o, que selecionou 60 pesquisas para apresenta\u00e7\u00e3o.<\/p>\n<p style=\"text-align: justify;\">Mais de cem participantes s\u00e3o aguardados pela organiza\u00e7\u00e3o para compartilhar conhecimentos, li\u00e7\u00f5es e aprendizagens. Tamb\u00e9m ser\u00e3o exibidos materiais audiovisuais, mostra de arte e cultura ind\u00edgena e diferentes viv\u00eancias e formatos de intera\u00e7\u00e3o.<\/p>\n","protected":false},"excerpt":{"rendered":"<p style=\"text-align: justify;\">Evento marcado para outubro traz especialistas<\/p>\n","protected":false},"author":4,"featured_media":22439,"comment_status":"open","ping_status":"open","sticky":false,"template":"","format":"standard","meta":{"jnews-multi-image_gallery":[],"jnews_single_post":[],"jnews_primary_category":[],"jnews_social_meta":[],"jnews_review":[],"enable_review":"","type":"","name":"","summary":"","brand":"","sku":"","good":[],"bad":[],"score_override":"","override_value":"","rating":[],"price":[],"footnotes":""},"categories":[54],"tags":[],"class_list":["post-22440","post","type-post","status-publish","format-standard","has-post-thumbnail","hentry","category-cotidiano"],"yoast_head":"<!-- This site is optimized with the Yoast SEO plugin v26.5 - https:\/\/yoast.com\/wordpress\/plugins\/seo\/ -->\n<title>Ufac sedia 2\u00aa Confer\u00eancia Mundial da Ayahuasca - Agazeta.net<\/title>\n<meta name=\"robots\" content=\"index, follow, max-snippet:-1, max-image-preview:large, max-video-preview:-1\" \/>\n<link rel=\"canonical\" href=\"https:\/\/nk7-testes.com.br\/agazeta\/ufac-sedia-2-conferencia-mundial-da-ayahuasca\/\" \/>\n<meta property=\"og:locale\" content=\"pt_BR\" \/>\n<meta property=\"og:type\" content=\"article\" \/>\n<meta property=\"og:title\" content=\"Ufac sedia 2\u00aa Confer\u00eancia Mundial da Ayahuasca - Agazeta.net\" \/>\n<meta property=\"og:description\" content=\"Evento marcado para outubro traz especialistas\" \/>\n<meta property=\"og:url\" content=\"https:\/\/nk7-testes.com.br\/agazeta\/ufac-sedia-2-conferencia-mundial-da-ayahuasca\/\" \/>\n<meta property=\"og:site_name\" content=\"Agazeta.net\" \/>\n<meta property=\"article:published_time\" content=\"2016-04-28T21:00:26+00:00\" \/>\n<meta property=\"og:image\" content=\"https:\/\/nk7-testes.com.br\/agazeta\/wp-content\/uploads\/2016\/04\/280416-cotidiano-ufacayhuasca-ascomufac.jpg\" \/>\n\t<meta property=\"og:image:width\" content=\"458\" \/>\n\t<meta property=\"og:image:height\" content=\"340\" \/>\n\t<meta property=\"og:image:type\" content=\"image\/jpeg\" \/>\n<meta name=\"author\" content=\"Agazeta.Net\" \/>\n<meta name=\"twitter:card\" content=\"summary_large_image\" \/>\n<meta name=\"twitter:label1\" content=\"Escrito por\" \/>\n\t<meta name=\"twitter:data1\" content=\"Agazeta.Net\" \/>\n\t<meta name=\"twitter:label2\" content=\"Est. tempo de leitura\" \/>\n\t<meta name=\"twitter:data2\" content=\"1 minuto\" \/>\n<script type=\"application\/ld+json\" class=\"yoast-schema-graph\">{\"@context\":\"https:\/\/schema.org\",\"@graph\":[{\"@type\":\"WebPage\",\"@id\":\"https:\/\/nk7-testes.com.br\/agazeta\/ufac-sedia-2-conferencia-mundial-da-ayahuasca\/\",\"url\":\"https:\/\/nk7-testes.com.br\/agazeta\/ufac-sedia-2-conferencia-mundial-da-ayahuasca\/\",\"name\":\"Ufac sedia 2\u00aa Confer\u00eancia Mundial da Ayahuasca - Agazeta.net\",\"isPartOf\":{\"@id\":\"https:\/\/nk7-testes.com.br\/agazeta\/#website\"},\"primaryImageOfPage\":{\"@id\":\"https:\/\/nk7-testes.com.br\/agazeta\/ufac-sedia-2-conferencia-mundial-da-ayahuasca\/#primaryimage\"},\"image\":{\"@id\":\"https:\/\/nk7-testes.com.br\/agazeta\/ufac-sedia-2-conferencia-mundial-da-ayahuasca\/#primaryimage\"},\"thumbnailUrl\":\"https:\/\/nk7-testes.com.br\/agazeta\/wp-content\/uploads\/2016\/04\/280416-cotidiano-ufacayhuasca-ascomufac.jpg\",\"datePublished\":\"2016-04-28T21:00:26+00:00\",\"author\":{\"@id\":\"https:\/\/nk7-testes.com.br\/agazeta\/#\/schema\/person\/6d6e25cb0435eb4a02fd44d30b4e3020\"},\"breadcrumb\":{\"@id\":\"https:\/\/nk7-testes.com.br\/agazeta\/ufac-sedia-2-conferencia-mundial-da-ayahuasca\/#breadcrumb\"},\"inLanguage\":\"pt-BR\",\"potentialAction\":[{\"@type\":\"ReadAction\",\"target\":[\"https:\/\/nk7-testes.com.br\/agazeta\/ufac-sedia-2-conferencia-mundial-da-ayahuasca\/\"]}]},{\"@type\":\"ImageObject\",\"inLanguage\":\"pt-BR\",\"@id\":\"https:\/\/nk7-testes.com.br\/agazeta\/ufac-sedia-2-conferencia-mundial-da-ayahuasca\/#primaryimage\",\"url\":\"https:\/\/nk7-testes.com.br\/agazeta\/wp-content\/uploads\/2016\/04\/280416-cotidiano-ufacayhuasca-ascomufac.jpg\",\"contentUrl\":\"https:\/\/nk7-testes.com.br\/agazeta\/wp-content\/uploads\/2016\/04\/280416-cotidiano-ufacayhuasca-ascomufac.jpg\",\"width\":458,\"height\":340,\"caption\":\"280416-cotidiano-ufacayhuasca-ascomufac\"},{\"@type\":\"BreadcrumbList\",\"@id\":\"https:\/\/nk7-testes.com.br\/agazeta\/ufac-sedia-2-conferencia-mundial-da-ayahuasca\/#breadcrumb\",\"itemListElement\":[{\"@type\":\"ListItem\",\"position\":1,\"name\":\"In\u00edcio\",\"item\":\"https:\/\/nk7-testes.com.br\/agazeta\/\"},{\"@type\":\"ListItem\",\"position\":2,\"name\":\"Ufac sedia 2\u00aa Confer\u00eancia Mundial da Ayahuasca\"}]},{\"@type\":\"WebSite\",\"@id\":\"https:\/\/nk7-testes.com.br\/agazeta\/#website\",\"url\":\"https:\/\/nk7-testes.com.br\/agazeta\/\",\"name\":\"Agazeta.net\",\"description\":\"Agazeta.net - Not\u00edcias de Rio Branco\/AC\",\"potentialAction\":[{\"@type\":\"SearchAction\",\"target\":{\"@type\":\"EntryPoint\",\"urlTemplate\":\"https:\/\/nk7-testes.com.br\/agazeta\/?s={search_term_string}\"},\"query-input\":{\"@type\":\"PropertyValueSpecification\",\"valueRequired\":true,\"valueName\":\"search_term_string\"}}],\"inLanguage\":\"pt-BR\"},{\"@type\":\"Person\",\"@id\":\"https:\/\/nk7-testes.com.br\/agazeta\/#\/schema\/person\/6d6e25cb0435eb4a02fd44d30b4e3020\",\"name\":\"Agazeta.Net\",\"url\":\"https:\/\/nk7-testes.com.br\/agazeta\/author\/agazeta\/\"}]}<\/script>\n<!-- \/ Yoast SEO plugin. -->","yoast_head_json":{"title":"Ufac sedia 2\u00aa Confer\u00eancia Mundial da Ayahuasca - Agazeta.net","robots":{"index":"index","follow":"follow","max-snippet":"max-snippet:-1","max-image-preview":"max-image-preview:large","max-video-preview":"max-video-preview:-1"},"canonical":"https:\/\/nk7-testes.com.br\/agazeta\/ufac-sedia-2-conferencia-mundial-da-ayahuasca\/","og_locale":"pt_BR","og_type":"article","og_title":"Ufac sedia 2\u00aa Confer\u00eancia Mundial da Ayahuasca - Agazeta.net","og_description":"Evento marcado para outubro traz especialistas","og_url":"https:\/\/nk7-testes.com.br\/agazeta\/ufac-sedia-2-conferencia-mundial-da-ayahuasca\/","og_site_name":"Agazeta.net","article_published_time":"2016-04-28T21:00:26+00:00","og_image":[{"width":458,"height":340,"url":"https:\/\/nk7-testes.com.br\/agazeta\/wp-content\/uploads\/2016\/04\/280416-cotidiano-ufacayhuasca-ascomufac.jpg","type":"image\/jpeg"}],"author":"Agazeta.Net","twitter_card":"summary_large_image","twitter_misc":{"Escrito por":"Agazeta.Net","Est. tempo de leitura":"1 minuto"},"schema":{"@context":"https:\/\/schema.org","@graph":[{"@type":"WebPage","@id":"https:\/\/nk7-testes.com.br\/agazeta\/ufac-sedia-2-conferencia-mundial-da-ayahuasca\/","url":"https:\/\/nk7-testes.com.br\/agazeta\/ufac-sedia-2-conferencia-mundial-da-ayahuasca\/","name":"Ufac sedia 2\u00aa Confer\u00eancia Mundial da Ayahuasca - Agazeta.net","isPartOf":{"@id":"https:\/\/nk7-testes.com.br\/agazeta\/#website"},"primaryImageOfPage":{"@id":"https:\/\/nk7-testes.com.br\/agazeta\/ufac-sedia-2-conferencia-mundial-da-ayahuasca\/#primaryimage"},"image":{"@id":"https:\/\/nk7-testes.com.br\/agazeta\/ufac-sedia-2-conferencia-mundial-da-ayahuasca\/#primaryimage"},"thumbnailUrl":"https:\/\/nk7-testes.com.br\/agazeta\/wp-content\/uploads\/2016\/04\/280416-cotidiano-ufacayhuasca-ascomufac.jpg","datePublished":"2016-04-28T21:00:26+00:00","author":{"@id":"https:\/\/nk7-testes.com.br\/agazeta\/#\/schema\/person\/6d6e25cb0435eb4a02fd44d30b4e3020"},"breadcrumb":{"@id":"https:\/\/nk7-testes.com.br\/agazeta\/ufac-sedia-2-conferencia-mundial-da-ayahuasca\/#breadcrumb"},"inLanguage":"pt-BR","potentialAction":[{"@type":"ReadAction","target":["https:\/\/nk7-testes.com.br\/agazeta\/ufac-sedia-2-conferencia-mundial-da-ayahuasca\/"]}]},{"@type":"ImageObject","inLanguage":"pt-BR","@id":"https:\/\/nk7-testes.com.br\/agazeta\/ufac-sedia-2-conferencia-mundial-da-ayahuasca\/#primaryimage","url":"https:\/\/nk7-testes.com.br\/agazeta\/wp-content\/uploads\/2016\/04\/280416-cotidiano-ufacayhuasca-ascomufac.jpg","contentUrl":"https:\/\/nk7-testes.com.br\/agazeta\/wp-content\/uploads\/2016\/04\/280416-cotidiano-ufacayhuasca-ascomufac.jpg","width":458,"height":340,"caption":"280416-cotidiano-ufacayhuasca-ascomufac"},{"@type":"BreadcrumbList","@id":"https:\/\/nk7-testes.com.br\/agazeta\/ufac-sedia-2-conferencia-mundial-da-ayahuasca\/#breadcrumb","itemListElement":[{"@type":"ListItem","position":1,"name":"In\u00edcio","item":"https:\/\/nk7-testes.com.br\/agazeta\/"},{"@type":"ListItem","position":2,"name":"Ufac sedia 2\u00aa Confer\u00eancia Mundial da Ayahuasca"}]},{"@type":"WebSite","@id":"https:\/\/nk7-testes.com.br\/agazeta\/#website","url":"https:\/\/nk7-testes.com.br\/agazeta\/","name":"Agazeta.net","description":"Agazeta.net - Not\u00edcias de Rio Branco\/AC","potentialAction":[{"@type":"SearchAction","target":{"@type":"EntryPoint","urlTemplate":"https:\/\/nk7-testes.com.br\/agazeta\/?s={search_term_string}"},"query-input":{"@type":"PropertyValueSpecification","valueRequired":true,"valueName":"search_term_string"}}],"inLanguage":"pt-BR"},{"@type":"Person","@id":"https:\/\/nk7-testes.com.br\/agazeta\/#\/schema\/person\/6d6e25cb0435eb4a02fd44d30b4e3020","name":"Agazeta.Net","url":"https:\/\/nk7-testes.com.br\/agazeta\/author\/agazeta\/"}]}},"_links":{"self":[{"href":"https:\/\/nk7-testes.com.br\/agazeta\/wp-json\/wp\/v2\/posts\/22440","targetHints":{"allow":["GET"]}}],"collection":[{"href":"https:\/\/nk7-testes.com.br\/agazeta\/wp-json\/wp\/v2\/posts"}],"about":[{"href":"https:\/\/nk7-testes.com.br\/agazeta\/wp-json\/wp\/v2\/types\/post"}],"author":[{"embeddable":true,"href":"https:\/\/nk7-testes.com.br\/agazeta\/wp-json\/wp\/v2\/users\/4"}],"replies":[{"embeddable":true,"href":"https:\/\/nk7-testes.com.br\/agazeta\/wp-json\/wp\/v2\/comments?post=22440"}],"version-history":[{"count":0,"href":"https:\/\/nk7-testes.com.br\/agazeta\/wp-json\/wp\/v2\/posts\/22440\/revisions"}],"wp:featuredmedia":[{"embeddable":true,"href":"https:\/\/nk7-testes.com.br\/agazeta\/wp-json\/wp\/v2\/media\/22439"}],"wp:attachment":[{"href":"https:\/\/nk7-testes.com.br\/agazeta\/wp-json\/wp\/v2\/media?parent=22440"}],"wp:term":[{"taxonomy":"category","embeddable":true,"href":"https:\/\/nk7-testes.com.br\/agazeta\/wp-json\/wp\/v2\/categories?post=22440"},{"taxonomy":"post_tag","embeddable":true,"href":"https:\/\/nk7-testes.com.br\/agazeta\/wp-json\/wp\/v2\/tags?post=22440"}],"curies":[{"name":"wp","href":"https:\/\/api.w.org\/{rel}","templated":true}]}}