{"id":22420,"date":"2016-04-27T21:16:09","date_gmt":"2016-04-27T21:16:09","guid":{"rendered":"https:\/\/abarevegan.com.br\/index.php\/2016\/04\/27\/familias-protestam-contra-corrupcao-na-habitacao\/"},"modified":"2016-04-27T21:16:09","modified_gmt":"2016-04-27T21:16:09","slug":"familias-protestam-contra-corrupcao-na-habitacao","status":"publish","type":"post","link":"https:\/\/nk7-testes.com.br\/agazeta\/familias-protestam-contra-corrupcao-na-habitacao\/","title":{"rendered":"Fam\u00edlias protestam contra corrup\u00e7\u00e3o na Habita\u00e7\u00e3o"},"content":{"rendered":"<p style=\"text-align: justify;\">V\u00edtimas da corrup\u00e7\u00e3o cobram provid\u00eancias do poder p\u00fablico<\/p>\n<p style=\"text-align: justify;\">Fam\u00edlias que recebem o aluguel social ocuparam a entrada da Secretaria de Estado de Habita\u00e7\u00e3o. Elas protestaram contra os casos de corrup\u00e7\u00e3o envolvendo diretores do \u00f3rg\u00e3o p\u00fablico, acusados de negociar casas do programa do Governo Federal \u201cMinha Casa Minha Vida\u201d.<\/p>\n<p style=\"text-align: justify;\">\u201cComo eles podem negociar casas de um programa p\u00fablico para fam\u00edlias que nem n\u00f3s (sic), que n\u00e3o t\u00eam condi\u00e7\u00f5es?\u201d, indignou-se o carpinteiro Edilson Silva, um dos l\u00edderes da manifesta\u00e7\u00e3o. \u201cA\u00ed, eles tiram a gente (sic) das nossas casas, levam para aluguel social e vendem casas para quem n\u00e3o precisa e isso vai ficar por isso mesmo\u201d.<\/p>\n<p style=\"text-align: justify;\">O carpinteiro disse que a Sehab garantiu que todas as fam\u00edlias do aluguel social ficariam apenas 6 meses naquela condi\u00e7\u00e3o e depois receberiam as casas populares. Mas, essa promessa ocorreu h\u00e1 dois anos e eles continuam sem uma casa definitiva. Al\u00e9m disso, o aluguel ainda chega a atrasar.<\/p>\n<p style=\"text-align: justify;\">Ao saber da opera\u00e7\u00e3o lares, desencadeada pela Pol\u00edcia Civil, que investiga uma quadrilha acusada de vender casas populares, as fam\u00edlias decidiram buscar uma reposta.<\/p>\n<p style=\"text-align: justify;\">Um dos conjuntos investigados no esquema \u00e9 o Rui Lino 3, exatamente as unidades que essas pessoas alegam que seriam enviadas. Representantes da secretaria ouviram as reclama\u00e7\u00f5es das fam\u00edlias. Houve discuss\u00e3o e o clima ficou tenso entre os representantes da comunidade e os gestores p\u00fablicos.<\/p>\n<p style=\"text-align: justify;\">Daniel Gomes, assessor direto do secret\u00e1rio de Estado de Habita\u00e7\u00e3o, Jamyl Asfury, foi preso na Opera\u00e7\u00e3o Lares. Ele assessora Asfury desde a \u00e9poca em que o atual secret\u00e1rio de Habita\u00e7\u00e3o era deputado estadual. Marco Henrique Huck, C\u00edcera Dantas da Silva e Rossandra Mara Melo de Lima tamb\u00e9m integravam o grupo que fraudava a execu\u00e7\u00e3o da pol\u00edtica de habita\u00e7\u00e3o no Acre.<\/p>\n","protected":false},"excerpt":{"rendered":"<p style=\"text-align: justify;\">V\u00edtimas da corrup\u00e7\u00e3o cobram provid\u00eancias do poder p\u00fablico<\/p>\n","protected":false},"author":4,"featured_media":22419,"comment_status":"open","ping_status":"open","sticky":false,"template":"","format":"standard","meta":{"jnews-multi-image_gallery":[],"jnews_single_post":[],"jnews_primary_category":[],"jnews_social_meta":[],"jnews_review":[],"enable_review":"","type":"","name":"","summary":"","brand":"","sku":"","good":[],"bad":[],"score_override":"","override_value":"","rating":[],"price":[],"footnotes":""},"categories":[44],"tags":[],"class_list":["post-22420","post","type-post","status-publish","format-standard","has-post-thumbnail","hentry","category-policia"],"yoast_head":"<!-- This site is optimized with the Yoast SEO plugin v26.5 - https:\/\/yoast.com\/wordpress\/plugins\/seo\/ -->\n<title>Fam\u00edlias protestam contra corrup\u00e7\u00e3o na Habita\u00e7\u00e3o - Agazeta.net<\/title>\n<meta name=\"robots\" content=\"index, follow, max-snippet:-1, max-image-preview:large, max-video-preview:-1\" \/>\n<link rel=\"canonical\" href=\"https:\/\/nk7-testes.com.br\/agazeta\/familias-protestam-contra-corrupcao-na-habitacao\/\" \/>\n<meta property=\"og:locale\" content=\"pt_BR\" \/>\n<meta property=\"og:type\" content=\"article\" \/>\n<meta property=\"og:title\" content=\"Fam\u00edlias protestam contra corrup\u00e7\u00e3o na Habita\u00e7\u00e3o - Agazeta.net\" \/>\n<meta property=\"og:description\" content=\"V\u00edtimas da corrup\u00e7\u00e3o cobram provid\u00eancias do poder p\u00fablico\" \/>\n<meta property=\"og:url\" content=\"https:\/\/nk7-testes.com.br\/agazeta\/familias-protestam-contra-corrupcao-na-habitacao\/\" \/>\n<meta property=\"og:site_name\" content=\"Agazeta.net\" \/>\n<meta property=\"article:published_time\" content=\"2016-04-27T21:16:09+00:00\" \/>\n<meta property=\"og:image\" content=\"https:\/\/nk7-testes.com.br\/agazeta\/wp-content\/uploads\/2016\/04\/270416-politica-protestosehab-tvgazeta.jpg\" \/>\n\t<meta property=\"og:image:width\" content=\"458\" \/>\n\t<meta property=\"og:image:height\" content=\"340\" \/>\n\t<meta property=\"og:image:type\" content=\"image\/jpeg\" \/>\n<meta name=\"author\" content=\"Agazeta.Net\" \/>\n<meta name=\"twitter:card\" content=\"summary_large_image\" \/>\n<meta name=\"twitter:label1\" content=\"Escrito por\" \/>\n\t<meta name=\"twitter:data1\" content=\"Agazeta.Net\" \/>\n\t<meta name=\"twitter:label2\" content=\"Est. tempo de leitura\" \/>\n\t<meta name=\"twitter:data2\" content=\"2 minutos\" \/>\n<script type=\"application\/ld+json\" class=\"yoast-schema-graph\">{\"@context\":\"https:\/\/schema.org\",\"@graph\":[{\"@type\":\"WebPage\",\"@id\":\"https:\/\/nk7-testes.com.br\/agazeta\/familias-protestam-contra-corrupcao-na-habitacao\/\",\"url\":\"https:\/\/nk7-testes.com.br\/agazeta\/familias-protestam-contra-corrupcao-na-habitacao\/\",\"name\":\"Fam\u00edlias protestam contra corrup\u00e7\u00e3o na Habita\u00e7\u00e3o - Agazeta.net\",\"isPartOf\":{\"@id\":\"https:\/\/nk7-testes.com.br\/agazeta\/#website\"},\"primaryImageOfPage\":{\"@id\":\"https:\/\/nk7-testes.com.br\/agazeta\/familias-protestam-contra-corrupcao-na-habitacao\/#primaryimage\"},\"image\":{\"@id\":\"https:\/\/nk7-testes.com.br\/agazeta\/familias-protestam-contra-corrupcao-na-habitacao\/#primaryimage\"},\"thumbnailUrl\":\"https:\/\/nk7-testes.com.br\/agazeta\/wp-content\/uploads\/2016\/04\/270416-politica-protestosehab-tvgazeta.jpg\",\"datePublished\":\"2016-04-27T21:16:09+00:00\",\"author\":{\"@id\":\"https:\/\/nk7-testes.com.br\/agazeta\/#\/schema\/person\/6d6e25cb0435eb4a02fd44d30b4e3020\"},\"breadcrumb\":{\"@id\":\"https:\/\/nk7-testes.com.br\/agazeta\/familias-protestam-contra-corrupcao-na-habitacao\/#breadcrumb\"},\"inLanguage\":\"pt-BR\",\"potentialAction\":[{\"@type\":\"ReadAction\",\"target\":[\"https:\/\/nk7-testes.com.br\/agazeta\/familias-protestam-contra-corrupcao-na-habitacao\/\"]}]},{\"@type\":\"ImageObject\",\"inLanguage\":\"pt-BR\",\"@id\":\"https:\/\/nk7-testes.com.br\/agazeta\/familias-protestam-contra-corrupcao-na-habitacao\/#primaryimage\",\"url\":\"https:\/\/nk7-testes.com.br\/agazeta\/wp-content\/uploads\/2016\/04\/270416-politica-protestosehab-tvgazeta.jpg\",\"contentUrl\":\"https:\/\/nk7-testes.com.br\/agazeta\/wp-content\/uploads\/2016\/04\/270416-politica-protestosehab-tvgazeta.jpg\",\"width\":458,\"height\":340,\"caption\":\"270416-politica-protestosehab-tvgazeta\"},{\"@type\":\"BreadcrumbList\",\"@id\":\"https:\/\/nk7-testes.com.br\/agazeta\/familias-protestam-contra-corrupcao-na-habitacao\/#breadcrumb\",\"itemListElement\":[{\"@type\":\"ListItem\",\"position\":1,\"name\":\"In\u00edcio\",\"item\":\"https:\/\/nk7-testes.com.br\/agazeta\/\"},{\"@type\":\"ListItem\",\"position\":2,\"name\":\"Fam\u00edlias protestam contra corrup\u00e7\u00e3o na Habita\u00e7\u00e3o\"}]},{\"@type\":\"WebSite\",\"@id\":\"https:\/\/nk7-testes.com.br\/agazeta\/#website\",\"url\":\"https:\/\/nk7-testes.com.br\/agazeta\/\",\"name\":\"Agazeta.net\",\"description\":\"Agazeta.net - Not\u00edcias de Rio Branco\/AC\",\"potentialAction\":[{\"@type\":\"SearchAction\",\"target\":{\"@type\":\"EntryPoint\",\"urlTemplate\":\"https:\/\/nk7-testes.com.br\/agazeta\/?s={search_term_string}\"},\"query-input\":{\"@type\":\"PropertyValueSpecification\",\"valueRequired\":true,\"valueName\":\"search_term_string\"}}],\"inLanguage\":\"pt-BR\"},{\"@type\":\"Person\",\"@id\":\"https:\/\/nk7-testes.com.br\/agazeta\/#\/schema\/person\/6d6e25cb0435eb4a02fd44d30b4e3020\",\"name\":\"Agazeta.Net\",\"url\":\"https:\/\/nk7-testes.com.br\/agazeta\/author\/agazeta\/\"}]}<\/script>\n<!-- \/ Yoast SEO plugin. -->","yoast_head_json":{"title":"Fam\u00edlias protestam contra corrup\u00e7\u00e3o na Habita\u00e7\u00e3o - Agazeta.net","robots":{"index":"index","follow":"follow","max-snippet":"max-snippet:-1","max-image-preview":"max-image-preview:large","max-video-preview":"max-video-preview:-1"},"canonical":"https:\/\/nk7-testes.com.br\/agazeta\/familias-protestam-contra-corrupcao-na-habitacao\/","og_locale":"pt_BR","og_type":"article","og_title":"Fam\u00edlias protestam contra corrup\u00e7\u00e3o na Habita\u00e7\u00e3o - Agazeta.net","og_description":"V\u00edtimas da corrup\u00e7\u00e3o cobram provid\u00eancias do poder p\u00fablico","og_url":"https:\/\/nk7-testes.com.br\/agazeta\/familias-protestam-contra-corrupcao-na-habitacao\/","og_site_name":"Agazeta.net","article_published_time":"2016-04-27T21:16:09+00:00","og_image":[{"width":458,"height":340,"url":"https:\/\/nk7-testes.com.br\/agazeta\/wp-content\/uploads\/2016\/04\/270416-politica-protestosehab-tvgazeta.jpg","type":"image\/jpeg"}],"author":"Agazeta.Net","twitter_card":"summary_large_image","twitter_misc":{"Escrito por":"Agazeta.Net","Est. tempo de leitura":"2 minutos"},"schema":{"@context":"https:\/\/schema.org","@graph":[{"@type":"WebPage","@id":"https:\/\/nk7-testes.com.br\/agazeta\/familias-protestam-contra-corrupcao-na-habitacao\/","url":"https:\/\/nk7-testes.com.br\/agazeta\/familias-protestam-contra-corrupcao-na-habitacao\/","name":"Fam\u00edlias protestam contra corrup\u00e7\u00e3o na Habita\u00e7\u00e3o - Agazeta.net","isPartOf":{"@id":"https:\/\/nk7-testes.com.br\/agazeta\/#website"},"primaryImageOfPage":{"@id":"https:\/\/nk7-testes.com.br\/agazeta\/familias-protestam-contra-corrupcao-na-habitacao\/#primaryimage"},"image":{"@id":"https:\/\/nk7-testes.com.br\/agazeta\/familias-protestam-contra-corrupcao-na-habitacao\/#primaryimage"},"thumbnailUrl":"https:\/\/nk7-testes.com.br\/agazeta\/wp-content\/uploads\/2016\/04\/270416-politica-protestosehab-tvgazeta.jpg","datePublished":"2016-04-27T21:16:09+00:00","author":{"@id":"https:\/\/nk7-testes.com.br\/agazeta\/#\/schema\/person\/6d6e25cb0435eb4a02fd44d30b4e3020"},"breadcrumb":{"@id":"https:\/\/nk7-testes.com.br\/agazeta\/familias-protestam-contra-corrupcao-na-habitacao\/#breadcrumb"},"inLanguage":"pt-BR","potentialAction":[{"@type":"ReadAction","target":["https:\/\/nk7-testes.com.br\/agazeta\/familias-protestam-contra-corrupcao-na-habitacao\/"]}]},{"@type":"ImageObject","inLanguage":"pt-BR","@id":"https:\/\/nk7-testes.com.br\/agazeta\/familias-protestam-contra-corrupcao-na-habitacao\/#primaryimage","url":"https:\/\/nk7-testes.com.br\/agazeta\/wp-content\/uploads\/2016\/04\/270416-politica-protestosehab-tvgazeta.jpg","contentUrl":"https:\/\/nk7-testes.com.br\/agazeta\/wp-content\/uploads\/2016\/04\/270416-politica-protestosehab-tvgazeta.jpg","width":458,"height":340,"caption":"270416-politica-protestosehab-tvgazeta"},{"@type":"BreadcrumbList","@id":"https:\/\/nk7-testes.com.br\/agazeta\/familias-protestam-contra-corrupcao-na-habitacao\/#breadcrumb","itemListElement":[{"@type":"ListItem","position":1,"name":"In\u00edcio","item":"https:\/\/nk7-testes.com.br\/agazeta\/"},{"@type":"ListItem","position":2,"name":"Fam\u00edlias protestam contra corrup\u00e7\u00e3o na Habita\u00e7\u00e3o"}]},{"@type":"WebSite","@id":"https:\/\/nk7-testes.com.br\/agazeta\/#website","url":"https:\/\/nk7-testes.com.br\/agazeta\/","name":"Agazeta.net","description":"Agazeta.net - Not\u00edcias de Rio Branco\/AC","potentialAction":[{"@type":"SearchAction","target":{"@type":"EntryPoint","urlTemplate":"https:\/\/nk7-testes.com.br\/agazeta\/?s={search_term_string}"},"query-input":{"@type":"PropertyValueSpecification","valueRequired":true,"valueName":"search_term_string"}}],"inLanguage":"pt-BR"},{"@type":"Person","@id":"https:\/\/nk7-testes.com.br\/agazeta\/#\/schema\/person\/6d6e25cb0435eb4a02fd44d30b4e3020","name":"Agazeta.Net","url":"https:\/\/nk7-testes.com.br\/agazeta\/author\/agazeta\/"}]}},"_links":{"self":[{"href":"https:\/\/nk7-testes.com.br\/agazeta\/wp-json\/wp\/v2\/posts\/22420","targetHints":{"allow":["GET"]}}],"collection":[{"href":"https:\/\/nk7-testes.com.br\/agazeta\/wp-json\/wp\/v2\/posts"}],"about":[{"href":"https:\/\/nk7-testes.com.br\/agazeta\/wp-json\/wp\/v2\/types\/post"}],"author":[{"embeddable":true,"href":"https:\/\/nk7-testes.com.br\/agazeta\/wp-json\/wp\/v2\/users\/4"}],"replies":[{"embeddable":true,"href":"https:\/\/nk7-testes.com.br\/agazeta\/wp-json\/wp\/v2\/comments?post=22420"}],"version-history":[{"count":0,"href":"https:\/\/nk7-testes.com.br\/agazeta\/wp-json\/wp\/v2\/posts\/22420\/revisions"}],"wp:featuredmedia":[{"embeddable":true,"href":"https:\/\/nk7-testes.com.br\/agazeta\/wp-json\/wp\/v2\/media\/22419"}],"wp:attachment":[{"href":"https:\/\/nk7-testes.com.br\/agazeta\/wp-json\/wp\/v2\/media?parent=22420"}],"wp:term":[{"taxonomy":"category","embeddable":true,"href":"https:\/\/nk7-testes.com.br\/agazeta\/wp-json\/wp\/v2\/categories?post=22420"},{"taxonomy":"post_tag","embeddable":true,"href":"https:\/\/nk7-testes.com.br\/agazeta\/wp-json\/wp\/v2\/tags?post=22420"}],"curies":[{"name":"wp","href":"https:\/\/api.w.org\/{rel}","templated":true}]}}