{"id":22395,"date":"2016-04-27T13:24:06","date_gmt":"2016-04-27T13:24:06","guid":{"rendered":"https:\/\/abarevegan.com.br\/index.php\/2016\/04\/27\/vamos-fazer-algo-significativamente-diferente\/"},"modified":"2016-04-27T13:24:06","modified_gmt":"2016-04-27T13:24:06","slug":"vamos-fazer-algo-significativamente-diferente","status":"publish","type":"post","link":"https:\/\/nk7-testes.com.br\/agazeta\/vamos-fazer-algo-significativamente-diferente\/","title":{"rendered":"Vamos fazer algo significativamente diferente?"},"content":{"rendered":"<p style=\"text-align: justify;\">Artigo publicado no site da CACB<\/p>\n<p style=\"text-align: justify;\">O cen\u00e1rio preocupante e grave da vida nacional, tanto na \u00e9tica, como na pol\u00edtica e na economia nos aponta para novas dire\u00e7\u00f5es capazes de para mudar a sensa\u00e7\u00e3o de n\u00e3o ter sa\u00eddas.<\/p>\n<p style=\"text-align: justify;\">Diante desta realidade, retomo a proposta de um grande pacto nacional para deslocar as crises. A proposi\u00e7\u00e3o, feita no meu discurso de posse, em mar\u00e7o, ganha impulso se considerarmos o empreendedorismo como l\u00edngua universal.<\/p>\n<p style=\"text-align: justify;\">A chama empreendedora \u00e9 a sa\u00edda. Tenho certeza. Basta constatar que, decorrente do desemprego, muitos brasileiros investem, suas indeniza\u00e7\u00f5es, na cria\u00e7\u00e3o de um neg\u00f3cio pr\u00f3prio. Os n\u00fameros s\u00e3o reveladores e trazem um certo \u00e2nimo porque mostram que o impulso de vencer e de sonhar est\u00e3o intactos em todos n\u00f3s, apesar de tudo.<\/p>\n<p style=\"text-align: justify;\">Micro e pequenas empresas s\u00e3o a base da economia brasileira e representam mais de 90% dos estabelecimentos empresariais existentes no Brasil. Dentro deste contexto, a CACB, cujo DNA vem da chama empreendedora, j\u00e1 pensa em a\u00e7\u00f5es sustent\u00e1veis para este segmento.<\/p>\n<p style=\"text-align: justify;\">Sabemos das dificuldades. Mas vemos o empreendedorismo como uma poss\u00edvel sa\u00edda que precisa ser sustent\u00e1vel. Nosso papel de entidade representativa \u00e9 ajudar para que estas iniciativas n\u00e3o morram na praia. Por esta raz\u00e3o propomos uma reflex\u00e3o que aponta para o futuro.<\/p>\n<p style=\"text-align: justify;\">Acreditamos que s\u00e3o muitas as necessidades que precisam ser atendidas e carecemos tamb\u00e9m de ferramentas que servir\u00e3o de lastro para o futuro. \u00c9 preciso esclarecer, no entanto, que o Estado n\u00e3o deve ser o respons\u00e1vel por prover tudo. \u00c9 neste cen\u00e1rio que propomos ideias fact\u00edveis, que podem e devem ser sempre compartilhadas no meio p\u00fablico e privado.<\/p>\n<p style=\"text-align: justify;\">Estas ideias fixam a base para um poss\u00edvel pacto nacional, com a participa\u00e7\u00e3o integral de iniciativa privada e das entidades representativas. Elas come\u00e7am pela busca do equil\u00edbrio fiscal, seguem pela constru\u00e7\u00e3o de pontes que facilitem o acesso do Brasil ao mercado global, continuam na imperiosa urg\u00eancia de ajustar o financiamento que \u00e9 car\u00edssimo e escasso para o empreendedor.<\/p>\n<p style=\"text-align: justify;\">Neste pacto est\u00e1 impl\u00edcita a participa\u00e7\u00e3o da sociedade e sua disposi\u00e7\u00e3o de estar pronta para sacrif\u00edcios de curto prazo (nada \u00e9 pior do que sacrif\u00edcio advindo do desemprego, da infla\u00e7\u00e3o e da falta de perspectivas).<\/p>\n<p style=\"text-align: justify;\">Destaco, com \u00eanfase, que n\u00f3s, empres\u00e1rios, sentimos falta de uma agenda empresarial no Pa\u00eds atrav\u00e9s da uni\u00e3o empresarial no sentido de elaborar um plano de curto prazo. E no longo prazo, para sustentar tudo isso \u00e9 imperioso que sejam implementadas as reformas previdenci\u00e1ria, fiscal, trabalhista e pol\u00edtica. Acreditamos que \u00e9 criando e tomando atitudes que vamos evitar esta sensa\u00e7\u00e3o de esgotamento que nos paralisa.<\/p>\n<p style=\"text-align: justify;\">Conto com voc\u00eas.<\/p>\n<p style=\"text-align: justify;\">* George Pinheiro \u00e9 presidente da Confedera\u00e7\u00e3o das Associa\u00e7\u00f5es Comerciais e Empresarias do Brasil (CACB)<\/p>\n","protected":false},"excerpt":{"rendered":"<p style=\"text-align: justify;\">Artigo publicado no site da CACB<\/p>\n","protected":false},"author":4,"featured_media":22394,"comment_status":"open","ping_status":"open","sticky":false,"template":"","format":"standard","meta":{"jnews-multi-image_gallery":[],"jnews_single_post":[],"jnews_primary_category":[],"jnews_social_meta":[],"jnews_review":[],"enable_review":"","type":"","name":"","summary":"","brand":"","sku":"","good":[],"bad":[],"score_override":"","override_value":"","rating":[],"price":[],"footnotes":""},"categories":[54],"tags":[],"class_list":["post-22395","post","type-post","status-publish","format-standard","has-post-thumbnail","hentry","category-cotidiano"],"yoast_head":"<!-- This site is optimized with the Yoast SEO plugin v26.5 - https:\/\/yoast.com\/wordpress\/plugins\/seo\/ -->\n<title>Vamos fazer algo significativamente diferente? - Agazeta.net<\/title>\n<meta name=\"robots\" content=\"index, follow, max-snippet:-1, max-image-preview:large, max-video-preview:-1\" \/>\n<link rel=\"canonical\" href=\"https:\/\/nk7-testes.com.br\/agazeta\/vamos-fazer-algo-significativamente-diferente\/\" \/>\n<meta property=\"og:locale\" content=\"pt_BR\" \/>\n<meta property=\"og:type\" content=\"article\" \/>\n<meta property=\"og:title\" content=\"Vamos fazer algo significativamente diferente? - Agazeta.net\" \/>\n<meta property=\"og:description\" content=\"Artigo publicado no site da CACB\" \/>\n<meta property=\"og:url\" content=\"https:\/\/nk7-testes.com.br\/agazeta\/vamos-fazer-algo-significativamente-diferente\/\" \/>\n<meta property=\"og:site_name\" content=\"Agazeta.net\" \/>\n<meta property=\"article:published_time\" content=\"2016-04-27T13:24:06+00:00\" \/>\n<meta property=\"og:image\" content=\"https:\/\/nk7-testes.com.br\/agazeta\/wp-content\/uploads\/2016\/04\/270416-cotidiano-georgepinheiro-cacb.jpg\" \/>\n\t<meta property=\"og:image:width\" content=\"458\" \/>\n\t<meta property=\"og:image:height\" content=\"340\" \/>\n\t<meta property=\"og:image:type\" content=\"image\/jpeg\" \/>\n<meta name=\"author\" content=\"Agazeta.Net\" \/>\n<meta name=\"twitter:card\" content=\"summary_large_image\" \/>\n<meta name=\"twitter:label1\" content=\"Escrito por\" \/>\n\t<meta name=\"twitter:data1\" content=\"Agazeta.Net\" \/>\n\t<meta name=\"twitter:label2\" content=\"Est. tempo de leitura\" \/>\n\t<meta name=\"twitter:data2\" content=\"2 minutos\" \/>\n<script type=\"application\/ld+json\" class=\"yoast-schema-graph\">{\"@context\":\"https:\/\/schema.org\",\"@graph\":[{\"@type\":\"WebPage\",\"@id\":\"https:\/\/nk7-testes.com.br\/agazeta\/vamos-fazer-algo-significativamente-diferente\/\",\"url\":\"https:\/\/nk7-testes.com.br\/agazeta\/vamos-fazer-algo-significativamente-diferente\/\",\"name\":\"Vamos fazer algo significativamente diferente? - Agazeta.net\",\"isPartOf\":{\"@id\":\"https:\/\/nk7-testes.com.br\/agazeta\/#website\"},\"primaryImageOfPage\":{\"@id\":\"https:\/\/nk7-testes.com.br\/agazeta\/vamos-fazer-algo-significativamente-diferente\/#primaryimage\"},\"image\":{\"@id\":\"https:\/\/nk7-testes.com.br\/agazeta\/vamos-fazer-algo-significativamente-diferente\/#primaryimage\"},\"thumbnailUrl\":\"https:\/\/nk7-testes.com.br\/agazeta\/wp-content\/uploads\/2016\/04\/270416-cotidiano-georgepinheiro-cacb.jpg\",\"datePublished\":\"2016-04-27T13:24:06+00:00\",\"author\":{\"@id\":\"https:\/\/nk7-testes.com.br\/agazeta\/#\/schema\/person\/6d6e25cb0435eb4a02fd44d30b4e3020\"},\"breadcrumb\":{\"@id\":\"https:\/\/nk7-testes.com.br\/agazeta\/vamos-fazer-algo-significativamente-diferente\/#breadcrumb\"},\"inLanguage\":\"pt-BR\",\"potentialAction\":[{\"@type\":\"ReadAction\",\"target\":[\"https:\/\/nk7-testes.com.br\/agazeta\/vamos-fazer-algo-significativamente-diferente\/\"]}]},{\"@type\":\"ImageObject\",\"inLanguage\":\"pt-BR\",\"@id\":\"https:\/\/nk7-testes.com.br\/agazeta\/vamos-fazer-algo-significativamente-diferente\/#primaryimage\",\"url\":\"https:\/\/nk7-testes.com.br\/agazeta\/wp-content\/uploads\/2016\/04\/270416-cotidiano-georgepinheiro-cacb.jpg\",\"contentUrl\":\"https:\/\/nk7-testes.com.br\/agazeta\/wp-content\/uploads\/2016\/04\/270416-cotidiano-georgepinheiro-cacb.jpg\",\"width\":458,\"height\":340,\"caption\":\"270416-cotidiano-georgepinheiro-cacb\"},{\"@type\":\"BreadcrumbList\",\"@id\":\"https:\/\/nk7-testes.com.br\/agazeta\/vamos-fazer-algo-significativamente-diferente\/#breadcrumb\",\"itemListElement\":[{\"@type\":\"ListItem\",\"position\":1,\"name\":\"In\u00edcio\",\"item\":\"https:\/\/nk7-testes.com.br\/agazeta\/\"},{\"@type\":\"ListItem\",\"position\":2,\"name\":\"Vamos fazer algo significativamente diferente?\"}]},{\"@type\":\"WebSite\",\"@id\":\"https:\/\/nk7-testes.com.br\/agazeta\/#website\",\"url\":\"https:\/\/nk7-testes.com.br\/agazeta\/\",\"name\":\"Agazeta.net\",\"description\":\"Agazeta.net - Not\u00edcias de Rio Branco\/AC\",\"potentialAction\":[{\"@type\":\"SearchAction\",\"target\":{\"@type\":\"EntryPoint\",\"urlTemplate\":\"https:\/\/nk7-testes.com.br\/agazeta\/?s={search_term_string}\"},\"query-input\":{\"@type\":\"PropertyValueSpecification\",\"valueRequired\":true,\"valueName\":\"search_term_string\"}}],\"inLanguage\":\"pt-BR\"},{\"@type\":\"Person\",\"@id\":\"https:\/\/nk7-testes.com.br\/agazeta\/#\/schema\/person\/6d6e25cb0435eb4a02fd44d30b4e3020\",\"name\":\"Agazeta.Net\",\"url\":\"https:\/\/nk7-testes.com.br\/agazeta\/author\/agazeta\/\"}]}<\/script>\n<!-- \/ Yoast SEO plugin. -->","yoast_head_json":{"title":"Vamos fazer algo significativamente diferente? - Agazeta.net","robots":{"index":"index","follow":"follow","max-snippet":"max-snippet:-1","max-image-preview":"max-image-preview:large","max-video-preview":"max-video-preview:-1"},"canonical":"https:\/\/nk7-testes.com.br\/agazeta\/vamos-fazer-algo-significativamente-diferente\/","og_locale":"pt_BR","og_type":"article","og_title":"Vamos fazer algo significativamente diferente? - Agazeta.net","og_description":"Artigo publicado no site da CACB","og_url":"https:\/\/nk7-testes.com.br\/agazeta\/vamos-fazer-algo-significativamente-diferente\/","og_site_name":"Agazeta.net","article_published_time":"2016-04-27T13:24:06+00:00","og_image":[{"width":458,"height":340,"url":"https:\/\/nk7-testes.com.br\/agazeta\/wp-content\/uploads\/2016\/04\/270416-cotidiano-georgepinheiro-cacb.jpg","type":"image\/jpeg"}],"author":"Agazeta.Net","twitter_card":"summary_large_image","twitter_misc":{"Escrito por":"Agazeta.Net","Est. tempo de leitura":"2 minutos"},"schema":{"@context":"https:\/\/schema.org","@graph":[{"@type":"WebPage","@id":"https:\/\/nk7-testes.com.br\/agazeta\/vamos-fazer-algo-significativamente-diferente\/","url":"https:\/\/nk7-testes.com.br\/agazeta\/vamos-fazer-algo-significativamente-diferente\/","name":"Vamos fazer algo significativamente diferente? - Agazeta.net","isPartOf":{"@id":"https:\/\/nk7-testes.com.br\/agazeta\/#website"},"primaryImageOfPage":{"@id":"https:\/\/nk7-testes.com.br\/agazeta\/vamos-fazer-algo-significativamente-diferente\/#primaryimage"},"image":{"@id":"https:\/\/nk7-testes.com.br\/agazeta\/vamos-fazer-algo-significativamente-diferente\/#primaryimage"},"thumbnailUrl":"https:\/\/nk7-testes.com.br\/agazeta\/wp-content\/uploads\/2016\/04\/270416-cotidiano-georgepinheiro-cacb.jpg","datePublished":"2016-04-27T13:24:06+00:00","author":{"@id":"https:\/\/nk7-testes.com.br\/agazeta\/#\/schema\/person\/6d6e25cb0435eb4a02fd44d30b4e3020"},"breadcrumb":{"@id":"https:\/\/nk7-testes.com.br\/agazeta\/vamos-fazer-algo-significativamente-diferente\/#breadcrumb"},"inLanguage":"pt-BR","potentialAction":[{"@type":"ReadAction","target":["https:\/\/nk7-testes.com.br\/agazeta\/vamos-fazer-algo-significativamente-diferente\/"]}]},{"@type":"ImageObject","inLanguage":"pt-BR","@id":"https:\/\/nk7-testes.com.br\/agazeta\/vamos-fazer-algo-significativamente-diferente\/#primaryimage","url":"https:\/\/nk7-testes.com.br\/agazeta\/wp-content\/uploads\/2016\/04\/270416-cotidiano-georgepinheiro-cacb.jpg","contentUrl":"https:\/\/nk7-testes.com.br\/agazeta\/wp-content\/uploads\/2016\/04\/270416-cotidiano-georgepinheiro-cacb.jpg","width":458,"height":340,"caption":"270416-cotidiano-georgepinheiro-cacb"},{"@type":"BreadcrumbList","@id":"https:\/\/nk7-testes.com.br\/agazeta\/vamos-fazer-algo-significativamente-diferente\/#breadcrumb","itemListElement":[{"@type":"ListItem","position":1,"name":"In\u00edcio","item":"https:\/\/nk7-testes.com.br\/agazeta\/"},{"@type":"ListItem","position":2,"name":"Vamos fazer algo significativamente diferente?"}]},{"@type":"WebSite","@id":"https:\/\/nk7-testes.com.br\/agazeta\/#website","url":"https:\/\/nk7-testes.com.br\/agazeta\/","name":"Agazeta.net","description":"Agazeta.net - Not\u00edcias de Rio Branco\/AC","potentialAction":[{"@type":"SearchAction","target":{"@type":"EntryPoint","urlTemplate":"https:\/\/nk7-testes.com.br\/agazeta\/?s={search_term_string}"},"query-input":{"@type":"PropertyValueSpecification","valueRequired":true,"valueName":"search_term_string"}}],"inLanguage":"pt-BR"},{"@type":"Person","@id":"https:\/\/nk7-testes.com.br\/agazeta\/#\/schema\/person\/6d6e25cb0435eb4a02fd44d30b4e3020","name":"Agazeta.Net","url":"https:\/\/nk7-testes.com.br\/agazeta\/author\/agazeta\/"}]}},"_links":{"self":[{"href":"https:\/\/nk7-testes.com.br\/agazeta\/wp-json\/wp\/v2\/posts\/22395","targetHints":{"allow":["GET"]}}],"collection":[{"href":"https:\/\/nk7-testes.com.br\/agazeta\/wp-json\/wp\/v2\/posts"}],"about":[{"href":"https:\/\/nk7-testes.com.br\/agazeta\/wp-json\/wp\/v2\/types\/post"}],"author":[{"embeddable":true,"href":"https:\/\/nk7-testes.com.br\/agazeta\/wp-json\/wp\/v2\/users\/4"}],"replies":[{"embeddable":true,"href":"https:\/\/nk7-testes.com.br\/agazeta\/wp-json\/wp\/v2\/comments?post=22395"}],"version-history":[{"count":0,"href":"https:\/\/nk7-testes.com.br\/agazeta\/wp-json\/wp\/v2\/posts\/22395\/revisions"}],"wp:featuredmedia":[{"embeddable":true,"href":"https:\/\/nk7-testes.com.br\/agazeta\/wp-json\/wp\/v2\/media\/22394"}],"wp:attachment":[{"href":"https:\/\/nk7-testes.com.br\/agazeta\/wp-json\/wp\/v2\/media?parent=22395"}],"wp:term":[{"taxonomy":"category","embeddable":true,"href":"https:\/\/nk7-testes.com.br\/agazeta\/wp-json\/wp\/v2\/categories?post=22395"},{"taxonomy":"post_tag","embeddable":true,"href":"https:\/\/nk7-testes.com.br\/agazeta\/wp-json\/wp\/v2\/tags?post=22395"}],"curies":[{"name":"wp","href":"https:\/\/api.w.org\/{rel}","templated":true}]}}