{"id":22357,"date":"2016-04-25T19:27:21","date_gmt":"2016-04-25T19:27:21","guid":{"rendered":"https:\/\/abarevegan.com.br\/index.php\/2016\/04\/25\/alunos-fazem-pedagio-para-reforma-em-escola-publica\/"},"modified":"2016-04-25T19:27:21","modified_gmt":"2016-04-25T19:27:21","slug":"alunos-fazem-pedagio-para-reforma-em-escola-publica","status":"publish","type":"post","link":"https:\/\/nk7-testes.com.br\/agazeta\/alunos-fazem-pedagio-para-reforma-em-escola-publica\/","title":{"rendered":"Alunos fazem ped\u00e1gio para reforma em escola p\u00fablica"},"content":{"rendered":"<p style=\"text-align: justify;\">Demora exigiu medida pr\u00e1tica dos estudantes<\/p>\n<p style=\"text-align: justify;\">Em uma das avenidas mais movimentadas da Capital, estudantes de uma escola p\u00fablica resolveram promover \u201cpit stop\u201d, para arrecadar dinheiro. O prop\u00f3sito, segundo o cartaz que seguravam, era juntar dinheiro para reformar a escola. Uniformizados, eles andavam entre os corredores de ve\u00edculos intercedendo por aux\u00edlio financeiro.<\/p>\n<p style=\"text-align: justify;\">Segundo uma das alunas, a a\u00e7\u00e3o fazia parte de uma gincana promovida entre as turmas, com objetivo final de reformar espa\u00e7os da escola.<\/p>\n<p style=\"text-align: justify;\">De acordo com o diretor da escola, os alunos n\u00e3o foram autorizados a pedir dinheiro no sem\u00e1foro em prol da reforma da unidade de ensino. Contudo, o ato dos estudantes exp\u00f4s uma s\u00e9rie de problemas.<\/p>\n<p style=\"text-align: justify;\">Portas, janelas e telhado quebrados, rachaduras nas paredes e estrutura geral prec\u00e1ria. O audit\u00f3rio, com capacidade para mais de 100 pessoas est\u00e1 fechado por que, de t\u00e3o deteriorado, n\u00e3o tem condi\u00e7\u00f5es de receber os alunos. O mato se espalha pelo quintal do pr\u00e9dio, porque n\u00e3o h\u00e1 recursos suficientes para manter o local limpo.<\/p>\n<p style=\"text-align: justify;\">Vanderley Rocha assumiu a escola Dr. Jo\u00e3o Batista Aguiar h\u00e1 pouco mais de 2 meses e est\u00e1 contando com a ajuda da comunidade pra melhorar um pouco o ambiente escolar.<\/p>\n<p style=\"text-align: justify;\">Recentemente, prop\u00f4s uma gincana entre os alunos, mas n\u00e3o imaginou que eles iriam para rua, impulsionar a competi\u00e7\u00e3o. \u201cFoi uma iniciativa dos alunos. A escola n\u00e3o tinha conhecimento disso. Fizemos uma gincana para que trouxessem materiais de casa, que j\u00e1 haviam que pudessem ser reutilizados\u201d, explicou o diretor.<\/p>\n<p style=\"text-align: justify;\">Ele reconhece que o papel n\u00e3o \u00e9 dos estudantes e sim do poder p\u00fablico. Mas, diante do caos, promover uma a\u00e7\u00e3o dentro da pr\u00f3pria comunidade escolar, foi a \u00fanica sa\u00edda. \u201cN\u00e3o nos restou alternativa a n\u00e3o ser juntar a comunidade para ir fazendo reparos diante da impossibilidade do poder p\u00fablico fazer o servi\u00e7o\u201d, disse.<\/p>\n<p style=\"text-align: justify;\">Para a professora Josineide Nogueira, o aprendizado depende de v\u00e1rios fatores, entre eles, as condi\u00e7\u00f5es do pr\u00f3prio ambiente de ensino. \u201cEsses problemas estruturais trazem desconforto para o aluno e dessa forma prejudica o aprendizado dele por que precisa se sentir bem para ter melhor aproveitamento nos estudos\u201d, afirma.<\/p>\n","protected":false},"excerpt":{"rendered":"<p style=\"text-align: justify;\">Demora exigiu medida pr\u00e1tica dos estudantes<\/p>\n","protected":false},"author":4,"featured_media":22356,"comment_status":"open","ping_status":"open","sticky":false,"template":"","format":"standard","meta":{"jnews-multi-image_gallery":[],"jnews_single_post":[],"jnews_primary_category":[],"jnews_social_meta":[],"jnews_review":[],"enable_review":"","type":"","name":"","summary":"","brand":"","sku":"","good":[],"bad":[],"score_override":"","override_value":"","rating":[],"price":[],"footnotes":""},"categories":[54],"tags":[],"class_list":["post-22357","post","type-post","status-publish","format-standard","has-post-thumbnail","hentry","category-cotidiano"],"yoast_head":"<!-- This site is optimized with the Yoast SEO plugin v26.5 - https:\/\/yoast.com\/wordpress\/plugins\/seo\/ -->\n<title>Alunos fazem ped\u00e1gio para reforma em escola p\u00fablica - Agazeta.net<\/title>\n<meta name=\"robots\" content=\"index, follow, max-snippet:-1, max-image-preview:large, max-video-preview:-1\" \/>\n<link rel=\"canonical\" href=\"https:\/\/nk7-testes.com.br\/agazeta\/alunos-fazem-pedagio-para-reforma-em-escola-publica\/\" \/>\n<meta property=\"og:locale\" content=\"pt_BR\" \/>\n<meta property=\"og:type\" content=\"article\" \/>\n<meta property=\"og:title\" content=\"Alunos fazem ped\u00e1gio para reforma em escola p\u00fablica - Agazeta.net\" \/>\n<meta property=\"og:description\" content=\"Demora exigiu medida pr\u00e1tica dos estudantes\" \/>\n<meta property=\"og:url\" content=\"https:\/\/nk7-testes.com.br\/agazeta\/alunos-fazem-pedagio-para-reforma-em-escola-publica\/\" \/>\n<meta property=\"og:site_name\" content=\"Agazeta.net\" \/>\n<meta property=\"article:published_time\" content=\"2016-04-25T19:27:21+00:00\" \/>\n<meta property=\"og:image\" content=\"https:\/\/nk7-testes.com.br\/agazeta\/wp-content\/uploads\/2016\/04\/250416-cotidiano-alunossemaforo-cleriston.jpg\" \/>\n\t<meta property=\"og:image:width\" content=\"458\" \/>\n\t<meta property=\"og:image:height\" content=\"340\" \/>\n\t<meta property=\"og:image:type\" content=\"image\/jpeg\" \/>\n<meta name=\"author\" content=\"Agazeta.Net\" \/>\n<meta name=\"twitter:card\" content=\"summary_large_image\" \/>\n<meta name=\"twitter:label1\" content=\"Escrito por\" \/>\n\t<meta name=\"twitter:data1\" content=\"Agazeta.Net\" \/>\n\t<meta name=\"twitter:label2\" content=\"Est. tempo de leitura\" \/>\n\t<meta name=\"twitter:data2\" content=\"2 minutos\" \/>\n<script type=\"application\/ld+json\" class=\"yoast-schema-graph\">{\"@context\":\"https:\/\/schema.org\",\"@graph\":[{\"@type\":\"WebPage\",\"@id\":\"https:\/\/nk7-testes.com.br\/agazeta\/alunos-fazem-pedagio-para-reforma-em-escola-publica\/\",\"url\":\"https:\/\/nk7-testes.com.br\/agazeta\/alunos-fazem-pedagio-para-reforma-em-escola-publica\/\",\"name\":\"Alunos fazem ped\u00e1gio para reforma em escola p\u00fablica - Agazeta.net\",\"isPartOf\":{\"@id\":\"https:\/\/nk7-testes.com.br\/agazeta\/#website\"},\"primaryImageOfPage\":{\"@id\":\"https:\/\/nk7-testes.com.br\/agazeta\/alunos-fazem-pedagio-para-reforma-em-escola-publica\/#primaryimage\"},\"image\":{\"@id\":\"https:\/\/nk7-testes.com.br\/agazeta\/alunos-fazem-pedagio-para-reforma-em-escola-publica\/#primaryimage\"},\"thumbnailUrl\":\"https:\/\/nk7-testes.com.br\/agazeta\/wp-content\/uploads\/2016\/04\/250416-cotidiano-alunossemaforo-cleriston.jpg\",\"datePublished\":\"2016-04-25T19:27:21+00:00\",\"author\":{\"@id\":\"https:\/\/nk7-testes.com.br\/agazeta\/#\/schema\/person\/6d6e25cb0435eb4a02fd44d30b4e3020\"},\"breadcrumb\":{\"@id\":\"https:\/\/nk7-testes.com.br\/agazeta\/alunos-fazem-pedagio-para-reforma-em-escola-publica\/#breadcrumb\"},\"inLanguage\":\"pt-BR\",\"potentialAction\":[{\"@type\":\"ReadAction\",\"target\":[\"https:\/\/nk7-testes.com.br\/agazeta\/alunos-fazem-pedagio-para-reforma-em-escola-publica\/\"]}]},{\"@type\":\"ImageObject\",\"inLanguage\":\"pt-BR\",\"@id\":\"https:\/\/nk7-testes.com.br\/agazeta\/alunos-fazem-pedagio-para-reforma-em-escola-publica\/#primaryimage\",\"url\":\"https:\/\/nk7-testes.com.br\/agazeta\/wp-content\/uploads\/2016\/04\/250416-cotidiano-alunossemaforo-cleriston.jpg\",\"contentUrl\":\"https:\/\/nk7-testes.com.br\/agazeta\/wp-content\/uploads\/2016\/04\/250416-cotidiano-alunossemaforo-cleriston.jpg\",\"width\":458,\"height\":340,\"caption\":\"250416-cotidiano-alunossemaforo-cleriston\"},{\"@type\":\"BreadcrumbList\",\"@id\":\"https:\/\/nk7-testes.com.br\/agazeta\/alunos-fazem-pedagio-para-reforma-em-escola-publica\/#breadcrumb\",\"itemListElement\":[{\"@type\":\"ListItem\",\"position\":1,\"name\":\"In\u00edcio\",\"item\":\"https:\/\/nk7-testes.com.br\/agazeta\/\"},{\"@type\":\"ListItem\",\"position\":2,\"name\":\"Alunos fazem ped\u00e1gio para reforma em escola p\u00fablica\"}]},{\"@type\":\"WebSite\",\"@id\":\"https:\/\/nk7-testes.com.br\/agazeta\/#website\",\"url\":\"https:\/\/nk7-testes.com.br\/agazeta\/\",\"name\":\"Agazeta.net\",\"description\":\"Agazeta.net - Not\u00edcias de Rio Branco\/AC\",\"potentialAction\":[{\"@type\":\"SearchAction\",\"target\":{\"@type\":\"EntryPoint\",\"urlTemplate\":\"https:\/\/nk7-testes.com.br\/agazeta\/?s={search_term_string}\"},\"query-input\":{\"@type\":\"PropertyValueSpecification\",\"valueRequired\":true,\"valueName\":\"search_term_string\"}}],\"inLanguage\":\"pt-BR\"},{\"@type\":\"Person\",\"@id\":\"https:\/\/nk7-testes.com.br\/agazeta\/#\/schema\/person\/6d6e25cb0435eb4a02fd44d30b4e3020\",\"name\":\"Agazeta.Net\",\"url\":\"https:\/\/nk7-testes.com.br\/agazeta\/author\/agazeta\/\"}]}<\/script>\n<!-- \/ Yoast SEO plugin. -->","yoast_head_json":{"title":"Alunos fazem ped\u00e1gio para reforma em escola p\u00fablica - Agazeta.net","robots":{"index":"index","follow":"follow","max-snippet":"max-snippet:-1","max-image-preview":"max-image-preview:large","max-video-preview":"max-video-preview:-1"},"canonical":"https:\/\/nk7-testes.com.br\/agazeta\/alunos-fazem-pedagio-para-reforma-em-escola-publica\/","og_locale":"pt_BR","og_type":"article","og_title":"Alunos fazem ped\u00e1gio para reforma em escola p\u00fablica - Agazeta.net","og_description":"Demora exigiu medida pr\u00e1tica dos estudantes","og_url":"https:\/\/nk7-testes.com.br\/agazeta\/alunos-fazem-pedagio-para-reforma-em-escola-publica\/","og_site_name":"Agazeta.net","article_published_time":"2016-04-25T19:27:21+00:00","og_image":[{"width":458,"height":340,"url":"https:\/\/nk7-testes.com.br\/agazeta\/wp-content\/uploads\/2016\/04\/250416-cotidiano-alunossemaforo-cleriston.jpg","type":"image\/jpeg"}],"author":"Agazeta.Net","twitter_card":"summary_large_image","twitter_misc":{"Escrito por":"Agazeta.Net","Est. tempo de leitura":"2 minutos"},"schema":{"@context":"https:\/\/schema.org","@graph":[{"@type":"WebPage","@id":"https:\/\/nk7-testes.com.br\/agazeta\/alunos-fazem-pedagio-para-reforma-em-escola-publica\/","url":"https:\/\/nk7-testes.com.br\/agazeta\/alunos-fazem-pedagio-para-reforma-em-escola-publica\/","name":"Alunos fazem ped\u00e1gio para reforma em escola p\u00fablica - Agazeta.net","isPartOf":{"@id":"https:\/\/nk7-testes.com.br\/agazeta\/#website"},"primaryImageOfPage":{"@id":"https:\/\/nk7-testes.com.br\/agazeta\/alunos-fazem-pedagio-para-reforma-em-escola-publica\/#primaryimage"},"image":{"@id":"https:\/\/nk7-testes.com.br\/agazeta\/alunos-fazem-pedagio-para-reforma-em-escola-publica\/#primaryimage"},"thumbnailUrl":"https:\/\/nk7-testes.com.br\/agazeta\/wp-content\/uploads\/2016\/04\/250416-cotidiano-alunossemaforo-cleriston.jpg","datePublished":"2016-04-25T19:27:21+00:00","author":{"@id":"https:\/\/nk7-testes.com.br\/agazeta\/#\/schema\/person\/6d6e25cb0435eb4a02fd44d30b4e3020"},"breadcrumb":{"@id":"https:\/\/nk7-testes.com.br\/agazeta\/alunos-fazem-pedagio-para-reforma-em-escola-publica\/#breadcrumb"},"inLanguage":"pt-BR","potentialAction":[{"@type":"ReadAction","target":["https:\/\/nk7-testes.com.br\/agazeta\/alunos-fazem-pedagio-para-reforma-em-escola-publica\/"]}]},{"@type":"ImageObject","inLanguage":"pt-BR","@id":"https:\/\/nk7-testes.com.br\/agazeta\/alunos-fazem-pedagio-para-reforma-em-escola-publica\/#primaryimage","url":"https:\/\/nk7-testes.com.br\/agazeta\/wp-content\/uploads\/2016\/04\/250416-cotidiano-alunossemaforo-cleriston.jpg","contentUrl":"https:\/\/nk7-testes.com.br\/agazeta\/wp-content\/uploads\/2016\/04\/250416-cotidiano-alunossemaforo-cleriston.jpg","width":458,"height":340,"caption":"250416-cotidiano-alunossemaforo-cleriston"},{"@type":"BreadcrumbList","@id":"https:\/\/nk7-testes.com.br\/agazeta\/alunos-fazem-pedagio-para-reforma-em-escola-publica\/#breadcrumb","itemListElement":[{"@type":"ListItem","position":1,"name":"In\u00edcio","item":"https:\/\/nk7-testes.com.br\/agazeta\/"},{"@type":"ListItem","position":2,"name":"Alunos fazem ped\u00e1gio para reforma em escola p\u00fablica"}]},{"@type":"WebSite","@id":"https:\/\/nk7-testes.com.br\/agazeta\/#website","url":"https:\/\/nk7-testes.com.br\/agazeta\/","name":"Agazeta.net","description":"Agazeta.net - Not\u00edcias de Rio Branco\/AC","potentialAction":[{"@type":"SearchAction","target":{"@type":"EntryPoint","urlTemplate":"https:\/\/nk7-testes.com.br\/agazeta\/?s={search_term_string}"},"query-input":{"@type":"PropertyValueSpecification","valueRequired":true,"valueName":"search_term_string"}}],"inLanguage":"pt-BR"},{"@type":"Person","@id":"https:\/\/nk7-testes.com.br\/agazeta\/#\/schema\/person\/6d6e25cb0435eb4a02fd44d30b4e3020","name":"Agazeta.Net","url":"https:\/\/nk7-testes.com.br\/agazeta\/author\/agazeta\/"}]}},"_links":{"self":[{"href":"https:\/\/nk7-testes.com.br\/agazeta\/wp-json\/wp\/v2\/posts\/22357","targetHints":{"allow":["GET"]}}],"collection":[{"href":"https:\/\/nk7-testes.com.br\/agazeta\/wp-json\/wp\/v2\/posts"}],"about":[{"href":"https:\/\/nk7-testes.com.br\/agazeta\/wp-json\/wp\/v2\/types\/post"}],"author":[{"embeddable":true,"href":"https:\/\/nk7-testes.com.br\/agazeta\/wp-json\/wp\/v2\/users\/4"}],"replies":[{"embeddable":true,"href":"https:\/\/nk7-testes.com.br\/agazeta\/wp-json\/wp\/v2\/comments?post=22357"}],"version-history":[{"count":0,"href":"https:\/\/nk7-testes.com.br\/agazeta\/wp-json\/wp\/v2\/posts\/22357\/revisions"}],"wp:featuredmedia":[{"embeddable":true,"href":"https:\/\/nk7-testes.com.br\/agazeta\/wp-json\/wp\/v2\/media\/22356"}],"wp:attachment":[{"href":"https:\/\/nk7-testes.com.br\/agazeta\/wp-json\/wp\/v2\/media?parent=22357"}],"wp:term":[{"taxonomy":"category","embeddable":true,"href":"https:\/\/nk7-testes.com.br\/agazeta\/wp-json\/wp\/v2\/categories?post=22357"},{"taxonomy":"post_tag","embeddable":true,"href":"https:\/\/nk7-testes.com.br\/agazeta\/wp-json\/wp\/v2\/tags?post=22357"}],"curies":[{"name":"wp","href":"https:\/\/api.w.org\/{rel}","templated":true}]}}