{"id":22336,"date":"2016-04-22T21:29:26","date_gmt":"2016-04-22T21:29:26","guid":{"rendered":"https:\/\/abarevegan.com.br\/index.php\/2016\/04\/22\/iphan-finaliza-revitalizacao-da-casa-de-chico-mendes\/"},"modified":"2016-04-22T21:29:26","modified_gmt":"2016-04-22T21:29:26","slug":"iphan-finaliza-revitalizacao-da-casa-de-chico-mendes","status":"publish","type":"post","link":"https:\/\/nk7-testes.com.br\/agazeta\/iphan-finaliza-revitalizacao-da-casa-de-chico-mendes\/","title":{"rendered":"Iphan finaliza revitaliza\u00e7\u00e3o da Casa de Chico Mendes"},"content":{"rendered":"<p><span style=\"font-size: 12pt; line-height: 115%; font-family: 'Times New Roman', serif;\"><\/span><\/p>\n<p style=\"text-align: justify;\">Obra est\u00e1 or\u00e7ada em R$ 118 mil<\/p>\n<p style=\"text-align: justify;\"><span style=\"font-size: 12pt; line-height: 115%; font-family: 'Times New Roman', serif;\"><\/span><\/p>\n<p style=\"text-align: justify;\">A empresa respons\u00e1vel pela obra de revitaliza\u00e7\u00e3o da Casa Chico Mendes tirou com cuidado cada telha. Elas foram lavadas uma a uma. Os tijolos da cal\u00e7ada v\u00e3o passar pelo mesmo procedimento.<\/p>\n<p style=\"text-align: justify;\"><span style=\"font-size: 12pt; line-height: 115%; font-family: 'Times New Roman', serif;\"><\/span><\/p>\n<p style=\"text-align: justify;\">Essa \u00e9 apenas umas das etapas para a recupera\u00e7\u00e3o da casa onde viveu e morreu Chico Mendes, o l\u00edder seringueiro assassinado em dezembro de 1988. Os restauradores querem manter o m\u00e1ximo da madeira original da casa. Ser\u00e3o retiradas as t\u00e1buas que estiverem em estado cr\u00edtico.<\/p>\n<p style=\"text-align: justify;\"><span style=\"font-size: 12pt; line-height: 115%; font-family: 'Times New Roman', serif;\"><\/span><\/p>\n<p style=\"text-align: justify;\">Os pilares ser\u00e3o refor\u00e7ados. As obras come\u00e7aram na semana passada e v\u00e3o custar R$ 118 mil. A meta \u00e9 concluir a restaura\u00e7\u00e3o em um m\u00eas. Desde a enchente que atingiu Xapuri no in\u00edcio do ano passado, a casa est\u00e1 fechada para visita\u00e7\u00e3o.<\/p>\n<p style=\"text-align: justify;\"><span style=\"font-size: 12pt; line-height: 115%; font-family: 'Times New Roman', serif;\"><\/span><\/p>\n<p style=\"text-align: justify;\">Agora, com recursos do Instituto do Patrim\u00f4nio Hist\u00f3rico e Art\u00edstico Nacional (Iphan), a moradia do l\u00edder seringueiro ser\u00e1 revitalizada.<\/p>\n<p style=\"text-align: justify;\"><span style=\"font-size: 12pt; line-height: 115%; font-family: 'Times New Roman', serif;\"><\/span><\/p>\n<p style=\"text-align: justify;\">Chico Mendes viveu na casa por mais de dois anos at\u00e9 ser assassinato. O Instituto Chico Mendes ainda mant\u00e9m alguns m\u00f3veis e livros do seringueiro. Itens que est\u00e3o guardados e v\u00e3o retornar para a resid\u00eancia assim que obra estiver conclu\u00edda e for reaberta aos visitantes.<\/p>\n<p style=\"text-align: justify;\"><span style=\"font-size: 12pt; line-height: 115%; font-family: 'Times New Roman', serif;\"><\/span><\/p>\n<p style=\"text-align: justify;\">Do outro lado da rua, onde ficava um museu com documentos e roupas de Chico Mendes, est\u00e1 fechado. Uma disputa em fam\u00edlia terminou com o im\u00f3vel a venda. Enquanto n\u00e3o aparece comprador, o tempo vai se encarregando de deteriorar a madeira.<\/p>\n","protected":false},"excerpt":{"rendered":"<p><span style=\"font-size: 12pt; line-height: 115%; font-family: 'Times New Roman', serif;\"><\/span><\/p>\n<p style=\"text-align: justify;\">Obra est\u00e1 or\u00e7ada em R$ 118 mil<\/p>\n","protected":false},"author":4,"featured_media":22335,"comment_status":"open","ping_status":"open","sticky":false,"template":"","format":"standard","meta":{"jnews-multi-image_gallery":[],"jnews_single_post":[],"jnews_primary_category":[],"jnews_social_meta":[],"jnews_review":[],"enable_review":"","type":"","name":"","summary":"","brand":"","sku":"","good":[],"bad":[],"score_override":"","override_value":"","rating":[],"price":[],"footnotes":""},"categories":[54],"tags":[],"class_list":["post-22336","post","type-post","status-publish","format-standard","has-post-thumbnail","hentry","category-cotidiano"],"yoast_head":"<!-- This site is optimized with the Yoast SEO plugin v26.5 - https:\/\/yoast.com\/wordpress\/plugins\/seo\/ -->\n<title>Iphan finaliza revitaliza\u00e7\u00e3o da Casa de Chico Mendes - Agazeta.net<\/title>\n<meta name=\"robots\" content=\"index, follow, max-snippet:-1, max-image-preview:large, max-video-preview:-1\" \/>\n<link rel=\"canonical\" href=\"https:\/\/nk7-testes.com.br\/agazeta\/iphan-finaliza-revitalizacao-da-casa-de-chico-mendes\/\" \/>\n<meta property=\"og:locale\" content=\"pt_BR\" \/>\n<meta property=\"og:type\" content=\"article\" \/>\n<meta property=\"og:title\" content=\"Iphan finaliza revitaliza\u00e7\u00e3o da Casa de Chico Mendes - Agazeta.net\" \/>\n<meta property=\"og:description\" content=\"Obra est\u00e1 or\u00e7ada em R$ 118 mil\" \/>\n<meta property=\"og:url\" content=\"https:\/\/nk7-testes.com.br\/agazeta\/iphan-finaliza-revitalizacao-da-casa-de-chico-mendes\/\" \/>\n<meta property=\"og:site_name\" content=\"Agazeta.net\" \/>\n<meta property=\"article:published_time\" content=\"2016-04-22T21:29:26+00:00\" \/>\n<meta property=\"og:image\" content=\"https:\/\/nk7-testes.com.br\/agazeta\/wp-content\/uploads\/2016\/04\/220416-cotidiano-casachicomendes-tvgazeta.jpg\" \/>\n\t<meta property=\"og:image:width\" content=\"458\" \/>\n\t<meta property=\"og:image:height\" content=\"340\" \/>\n\t<meta property=\"og:image:type\" content=\"image\/jpeg\" \/>\n<meta name=\"author\" content=\"Agazeta.Net\" \/>\n<meta name=\"twitter:card\" content=\"summary_large_image\" \/>\n<meta name=\"twitter:label1\" content=\"Escrito por\" \/>\n\t<meta name=\"twitter:data1\" content=\"Agazeta.Net\" \/>\n\t<meta name=\"twitter:label2\" content=\"Est. tempo de leitura\" \/>\n\t<meta name=\"twitter:data2\" content=\"1 minuto\" \/>\n<script type=\"application\/ld+json\" class=\"yoast-schema-graph\">{\"@context\":\"https:\/\/schema.org\",\"@graph\":[{\"@type\":\"WebPage\",\"@id\":\"https:\/\/nk7-testes.com.br\/agazeta\/iphan-finaliza-revitalizacao-da-casa-de-chico-mendes\/\",\"url\":\"https:\/\/nk7-testes.com.br\/agazeta\/iphan-finaliza-revitalizacao-da-casa-de-chico-mendes\/\",\"name\":\"Iphan finaliza revitaliza\u00e7\u00e3o da Casa de Chico Mendes - Agazeta.net\",\"isPartOf\":{\"@id\":\"https:\/\/nk7-testes.com.br\/agazeta\/#website\"},\"primaryImageOfPage\":{\"@id\":\"https:\/\/nk7-testes.com.br\/agazeta\/iphan-finaliza-revitalizacao-da-casa-de-chico-mendes\/#primaryimage\"},\"image\":{\"@id\":\"https:\/\/nk7-testes.com.br\/agazeta\/iphan-finaliza-revitalizacao-da-casa-de-chico-mendes\/#primaryimage\"},\"thumbnailUrl\":\"https:\/\/nk7-testes.com.br\/agazeta\/wp-content\/uploads\/2016\/04\/220416-cotidiano-casachicomendes-tvgazeta.jpg\",\"datePublished\":\"2016-04-22T21:29:26+00:00\",\"author\":{\"@id\":\"https:\/\/nk7-testes.com.br\/agazeta\/#\/schema\/person\/6d6e25cb0435eb4a02fd44d30b4e3020\"},\"breadcrumb\":{\"@id\":\"https:\/\/nk7-testes.com.br\/agazeta\/iphan-finaliza-revitalizacao-da-casa-de-chico-mendes\/#breadcrumb\"},\"inLanguage\":\"pt-BR\",\"potentialAction\":[{\"@type\":\"ReadAction\",\"target\":[\"https:\/\/nk7-testes.com.br\/agazeta\/iphan-finaliza-revitalizacao-da-casa-de-chico-mendes\/\"]}]},{\"@type\":\"ImageObject\",\"inLanguage\":\"pt-BR\",\"@id\":\"https:\/\/nk7-testes.com.br\/agazeta\/iphan-finaliza-revitalizacao-da-casa-de-chico-mendes\/#primaryimage\",\"url\":\"https:\/\/nk7-testes.com.br\/agazeta\/wp-content\/uploads\/2016\/04\/220416-cotidiano-casachicomendes-tvgazeta.jpg\",\"contentUrl\":\"https:\/\/nk7-testes.com.br\/agazeta\/wp-content\/uploads\/2016\/04\/220416-cotidiano-casachicomendes-tvgazeta.jpg\",\"width\":458,\"height\":340,\"caption\":\"220416-cotidiano-casachicomendes-tvgazeta\"},{\"@type\":\"BreadcrumbList\",\"@id\":\"https:\/\/nk7-testes.com.br\/agazeta\/iphan-finaliza-revitalizacao-da-casa-de-chico-mendes\/#breadcrumb\",\"itemListElement\":[{\"@type\":\"ListItem\",\"position\":1,\"name\":\"In\u00edcio\",\"item\":\"https:\/\/nk7-testes.com.br\/agazeta\/\"},{\"@type\":\"ListItem\",\"position\":2,\"name\":\"Iphan finaliza revitaliza\u00e7\u00e3o da Casa de Chico Mendes\"}]},{\"@type\":\"WebSite\",\"@id\":\"https:\/\/nk7-testes.com.br\/agazeta\/#website\",\"url\":\"https:\/\/nk7-testes.com.br\/agazeta\/\",\"name\":\"Agazeta.net\",\"description\":\"Agazeta.net - Not\u00edcias de Rio Branco\/AC\",\"potentialAction\":[{\"@type\":\"SearchAction\",\"target\":{\"@type\":\"EntryPoint\",\"urlTemplate\":\"https:\/\/nk7-testes.com.br\/agazeta\/?s={search_term_string}\"},\"query-input\":{\"@type\":\"PropertyValueSpecification\",\"valueRequired\":true,\"valueName\":\"search_term_string\"}}],\"inLanguage\":\"pt-BR\"},{\"@type\":\"Person\",\"@id\":\"https:\/\/nk7-testes.com.br\/agazeta\/#\/schema\/person\/6d6e25cb0435eb4a02fd44d30b4e3020\",\"name\":\"Agazeta.Net\",\"url\":\"https:\/\/nk7-testes.com.br\/agazeta\/author\/agazeta\/\"}]}<\/script>\n<!-- \/ Yoast SEO plugin. -->","yoast_head_json":{"title":"Iphan finaliza revitaliza\u00e7\u00e3o da Casa de Chico Mendes - Agazeta.net","robots":{"index":"index","follow":"follow","max-snippet":"max-snippet:-1","max-image-preview":"max-image-preview:large","max-video-preview":"max-video-preview:-1"},"canonical":"https:\/\/nk7-testes.com.br\/agazeta\/iphan-finaliza-revitalizacao-da-casa-de-chico-mendes\/","og_locale":"pt_BR","og_type":"article","og_title":"Iphan finaliza revitaliza\u00e7\u00e3o da Casa de Chico Mendes - Agazeta.net","og_description":"Obra est\u00e1 or\u00e7ada em R$ 118 mil","og_url":"https:\/\/nk7-testes.com.br\/agazeta\/iphan-finaliza-revitalizacao-da-casa-de-chico-mendes\/","og_site_name":"Agazeta.net","article_published_time":"2016-04-22T21:29:26+00:00","og_image":[{"width":458,"height":340,"url":"https:\/\/nk7-testes.com.br\/agazeta\/wp-content\/uploads\/2016\/04\/220416-cotidiano-casachicomendes-tvgazeta.jpg","type":"image\/jpeg"}],"author":"Agazeta.Net","twitter_card":"summary_large_image","twitter_misc":{"Escrito por":"Agazeta.Net","Est. tempo de leitura":"1 minuto"},"schema":{"@context":"https:\/\/schema.org","@graph":[{"@type":"WebPage","@id":"https:\/\/nk7-testes.com.br\/agazeta\/iphan-finaliza-revitalizacao-da-casa-de-chico-mendes\/","url":"https:\/\/nk7-testes.com.br\/agazeta\/iphan-finaliza-revitalizacao-da-casa-de-chico-mendes\/","name":"Iphan finaliza revitaliza\u00e7\u00e3o da Casa de Chico Mendes - Agazeta.net","isPartOf":{"@id":"https:\/\/nk7-testes.com.br\/agazeta\/#website"},"primaryImageOfPage":{"@id":"https:\/\/nk7-testes.com.br\/agazeta\/iphan-finaliza-revitalizacao-da-casa-de-chico-mendes\/#primaryimage"},"image":{"@id":"https:\/\/nk7-testes.com.br\/agazeta\/iphan-finaliza-revitalizacao-da-casa-de-chico-mendes\/#primaryimage"},"thumbnailUrl":"https:\/\/nk7-testes.com.br\/agazeta\/wp-content\/uploads\/2016\/04\/220416-cotidiano-casachicomendes-tvgazeta.jpg","datePublished":"2016-04-22T21:29:26+00:00","author":{"@id":"https:\/\/nk7-testes.com.br\/agazeta\/#\/schema\/person\/6d6e25cb0435eb4a02fd44d30b4e3020"},"breadcrumb":{"@id":"https:\/\/nk7-testes.com.br\/agazeta\/iphan-finaliza-revitalizacao-da-casa-de-chico-mendes\/#breadcrumb"},"inLanguage":"pt-BR","potentialAction":[{"@type":"ReadAction","target":["https:\/\/nk7-testes.com.br\/agazeta\/iphan-finaliza-revitalizacao-da-casa-de-chico-mendes\/"]}]},{"@type":"ImageObject","inLanguage":"pt-BR","@id":"https:\/\/nk7-testes.com.br\/agazeta\/iphan-finaliza-revitalizacao-da-casa-de-chico-mendes\/#primaryimage","url":"https:\/\/nk7-testes.com.br\/agazeta\/wp-content\/uploads\/2016\/04\/220416-cotidiano-casachicomendes-tvgazeta.jpg","contentUrl":"https:\/\/nk7-testes.com.br\/agazeta\/wp-content\/uploads\/2016\/04\/220416-cotidiano-casachicomendes-tvgazeta.jpg","width":458,"height":340,"caption":"220416-cotidiano-casachicomendes-tvgazeta"},{"@type":"BreadcrumbList","@id":"https:\/\/nk7-testes.com.br\/agazeta\/iphan-finaliza-revitalizacao-da-casa-de-chico-mendes\/#breadcrumb","itemListElement":[{"@type":"ListItem","position":1,"name":"In\u00edcio","item":"https:\/\/nk7-testes.com.br\/agazeta\/"},{"@type":"ListItem","position":2,"name":"Iphan finaliza revitaliza\u00e7\u00e3o da Casa de Chico Mendes"}]},{"@type":"WebSite","@id":"https:\/\/nk7-testes.com.br\/agazeta\/#website","url":"https:\/\/nk7-testes.com.br\/agazeta\/","name":"Agazeta.net","description":"Agazeta.net - Not\u00edcias de Rio Branco\/AC","potentialAction":[{"@type":"SearchAction","target":{"@type":"EntryPoint","urlTemplate":"https:\/\/nk7-testes.com.br\/agazeta\/?s={search_term_string}"},"query-input":{"@type":"PropertyValueSpecification","valueRequired":true,"valueName":"search_term_string"}}],"inLanguage":"pt-BR"},{"@type":"Person","@id":"https:\/\/nk7-testes.com.br\/agazeta\/#\/schema\/person\/6d6e25cb0435eb4a02fd44d30b4e3020","name":"Agazeta.Net","url":"https:\/\/nk7-testes.com.br\/agazeta\/author\/agazeta\/"}]}},"_links":{"self":[{"href":"https:\/\/nk7-testes.com.br\/agazeta\/wp-json\/wp\/v2\/posts\/22336","targetHints":{"allow":["GET"]}}],"collection":[{"href":"https:\/\/nk7-testes.com.br\/agazeta\/wp-json\/wp\/v2\/posts"}],"about":[{"href":"https:\/\/nk7-testes.com.br\/agazeta\/wp-json\/wp\/v2\/types\/post"}],"author":[{"embeddable":true,"href":"https:\/\/nk7-testes.com.br\/agazeta\/wp-json\/wp\/v2\/users\/4"}],"replies":[{"embeddable":true,"href":"https:\/\/nk7-testes.com.br\/agazeta\/wp-json\/wp\/v2\/comments?post=22336"}],"version-history":[{"count":0,"href":"https:\/\/nk7-testes.com.br\/agazeta\/wp-json\/wp\/v2\/posts\/22336\/revisions"}],"wp:featuredmedia":[{"embeddable":true,"href":"https:\/\/nk7-testes.com.br\/agazeta\/wp-json\/wp\/v2\/media\/22335"}],"wp:attachment":[{"href":"https:\/\/nk7-testes.com.br\/agazeta\/wp-json\/wp\/v2\/media?parent=22336"}],"wp:term":[{"taxonomy":"category","embeddable":true,"href":"https:\/\/nk7-testes.com.br\/agazeta\/wp-json\/wp\/v2\/categories?post=22336"},{"taxonomy":"post_tag","embeddable":true,"href":"https:\/\/nk7-testes.com.br\/agazeta\/wp-json\/wp\/v2\/tags?post=22336"}],"curies":[{"name":"wp","href":"https:\/\/api.w.org\/{rel}","templated":true}]}}