{"id":22250,"date":"2016-04-19T18:10:39","date_gmt":"2016-04-19T18:10:39","guid":{"rendered":"https:\/\/abarevegan.com.br\/index.php\/2016\/04\/19\/apos-morte-de-jovem-socioeducandos-sao-afastados\/"},"modified":"2016-04-19T18:10:39","modified_gmt":"2016-04-19T18:10:39","slug":"apos-morte-de-jovem-socioeducandos-sao-afastados","status":"publish","type":"post","link":"https:\/\/nk7-testes.com.br\/agazeta\/apos-morte-de-jovem-socioeducandos-sao-afastados\/","title":{"rendered":"Ap\u00f3s morte de jovem socioeducandos s\u00e3o afastados"},"content":{"rendered":"<p style=\"text-align: justify;\">Diretor do Ise explicou que medida \u00e9 administrativa<\/p>\n<p style=\"text-align: justify;\">Na ultima sexta-feira (15) foi registrado a morte brutal de um adolescente que estava internado no Instituto Socioeducativo (Ise) Aquiry. O diretor-presidente do Ise, Rafael Almeida, tomou como medida o afastamento de pelo menos 9 pessoas que trabalhavam na noite do crime.<\/p>\n<p style=\"text-align: justify;\">Almeida explicou que o afastamento est\u00e1 dentro processo administrativo da Institui\u00e7\u00e3o, e que n\u00e3o seria uma puni\u00e7\u00e3o. \u201cN\u00e3o \u00e9 ainda puni\u00e7\u00e3o, n\u00e3o \u00e9 nesse sentido de estarmos julgando ou dando senten\u00e7a, faz parte do procedimento administrativo, a equipe tem que ser afastada para que haja as apura\u00e7\u00f5es.\u201d<\/p>\n<p style=\"text-align: justify;\">O diretor disse ainda que a partir de hoje (19) testemunhas e a equipe que trabalhava no dia do assassinato ser\u00e3o ouvidos para dar prosseguimento ao processo administrativo.<\/p>\n<p style=\"text-align: justify;\">Sobre a den\u00fancia da m\u00e3e da v\u00edtima, de que j\u00e1 havia denunciado amea\u00e7as de morte ao filho, Almeida disse que o fato est\u00e1 sendo apurado.<\/p>\n<p style=\"text-align: justify;\">Entenda o caso<\/p>\n<p style=\"text-align: justify;\">Na noite da ultima sexta-feira (15) foi confirmada a morte do adolescente infrator D.B.M, de 17 anos, no interior do Centro Socioeducativo Aquiry.<\/p>\n<p style=\"text-align: justify;\">O Servi\u00e7o de Atendimento M\u00f3vel de Urg\u00eancia (Samu) foi o primeiro a chegar ao local e constatou a morte do adolescente. Ainda segundo os param\u00e9dicos do Samu, a v\u00edtima estava com marcas de viol\u00eancia no rosto e no pesco\u00e7o.<\/p>\n<p style=\"text-align: justify;\">Segundo informa\u00e7\u00f5es apuradas junto ao Instituto Socioeducativo, o adolescente infrator identificado como D.B.M, de 17 anos, foi morto ap\u00f3s uma briga dentro do alojamento conhecido como Delta 1.<\/p>\n<p style=\"text-align: justify;\">Ele estava junto a outros tr\u00eas adolescentes infratores com idades entre 15 e 16 anos. Os suspeitos pela morte de D.B.M foram apreendidos e levados para o registro da ocorr\u00eancia na delegacia do menor numa viatura da Pol\u00edcia Militar.<\/p>\n<p style=\"text-align: justify;\">O presidente do sindicato dos agentes socioeducativos, Beto Calixto, reclamou que foi proibido de entrar na unidade. Ele criticou as condi\u00e7\u00f5es dentro da unidade. \u201cA morte do adolescente infrator dentro da pousada ser\u00e1 investigada pela Corregedoria\u201d, afirmou o diretor presidente do Instituto Socioeducativo do Acre, Rafael Almeida de Souza.<\/p>\n","protected":false},"excerpt":{"rendered":"<p style=\"text-align: justify;\">Diretor do Ise explicou que medida \u00e9 administrativa<\/p>\n","protected":false},"author":4,"featured_media":22249,"comment_status":"open","ping_status":"open","sticky":false,"template":"","format":"standard","meta":{"jnews-multi-image_gallery":[],"jnews_single_post":[],"jnews_primary_category":[],"jnews_social_meta":[],"jnews_review":[],"enable_review":"","type":"","name":"","summary":"","brand":"","sku":"","good":[],"bad":[],"score_override":"","override_value":"","rating":[],"price":[],"footnotes":""},"categories":[44],"tags":[],"class_list":["post-22250","post","type-post","status-publish","format-standard","has-post-thumbnail","hentry","category-policia"],"yoast_head":"<!-- This site is optimized with the Yoast SEO plugin v26.5 - https:\/\/yoast.com\/wordpress\/plugins\/seo\/ -->\n<title>Ap\u00f3s morte de jovem socioeducandos s\u00e3o afastados - Agazeta.net<\/title>\n<meta name=\"robots\" content=\"index, follow, max-snippet:-1, max-image-preview:large, max-video-preview:-1\" \/>\n<link rel=\"canonical\" href=\"https:\/\/nk7-testes.com.br\/agazeta\/apos-morte-de-jovem-socioeducandos-sao-afastados\/\" \/>\n<meta property=\"og:locale\" content=\"pt_BR\" \/>\n<meta property=\"og:type\" content=\"article\" \/>\n<meta property=\"og:title\" content=\"Ap\u00f3s morte de jovem socioeducandos s\u00e3o afastados - Agazeta.net\" \/>\n<meta property=\"og:description\" content=\"Diretor do Ise explicou que medida \u00e9 administrativa\" \/>\n<meta property=\"og:url\" content=\"https:\/\/nk7-testes.com.br\/agazeta\/apos-morte-de-jovem-socioeducandos-sao-afastados\/\" \/>\n<meta property=\"og:site_name\" content=\"Agazeta.net\" \/>\n<meta property=\"article:published_time\" content=\"2016-04-19T18:10:39+00:00\" \/>\n<meta property=\"og:image\" content=\"https:\/\/nk7-testes.com.br\/agazeta\/wp-content\/uploads\/2016\/04\/160416-policia-pousadadomenor-cleriston2_410_305.jpg\" \/>\n\t<meta property=\"og:image:width\" content=\"410\" \/>\n\t<meta property=\"og:image:height\" content=\"305\" \/>\n\t<meta property=\"og:image:type\" content=\"image\/jpeg\" \/>\n<meta name=\"author\" content=\"Agazeta.Net\" \/>\n<meta name=\"twitter:card\" content=\"summary_large_image\" \/>\n<meta name=\"twitter:label1\" content=\"Escrito por\" \/>\n\t<meta name=\"twitter:data1\" content=\"Agazeta.Net\" \/>\n\t<meta name=\"twitter:label2\" content=\"Est. tempo de leitura\" \/>\n\t<meta name=\"twitter:data2\" content=\"2 minutos\" \/>\n<script type=\"application\/ld+json\" class=\"yoast-schema-graph\">{\"@context\":\"https:\/\/schema.org\",\"@graph\":[{\"@type\":\"WebPage\",\"@id\":\"https:\/\/nk7-testes.com.br\/agazeta\/apos-morte-de-jovem-socioeducandos-sao-afastados\/\",\"url\":\"https:\/\/nk7-testes.com.br\/agazeta\/apos-morte-de-jovem-socioeducandos-sao-afastados\/\",\"name\":\"Ap\u00f3s morte de jovem socioeducandos s\u00e3o afastados - Agazeta.net\",\"isPartOf\":{\"@id\":\"https:\/\/nk7-testes.com.br\/agazeta\/#website\"},\"primaryImageOfPage\":{\"@id\":\"https:\/\/nk7-testes.com.br\/agazeta\/apos-morte-de-jovem-socioeducandos-sao-afastados\/#primaryimage\"},\"image\":{\"@id\":\"https:\/\/nk7-testes.com.br\/agazeta\/apos-morte-de-jovem-socioeducandos-sao-afastados\/#primaryimage\"},\"thumbnailUrl\":\"https:\/\/nk7-testes.com.br\/agazeta\/wp-content\/uploads\/2016\/04\/160416-policia-pousadadomenor-cleriston2_410_305.jpg\",\"datePublished\":\"2016-04-19T18:10:39+00:00\",\"author\":{\"@id\":\"https:\/\/nk7-testes.com.br\/agazeta\/#\/schema\/person\/6d6e25cb0435eb4a02fd44d30b4e3020\"},\"breadcrumb\":{\"@id\":\"https:\/\/nk7-testes.com.br\/agazeta\/apos-morte-de-jovem-socioeducandos-sao-afastados\/#breadcrumb\"},\"inLanguage\":\"pt-BR\",\"potentialAction\":[{\"@type\":\"ReadAction\",\"target\":[\"https:\/\/nk7-testes.com.br\/agazeta\/apos-morte-de-jovem-socioeducandos-sao-afastados\/\"]}]},{\"@type\":\"ImageObject\",\"inLanguage\":\"pt-BR\",\"@id\":\"https:\/\/nk7-testes.com.br\/agazeta\/apos-morte-de-jovem-socioeducandos-sao-afastados\/#primaryimage\",\"url\":\"https:\/\/nk7-testes.com.br\/agazeta\/wp-content\/uploads\/2016\/04\/160416-policia-pousadadomenor-cleriston2_410_305.jpg\",\"contentUrl\":\"https:\/\/nk7-testes.com.br\/agazeta\/wp-content\/uploads\/2016\/04\/160416-policia-pousadadomenor-cleriston2_410_305.jpg\",\"width\":410,\"height\":305,\"caption\":\"160416-policia-pousadadomenor-cleriston2 410 305\"},{\"@type\":\"BreadcrumbList\",\"@id\":\"https:\/\/nk7-testes.com.br\/agazeta\/apos-morte-de-jovem-socioeducandos-sao-afastados\/#breadcrumb\",\"itemListElement\":[{\"@type\":\"ListItem\",\"position\":1,\"name\":\"In\u00edcio\",\"item\":\"https:\/\/nk7-testes.com.br\/agazeta\/\"},{\"@type\":\"ListItem\",\"position\":2,\"name\":\"Ap\u00f3s morte de jovem socioeducandos s\u00e3o afastados\"}]},{\"@type\":\"WebSite\",\"@id\":\"https:\/\/nk7-testes.com.br\/agazeta\/#website\",\"url\":\"https:\/\/nk7-testes.com.br\/agazeta\/\",\"name\":\"Agazeta.net\",\"description\":\"Agazeta.net - Not\u00edcias de Rio Branco\/AC\",\"potentialAction\":[{\"@type\":\"SearchAction\",\"target\":{\"@type\":\"EntryPoint\",\"urlTemplate\":\"https:\/\/nk7-testes.com.br\/agazeta\/?s={search_term_string}\"},\"query-input\":{\"@type\":\"PropertyValueSpecification\",\"valueRequired\":true,\"valueName\":\"search_term_string\"}}],\"inLanguage\":\"pt-BR\"},{\"@type\":\"Person\",\"@id\":\"https:\/\/nk7-testes.com.br\/agazeta\/#\/schema\/person\/6d6e25cb0435eb4a02fd44d30b4e3020\",\"name\":\"Agazeta.Net\",\"url\":\"https:\/\/nk7-testes.com.br\/agazeta\/author\/agazeta\/\"}]}<\/script>\n<!-- \/ Yoast SEO plugin. -->","yoast_head_json":{"title":"Ap\u00f3s morte de jovem socioeducandos s\u00e3o afastados - Agazeta.net","robots":{"index":"index","follow":"follow","max-snippet":"max-snippet:-1","max-image-preview":"max-image-preview:large","max-video-preview":"max-video-preview:-1"},"canonical":"https:\/\/nk7-testes.com.br\/agazeta\/apos-morte-de-jovem-socioeducandos-sao-afastados\/","og_locale":"pt_BR","og_type":"article","og_title":"Ap\u00f3s morte de jovem socioeducandos s\u00e3o afastados - Agazeta.net","og_description":"Diretor do Ise explicou que medida \u00e9 administrativa","og_url":"https:\/\/nk7-testes.com.br\/agazeta\/apos-morte-de-jovem-socioeducandos-sao-afastados\/","og_site_name":"Agazeta.net","article_published_time":"2016-04-19T18:10:39+00:00","og_image":[{"width":410,"height":305,"url":"https:\/\/nk7-testes.com.br\/agazeta\/wp-content\/uploads\/2016\/04\/160416-policia-pousadadomenor-cleriston2_410_305.jpg","type":"image\/jpeg"}],"author":"Agazeta.Net","twitter_card":"summary_large_image","twitter_misc":{"Escrito por":"Agazeta.Net","Est. tempo de leitura":"2 minutos"},"schema":{"@context":"https:\/\/schema.org","@graph":[{"@type":"WebPage","@id":"https:\/\/nk7-testes.com.br\/agazeta\/apos-morte-de-jovem-socioeducandos-sao-afastados\/","url":"https:\/\/nk7-testes.com.br\/agazeta\/apos-morte-de-jovem-socioeducandos-sao-afastados\/","name":"Ap\u00f3s morte de jovem socioeducandos s\u00e3o afastados - Agazeta.net","isPartOf":{"@id":"https:\/\/nk7-testes.com.br\/agazeta\/#website"},"primaryImageOfPage":{"@id":"https:\/\/nk7-testes.com.br\/agazeta\/apos-morte-de-jovem-socioeducandos-sao-afastados\/#primaryimage"},"image":{"@id":"https:\/\/nk7-testes.com.br\/agazeta\/apos-morte-de-jovem-socioeducandos-sao-afastados\/#primaryimage"},"thumbnailUrl":"https:\/\/nk7-testes.com.br\/agazeta\/wp-content\/uploads\/2016\/04\/160416-policia-pousadadomenor-cleriston2_410_305.jpg","datePublished":"2016-04-19T18:10:39+00:00","author":{"@id":"https:\/\/nk7-testes.com.br\/agazeta\/#\/schema\/person\/6d6e25cb0435eb4a02fd44d30b4e3020"},"breadcrumb":{"@id":"https:\/\/nk7-testes.com.br\/agazeta\/apos-morte-de-jovem-socioeducandos-sao-afastados\/#breadcrumb"},"inLanguage":"pt-BR","potentialAction":[{"@type":"ReadAction","target":["https:\/\/nk7-testes.com.br\/agazeta\/apos-morte-de-jovem-socioeducandos-sao-afastados\/"]}]},{"@type":"ImageObject","inLanguage":"pt-BR","@id":"https:\/\/nk7-testes.com.br\/agazeta\/apos-morte-de-jovem-socioeducandos-sao-afastados\/#primaryimage","url":"https:\/\/nk7-testes.com.br\/agazeta\/wp-content\/uploads\/2016\/04\/160416-policia-pousadadomenor-cleriston2_410_305.jpg","contentUrl":"https:\/\/nk7-testes.com.br\/agazeta\/wp-content\/uploads\/2016\/04\/160416-policia-pousadadomenor-cleriston2_410_305.jpg","width":410,"height":305,"caption":"160416-policia-pousadadomenor-cleriston2 410 305"},{"@type":"BreadcrumbList","@id":"https:\/\/nk7-testes.com.br\/agazeta\/apos-morte-de-jovem-socioeducandos-sao-afastados\/#breadcrumb","itemListElement":[{"@type":"ListItem","position":1,"name":"In\u00edcio","item":"https:\/\/nk7-testes.com.br\/agazeta\/"},{"@type":"ListItem","position":2,"name":"Ap\u00f3s morte de jovem socioeducandos s\u00e3o afastados"}]},{"@type":"WebSite","@id":"https:\/\/nk7-testes.com.br\/agazeta\/#website","url":"https:\/\/nk7-testes.com.br\/agazeta\/","name":"Agazeta.net","description":"Agazeta.net - Not\u00edcias de Rio Branco\/AC","potentialAction":[{"@type":"SearchAction","target":{"@type":"EntryPoint","urlTemplate":"https:\/\/nk7-testes.com.br\/agazeta\/?s={search_term_string}"},"query-input":{"@type":"PropertyValueSpecification","valueRequired":true,"valueName":"search_term_string"}}],"inLanguage":"pt-BR"},{"@type":"Person","@id":"https:\/\/nk7-testes.com.br\/agazeta\/#\/schema\/person\/6d6e25cb0435eb4a02fd44d30b4e3020","name":"Agazeta.Net","url":"https:\/\/nk7-testes.com.br\/agazeta\/author\/agazeta\/"}]}},"_links":{"self":[{"href":"https:\/\/nk7-testes.com.br\/agazeta\/wp-json\/wp\/v2\/posts\/22250","targetHints":{"allow":["GET"]}}],"collection":[{"href":"https:\/\/nk7-testes.com.br\/agazeta\/wp-json\/wp\/v2\/posts"}],"about":[{"href":"https:\/\/nk7-testes.com.br\/agazeta\/wp-json\/wp\/v2\/types\/post"}],"author":[{"embeddable":true,"href":"https:\/\/nk7-testes.com.br\/agazeta\/wp-json\/wp\/v2\/users\/4"}],"replies":[{"embeddable":true,"href":"https:\/\/nk7-testes.com.br\/agazeta\/wp-json\/wp\/v2\/comments?post=22250"}],"version-history":[{"count":0,"href":"https:\/\/nk7-testes.com.br\/agazeta\/wp-json\/wp\/v2\/posts\/22250\/revisions"}],"wp:featuredmedia":[{"embeddable":true,"href":"https:\/\/nk7-testes.com.br\/agazeta\/wp-json\/wp\/v2\/media\/22249"}],"wp:attachment":[{"href":"https:\/\/nk7-testes.com.br\/agazeta\/wp-json\/wp\/v2\/media?parent=22250"}],"wp:term":[{"taxonomy":"category","embeddable":true,"href":"https:\/\/nk7-testes.com.br\/agazeta\/wp-json\/wp\/v2\/categories?post=22250"},{"taxonomy":"post_tag","embeddable":true,"href":"https:\/\/nk7-testes.com.br\/agazeta\/wp-json\/wp\/v2\/tags?post=22250"}],"curies":[{"name":"wp","href":"https:\/\/api.w.org\/{rel}","templated":true}]}}