{"id":22239,"date":"2016-04-19T13:55:16","date_gmt":"2016-04-19T13:55:16","guid":{"rendered":"https:\/\/abarevegan.com.br\/index.php\/2016\/04\/19\/rede-social-e-usada-para-discutir-sindrome-de-down\/"},"modified":"2016-04-19T13:55:16","modified_gmt":"2016-04-19T13:55:16","slug":"rede-social-e-usada-para-discutir-sindrome-de-down","status":"publish","type":"post","link":"https:\/\/nk7-testes.com.br\/agazeta\/rede-social-e-usada-para-discutir-sindrome-de-down\/","title":{"rendered":"Rede social \u00e9 usada para discutir S\u00edndrome de Down"},"content":{"rendered":"<p style=\"text-align: justify;\">A pedag\u00f3gica chegada de Luiz Henrique<\/p>\n<p style=\"text-align: justify;\">Rafaela Monteiro (26) e Maykel Bianchini (29) planejaram nos m\u00ednimos detalhes a chegada do primeiro filho. Mas aos oito meses de gesta\u00e7\u00e3o, o beb\u00ea n\u00e3o quis esperar.<\/p>\n<p style=\"text-align: justify;\">Rafaela conta que assim que o filho nasceu, percebeu uma troca de olhares estranha entre a equipe m\u00e9dica. A m\u00e3e relata emocionada, que recebeu da forma mais traum\u00e1tica poss\u00edvel, a not\u00edcia de que o filho t\u00e3o desejado tinha s\u00edndrome de Down.<\/p>\n<p style=\"text-align: justify;\">\u201cN\u00e3o tive o primeiro contato com ele. O Luiz foi levado para a UTI e eu fiquei a noite toda no quarto pensando, querendo ver ele. Chegaram e logo disseram que tinha suspeita de S\u00edndrome de Down e foi um choque. Eu n\u00e3o entendia, falava que n\u00e3o. Queria quebrar o quarto, me culpava muito\u201d, relata a m\u00e3e chorando.<\/p>\n<p style=\"text-align: justify;\">Rafaela e Maykel, n\u00e3o tem parentesco e ela \u00e9 jovem, tem apenas 26 anos de idade. Muitas d\u00favidas surgiram quanto a causa da S\u00edndrome, e um exame feito a pedido de uma m\u00e9dica geneticista comprovou o diagn\u00f3stico poucas semanas ap\u00f3s o nascimento.<\/p>\n<p style=\"text-align: justify;\">Ap\u00f3s o per\u00edodo nebuloso, composto inclusive por coment\u00e1rios preconceituosos, foi o pr\u00f3prio Luis Henrique, que come\u00e7ou a trazer luz n\u00e3o somente para os pais, como tamb\u00e9m pra toda parentela.<\/p>\n<p style=\"text-align: justify;\">Uma das experi\u00eancias mais tocantes foi registrada atrav\u00e9s do celular de Rafaela. Enquanto a m\u00e3e cantava uma m\u00fasica de Roberto Carlos, a crian\u00e7a se emocionou.<\/p>\n<p style=\"text-align: justify;\">Para a m\u00e3e, o filho reagiu a um momento de emo\u00e7\u00e3o dela. \u201cComecei a cantar Como \u00e9 grande o meu amor por voc\u00ea e passou um filme de tudo que aconteceu e comecei a me emocionar. Quando olhei ele estava com os olhos cheios de l\u00e1grima, fazendo biquinho de choro\u201d, explica.<\/p>\n<p style=\"text-align: justify;\">Os pais tentaram cantar a mesma m\u00fasica e outros repert\u00f3rios para ver se Luiz reagiria daquela forma novamente, mas n\u00e3o adiantou. Aquele instante, foi literalmente \u00fanico entre m\u00e3e e filho.<\/p>\n<p style=\"text-align: justify;\">Desde que o Luiz nasceu, Rafaela posta nas redes sociais o dia a dia da crian\u00e7a. \u00c9 uma forma que ela encontrou de compartilhar com outras outras m\u00e3es que tem filhos com s\u00edndrome de down, a evolu\u00e7\u00e3o do menino. Esta semana, Rafaela criou um canal no youtube, e o tema foi justamente a fase mais dif\u00edcil, a da aceita\u00e7\u00e3o.<\/p>\n<p style=\"text-align: justify;\">\u201cEssa fase \u00e9 muito dolorida. \u00c9 um momento que voc\u00ea acha que \u00e9 o fim do mundo, que n\u00e3o vai conseguir. Mas o beb\u00ea precisa da m\u00e3e. Ele depende dela. A gente precisa passar por essa fase da dor, da culpa, \u00e9 um grande aprendizado\u201d, afirma.<\/p>\n<p style=\"text-align: justify;\">Luiz tem cardiopatia. Em m\u00e9dia, 40% das pessoas com s\u00edndrome de Down tem anormalidade na estrutura do cora\u00e7\u00e3o. Al\u00e9m dos cuidados a esse respeito, os pais n\u00e3o descuidam da fisioterapia e dos est\u00edmulos que podem ser feitos em casa, brincando.<\/p>\n<p style=\"text-align: justify;\">O casal planeja outro ou outros filhos, o n\u00famero de mais 1 ou mais 2 ainda n\u00e3o foi acordado, mas est\u00e3o certos de que Luis ter\u00e1 amor de sobra pra compartilhar. \u201cEu acordo cedo, \u00e0s vezes ele j\u00e1 est\u00e1 acordado e manda beijo, quando chego a noite, fica me procurando, \u00e9 muito emocionante\u201d, explica o pai.<\/p>\n<p style=\"text-align: justify;\">Ambos compreendem que a chegada de Luis teve um prop\u00f3sito divino. As li\u00e7\u00f5es nesses 8 meses de vida, do pequeno j\u00e1 mostraram que \u00e9 preciso superar preconceitos e amar sem reservas. \u201cEle tem um cromossomo a mais, que \u00e9 o cromossomo do amor\u201d, disse Rafaela.<\/p>\n","protected":false},"excerpt":{"rendered":"<p style=\"text-align: justify;\">A pedag\u00f3gica chegada de Luiz Henrique<\/p>\n","protected":false},"author":4,"featured_media":22238,"comment_status":"open","ping_status":"open","sticky":false,"template":"","format":"standard","meta":{"jnews-multi-image_gallery":[],"jnews_single_post":[],"jnews_primary_category":[],"jnews_social_meta":[],"jnews_review":[],"enable_review":"","type":"","name":"","summary":"","brand":"","sku":"","good":[],"bad":[],"score_override":"","override_value":"","rating":[],"price":[],"footnotes":""},"categories":[54],"tags":[],"class_list":["post-22239","post","type-post","status-publish","format-standard","has-post-thumbnail","hentry","category-cotidiano"],"yoast_head":"<!-- This site is optimized with the Yoast SEO plugin v26.5 - https:\/\/yoast.com\/wordpress\/plugins\/seo\/ -->\n<title>Rede social \u00e9 usada para discutir S\u00edndrome de Down - Agazeta.net<\/title>\n<meta name=\"robots\" content=\"index, follow, max-snippet:-1, max-image-preview:large, max-video-preview:-1\" \/>\n<link rel=\"canonical\" href=\"https:\/\/nk7-testes.com.br\/agazeta\/rede-social-e-usada-para-discutir-sindrome-de-down\/\" \/>\n<meta property=\"og:locale\" content=\"pt_BR\" \/>\n<meta property=\"og:type\" content=\"article\" \/>\n<meta property=\"og:title\" content=\"Rede social \u00e9 usada para discutir S\u00edndrome de Down - Agazeta.net\" \/>\n<meta property=\"og:description\" content=\"A pedag\u00f3gica chegada de Luiz Henrique\" \/>\n<meta property=\"og:url\" content=\"https:\/\/nk7-testes.com.br\/agazeta\/rede-social-e-usada-para-discutir-sindrome-de-down\/\" \/>\n<meta property=\"og:site_name\" content=\"Agazeta.net\" \/>\n<meta property=\"article:published_time\" content=\"2016-04-19T13:55:16+00:00\" \/>\n<meta property=\"og:image\" content=\"https:\/\/nk7-testes.com.br\/agazeta\/wp-content\/uploads\/2016\/04\/190416-cotidiano-luizhenrique-cedida.jpg\" \/>\n\t<meta property=\"og:image:width\" content=\"458\" \/>\n\t<meta property=\"og:image:height\" content=\"340\" \/>\n\t<meta property=\"og:image:type\" content=\"image\/jpeg\" \/>\n<meta name=\"author\" content=\"Agazeta.Net\" \/>\n<meta name=\"twitter:card\" content=\"summary_large_image\" \/>\n<meta name=\"twitter:label1\" content=\"Escrito por\" \/>\n\t<meta name=\"twitter:data1\" content=\"Agazeta.Net\" \/>\n\t<meta name=\"twitter:label2\" content=\"Est. tempo de leitura\" \/>\n\t<meta name=\"twitter:data2\" content=\"3 minutos\" \/>\n<script type=\"application\/ld+json\" class=\"yoast-schema-graph\">{\"@context\":\"https:\/\/schema.org\",\"@graph\":[{\"@type\":\"WebPage\",\"@id\":\"https:\/\/nk7-testes.com.br\/agazeta\/rede-social-e-usada-para-discutir-sindrome-de-down\/\",\"url\":\"https:\/\/nk7-testes.com.br\/agazeta\/rede-social-e-usada-para-discutir-sindrome-de-down\/\",\"name\":\"Rede social \u00e9 usada para discutir S\u00edndrome de Down - Agazeta.net\",\"isPartOf\":{\"@id\":\"https:\/\/nk7-testes.com.br\/agazeta\/#website\"},\"primaryImageOfPage\":{\"@id\":\"https:\/\/nk7-testes.com.br\/agazeta\/rede-social-e-usada-para-discutir-sindrome-de-down\/#primaryimage\"},\"image\":{\"@id\":\"https:\/\/nk7-testes.com.br\/agazeta\/rede-social-e-usada-para-discutir-sindrome-de-down\/#primaryimage\"},\"thumbnailUrl\":\"https:\/\/nk7-testes.com.br\/agazeta\/wp-content\/uploads\/2016\/04\/190416-cotidiano-luizhenrique-cedida.jpg\",\"datePublished\":\"2016-04-19T13:55:16+00:00\",\"author\":{\"@id\":\"https:\/\/nk7-testes.com.br\/agazeta\/#\/schema\/person\/6d6e25cb0435eb4a02fd44d30b4e3020\"},\"breadcrumb\":{\"@id\":\"https:\/\/nk7-testes.com.br\/agazeta\/rede-social-e-usada-para-discutir-sindrome-de-down\/#breadcrumb\"},\"inLanguage\":\"pt-BR\",\"potentialAction\":[{\"@type\":\"ReadAction\",\"target\":[\"https:\/\/nk7-testes.com.br\/agazeta\/rede-social-e-usada-para-discutir-sindrome-de-down\/\"]}]},{\"@type\":\"ImageObject\",\"inLanguage\":\"pt-BR\",\"@id\":\"https:\/\/nk7-testes.com.br\/agazeta\/rede-social-e-usada-para-discutir-sindrome-de-down\/#primaryimage\",\"url\":\"https:\/\/nk7-testes.com.br\/agazeta\/wp-content\/uploads\/2016\/04\/190416-cotidiano-luizhenrique-cedida.jpg\",\"contentUrl\":\"https:\/\/nk7-testes.com.br\/agazeta\/wp-content\/uploads\/2016\/04\/190416-cotidiano-luizhenrique-cedida.jpg\",\"width\":458,\"height\":340,\"caption\":\"190416-cotidiano-luizhenrique-cedida\"},{\"@type\":\"BreadcrumbList\",\"@id\":\"https:\/\/nk7-testes.com.br\/agazeta\/rede-social-e-usada-para-discutir-sindrome-de-down\/#breadcrumb\",\"itemListElement\":[{\"@type\":\"ListItem\",\"position\":1,\"name\":\"In\u00edcio\",\"item\":\"https:\/\/nk7-testes.com.br\/agazeta\/\"},{\"@type\":\"ListItem\",\"position\":2,\"name\":\"Rede social \u00e9 usada para discutir S\u00edndrome de Down\"}]},{\"@type\":\"WebSite\",\"@id\":\"https:\/\/nk7-testes.com.br\/agazeta\/#website\",\"url\":\"https:\/\/nk7-testes.com.br\/agazeta\/\",\"name\":\"Agazeta.net\",\"description\":\"Agazeta.net - Not\u00edcias de Rio Branco\/AC\",\"potentialAction\":[{\"@type\":\"SearchAction\",\"target\":{\"@type\":\"EntryPoint\",\"urlTemplate\":\"https:\/\/nk7-testes.com.br\/agazeta\/?s={search_term_string}\"},\"query-input\":{\"@type\":\"PropertyValueSpecification\",\"valueRequired\":true,\"valueName\":\"search_term_string\"}}],\"inLanguage\":\"pt-BR\"},{\"@type\":\"Person\",\"@id\":\"https:\/\/nk7-testes.com.br\/agazeta\/#\/schema\/person\/6d6e25cb0435eb4a02fd44d30b4e3020\",\"name\":\"Agazeta.Net\",\"url\":\"https:\/\/nk7-testes.com.br\/agazeta\/author\/agazeta\/\"}]}<\/script>\n<!-- \/ Yoast SEO plugin. -->","yoast_head_json":{"title":"Rede social \u00e9 usada para discutir S\u00edndrome de Down - Agazeta.net","robots":{"index":"index","follow":"follow","max-snippet":"max-snippet:-1","max-image-preview":"max-image-preview:large","max-video-preview":"max-video-preview:-1"},"canonical":"https:\/\/nk7-testes.com.br\/agazeta\/rede-social-e-usada-para-discutir-sindrome-de-down\/","og_locale":"pt_BR","og_type":"article","og_title":"Rede social \u00e9 usada para discutir S\u00edndrome de Down - Agazeta.net","og_description":"A pedag\u00f3gica chegada de Luiz Henrique","og_url":"https:\/\/nk7-testes.com.br\/agazeta\/rede-social-e-usada-para-discutir-sindrome-de-down\/","og_site_name":"Agazeta.net","article_published_time":"2016-04-19T13:55:16+00:00","og_image":[{"width":458,"height":340,"url":"https:\/\/nk7-testes.com.br\/agazeta\/wp-content\/uploads\/2016\/04\/190416-cotidiano-luizhenrique-cedida.jpg","type":"image\/jpeg"}],"author":"Agazeta.Net","twitter_card":"summary_large_image","twitter_misc":{"Escrito por":"Agazeta.Net","Est. tempo de leitura":"3 minutos"},"schema":{"@context":"https:\/\/schema.org","@graph":[{"@type":"WebPage","@id":"https:\/\/nk7-testes.com.br\/agazeta\/rede-social-e-usada-para-discutir-sindrome-de-down\/","url":"https:\/\/nk7-testes.com.br\/agazeta\/rede-social-e-usada-para-discutir-sindrome-de-down\/","name":"Rede social \u00e9 usada para discutir S\u00edndrome de Down - Agazeta.net","isPartOf":{"@id":"https:\/\/nk7-testes.com.br\/agazeta\/#website"},"primaryImageOfPage":{"@id":"https:\/\/nk7-testes.com.br\/agazeta\/rede-social-e-usada-para-discutir-sindrome-de-down\/#primaryimage"},"image":{"@id":"https:\/\/nk7-testes.com.br\/agazeta\/rede-social-e-usada-para-discutir-sindrome-de-down\/#primaryimage"},"thumbnailUrl":"https:\/\/nk7-testes.com.br\/agazeta\/wp-content\/uploads\/2016\/04\/190416-cotidiano-luizhenrique-cedida.jpg","datePublished":"2016-04-19T13:55:16+00:00","author":{"@id":"https:\/\/nk7-testes.com.br\/agazeta\/#\/schema\/person\/6d6e25cb0435eb4a02fd44d30b4e3020"},"breadcrumb":{"@id":"https:\/\/nk7-testes.com.br\/agazeta\/rede-social-e-usada-para-discutir-sindrome-de-down\/#breadcrumb"},"inLanguage":"pt-BR","potentialAction":[{"@type":"ReadAction","target":["https:\/\/nk7-testes.com.br\/agazeta\/rede-social-e-usada-para-discutir-sindrome-de-down\/"]}]},{"@type":"ImageObject","inLanguage":"pt-BR","@id":"https:\/\/nk7-testes.com.br\/agazeta\/rede-social-e-usada-para-discutir-sindrome-de-down\/#primaryimage","url":"https:\/\/nk7-testes.com.br\/agazeta\/wp-content\/uploads\/2016\/04\/190416-cotidiano-luizhenrique-cedida.jpg","contentUrl":"https:\/\/nk7-testes.com.br\/agazeta\/wp-content\/uploads\/2016\/04\/190416-cotidiano-luizhenrique-cedida.jpg","width":458,"height":340,"caption":"190416-cotidiano-luizhenrique-cedida"},{"@type":"BreadcrumbList","@id":"https:\/\/nk7-testes.com.br\/agazeta\/rede-social-e-usada-para-discutir-sindrome-de-down\/#breadcrumb","itemListElement":[{"@type":"ListItem","position":1,"name":"In\u00edcio","item":"https:\/\/nk7-testes.com.br\/agazeta\/"},{"@type":"ListItem","position":2,"name":"Rede social \u00e9 usada para discutir S\u00edndrome de Down"}]},{"@type":"WebSite","@id":"https:\/\/nk7-testes.com.br\/agazeta\/#website","url":"https:\/\/nk7-testes.com.br\/agazeta\/","name":"Agazeta.net","description":"Agazeta.net - Not\u00edcias de Rio Branco\/AC","potentialAction":[{"@type":"SearchAction","target":{"@type":"EntryPoint","urlTemplate":"https:\/\/nk7-testes.com.br\/agazeta\/?s={search_term_string}"},"query-input":{"@type":"PropertyValueSpecification","valueRequired":true,"valueName":"search_term_string"}}],"inLanguage":"pt-BR"},{"@type":"Person","@id":"https:\/\/nk7-testes.com.br\/agazeta\/#\/schema\/person\/6d6e25cb0435eb4a02fd44d30b4e3020","name":"Agazeta.Net","url":"https:\/\/nk7-testes.com.br\/agazeta\/author\/agazeta\/"}]}},"_links":{"self":[{"href":"https:\/\/nk7-testes.com.br\/agazeta\/wp-json\/wp\/v2\/posts\/22239","targetHints":{"allow":["GET"]}}],"collection":[{"href":"https:\/\/nk7-testes.com.br\/agazeta\/wp-json\/wp\/v2\/posts"}],"about":[{"href":"https:\/\/nk7-testes.com.br\/agazeta\/wp-json\/wp\/v2\/types\/post"}],"author":[{"embeddable":true,"href":"https:\/\/nk7-testes.com.br\/agazeta\/wp-json\/wp\/v2\/users\/4"}],"replies":[{"embeddable":true,"href":"https:\/\/nk7-testes.com.br\/agazeta\/wp-json\/wp\/v2\/comments?post=22239"}],"version-history":[{"count":0,"href":"https:\/\/nk7-testes.com.br\/agazeta\/wp-json\/wp\/v2\/posts\/22239\/revisions"}],"wp:featuredmedia":[{"embeddable":true,"href":"https:\/\/nk7-testes.com.br\/agazeta\/wp-json\/wp\/v2\/media\/22238"}],"wp:attachment":[{"href":"https:\/\/nk7-testes.com.br\/agazeta\/wp-json\/wp\/v2\/media?parent=22239"}],"wp:term":[{"taxonomy":"category","embeddable":true,"href":"https:\/\/nk7-testes.com.br\/agazeta\/wp-json\/wp\/v2\/categories?post=22239"},{"taxonomy":"post_tag","embeddable":true,"href":"https:\/\/nk7-testes.com.br\/agazeta\/wp-json\/wp\/v2\/tags?post=22239"}],"curies":[{"name":"wp","href":"https:\/\/api.w.org\/{rel}","templated":true}]}}