{"id":22228,"date":"2016-04-18T20:52:01","date_gmt":"2016-04-18T20:52:01","guid":{"rendered":"https:\/\/abarevegan.com.br\/index.php\/2016\/04\/18\/governo-confirma-6-suspeitos-de-h1n1-no-acre\/"},"modified":"2016-04-18T20:52:01","modified_gmt":"2016-04-18T20:52:01","slug":"governo-confirma-6-suspeitos-de-h1n1-no-acre","status":"publish","type":"post","link":"https:\/\/nk7-testes.com.br\/agazeta\/governo-confirma-6-suspeitos-de-h1n1-no-acre\/","title":{"rendered":"Governo confirma 6 suspeitos de H1N1 no Acre"},"content":{"rendered":"<p style=\"text-align: justify;\">Popula\u00e7\u00e3o deve buscar as vacinas em postos<\/p>\n<p style=\"text-align: justify;\">A secret\u00e1ria Adjunta de Sa\u00fade, Marize Lucena, confirmou que 5 pessoas em Rio Branco e uma em Acrel\u00e2ndia est\u00e3o com suspeita de terem contra\u00eddo o H1N1. Os exames foram enviados para fora do Acre e ficam prontos em 45 dias.<\/p>\n<p style=\"text-align: justify;\">De acordo com a secretaria Adjunta de Sa\u00fade, Marize Lucena, o Acre recebeu 210 mil doses da vacina que previne contra a Influenza A, inclusive com a varia\u00e7\u00e3o para a H1N1, e a Infuenza B. Esses tipos de gripe se caracterizam por febre, tosse e desconforto respirat\u00f3rio.<\/p>\n<p style=\"text-align: justify;\">\u201cO Governo disponibilizou vacinas para 168 postos fixos, al\u00e9m dos atendimentos itinerantes para a zona rural\u201d, afirmou Lucena. \u201cNossa meta \u00e9 vacinar 80 por cento de um universo de 195 mil pessoas\u201d.<\/p>\n<p style=\"text-align: justify;\">Cruzeiro do Sul j\u00e1 registrou o primeiro caso suspeito de H1N1 do estado, a informa\u00e7\u00e3o foi confirmada pela secretaria de sa\u00fade do munic\u00edpio, que investiga a situa\u00e7\u00e3o. A paciente \u00e9 uma mulher de 37 anos. A secret\u00e1ria desconhece dados sobre essa paciente de Cruzeiro do Sul.<\/p>\n<p style=\"text-align: justify;\">O Minist\u00e9rio da Sa\u00fade marcou o dia 30 de abril para o in\u00edcio da Campanha Nacional de Vacina\u00e7\u00e3o. Mas, no Acre, a Secretaria Estadual de Sa\u00fade, a Sesacre, decidiu antecipar a mobiliza\u00e7\u00e3o, devido o crescente n\u00famero de casos no Sul do pa\u00eds, que, no in\u00edcio deste ano, registrou cerca de 71 mortes da doen\u00e7a.<\/p>\n","protected":false},"excerpt":{"rendered":"<p style=\"text-align: justify;\">Popula\u00e7\u00e3o deve buscar as vacinas em postos<\/p>\n","protected":false},"author":4,"featured_media":22227,"comment_status":"open","ping_status":"open","sticky":false,"template":"","format":"standard","meta":{"jnews-multi-image_gallery":[],"jnews_single_post":[],"jnews_primary_category":[],"jnews_social_meta":[],"jnews_review":[],"enable_review":"","type":"","name":"","summary":"","brand":"","sku":"","good":[],"bad":[],"score_override":"","override_value":"","rating":[],"price":[],"footnotes":""},"categories":[54],"tags":[],"class_list":["post-22228","post","type-post","status-publish","format-standard","has-post-thumbnail","hentry","category-cotidiano"],"yoast_head":"<!-- This site is optimized with the Yoast SEO plugin v26.5 - https:\/\/yoast.com\/wordpress\/plugins\/seo\/ -->\n<title>Governo confirma 6 suspeitos de H1N1 no Acre - Agazeta.net<\/title>\n<meta name=\"robots\" content=\"index, follow, max-snippet:-1, max-image-preview:large, max-video-preview:-1\" \/>\n<link rel=\"canonical\" href=\"https:\/\/nk7-testes.com.br\/agazeta\/governo-confirma-6-suspeitos-de-h1n1-no-acre\/\" \/>\n<meta property=\"og:locale\" content=\"pt_BR\" \/>\n<meta property=\"og:type\" content=\"article\" \/>\n<meta property=\"og:title\" content=\"Governo confirma 6 suspeitos de H1N1 no Acre - Agazeta.net\" \/>\n<meta property=\"og:description\" content=\"Popula\u00e7\u00e3o deve buscar as vacinas em postos\" \/>\n<meta property=\"og:url\" content=\"https:\/\/nk7-testes.com.br\/agazeta\/governo-confirma-6-suspeitos-de-h1n1-no-acre\/\" \/>\n<meta property=\"og:site_name\" content=\"Agazeta.net\" \/>\n<meta property=\"article:published_time\" content=\"2016-04-18T20:52:01+00:00\" \/>\n<meta property=\"og:image\" content=\"https:\/\/nk7-testes.com.br\/agazeta\/wp-content\/uploads\/2016\/04\/180416-cotidiano-vacinah1n1-tvgazeta.jpg\" \/>\n\t<meta property=\"og:image:width\" content=\"458\" \/>\n\t<meta property=\"og:image:height\" content=\"340\" \/>\n\t<meta property=\"og:image:type\" content=\"image\/jpeg\" \/>\n<meta name=\"author\" content=\"Agazeta.Net\" \/>\n<meta name=\"twitter:card\" content=\"summary_large_image\" \/>\n<meta name=\"twitter:label1\" content=\"Escrito por\" \/>\n\t<meta name=\"twitter:data1\" content=\"Agazeta.Net\" \/>\n\t<meta name=\"twitter:label2\" content=\"Est. tempo de leitura\" \/>\n\t<meta name=\"twitter:data2\" content=\"1 minuto\" \/>\n<script type=\"application\/ld+json\" class=\"yoast-schema-graph\">{\"@context\":\"https:\/\/schema.org\",\"@graph\":[{\"@type\":\"WebPage\",\"@id\":\"https:\/\/nk7-testes.com.br\/agazeta\/governo-confirma-6-suspeitos-de-h1n1-no-acre\/\",\"url\":\"https:\/\/nk7-testes.com.br\/agazeta\/governo-confirma-6-suspeitos-de-h1n1-no-acre\/\",\"name\":\"Governo confirma 6 suspeitos de H1N1 no Acre - Agazeta.net\",\"isPartOf\":{\"@id\":\"https:\/\/nk7-testes.com.br\/agazeta\/#website\"},\"primaryImageOfPage\":{\"@id\":\"https:\/\/nk7-testes.com.br\/agazeta\/governo-confirma-6-suspeitos-de-h1n1-no-acre\/#primaryimage\"},\"image\":{\"@id\":\"https:\/\/nk7-testes.com.br\/agazeta\/governo-confirma-6-suspeitos-de-h1n1-no-acre\/#primaryimage\"},\"thumbnailUrl\":\"https:\/\/nk7-testes.com.br\/agazeta\/wp-content\/uploads\/2016\/04\/180416-cotidiano-vacinah1n1-tvgazeta.jpg\",\"datePublished\":\"2016-04-18T20:52:01+00:00\",\"author\":{\"@id\":\"https:\/\/nk7-testes.com.br\/agazeta\/#\/schema\/person\/6d6e25cb0435eb4a02fd44d30b4e3020\"},\"breadcrumb\":{\"@id\":\"https:\/\/nk7-testes.com.br\/agazeta\/governo-confirma-6-suspeitos-de-h1n1-no-acre\/#breadcrumb\"},\"inLanguage\":\"pt-BR\",\"potentialAction\":[{\"@type\":\"ReadAction\",\"target\":[\"https:\/\/nk7-testes.com.br\/agazeta\/governo-confirma-6-suspeitos-de-h1n1-no-acre\/\"]}]},{\"@type\":\"ImageObject\",\"inLanguage\":\"pt-BR\",\"@id\":\"https:\/\/nk7-testes.com.br\/agazeta\/governo-confirma-6-suspeitos-de-h1n1-no-acre\/#primaryimage\",\"url\":\"https:\/\/nk7-testes.com.br\/agazeta\/wp-content\/uploads\/2016\/04\/180416-cotidiano-vacinah1n1-tvgazeta.jpg\",\"contentUrl\":\"https:\/\/nk7-testes.com.br\/agazeta\/wp-content\/uploads\/2016\/04\/180416-cotidiano-vacinah1n1-tvgazeta.jpg\",\"width\":458,\"height\":340,\"caption\":\"180416-cotidiano-vacinah1n1-tvgazeta\"},{\"@type\":\"BreadcrumbList\",\"@id\":\"https:\/\/nk7-testes.com.br\/agazeta\/governo-confirma-6-suspeitos-de-h1n1-no-acre\/#breadcrumb\",\"itemListElement\":[{\"@type\":\"ListItem\",\"position\":1,\"name\":\"In\u00edcio\",\"item\":\"https:\/\/nk7-testes.com.br\/agazeta\/\"},{\"@type\":\"ListItem\",\"position\":2,\"name\":\"Governo confirma 6 suspeitos de H1N1 no Acre\"}]},{\"@type\":\"WebSite\",\"@id\":\"https:\/\/nk7-testes.com.br\/agazeta\/#website\",\"url\":\"https:\/\/nk7-testes.com.br\/agazeta\/\",\"name\":\"Agazeta.net\",\"description\":\"Agazeta.net - Not\u00edcias de Rio Branco\/AC\",\"potentialAction\":[{\"@type\":\"SearchAction\",\"target\":{\"@type\":\"EntryPoint\",\"urlTemplate\":\"https:\/\/nk7-testes.com.br\/agazeta\/?s={search_term_string}\"},\"query-input\":{\"@type\":\"PropertyValueSpecification\",\"valueRequired\":true,\"valueName\":\"search_term_string\"}}],\"inLanguage\":\"pt-BR\"},{\"@type\":\"Person\",\"@id\":\"https:\/\/nk7-testes.com.br\/agazeta\/#\/schema\/person\/6d6e25cb0435eb4a02fd44d30b4e3020\",\"name\":\"Agazeta.Net\",\"url\":\"https:\/\/nk7-testes.com.br\/agazeta\/author\/agazeta\/\"}]}<\/script>\n<!-- \/ Yoast SEO plugin. -->","yoast_head_json":{"title":"Governo confirma 6 suspeitos de H1N1 no Acre - Agazeta.net","robots":{"index":"index","follow":"follow","max-snippet":"max-snippet:-1","max-image-preview":"max-image-preview:large","max-video-preview":"max-video-preview:-1"},"canonical":"https:\/\/nk7-testes.com.br\/agazeta\/governo-confirma-6-suspeitos-de-h1n1-no-acre\/","og_locale":"pt_BR","og_type":"article","og_title":"Governo confirma 6 suspeitos de H1N1 no Acre - Agazeta.net","og_description":"Popula\u00e7\u00e3o deve buscar as vacinas em postos","og_url":"https:\/\/nk7-testes.com.br\/agazeta\/governo-confirma-6-suspeitos-de-h1n1-no-acre\/","og_site_name":"Agazeta.net","article_published_time":"2016-04-18T20:52:01+00:00","og_image":[{"width":458,"height":340,"url":"https:\/\/nk7-testes.com.br\/agazeta\/wp-content\/uploads\/2016\/04\/180416-cotidiano-vacinah1n1-tvgazeta.jpg","type":"image\/jpeg"}],"author":"Agazeta.Net","twitter_card":"summary_large_image","twitter_misc":{"Escrito por":"Agazeta.Net","Est. tempo de leitura":"1 minuto"},"schema":{"@context":"https:\/\/schema.org","@graph":[{"@type":"WebPage","@id":"https:\/\/nk7-testes.com.br\/agazeta\/governo-confirma-6-suspeitos-de-h1n1-no-acre\/","url":"https:\/\/nk7-testes.com.br\/agazeta\/governo-confirma-6-suspeitos-de-h1n1-no-acre\/","name":"Governo confirma 6 suspeitos de H1N1 no Acre - Agazeta.net","isPartOf":{"@id":"https:\/\/nk7-testes.com.br\/agazeta\/#website"},"primaryImageOfPage":{"@id":"https:\/\/nk7-testes.com.br\/agazeta\/governo-confirma-6-suspeitos-de-h1n1-no-acre\/#primaryimage"},"image":{"@id":"https:\/\/nk7-testes.com.br\/agazeta\/governo-confirma-6-suspeitos-de-h1n1-no-acre\/#primaryimage"},"thumbnailUrl":"https:\/\/nk7-testes.com.br\/agazeta\/wp-content\/uploads\/2016\/04\/180416-cotidiano-vacinah1n1-tvgazeta.jpg","datePublished":"2016-04-18T20:52:01+00:00","author":{"@id":"https:\/\/nk7-testes.com.br\/agazeta\/#\/schema\/person\/6d6e25cb0435eb4a02fd44d30b4e3020"},"breadcrumb":{"@id":"https:\/\/nk7-testes.com.br\/agazeta\/governo-confirma-6-suspeitos-de-h1n1-no-acre\/#breadcrumb"},"inLanguage":"pt-BR","potentialAction":[{"@type":"ReadAction","target":["https:\/\/nk7-testes.com.br\/agazeta\/governo-confirma-6-suspeitos-de-h1n1-no-acre\/"]}]},{"@type":"ImageObject","inLanguage":"pt-BR","@id":"https:\/\/nk7-testes.com.br\/agazeta\/governo-confirma-6-suspeitos-de-h1n1-no-acre\/#primaryimage","url":"https:\/\/nk7-testes.com.br\/agazeta\/wp-content\/uploads\/2016\/04\/180416-cotidiano-vacinah1n1-tvgazeta.jpg","contentUrl":"https:\/\/nk7-testes.com.br\/agazeta\/wp-content\/uploads\/2016\/04\/180416-cotidiano-vacinah1n1-tvgazeta.jpg","width":458,"height":340,"caption":"180416-cotidiano-vacinah1n1-tvgazeta"},{"@type":"BreadcrumbList","@id":"https:\/\/nk7-testes.com.br\/agazeta\/governo-confirma-6-suspeitos-de-h1n1-no-acre\/#breadcrumb","itemListElement":[{"@type":"ListItem","position":1,"name":"In\u00edcio","item":"https:\/\/nk7-testes.com.br\/agazeta\/"},{"@type":"ListItem","position":2,"name":"Governo confirma 6 suspeitos de H1N1 no Acre"}]},{"@type":"WebSite","@id":"https:\/\/nk7-testes.com.br\/agazeta\/#website","url":"https:\/\/nk7-testes.com.br\/agazeta\/","name":"Agazeta.net","description":"Agazeta.net - Not\u00edcias de Rio Branco\/AC","potentialAction":[{"@type":"SearchAction","target":{"@type":"EntryPoint","urlTemplate":"https:\/\/nk7-testes.com.br\/agazeta\/?s={search_term_string}"},"query-input":{"@type":"PropertyValueSpecification","valueRequired":true,"valueName":"search_term_string"}}],"inLanguage":"pt-BR"},{"@type":"Person","@id":"https:\/\/nk7-testes.com.br\/agazeta\/#\/schema\/person\/6d6e25cb0435eb4a02fd44d30b4e3020","name":"Agazeta.Net","url":"https:\/\/nk7-testes.com.br\/agazeta\/author\/agazeta\/"}]}},"_links":{"self":[{"href":"https:\/\/nk7-testes.com.br\/agazeta\/wp-json\/wp\/v2\/posts\/22228","targetHints":{"allow":["GET"]}}],"collection":[{"href":"https:\/\/nk7-testes.com.br\/agazeta\/wp-json\/wp\/v2\/posts"}],"about":[{"href":"https:\/\/nk7-testes.com.br\/agazeta\/wp-json\/wp\/v2\/types\/post"}],"author":[{"embeddable":true,"href":"https:\/\/nk7-testes.com.br\/agazeta\/wp-json\/wp\/v2\/users\/4"}],"replies":[{"embeddable":true,"href":"https:\/\/nk7-testes.com.br\/agazeta\/wp-json\/wp\/v2\/comments?post=22228"}],"version-history":[{"count":0,"href":"https:\/\/nk7-testes.com.br\/agazeta\/wp-json\/wp\/v2\/posts\/22228\/revisions"}],"wp:featuredmedia":[{"embeddable":true,"href":"https:\/\/nk7-testes.com.br\/agazeta\/wp-json\/wp\/v2\/media\/22227"}],"wp:attachment":[{"href":"https:\/\/nk7-testes.com.br\/agazeta\/wp-json\/wp\/v2\/media?parent=22228"}],"wp:term":[{"taxonomy":"category","embeddable":true,"href":"https:\/\/nk7-testes.com.br\/agazeta\/wp-json\/wp\/v2\/categories?post=22228"},{"taxonomy":"post_tag","embeddable":true,"href":"https:\/\/nk7-testes.com.br\/agazeta\/wp-json\/wp\/v2\/tags?post=22228"}],"curies":[{"name":"wp","href":"https:\/\/api.w.org\/{rel}","templated":true}]}}