{"id":22224,"date":"2016-04-18T15:54:26","date_gmt":"2016-04-18T15:54:26","guid":{"rendered":"https:\/\/abarevegan.com.br\/index.php\/2016\/04\/18\/menina-de-15-anos-e-atropelada-em-acrelandia\/"},"modified":"2016-04-18T15:54:26","modified_gmt":"2016-04-18T15:54:26","slug":"menina-de-15-anos-e-atropelada-em-acrelandia","status":"publish","type":"post","link":"https:\/\/nk7-testes.com.br\/agazeta\/menina-de-15-anos-e-atropelada-em-acrelandia\/","title":{"rendered":"Menina de 15 anos \u00e9 atropelada em Acrel\u00e2ndia"},"content":{"rendered":"<p style=\"text-align: justify;\">Motorista que matou jovem n\u00e3o prestou socorro<\/p>\n<p style=\"text-align: justify;\">Um grave acidente foi registrado na noite do \u00faltimo do domingo (17) por volta das 23h20min envolvendo um carro e tr\u00eas bicicletas, na Avenida Adenilson Rog\u00e9rio de Oliveira, no munic\u00edpio de Acrel\u00e2ndia. Nenhum dos envolvidos teve o nome e idade divulgados.<\/p>\n<p style=\"text-align: justify;\">De acordo com o Boletim de Ocorr\u00eancia registrado na delegacia do munic\u00edpio, uma testemunha teria dito que um ve\u00edculo modelo Fiat Strada de cor prata, teria atropelado os ciclistas que trafegavam na ciclovia. As tr\u00eas v\u00edtimas seriam menores.<\/p>\n<p style=\"text-align: justify;\">Ainda do BO, como n\u00e3o havia ambul\u00e2ncia no munic\u00edpio as v\u00edtimas foram encaminhadas ao hospital em um carro particular. No meio do trajeto, uma equipe do Samu (que foi solicitada de Rio Branco) encontrou o ve\u00edculo em que estavam as v\u00edtimas e fez os primeiros socorros.<\/p>\n<p style=\"text-align: justify;\">No primeiro atendimento, foi constatada a morte de Layza Lessa, de 15 anos. Outra v\u00edtima teria sido encaminhada ao hospital e outro n\u00e3o precisou de atendimento. O condutor do ve\u00edculo ainda n\u00e3o foi localizado.<\/p>\n","protected":false},"excerpt":{"rendered":"<p style=\"text-align: justify;\">Motorista que matou jovem n\u00e3o prestou socorro<\/p>\n","protected":false},"author":4,"featured_media":22223,"comment_status":"open","ping_status":"open","sticky":false,"template":"","format":"standard","meta":{"jnews-multi-image_gallery":[],"jnews_single_post":[],"jnews_primary_category":[],"jnews_social_meta":[],"jnews_review":[],"enable_review":"","type":"","name":"","summary":"","brand":"","sku":"","good":[],"bad":[],"score_override":"","override_value":"","rating":[],"price":[],"footnotes":""},"categories":[44],"tags":[],"class_list":["post-22224","post","type-post","status-publish","format-standard","has-post-thumbnail","hentry","category-policia"],"yoast_head":"<!-- This site is optimized with the Yoast SEO plugin v26.5 - https:\/\/yoast.com\/wordpress\/plugins\/seo\/ -->\n<title>Menina de 15 anos \u00e9 atropelada em Acrel\u00e2ndia - Agazeta.net<\/title>\n<meta name=\"robots\" content=\"index, follow, max-snippet:-1, max-image-preview:large, max-video-preview:-1\" \/>\n<link rel=\"canonical\" href=\"https:\/\/nk7-testes.com.br\/agazeta\/menina-de-15-anos-e-atropelada-em-acrelandia\/\" \/>\n<meta property=\"og:locale\" content=\"pt_BR\" \/>\n<meta property=\"og:type\" content=\"article\" \/>\n<meta property=\"og:title\" content=\"Menina de 15 anos \u00e9 atropelada em Acrel\u00e2ndia - Agazeta.net\" \/>\n<meta property=\"og:description\" content=\"Motorista que matou jovem n\u00e3o prestou socorro\" \/>\n<meta property=\"og:url\" content=\"https:\/\/nk7-testes.com.br\/agazeta\/menina-de-15-anos-e-atropelada-em-acrelandia\/\" \/>\n<meta property=\"og:site_name\" content=\"Agazeta.net\" \/>\n<meta property=\"article:published_time\" content=\"2016-04-18T15:54:26+00:00\" \/>\n<meta property=\"og:image\" content=\"https:\/\/nk7-testes.com.br\/agazeta\/wp-content\/uploads\/2016\/04\/180416-policia-meninamorta-cedida.jpg\" \/>\n\t<meta property=\"og:image:width\" content=\"458\" \/>\n\t<meta property=\"og:image:height\" content=\"340\" \/>\n\t<meta property=\"og:image:type\" content=\"image\/jpeg\" \/>\n<meta name=\"author\" content=\"Agazeta.Net\" \/>\n<meta name=\"twitter:card\" content=\"summary_large_image\" \/>\n<meta name=\"twitter:label1\" content=\"Escrito por\" \/>\n\t<meta name=\"twitter:data1\" content=\"Agazeta.Net\" \/>\n\t<meta name=\"twitter:label2\" content=\"Est. tempo de leitura\" \/>\n\t<meta name=\"twitter:data2\" content=\"1 minuto\" \/>\n<script type=\"application\/ld+json\" class=\"yoast-schema-graph\">{\"@context\":\"https:\/\/schema.org\",\"@graph\":[{\"@type\":\"WebPage\",\"@id\":\"https:\/\/nk7-testes.com.br\/agazeta\/menina-de-15-anos-e-atropelada-em-acrelandia\/\",\"url\":\"https:\/\/nk7-testes.com.br\/agazeta\/menina-de-15-anos-e-atropelada-em-acrelandia\/\",\"name\":\"Menina de 15 anos \u00e9 atropelada em Acrel\u00e2ndia - Agazeta.net\",\"isPartOf\":{\"@id\":\"https:\/\/nk7-testes.com.br\/agazeta\/#website\"},\"primaryImageOfPage\":{\"@id\":\"https:\/\/nk7-testes.com.br\/agazeta\/menina-de-15-anos-e-atropelada-em-acrelandia\/#primaryimage\"},\"image\":{\"@id\":\"https:\/\/nk7-testes.com.br\/agazeta\/menina-de-15-anos-e-atropelada-em-acrelandia\/#primaryimage\"},\"thumbnailUrl\":\"https:\/\/nk7-testes.com.br\/agazeta\/wp-content\/uploads\/2016\/04\/180416-policia-meninamorta-cedida.jpg\",\"datePublished\":\"2016-04-18T15:54:26+00:00\",\"author\":{\"@id\":\"https:\/\/nk7-testes.com.br\/agazeta\/#\/schema\/person\/6d6e25cb0435eb4a02fd44d30b4e3020\"},\"breadcrumb\":{\"@id\":\"https:\/\/nk7-testes.com.br\/agazeta\/menina-de-15-anos-e-atropelada-em-acrelandia\/#breadcrumb\"},\"inLanguage\":\"pt-BR\",\"potentialAction\":[{\"@type\":\"ReadAction\",\"target\":[\"https:\/\/nk7-testes.com.br\/agazeta\/menina-de-15-anos-e-atropelada-em-acrelandia\/\"]}]},{\"@type\":\"ImageObject\",\"inLanguage\":\"pt-BR\",\"@id\":\"https:\/\/nk7-testes.com.br\/agazeta\/menina-de-15-anos-e-atropelada-em-acrelandia\/#primaryimage\",\"url\":\"https:\/\/nk7-testes.com.br\/agazeta\/wp-content\/uploads\/2016\/04\/180416-policia-meninamorta-cedida.jpg\",\"contentUrl\":\"https:\/\/nk7-testes.com.br\/agazeta\/wp-content\/uploads\/2016\/04\/180416-policia-meninamorta-cedida.jpg\",\"width\":458,\"height\":340,\"caption\":\"180416-policia-meninamorta-cedida\"},{\"@type\":\"BreadcrumbList\",\"@id\":\"https:\/\/nk7-testes.com.br\/agazeta\/menina-de-15-anos-e-atropelada-em-acrelandia\/#breadcrumb\",\"itemListElement\":[{\"@type\":\"ListItem\",\"position\":1,\"name\":\"In\u00edcio\",\"item\":\"https:\/\/nk7-testes.com.br\/agazeta\/\"},{\"@type\":\"ListItem\",\"position\":2,\"name\":\"Menina de 15 anos \u00e9 atropelada em Acrel\u00e2ndia\"}]},{\"@type\":\"WebSite\",\"@id\":\"https:\/\/nk7-testes.com.br\/agazeta\/#website\",\"url\":\"https:\/\/nk7-testes.com.br\/agazeta\/\",\"name\":\"Agazeta.net\",\"description\":\"Agazeta.net - Not\u00edcias de Rio Branco\/AC\",\"potentialAction\":[{\"@type\":\"SearchAction\",\"target\":{\"@type\":\"EntryPoint\",\"urlTemplate\":\"https:\/\/nk7-testes.com.br\/agazeta\/?s={search_term_string}\"},\"query-input\":{\"@type\":\"PropertyValueSpecification\",\"valueRequired\":true,\"valueName\":\"search_term_string\"}}],\"inLanguage\":\"pt-BR\"},{\"@type\":\"Person\",\"@id\":\"https:\/\/nk7-testes.com.br\/agazeta\/#\/schema\/person\/6d6e25cb0435eb4a02fd44d30b4e3020\",\"name\":\"Agazeta.Net\",\"url\":\"https:\/\/nk7-testes.com.br\/agazeta\/author\/agazeta\/\"}]}<\/script>\n<!-- \/ Yoast SEO plugin. -->","yoast_head_json":{"title":"Menina de 15 anos \u00e9 atropelada em Acrel\u00e2ndia - Agazeta.net","robots":{"index":"index","follow":"follow","max-snippet":"max-snippet:-1","max-image-preview":"max-image-preview:large","max-video-preview":"max-video-preview:-1"},"canonical":"https:\/\/nk7-testes.com.br\/agazeta\/menina-de-15-anos-e-atropelada-em-acrelandia\/","og_locale":"pt_BR","og_type":"article","og_title":"Menina de 15 anos \u00e9 atropelada em Acrel\u00e2ndia - Agazeta.net","og_description":"Motorista que matou jovem n\u00e3o prestou socorro","og_url":"https:\/\/nk7-testes.com.br\/agazeta\/menina-de-15-anos-e-atropelada-em-acrelandia\/","og_site_name":"Agazeta.net","article_published_time":"2016-04-18T15:54:26+00:00","og_image":[{"width":458,"height":340,"url":"https:\/\/nk7-testes.com.br\/agazeta\/wp-content\/uploads\/2016\/04\/180416-policia-meninamorta-cedida.jpg","type":"image\/jpeg"}],"author":"Agazeta.Net","twitter_card":"summary_large_image","twitter_misc":{"Escrito por":"Agazeta.Net","Est. tempo de leitura":"1 minuto"},"schema":{"@context":"https:\/\/schema.org","@graph":[{"@type":"WebPage","@id":"https:\/\/nk7-testes.com.br\/agazeta\/menina-de-15-anos-e-atropelada-em-acrelandia\/","url":"https:\/\/nk7-testes.com.br\/agazeta\/menina-de-15-anos-e-atropelada-em-acrelandia\/","name":"Menina de 15 anos \u00e9 atropelada em Acrel\u00e2ndia - Agazeta.net","isPartOf":{"@id":"https:\/\/nk7-testes.com.br\/agazeta\/#website"},"primaryImageOfPage":{"@id":"https:\/\/nk7-testes.com.br\/agazeta\/menina-de-15-anos-e-atropelada-em-acrelandia\/#primaryimage"},"image":{"@id":"https:\/\/nk7-testes.com.br\/agazeta\/menina-de-15-anos-e-atropelada-em-acrelandia\/#primaryimage"},"thumbnailUrl":"https:\/\/nk7-testes.com.br\/agazeta\/wp-content\/uploads\/2016\/04\/180416-policia-meninamorta-cedida.jpg","datePublished":"2016-04-18T15:54:26+00:00","author":{"@id":"https:\/\/nk7-testes.com.br\/agazeta\/#\/schema\/person\/6d6e25cb0435eb4a02fd44d30b4e3020"},"breadcrumb":{"@id":"https:\/\/nk7-testes.com.br\/agazeta\/menina-de-15-anos-e-atropelada-em-acrelandia\/#breadcrumb"},"inLanguage":"pt-BR","potentialAction":[{"@type":"ReadAction","target":["https:\/\/nk7-testes.com.br\/agazeta\/menina-de-15-anos-e-atropelada-em-acrelandia\/"]}]},{"@type":"ImageObject","inLanguage":"pt-BR","@id":"https:\/\/nk7-testes.com.br\/agazeta\/menina-de-15-anos-e-atropelada-em-acrelandia\/#primaryimage","url":"https:\/\/nk7-testes.com.br\/agazeta\/wp-content\/uploads\/2016\/04\/180416-policia-meninamorta-cedida.jpg","contentUrl":"https:\/\/nk7-testes.com.br\/agazeta\/wp-content\/uploads\/2016\/04\/180416-policia-meninamorta-cedida.jpg","width":458,"height":340,"caption":"180416-policia-meninamorta-cedida"},{"@type":"BreadcrumbList","@id":"https:\/\/nk7-testes.com.br\/agazeta\/menina-de-15-anos-e-atropelada-em-acrelandia\/#breadcrumb","itemListElement":[{"@type":"ListItem","position":1,"name":"In\u00edcio","item":"https:\/\/nk7-testes.com.br\/agazeta\/"},{"@type":"ListItem","position":2,"name":"Menina de 15 anos \u00e9 atropelada em Acrel\u00e2ndia"}]},{"@type":"WebSite","@id":"https:\/\/nk7-testes.com.br\/agazeta\/#website","url":"https:\/\/nk7-testes.com.br\/agazeta\/","name":"Agazeta.net","description":"Agazeta.net - Not\u00edcias de Rio Branco\/AC","potentialAction":[{"@type":"SearchAction","target":{"@type":"EntryPoint","urlTemplate":"https:\/\/nk7-testes.com.br\/agazeta\/?s={search_term_string}"},"query-input":{"@type":"PropertyValueSpecification","valueRequired":true,"valueName":"search_term_string"}}],"inLanguage":"pt-BR"},{"@type":"Person","@id":"https:\/\/nk7-testes.com.br\/agazeta\/#\/schema\/person\/6d6e25cb0435eb4a02fd44d30b4e3020","name":"Agazeta.Net","url":"https:\/\/nk7-testes.com.br\/agazeta\/author\/agazeta\/"}]}},"_links":{"self":[{"href":"https:\/\/nk7-testes.com.br\/agazeta\/wp-json\/wp\/v2\/posts\/22224","targetHints":{"allow":["GET"]}}],"collection":[{"href":"https:\/\/nk7-testes.com.br\/agazeta\/wp-json\/wp\/v2\/posts"}],"about":[{"href":"https:\/\/nk7-testes.com.br\/agazeta\/wp-json\/wp\/v2\/types\/post"}],"author":[{"embeddable":true,"href":"https:\/\/nk7-testes.com.br\/agazeta\/wp-json\/wp\/v2\/users\/4"}],"replies":[{"embeddable":true,"href":"https:\/\/nk7-testes.com.br\/agazeta\/wp-json\/wp\/v2\/comments?post=22224"}],"version-history":[{"count":0,"href":"https:\/\/nk7-testes.com.br\/agazeta\/wp-json\/wp\/v2\/posts\/22224\/revisions"}],"wp:featuredmedia":[{"embeddable":true,"href":"https:\/\/nk7-testes.com.br\/agazeta\/wp-json\/wp\/v2\/media\/22223"}],"wp:attachment":[{"href":"https:\/\/nk7-testes.com.br\/agazeta\/wp-json\/wp\/v2\/media?parent=22224"}],"wp:term":[{"taxonomy":"category","embeddable":true,"href":"https:\/\/nk7-testes.com.br\/agazeta\/wp-json\/wp\/v2\/categories?post=22224"},{"taxonomy":"post_tag","embeddable":true,"href":"https:\/\/nk7-testes.com.br\/agazeta\/wp-json\/wp\/v2\/tags?post=22224"}],"curies":[{"name":"wp","href":"https:\/\/api.w.org\/{rel}","templated":true}]}}