{"id":22222,"date":"2016-04-18T15:30:56","date_gmt":"2016-04-18T15:30:56","guid":{"rendered":"https:\/\/abarevegan.com.br\/index.php\/2016\/04\/18\/carro-pega-fogo-apos-atolar-em-rua-do-santa-helena\/"},"modified":"2016-04-18T15:30:56","modified_gmt":"2016-04-18T15:30:56","slug":"carro-pega-fogo-apos-atolar-em-rua-do-santa-helena","status":"publish","type":"post","link":"https:\/\/nk7-testes.com.br\/agazeta\/carro-pega-fogo-apos-atolar-em-rua-do-santa-helena\/","title":{"rendered":"Carro pega fogo ap\u00f3s atolar em rua do Santa Helena"},"content":{"rendered":"<p style=\"text-align: justify;\">Superaquecimento do motor causou o inc\u00eandio<\/p>\n<p style=\"text-align: justify;\">Um morador da Rua dos Levitas, no Loteamento Santa Helena, em Rio Branco, flagrou um momento um tanto quanto inusitado na madrugada do \u00faltimo domingo (17).<\/p>\n<p style=\"text-align: justify;\">Um motorista (que n\u00e3o teve o nome divulgado) trafegava pela rua em um carro modelo Eco Esport, quando, por volta de uma hora da manh\u00e3, teria atolado o ve\u00edculo. A rua cheia de buracos e com muita lama dificulta o tr\u00e1fego.<\/p>\n<p style=\"text-align: justify;\">Na tentativa de sair do lugar ele acelerou por algum tempo, o motor do ve\u00edculo superaqueceu e pegou fogo. Uma equipe do Corpo de Bombeiros foi acionada para conter as chamas.<\/p>\n<p style=\"text-align: justify;\">Os moradores pedem ainda melhorias por parte do poder p\u00fablico, j\u00e1 que a rua encontra-se em prec\u00e1rias condi\u00e7\u00f5es de trafegabilidade.<\/p>\n","protected":false},"excerpt":{"rendered":"<p style=\"text-align: justify;\">Superaquecimento do motor causou o inc\u00eandio<\/p>\n","protected":false},"author":4,"featured_media":22221,"comment_status":"open","ping_status":"open","sticky":false,"template":"","format":"standard","meta":{"jnews-multi-image_gallery":[],"jnews_single_post":[],"jnews_primary_category":[],"jnews_social_meta":[],"jnews_review":[],"enable_review":"","type":"","name":"","summary":"","brand":"","sku":"","good":[],"bad":[],"score_override":"","override_value":"","rating":[],"price":[],"footnotes":""},"categories":[54],"tags":[],"class_list":["post-22222","post","type-post","status-publish","format-standard","has-post-thumbnail","hentry","category-cotidiano"],"yoast_head":"<!-- This site is optimized with the Yoast SEO plugin v26.5 - https:\/\/yoast.com\/wordpress\/plugins\/seo\/ -->\n<title>Carro pega fogo ap\u00f3s atolar em rua do Santa Helena - Agazeta.net<\/title>\n<meta name=\"robots\" content=\"index, follow, max-snippet:-1, max-image-preview:large, max-video-preview:-1\" \/>\n<link rel=\"canonical\" href=\"https:\/\/nk7-testes.com.br\/agazeta\/carro-pega-fogo-apos-atolar-em-rua-do-santa-helena\/\" \/>\n<meta property=\"og:locale\" content=\"pt_BR\" \/>\n<meta property=\"og:type\" content=\"article\" \/>\n<meta property=\"og:title\" content=\"Carro pega fogo ap\u00f3s atolar em rua do Santa Helena - Agazeta.net\" \/>\n<meta property=\"og:description\" content=\"Superaquecimento do motor causou o inc\u00eandio\" \/>\n<meta property=\"og:url\" content=\"https:\/\/nk7-testes.com.br\/agazeta\/carro-pega-fogo-apos-atolar-em-rua-do-santa-helena\/\" \/>\n<meta property=\"og:site_name\" content=\"Agazeta.net\" \/>\n<meta property=\"article:published_time\" content=\"2016-04-18T15:30:56+00:00\" \/>\n<meta property=\"og:image\" content=\"https:\/\/nk7-testes.com.br\/agazeta\/wp-content\/uploads\/2016\/04\/180416-policia-carropegafogo-tvgazeta.jpg\" \/>\n\t<meta property=\"og:image:width\" content=\"458\" \/>\n\t<meta property=\"og:image:height\" content=\"340\" \/>\n\t<meta property=\"og:image:type\" content=\"image\/jpeg\" \/>\n<meta name=\"author\" content=\"Agazeta.Net\" \/>\n<meta name=\"twitter:card\" content=\"summary_large_image\" \/>\n<meta name=\"twitter:label1\" content=\"Escrito por\" \/>\n\t<meta name=\"twitter:data1\" content=\"Agazeta.Net\" \/>\n\t<meta name=\"twitter:label2\" content=\"Est. tempo de leitura\" \/>\n\t<meta name=\"twitter:data2\" content=\"1 minuto\" \/>\n<script type=\"application\/ld+json\" class=\"yoast-schema-graph\">{\"@context\":\"https:\/\/schema.org\",\"@graph\":[{\"@type\":\"WebPage\",\"@id\":\"https:\/\/nk7-testes.com.br\/agazeta\/carro-pega-fogo-apos-atolar-em-rua-do-santa-helena\/\",\"url\":\"https:\/\/nk7-testes.com.br\/agazeta\/carro-pega-fogo-apos-atolar-em-rua-do-santa-helena\/\",\"name\":\"Carro pega fogo ap\u00f3s atolar em rua do Santa Helena - Agazeta.net\",\"isPartOf\":{\"@id\":\"https:\/\/nk7-testes.com.br\/agazeta\/#website\"},\"primaryImageOfPage\":{\"@id\":\"https:\/\/nk7-testes.com.br\/agazeta\/carro-pega-fogo-apos-atolar-em-rua-do-santa-helena\/#primaryimage\"},\"image\":{\"@id\":\"https:\/\/nk7-testes.com.br\/agazeta\/carro-pega-fogo-apos-atolar-em-rua-do-santa-helena\/#primaryimage\"},\"thumbnailUrl\":\"https:\/\/nk7-testes.com.br\/agazeta\/wp-content\/uploads\/2016\/04\/180416-policia-carropegafogo-tvgazeta.jpg\",\"datePublished\":\"2016-04-18T15:30:56+00:00\",\"author\":{\"@id\":\"https:\/\/nk7-testes.com.br\/agazeta\/#\/schema\/person\/6d6e25cb0435eb4a02fd44d30b4e3020\"},\"breadcrumb\":{\"@id\":\"https:\/\/nk7-testes.com.br\/agazeta\/carro-pega-fogo-apos-atolar-em-rua-do-santa-helena\/#breadcrumb\"},\"inLanguage\":\"pt-BR\",\"potentialAction\":[{\"@type\":\"ReadAction\",\"target\":[\"https:\/\/nk7-testes.com.br\/agazeta\/carro-pega-fogo-apos-atolar-em-rua-do-santa-helena\/\"]}]},{\"@type\":\"ImageObject\",\"inLanguage\":\"pt-BR\",\"@id\":\"https:\/\/nk7-testes.com.br\/agazeta\/carro-pega-fogo-apos-atolar-em-rua-do-santa-helena\/#primaryimage\",\"url\":\"https:\/\/nk7-testes.com.br\/agazeta\/wp-content\/uploads\/2016\/04\/180416-policia-carropegafogo-tvgazeta.jpg\",\"contentUrl\":\"https:\/\/nk7-testes.com.br\/agazeta\/wp-content\/uploads\/2016\/04\/180416-policia-carropegafogo-tvgazeta.jpg\",\"width\":458,\"height\":340,\"caption\":\"180416-policia-carropegafogo-tvgazeta\"},{\"@type\":\"BreadcrumbList\",\"@id\":\"https:\/\/nk7-testes.com.br\/agazeta\/carro-pega-fogo-apos-atolar-em-rua-do-santa-helena\/#breadcrumb\",\"itemListElement\":[{\"@type\":\"ListItem\",\"position\":1,\"name\":\"In\u00edcio\",\"item\":\"https:\/\/nk7-testes.com.br\/agazeta\/\"},{\"@type\":\"ListItem\",\"position\":2,\"name\":\"Carro pega fogo ap\u00f3s atolar em rua do Santa Helena\"}]},{\"@type\":\"WebSite\",\"@id\":\"https:\/\/nk7-testes.com.br\/agazeta\/#website\",\"url\":\"https:\/\/nk7-testes.com.br\/agazeta\/\",\"name\":\"Agazeta.net\",\"description\":\"Agazeta.net - Not\u00edcias de Rio Branco\/AC\",\"potentialAction\":[{\"@type\":\"SearchAction\",\"target\":{\"@type\":\"EntryPoint\",\"urlTemplate\":\"https:\/\/nk7-testes.com.br\/agazeta\/?s={search_term_string}\"},\"query-input\":{\"@type\":\"PropertyValueSpecification\",\"valueRequired\":true,\"valueName\":\"search_term_string\"}}],\"inLanguage\":\"pt-BR\"},{\"@type\":\"Person\",\"@id\":\"https:\/\/nk7-testes.com.br\/agazeta\/#\/schema\/person\/6d6e25cb0435eb4a02fd44d30b4e3020\",\"name\":\"Agazeta.Net\",\"url\":\"https:\/\/nk7-testes.com.br\/agazeta\/author\/agazeta\/\"}]}<\/script>\n<!-- \/ Yoast SEO plugin. -->","yoast_head_json":{"title":"Carro pega fogo ap\u00f3s atolar em rua do Santa Helena - Agazeta.net","robots":{"index":"index","follow":"follow","max-snippet":"max-snippet:-1","max-image-preview":"max-image-preview:large","max-video-preview":"max-video-preview:-1"},"canonical":"https:\/\/nk7-testes.com.br\/agazeta\/carro-pega-fogo-apos-atolar-em-rua-do-santa-helena\/","og_locale":"pt_BR","og_type":"article","og_title":"Carro pega fogo ap\u00f3s atolar em rua do Santa Helena - Agazeta.net","og_description":"Superaquecimento do motor causou o inc\u00eandio","og_url":"https:\/\/nk7-testes.com.br\/agazeta\/carro-pega-fogo-apos-atolar-em-rua-do-santa-helena\/","og_site_name":"Agazeta.net","article_published_time":"2016-04-18T15:30:56+00:00","og_image":[{"width":458,"height":340,"url":"https:\/\/nk7-testes.com.br\/agazeta\/wp-content\/uploads\/2016\/04\/180416-policia-carropegafogo-tvgazeta.jpg","type":"image\/jpeg"}],"author":"Agazeta.Net","twitter_card":"summary_large_image","twitter_misc":{"Escrito por":"Agazeta.Net","Est. tempo de leitura":"1 minuto"},"schema":{"@context":"https:\/\/schema.org","@graph":[{"@type":"WebPage","@id":"https:\/\/nk7-testes.com.br\/agazeta\/carro-pega-fogo-apos-atolar-em-rua-do-santa-helena\/","url":"https:\/\/nk7-testes.com.br\/agazeta\/carro-pega-fogo-apos-atolar-em-rua-do-santa-helena\/","name":"Carro pega fogo ap\u00f3s atolar em rua do Santa Helena - Agazeta.net","isPartOf":{"@id":"https:\/\/nk7-testes.com.br\/agazeta\/#website"},"primaryImageOfPage":{"@id":"https:\/\/nk7-testes.com.br\/agazeta\/carro-pega-fogo-apos-atolar-em-rua-do-santa-helena\/#primaryimage"},"image":{"@id":"https:\/\/nk7-testes.com.br\/agazeta\/carro-pega-fogo-apos-atolar-em-rua-do-santa-helena\/#primaryimage"},"thumbnailUrl":"https:\/\/nk7-testes.com.br\/agazeta\/wp-content\/uploads\/2016\/04\/180416-policia-carropegafogo-tvgazeta.jpg","datePublished":"2016-04-18T15:30:56+00:00","author":{"@id":"https:\/\/nk7-testes.com.br\/agazeta\/#\/schema\/person\/6d6e25cb0435eb4a02fd44d30b4e3020"},"breadcrumb":{"@id":"https:\/\/nk7-testes.com.br\/agazeta\/carro-pega-fogo-apos-atolar-em-rua-do-santa-helena\/#breadcrumb"},"inLanguage":"pt-BR","potentialAction":[{"@type":"ReadAction","target":["https:\/\/nk7-testes.com.br\/agazeta\/carro-pega-fogo-apos-atolar-em-rua-do-santa-helena\/"]}]},{"@type":"ImageObject","inLanguage":"pt-BR","@id":"https:\/\/nk7-testes.com.br\/agazeta\/carro-pega-fogo-apos-atolar-em-rua-do-santa-helena\/#primaryimage","url":"https:\/\/nk7-testes.com.br\/agazeta\/wp-content\/uploads\/2016\/04\/180416-policia-carropegafogo-tvgazeta.jpg","contentUrl":"https:\/\/nk7-testes.com.br\/agazeta\/wp-content\/uploads\/2016\/04\/180416-policia-carropegafogo-tvgazeta.jpg","width":458,"height":340,"caption":"180416-policia-carropegafogo-tvgazeta"},{"@type":"BreadcrumbList","@id":"https:\/\/nk7-testes.com.br\/agazeta\/carro-pega-fogo-apos-atolar-em-rua-do-santa-helena\/#breadcrumb","itemListElement":[{"@type":"ListItem","position":1,"name":"In\u00edcio","item":"https:\/\/nk7-testes.com.br\/agazeta\/"},{"@type":"ListItem","position":2,"name":"Carro pega fogo ap\u00f3s atolar em rua do Santa Helena"}]},{"@type":"WebSite","@id":"https:\/\/nk7-testes.com.br\/agazeta\/#website","url":"https:\/\/nk7-testes.com.br\/agazeta\/","name":"Agazeta.net","description":"Agazeta.net - Not\u00edcias de Rio Branco\/AC","potentialAction":[{"@type":"SearchAction","target":{"@type":"EntryPoint","urlTemplate":"https:\/\/nk7-testes.com.br\/agazeta\/?s={search_term_string}"},"query-input":{"@type":"PropertyValueSpecification","valueRequired":true,"valueName":"search_term_string"}}],"inLanguage":"pt-BR"},{"@type":"Person","@id":"https:\/\/nk7-testes.com.br\/agazeta\/#\/schema\/person\/6d6e25cb0435eb4a02fd44d30b4e3020","name":"Agazeta.Net","url":"https:\/\/nk7-testes.com.br\/agazeta\/author\/agazeta\/"}]}},"_links":{"self":[{"href":"https:\/\/nk7-testes.com.br\/agazeta\/wp-json\/wp\/v2\/posts\/22222","targetHints":{"allow":["GET"]}}],"collection":[{"href":"https:\/\/nk7-testes.com.br\/agazeta\/wp-json\/wp\/v2\/posts"}],"about":[{"href":"https:\/\/nk7-testes.com.br\/agazeta\/wp-json\/wp\/v2\/types\/post"}],"author":[{"embeddable":true,"href":"https:\/\/nk7-testes.com.br\/agazeta\/wp-json\/wp\/v2\/users\/4"}],"replies":[{"embeddable":true,"href":"https:\/\/nk7-testes.com.br\/agazeta\/wp-json\/wp\/v2\/comments?post=22222"}],"version-history":[{"count":0,"href":"https:\/\/nk7-testes.com.br\/agazeta\/wp-json\/wp\/v2\/posts\/22222\/revisions"}],"wp:featuredmedia":[{"embeddable":true,"href":"https:\/\/nk7-testes.com.br\/agazeta\/wp-json\/wp\/v2\/media\/22221"}],"wp:attachment":[{"href":"https:\/\/nk7-testes.com.br\/agazeta\/wp-json\/wp\/v2\/media?parent=22222"}],"wp:term":[{"taxonomy":"category","embeddable":true,"href":"https:\/\/nk7-testes.com.br\/agazeta\/wp-json\/wp\/v2\/categories?post=22222"},{"taxonomy":"post_tag","embeddable":true,"href":"https:\/\/nk7-testes.com.br\/agazeta\/wp-json\/wp\/v2\/tags?post=22222"}],"curies":[{"name":"wp","href":"https:\/\/api.w.org\/{rel}","templated":true}]}}