{"id":22207,"date":"2016-04-16T17:03:38","date_gmt":"2016-04-16T17:03:38","guid":{"rendered":"https:\/\/abarevegan.com.br\/index.php\/2016\/04\/16\/acre-refaz-estimativa-de-arrecadacao-de-icms\/"},"modified":"2016-04-16T17:03:38","modified_gmt":"2016-04-16T17:03:38","slug":"acre-refaz-estimativa-de-arrecadacao-de-icms","status":"publish","type":"post","link":"https:\/\/nk7-testes.com.br\/agazeta\/acre-refaz-estimativa-de-arrecadacao-de-icms\/","title":{"rendered":"Acre refaz estimativa de arrecada\u00e7\u00e3o de ICMS"},"content":{"rendered":"<p>Cen\u00e1rio de crise for\u00e7a Sefaz a tra\u00e7ar novas metas<\/p>\n<p>T\u00e9cnicos da Secretaria de Estado de Fazenda fazem novamente os c\u00e1lculos referentes \u00e0 estimativa de arrecada\u00e7\u00e3o do ICMS. O que foi previsto na pe\u00e7a or\u00e7ament\u00e1ria aprovada pela Aleac em 2015 n\u00e3o ser\u00e1 cumprida.<\/p>\n<p>O Governo previa arrecadar em 2016 algo em torno de R$ 1 bilh\u00e3o. A performance do primeiro trimestre acendeu o sinal vermelho nos cofres p\u00fablicos do Estado: n\u00e3o vai conseguir alcan\u00e7ar o que previa.<\/p>\n<p>Esse rec\u00e1lculo n\u00e3o \u00e9 uma exclusividade. No in\u00edcio de maio, ser\u00e1 feita uma revis\u00e3o dessa meta de arrecada\u00e7\u00e3o do ICMS. Todas as Secretarias de Estado da Fazenda est\u00e3o quebrando a cabe\u00e7a.<\/p>\n<p>O motivo dessa situa\u00e7\u00e3o guarda rela\u00e7\u00e3o com um ciclo: falta dinheiro circulando no mercado, falta emprego. S\u00e3o fatores que impactam diretamente no consumo. Sem consumo, os comerciantes n\u00e3o compram para revender e a\u00ed a arrecada\u00e7\u00e3o de ICMS vai ao ch\u00e3o.<\/p>\n<p>De acordo com t\u00e9cnicos da Secretaria de Estado da Fazenda do Acre, a rela\u00e7\u00e3o entre ICMS\/Receita Total varia entre 28% a 35%. O que isso significa? De todos os recursos (dinheiro) que entram nos cofres do Governo do Acre, o ICMS responde por 28% a 35%. \u00c9 uma fatia nada desprez\u00edvel.<\/p>\n<p>Em 2014, a receita tribut\u00e1ria (dinheiro que entrou fruto de pagamento de impostos) correspondeu a 21% das receitas correntes l\u00edquidas (o dinheiro dispon\u00edvel para o governo gastar). Em 2015, aumentou: foi para 25%.<\/p>\n<p>Mas, o que os t\u00e9cnicos da Sefaz perceberam \u00e9 que em 2016, a situa\u00e7\u00e3o ficou muito ruim. Se a arrecada\u00e7\u00e3o de ICMS diminui, o Governo sente muito o efeito. E isso impacta diretamente na manuten\u00e7\u00e3o da m\u00e1quina p\u00fablica, em escolas, hospitais, postos policiais, assist\u00eancia t\u00e9cnica na agricultura etc.<\/p>\n","protected":false},"excerpt":{"rendered":"<p>Cen\u00e1rio de crise for\u00e7a Sefaz a tra\u00e7ar novas metas<\/p>\n","protected":false},"author":4,"featured_media":11763,"comment_status":"open","ping_status":"open","sticky":false,"template":"","format":"standard","meta":{"jnews-multi-image_gallery":[],"jnews_single_post":[],"jnews_primary_category":[],"jnews_social_meta":[],"jnews_review":[],"enable_review":"","type":"","name":"","summary":"","brand":"","sku":"","good":[],"bad":[],"score_override":"","override_value":"","rating":[],"price":[],"footnotes":""},"categories":[54],"tags":[],"class_list":["post-22207","post","type-post","status-publish","format-standard","has-post-thumbnail","hentry","category-cotidiano"],"yoast_head":"<!-- This site is optimized with the Yoast SEO plugin v26.5 - https:\/\/yoast.com\/wordpress\/plugins\/seo\/ -->\n<title>Acre refaz estimativa de arrecada\u00e7\u00e3o de ICMS - Agazeta.net<\/title>\n<meta name=\"robots\" content=\"index, follow, max-snippet:-1, max-image-preview:large, max-video-preview:-1\" \/>\n<link rel=\"canonical\" href=\"https:\/\/nk7-testes.com.br\/agazeta\/acre-refaz-estimativa-de-arrecadacao-de-icms\/\" \/>\n<meta property=\"og:locale\" content=\"pt_BR\" \/>\n<meta property=\"og:type\" content=\"article\" \/>\n<meta property=\"og:title\" content=\"Acre refaz estimativa de arrecada\u00e7\u00e3o de ICMS - Agazeta.net\" \/>\n<meta property=\"og:description\" content=\"Cen\u00e1rio de crise for\u00e7a Sefaz a tra\u00e7ar novas metas\" \/>\n<meta property=\"og:url\" content=\"https:\/\/nk7-testes.com.br\/agazeta\/acre-refaz-estimativa-de-arrecadacao-de-icms\/\" \/>\n<meta property=\"og:site_name\" content=\"Agazeta.net\" \/>\n<meta property=\"article:published_time\" content=\"2016-04-16T17:03:38+00:00\" \/>\n<meta property=\"og:image\" content=\"https:\/\/nk7-testes.com.br\/agazeta\/wp-content\/uploads\/2014\/11\/3011-politica-sefaz-gleilsonmirandasecom.jpg\" \/>\n\t<meta property=\"og:image:width\" content=\"458\" \/>\n\t<meta property=\"og:image:height\" content=\"340\" \/>\n\t<meta property=\"og:image:type\" content=\"image\/jpeg\" \/>\n<meta name=\"author\" content=\"Agazeta.Net\" \/>\n<meta name=\"twitter:card\" content=\"summary_large_image\" \/>\n<meta name=\"twitter:label1\" content=\"Escrito por\" \/>\n\t<meta name=\"twitter:data1\" content=\"Agazeta.Net\" \/>\n\t<meta name=\"twitter:label2\" content=\"Est. tempo de leitura\" \/>\n\t<meta name=\"twitter:data2\" content=\"2 minutos\" \/>\n<script type=\"application\/ld+json\" class=\"yoast-schema-graph\">{\"@context\":\"https:\/\/schema.org\",\"@graph\":[{\"@type\":\"WebPage\",\"@id\":\"https:\/\/nk7-testes.com.br\/agazeta\/acre-refaz-estimativa-de-arrecadacao-de-icms\/\",\"url\":\"https:\/\/nk7-testes.com.br\/agazeta\/acre-refaz-estimativa-de-arrecadacao-de-icms\/\",\"name\":\"Acre refaz estimativa de arrecada\u00e7\u00e3o de ICMS - Agazeta.net\",\"isPartOf\":{\"@id\":\"https:\/\/nk7-testes.com.br\/agazeta\/#website\"},\"primaryImageOfPage\":{\"@id\":\"https:\/\/nk7-testes.com.br\/agazeta\/acre-refaz-estimativa-de-arrecadacao-de-icms\/#primaryimage\"},\"image\":{\"@id\":\"https:\/\/nk7-testes.com.br\/agazeta\/acre-refaz-estimativa-de-arrecadacao-de-icms\/#primaryimage\"},\"thumbnailUrl\":\"https:\/\/nk7-testes.com.br\/agazeta\/wp-content\/uploads\/2014\/11\/3011-politica-sefaz-gleilsonmirandasecom.jpg\",\"datePublished\":\"2016-04-16T17:03:38+00:00\",\"author\":{\"@id\":\"https:\/\/nk7-testes.com.br\/agazeta\/#\/schema\/person\/6d6e25cb0435eb4a02fd44d30b4e3020\"},\"breadcrumb\":{\"@id\":\"https:\/\/nk7-testes.com.br\/agazeta\/acre-refaz-estimativa-de-arrecadacao-de-icms\/#breadcrumb\"},\"inLanguage\":\"pt-BR\",\"potentialAction\":[{\"@type\":\"ReadAction\",\"target\":[\"https:\/\/nk7-testes.com.br\/agazeta\/acre-refaz-estimativa-de-arrecadacao-de-icms\/\"]}]},{\"@type\":\"ImageObject\",\"inLanguage\":\"pt-BR\",\"@id\":\"https:\/\/nk7-testes.com.br\/agazeta\/acre-refaz-estimativa-de-arrecadacao-de-icms\/#primaryimage\",\"url\":\"https:\/\/nk7-testes.com.br\/agazeta\/wp-content\/uploads\/2014\/11\/3011-politica-sefaz-gleilsonmirandasecom.jpg\",\"contentUrl\":\"https:\/\/nk7-testes.com.br\/agazeta\/wp-content\/uploads\/2014\/11\/3011-politica-sefaz-gleilsonmirandasecom.jpg\",\"width\":458,\"height\":340,\"caption\":\"3011-politica-sefaz-gleilsonmirandasecom\"},{\"@type\":\"BreadcrumbList\",\"@id\":\"https:\/\/nk7-testes.com.br\/agazeta\/acre-refaz-estimativa-de-arrecadacao-de-icms\/#breadcrumb\",\"itemListElement\":[{\"@type\":\"ListItem\",\"position\":1,\"name\":\"In\u00edcio\",\"item\":\"https:\/\/nk7-testes.com.br\/agazeta\/\"},{\"@type\":\"ListItem\",\"position\":2,\"name\":\"Acre refaz estimativa de arrecada\u00e7\u00e3o de ICMS\"}]},{\"@type\":\"WebSite\",\"@id\":\"https:\/\/nk7-testes.com.br\/agazeta\/#website\",\"url\":\"https:\/\/nk7-testes.com.br\/agazeta\/\",\"name\":\"Agazeta.net\",\"description\":\"Agazeta.net - Not\u00edcias de Rio Branco\/AC\",\"potentialAction\":[{\"@type\":\"SearchAction\",\"target\":{\"@type\":\"EntryPoint\",\"urlTemplate\":\"https:\/\/nk7-testes.com.br\/agazeta\/?s={search_term_string}\"},\"query-input\":{\"@type\":\"PropertyValueSpecification\",\"valueRequired\":true,\"valueName\":\"search_term_string\"}}],\"inLanguage\":\"pt-BR\"},{\"@type\":\"Person\",\"@id\":\"https:\/\/nk7-testes.com.br\/agazeta\/#\/schema\/person\/6d6e25cb0435eb4a02fd44d30b4e3020\",\"name\":\"Agazeta.Net\",\"url\":\"https:\/\/nk7-testes.com.br\/agazeta\/author\/agazeta\/\"}]}<\/script>\n<!-- \/ Yoast SEO plugin. -->","yoast_head_json":{"title":"Acre refaz estimativa de arrecada\u00e7\u00e3o de ICMS - Agazeta.net","robots":{"index":"index","follow":"follow","max-snippet":"max-snippet:-1","max-image-preview":"max-image-preview:large","max-video-preview":"max-video-preview:-1"},"canonical":"https:\/\/nk7-testes.com.br\/agazeta\/acre-refaz-estimativa-de-arrecadacao-de-icms\/","og_locale":"pt_BR","og_type":"article","og_title":"Acre refaz estimativa de arrecada\u00e7\u00e3o de ICMS - Agazeta.net","og_description":"Cen\u00e1rio de crise for\u00e7a Sefaz a tra\u00e7ar novas metas","og_url":"https:\/\/nk7-testes.com.br\/agazeta\/acre-refaz-estimativa-de-arrecadacao-de-icms\/","og_site_name":"Agazeta.net","article_published_time":"2016-04-16T17:03:38+00:00","og_image":[{"width":458,"height":340,"url":"https:\/\/nk7-testes.com.br\/agazeta\/wp-content\/uploads\/2014\/11\/3011-politica-sefaz-gleilsonmirandasecom.jpg","type":"image\/jpeg"}],"author":"Agazeta.Net","twitter_card":"summary_large_image","twitter_misc":{"Escrito por":"Agazeta.Net","Est. tempo de leitura":"2 minutos"},"schema":{"@context":"https:\/\/schema.org","@graph":[{"@type":"WebPage","@id":"https:\/\/nk7-testes.com.br\/agazeta\/acre-refaz-estimativa-de-arrecadacao-de-icms\/","url":"https:\/\/nk7-testes.com.br\/agazeta\/acre-refaz-estimativa-de-arrecadacao-de-icms\/","name":"Acre refaz estimativa de arrecada\u00e7\u00e3o de ICMS - Agazeta.net","isPartOf":{"@id":"https:\/\/nk7-testes.com.br\/agazeta\/#website"},"primaryImageOfPage":{"@id":"https:\/\/nk7-testes.com.br\/agazeta\/acre-refaz-estimativa-de-arrecadacao-de-icms\/#primaryimage"},"image":{"@id":"https:\/\/nk7-testes.com.br\/agazeta\/acre-refaz-estimativa-de-arrecadacao-de-icms\/#primaryimage"},"thumbnailUrl":"https:\/\/nk7-testes.com.br\/agazeta\/wp-content\/uploads\/2014\/11\/3011-politica-sefaz-gleilsonmirandasecom.jpg","datePublished":"2016-04-16T17:03:38+00:00","author":{"@id":"https:\/\/nk7-testes.com.br\/agazeta\/#\/schema\/person\/6d6e25cb0435eb4a02fd44d30b4e3020"},"breadcrumb":{"@id":"https:\/\/nk7-testes.com.br\/agazeta\/acre-refaz-estimativa-de-arrecadacao-de-icms\/#breadcrumb"},"inLanguage":"pt-BR","potentialAction":[{"@type":"ReadAction","target":["https:\/\/nk7-testes.com.br\/agazeta\/acre-refaz-estimativa-de-arrecadacao-de-icms\/"]}]},{"@type":"ImageObject","inLanguage":"pt-BR","@id":"https:\/\/nk7-testes.com.br\/agazeta\/acre-refaz-estimativa-de-arrecadacao-de-icms\/#primaryimage","url":"https:\/\/nk7-testes.com.br\/agazeta\/wp-content\/uploads\/2014\/11\/3011-politica-sefaz-gleilsonmirandasecom.jpg","contentUrl":"https:\/\/nk7-testes.com.br\/agazeta\/wp-content\/uploads\/2014\/11\/3011-politica-sefaz-gleilsonmirandasecom.jpg","width":458,"height":340,"caption":"3011-politica-sefaz-gleilsonmirandasecom"},{"@type":"BreadcrumbList","@id":"https:\/\/nk7-testes.com.br\/agazeta\/acre-refaz-estimativa-de-arrecadacao-de-icms\/#breadcrumb","itemListElement":[{"@type":"ListItem","position":1,"name":"In\u00edcio","item":"https:\/\/nk7-testes.com.br\/agazeta\/"},{"@type":"ListItem","position":2,"name":"Acre refaz estimativa de arrecada\u00e7\u00e3o de ICMS"}]},{"@type":"WebSite","@id":"https:\/\/nk7-testes.com.br\/agazeta\/#website","url":"https:\/\/nk7-testes.com.br\/agazeta\/","name":"Agazeta.net","description":"Agazeta.net - Not\u00edcias de Rio Branco\/AC","potentialAction":[{"@type":"SearchAction","target":{"@type":"EntryPoint","urlTemplate":"https:\/\/nk7-testes.com.br\/agazeta\/?s={search_term_string}"},"query-input":{"@type":"PropertyValueSpecification","valueRequired":true,"valueName":"search_term_string"}}],"inLanguage":"pt-BR"},{"@type":"Person","@id":"https:\/\/nk7-testes.com.br\/agazeta\/#\/schema\/person\/6d6e25cb0435eb4a02fd44d30b4e3020","name":"Agazeta.Net","url":"https:\/\/nk7-testes.com.br\/agazeta\/author\/agazeta\/"}]}},"_links":{"self":[{"href":"https:\/\/nk7-testes.com.br\/agazeta\/wp-json\/wp\/v2\/posts\/22207","targetHints":{"allow":["GET"]}}],"collection":[{"href":"https:\/\/nk7-testes.com.br\/agazeta\/wp-json\/wp\/v2\/posts"}],"about":[{"href":"https:\/\/nk7-testes.com.br\/agazeta\/wp-json\/wp\/v2\/types\/post"}],"author":[{"embeddable":true,"href":"https:\/\/nk7-testes.com.br\/agazeta\/wp-json\/wp\/v2\/users\/4"}],"replies":[{"embeddable":true,"href":"https:\/\/nk7-testes.com.br\/agazeta\/wp-json\/wp\/v2\/comments?post=22207"}],"version-history":[{"count":0,"href":"https:\/\/nk7-testes.com.br\/agazeta\/wp-json\/wp\/v2\/posts\/22207\/revisions"}],"wp:featuredmedia":[{"embeddable":true,"href":"https:\/\/nk7-testes.com.br\/agazeta\/wp-json\/wp\/v2\/media\/11763"}],"wp:attachment":[{"href":"https:\/\/nk7-testes.com.br\/agazeta\/wp-json\/wp\/v2\/media?parent=22207"}],"wp:term":[{"taxonomy":"category","embeddable":true,"href":"https:\/\/nk7-testes.com.br\/agazeta\/wp-json\/wp\/v2\/categories?post=22207"},{"taxonomy":"post_tag","embeddable":true,"href":"https:\/\/nk7-testes.com.br\/agazeta\/wp-json\/wp\/v2\/tags?post=22207"}],"curies":[{"name":"wp","href":"https:\/\/api.w.org\/{rel}","templated":true}]}}