{"id":22203,"date":"2016-04-16T15:30:44","date_gmt":"2016-04-16T15:30:44","guid":{"rendered":"https:\/\/abarevegan.com.br\/index.php\/2016\/04\/16\/adolescente-e-assassinado-em-centro-socioeducativo\/"},"modified":"2016-04-16T15:30:44","modified_gmt":"2016-04-16T15:30:44","slug":"adolescente-e-assassinado-em-centro-socioeducativo","status":"publish","type":"post","link":"https:\/\/nk7-testes.com.br\/agazeta\/adolescente-e-assassinado-em-centro-socioeducativo\/","title":{"rendered":"Adolescente \u00e9 assassinado em Centro Socioeducativo"},"content":{"rendered":"<p style=\"text-align: justify;\">Movimenta\u00e7\u00e3o era intensa fora da unidade<\/p>\n<p style=\"text-align: justify;\">Ap\u00f3s a confirma\u00e7\u00e3o da morte do adolescente infrator D.B.M, de 17 anos, no interior do Centro Socioeducativo Aquiry, nossa equipe registrou uma grande movimenta\u00e7\u00e3o do lado de fora da unidade pouco depois das sete da noite desta sexta-feira.<\/p>\n<p style=\"text-align: justify;\">O Servi\u00e7o de Atendimento M\u00f3vel de Urg\u00eancia (Samu) foi o primeiro a chegar ao local e constatou a morte do adolescente. Ainda segundo os para-m\u00e9dicos do Samu, a v\u00edtima estava com marcas de viol\u00eancia no rosto e no pesco\u00e7o.<\/p>\n<p style=\"text-align: justify;\">Segundo informa\u00e7\u00f5es apuradas junto ao Instituto Socioeducativo, o adolescente infrator identificado como D.B.M, de 17 anos, foi morto ap\u00f3s uma briga dentro do alojamento conhecido como Delta 1.<\/p>\n<p style=\"text-align: justify;\">Ele estava junto com outros tr\u00eas adolescentes infratores com idades entre 15 e 16 anos. Os suspeitos pela morte de D.B.M foram apreendidos e levados para o registro da ocorr\u00eancia na delegacia do menor numa viatura da Pol\u00edcia Militar.<\/p>\n<p style=\"text-align: justify;\">O presidente do sindicato dos agentes socioeducativos, Beto Calixto, reclamou que foi proibido de entrar na unidade. Ele criticou as condi\u00e7\u00f5es dentro da unidade. \u201cA morte do adolescente infrator dentro da pousada ser\u00e1 investigada pela Corregedoria\u201d, afirmou o diretor presidente do Instituto Socioeducativo do Acre, Rafael Almeida de Souza. O Governo do Acre divulgou nota oficial sobre o problema.<\/p>\n<p><strong>NOTA OFICIAL<\/strong><\/p>\n<p style=\"text-align: justify;\">O Governo do Acre, por meio da Secretaria de Estado de Justi\u00e7a e Direitos Humanos (Sejudh) e do Instituto Socioeducativo (ISE), lamenta o falecimento do adolescente de 17 anos, ocorrido nesta sexta-feira, 15, no Centro Socioeducativo Aquiry, ap\u00f3s diverg\u00eancia com companheiros de cela. Ao tomar conhecimento do fato, a pedido do ISE, a Pol\u00edcia Civil enviou uma equipe de peritos para os procedimentos legais.<\/p>\n<p style=\"text-align: justify;\">Imediatamente, foi instaurado inqu\u00e9rito policial para apurar responsabilidades e punir aqueles que cometeram o crime. Paralelo \u00e0 rigorosa apura\u00e7\u00e3o policial, um procedimento interno foi instaurado, com o acompanhamento da Corregedoria do ISE, a fim de averiguar todas as circunst\u00e2ncias e dar os encaminhamentos jur\u00eddicos contra poss\u00edveis omiss\u00f5es. A Sejudh e o ISE comunicaram o fato \u00e0s autoridades respons\u00e1veis pela defesa da crian\u00e7a e do adolescente, pedindo que seja feito o acompanhamento de todo processo investigat\u00f3rio. Por fim, ressaltamos que todas as medidas ser\u00e3o adotadas para que a verdade seja trazida \u00e0 luz, garantido que a sociedade seja esclarecida.<\/p>\n<p style=\"text-align: justify;\">Rafael Almeida de Sousa<\/p>\n<p><strong>Diretor-presidente do ISE<\/strong><\/p>\n<p>Nilson Moura Leite Mour\u00e3o<\/p>\n<p><strong>Secret\u00e1rio de Estado de Justi\u00e7a e Direitos Humanos<\/strong><\/p>\n","protected":false},"excerpt":{"rendered":"<p style=\"text-align: justify;\">Movimenta\u00e7\u00e3o era intensa fora da unidade<\/p>\n","protected":false},"author":4,"featured_media":22202,"comment_status":"open","ping_status":"open","sticky":false,"template":"","format":"standard","meta":{"jnews-multi-image_gallery":[],"jnews_single_post":[],"jnews_primary_category":[],"jnews_social_meta":[],"jnews_review":[],"enable_review":"","type":"","name":"","summary":"","brand":"","sku":"","good":[],"bad":[],"score_override":"","override_value":"","rating":[],"price":[],"footnotes":""},"categories":[44],"tags":[],"class_list":["post-22203","post","type-post","status-publish","format-standard","has-post-thumbnail","hentry","category-policia"],"yoast_head":"<!-- This site is optimized with the Yoast SEO plugin v26.5 - https:\/\/yoast.com\/wordpress\/plugins\/seo\/ -->\n<title>Adolescente \u00e9 assassinado em Centro Socioeducativo - Agazeta.net<\/title>\n<meta name=\"robots\" content=\"index, follow, max-snippet:-1, max-image-preview:large, max-video-preview:-1\" \/>\n<link rel=\"canonical\" href=\"https:\/\/nk7-testes.com.br\/agazeta\/adolescente-e-assassinado-em-centro-socioeducativo\/\" \/>\n<meta property=\"og:locale\" content=\"pt_BR\" \/>\n<meta property=\"og:type\" content=\"article\" \/>\n<meta property=\"og:title\" content=\"Adolescente \u00e9 assassinado em Centro Socioeducativo - Agazeta.net\" \/>\n<meta property=\"og:description\" content=\"Movimenta\u00e7\u00e3o era intensa fora da unidade\" \/>\n<meta property=\"og:url\" content=\"https:\/\/nk7-testes.com.br\/agazeta\/adolescente-e-assassinado-em-centro-socioeducativo\/\" \/>\n<meta property=\"og:site_name\" content=\"Agazeta.net\" \/>\n<meta property=\"article:published_time\" content=\"2016-04-16T15:30:44+00:00\" \/>\n<meta property=\"og:image\" content=\"https:\/\/nk7-testes.com.br\/agazeta\/wp-content\/uploads\/2016\/04\/160416-policia-pousadadomenor-cleriston2.jpg\" \/>\n\t<meta property=\"og:image:width\" content=\"458\" \/>\n\t<meta property=\"og:image:height\" content=\"340\" \/>\n\t<meta property=\"og:image:type\" content=\"image\/jpeg\" \/>\n<meta name=\"author\" content=\"Agazeta.Net\" \/>\n<meta name=\"twitter:card\" content=\"summary_large_image\" \/>\n<meta name=\"twitter:label1\" content=\"Escrito por\" \/>\n\t<meta name=\"twitter:data1\" content=\"Agazeta.Net\" \/>\n\t<meta name=\"twitter:label2\" content=\"Est. tempo de leitura\" \/>\n\t<meta name=\"twitter:data2\" content=\"2 minutos\" \/>\n<script type=\"application\/ld+json\" class=\"yoast-schema-graph\">{\"@context\":\"https:\/\/schema.org\",\"@graph\":[{\"@type\":\"WebPage\",\"@id\":\"https:\/\/nk7-testes.com.br\/agazeta\/adolescente-e-assassinado-em-centro-socioeducativo\/\",\"url\":\"https:\/\/nk7-testes.com.br\/agazeta\/adolescente-e-assassinado-em-centro-socioeducativo\/\",\"name\":\"Adolescente \u00e9 assassinado em Centro Socioeducativo - Agazeta.net\",\"isPartOf\":{\"@id\":\"https:\/\/nk7-testes.com.br\/agazeta\/#website\"},\"primaryImageOfPage\":{\"@id\":\"https:\/\/nk7-testes.com.br\/agazeta\/adolescente-e-assassinado-em-centro-socioeducativo\/#primaryimage\"},\"image\":{\"@id\":\"https:\/\/nk7-testes.com.br\/agazeta\/adolescente-e-assassinado-em-centro-socioeducativo\/#primaryimage\"},\"thumbnailUrl\":\"https:\/\/nk7-testes.com.br\/agazeta\/wp-content\/uploads\/2016\/04\/160416-policia-pousadadomenor-cleriston2.jpg\",\"datePublished\":\"2016-04-16T15:30:44+00:00\",\"author\":{\"@id\":\"https:\/\/nk7-testes.com.br\/agazeta\/#\/schema\/person\/6d6e25cb0435eb4a02fd44d30b4e3020\"},\"breadcrumb\":{\"@id\":\"https:\/\/nk7-testes.com.br\/agazeta\/adolescente-e-assassinado-em-centro-socioeducativo\/#breadcrumb\"},\"inLanguage\":\"pt-BR\",\"potentialAction\":[{\"@type\":\"ReadAction\",\"target\":[\"https:\/\/nk7-testes.com.br\/agazeta\/adolescente-e-assassinado-em-centro-socioeducativo\/\"]}]},{\"@type\":\"ImageObject\",\"inLanguage\":\"pt-BR\",\"@id\":\"https:\/\/nk7-testes.com.br\/agazeta\/adolescente-e-assassinado-em-centro-socioeducativo\/#primaryimage\",\"url\":\"https:\/\/nk7-testes.com.br\/agazeta\/wp-content\/uploads\/2016\/04\/160416-policia-pousadadomenor-cleriston2.jpg\",\"contentUrl\":\"https:\/\/nk7-testes.com.br\/agazeta\/wp-content\/uploads\/2016\/04\/160416-policia-pousadadomenor-cleriston2.jpg\",\"width\":458,\"height\":340,\"caption\":\"160416-policia-pousadadomenor-cleriston2\"},{\"@type\":\"BreadcrumbList\",\"@id\":\"https:\/\/nk7-testes.com.br\/agazeta\/adolescente-e-assassinado-em-centro-socioeducativo\/#breadcrumb\",\"itemListElement\":[{\"@type\":\"ListItem\",\"position\":1,\"name\":\"In\u00edcio\",\"item\":\"https:\/\/nk7-testes.com.br\/agazeta\/\"},{\"@type\":\"ListItem\",\"position\":2,\"name\":\"Adolescente \u00e9 assassinado em Centro Socioeducativo\"}]},{\"@type\":\"WebSite\",\"@id\":\"https:\/\/nk7-testes.com.br\/agazeta\/#website\",\"url\":\"https:\/\/nk7-testes.com.br\/agazeta\/\",\"name\":\"Agazeta.net\",\"description\":\"Agazeta.net - Not\u00edcias de Rio Branco\/AC\",\"potentialAction\":[{\"@type\":\"SearchAction\",\"target\":{\"@type\":\"EntryPoint\",\"urlTemplate\":\"https:\/\/nk7-testes.com.br\/agazeta\/?s={search_term_string}\"},\"query-input\":{\"@type\":\"PropertyValueSpecification\",\"valueRequired\":true,\"valueName\":\"search_term_string\"}}],\"inLanguage\":\"pt-BR\"},{\"@type\":\"Person\",\"@id\":\"https:\/\/nk7-testes.com.br\/agazeta\/#\/schema\/person\/6d6e25cb0435eb4a02fd44d30b4e3020\",\"name\":\"Agazeta.Net\",\"url\":\"https:\/\/nk7-testes.com.br\/agazeta\/author\/agazeta\/\"}]}<\/script>\n<!-- \/ Yoast SEO plugin. -->","yoast_head_json":{"title":"Adolescente \u00e9 assassinado em Centro Socioeducativo - Agazeta.net","robots":{"index":"index","follow":"follow","max-snippet":"max-snippet:-1","max-image-preview":"max-image-preview:large","max-video-preview":"max-video-preview:-1"},"canonical":"https:\/\/nk7-testes.com.br\/agazeta\/adolescente-e-assassinado-em-centro-socioeducativo\/","og_locale":"pt_BR","og_type":"article","og_title":"Adolescente \u00e9 assassinado em Centro Socioeducativo - Agazeta.net","og_description":"Movimenta\u00e7\u00e3o era intensa fora da unidade","og_url":"https:\/\/nk7-testes.com.br\/agazeta\/adolescente-e-assassinado-em-centro-socioeducativo\/","og_site_name":"Agazeta.net","article_published_time":"2016-04-16T15:30:44+00:00","og_image":[{"width":458,"height":340,"url":"https:\/\/nk7-testes.com.br\/agazeta\/wp-content\/uploads\/2016\/04\/160416-policia-pousadadomenor-cleriston2.jpg","type":"image\/jpeg"}],"author":"Agazeta.Net","twitter_card":"summary_large_image","twitter_misc":{"Escrito por":"Agazeta.Net","Est. tempo de leitura":"2 minutos"},"schema":{"@context":"https:\/\/schema.org","@graph":[{"@type":"WebPage","@id":"https:\/\/nk7-testes.com.br\/agazeta\/adolescente-e-assassinado-em-centro-socioeducativo\/","url":"https:\/\/nk7-testes.com.br\/agazeta\/adolescente-e-assassinado-em-centro-socioeducativo\/","name":"Adolescente \u00e9 assassinado em Centro Socioeducativo - Agazeta.net","isPartOf":{"@id":"https:\/\/nk7-testes.com.br\/agazeta\/#website"},"primaryImageOfPage":{"@id":"https:\/\/nk7-testes.com.br\/agazeta\/adolescente-e-assassinado-em-centro-socioeducativo\/#primaryimage"},"image":{"@id":"https:\/\/nk7-testes.com.br\/agazeta\/adolescente-e-assassinado-em-centro-socioeducativo\/#primaryimage"},"thumbnailUrl":"https:\/\/nk7-testes.com.br\/agazeta\/wp-content\/uploads\/2016\/04\/160416-policia-pousadadomenor-cleriston2.jpg","datePublished":"2016-04-16T15:30:44+00:00","author":{"@id":"https:\/\/nk7-testes.com.br\/agazeta\/#\/schema\/person\/6d6e25cb0435eb4a02fd44d30b4e3020"},"breadcrumb":{"@id":"https:\/\/nk7-testes.com.br\/agazeta\/adolescente-e-assassinado-em-centro-socioeducativo\/#breadcrumb"},"inLanguage":"pt-BR","potentialAction":[{"@type":"ReadAction","target":["https:\/\/nk7-testes.com.br\/agazeta\/adolescente-e-assassinado-em-centro-socioeducativo\/"]}]},{"@type":"ImageObject","inLanguage":"pt-BR","@id":"https:\/\/nk7-testes.com.br\/agazeta\/adolescente-e-assassinado-em-centro-socioeducativo\/#primaryimage","url":"https:\/\/nk7-testes.com.br\/agazeta\/wp-content\/uploads\/2016\/04\/160416-policia-pousadadomenor-cleriston2.jpg","contentUrl":"https:\/\/nk7-testes.com.br\/agazeta\/wp-content\/uploads\/2016\/04\/160416-policia-pousadadomenor-cleriston2.jpg","width":458,"height":340,"caption":"160416-policia-pousadadomenor-cleriston2"},{"@type":"BreadcrumbList","@id":"https:\/\/nk7-testes.com.br\/agazeta\/adolescente-e-assassinado-em-centro-socioeducativo\/#breadcrumb","itemListElement":[{"@type":"ListItem","position":1,"name":"In\u00edcio","item":"https:\/\/nk7-testes.com.br\/agazeta\/"},{"@type":"ListItem","position":2,"name":"Adolescente \u00e9 assassinado em Centro Socioeducativo"}]},{"@type":"WebSite","@id":"https:\/\/nk7-testes.com.br\/agazeta\/#website","url":"https:\/\/nk7-testes.com.br\/agazeta\/","name":"Agazeta.net","description":"Agazeta.net - Not\u00edcias de Rio Branco\/AC","potentialAction":[{"@type":"SearchAction","target":{"@type":"EntryPoint","urlTemplate":"https:\/\/nk7-testes.com.br\/agazeta\/?s={search_term_string}"},"query-input":{"@type":"PropertyValueSpecification","valueRequired":true,"valueName":"search_term_string"}}],"inLanguage":"pt-BR"},{"@type":"Person","@id":"https:\/\/nk7-testes.com.br\/agazeta\/#\/schema\/person\/6d6e25cb0435eb4a02fd44d30b4e3020","name":"Agazeta.Net","url":"https:\/\/nk7-testes.com.br\/agazeta\/author\/agazeta\/"}]}},"_links":{"self":[{"href":"https:\/\/nk7-testes.com.br\/agazeta\/wp-json\/wp\/v2\/posts\/22203","targetHints":{"allow":["GET"]}}],"collection":[{"href":"https:\/\/nk7-testes.com.br\/agazeta\/wp-json\/wp\/v2\/posts"}],"about":[{"href":"https:\/\/nk7-testes.com.br\/agazeta\/wp-json\/wp\/v2\/types\/post"}],"author":[{"embeddable":true,"href":"https:\/\/nk7-testes.com.br\/agazeta\/wp-json\/wp\/v2\/users\/4"}],"replies":[{"embeddable":true,"href":"https:\/\/nk7-testes.com.br\/agazeta\/wp-json\/wp\/v2\/comments?post=22203"}],"version-history":[{"count":0,"href":"https:\/\/nk7-testes.com.br\/agazeta\/wp-json\/wp\/v2\/posts\/22203\/revisions"}],"wp:featuredmedia":[{"embeddable":true,"href":"https:\/\/nk7-testes.com.br\/agazeta\/wp-json\/wp\/v2\/media\/22202"}],"wp:attachment":[{"href":"https:\/\/nk7-testes.com.br\/agazeta\/wp-json\/wp\/v2\/media?parent=22203"}],"wp:term":[{"taxonomy":"category","embeddable":true,"href":"https:\/\/nk7-testes.com.br\/agazeta\/wp-json\/wp\/v2\/categories?post=22203"},{"taxonomy":"post_tag","embeddable":true,"href":"https:\/\/nk7-testes.com.br\/agazeta\/wp-json\/wp\/v2\/tags?post=22203"}],"curies":[{"name":"wp","href":"https:\/\/api.w.org\/{rel}","templated":true}]}}