{"id":22158,"date":"2016-04-14T21:58:00","date_gmt":"2016-04-14T21:58:00","guid":{"rendered":"https:\/\/abarevegan.com.br\/index.php\/2016\/04\/14\/briga-no-cerb-expoe-qualidade-do-ensino-publico\/"},"modified":"2016-04-14T21:58:00","modified_gmt":"2016-04-14T21:58:00","slug":"briga-no-cerb-expoe-qualidade-do-ensino-publico","status":"publish","type":"post","link":"https:\/\/nk7-testes.com.br\/agazeta\/briga-no-cerb-expoe-qualidade-do-ensino-publico\/","title":{"rendered":"Briga no Cerb exp\u00f5e qualidade do Ensino P\u00fablico"},"content":{"rendered":"<p style=\"text-align: justify;\">Juventude fascinada por tudo, menos pelo estudo<\/p>\n<p style=\"text-align: justify;\">Na tarde de quarta-feira (14), uma confus\u00e3o generalizada aconteceu no p\u00e1tio da escola Bar\u00e3o do Rio Branco, o Cerb. Cenas registradas por celular mostram, em dado momento, um estudante sendo atingido por um chute e cai. Tamanha viol\u00eancia do golpe, o jovem desmaia.<\/p>\n<p style=\"text-align: justify;\">A confus\u00e3o teria sido causada por disputa do gr\u00eamio estudantil. As imagens n\u00e3o mostram em nenhum momento funcion\u00e1rios da escola se mobilizando para separar os brig\u00f5es. O registro n\u00e3o \u00e9 mais novidade. A viol\u00eancia est\u00e1 fazendo parte da rotina escolar.<\/p>\n<p style=\"text-align: justify;\">Reagir a esse problema no ambiente que mais deveria prezar pela Educa\u00e7\u00e3o \u00e9 um desafio para o poder p\u00fablico. Segundo o secret\u00e1rio de Estado de Educa\u00e7\u00e3o, Marco Brand\u00e3o, a viol\u00eancia perpassa os muros das escolas.<\/p>\n<p style=\"text-align: justify;\">\u201cOs conflitos humanos sempre existiram. N\u00f3s somos uma institui\u00e7\u00e3o educativa e estamos trabalhando construindo projetos e programas para educa\u00e7\u00e3o das pessoas para que convivam respeitosamente em sociedade\u201d, disse.<\/p>\n<p style=\"text-align: justify;\">E justamente um dia depois das cenas de viol\u00eancia na escola Cerb, a Secretaria de Educa\u00e7\u00e3o em parceria com a Secretaria de Pol\u00edticas P\u00fablicas para as Mulheres (SepMulheres) lan\u00e7aram uma nova campanha.<\/p>\n<p style=\"text-align: justify;\">&#8220;Quem ama abra\u00e7a fazendo escola&#8221; tem o objetivo de mobilizar a comunidade a partir do ambiente estudantil, para a mudan\u00e7a de paradigmas e desconstru\u00e7\u00e3o de preconceitos que geram viol\u00eancia de g\u00eanero.<\/p>\n<p style=\"text-align: justify;\">\u201cIndo na raiz do problema n\u00f3s vamos nos deparar com valores equivocados da supremacia masculina sobre o feminino, ou seja, de uma sociedade baseada nos pilares do machismo, do racismo, preconceito. \u00c9 preciso desconstruir essa mentalidade e isso \u00e9 um processo educativo\u201d, disse a secret\u00e1ria da Sep Mulheres, Concita Maia.<\/p>\n<p style=\"text-align: justify;\">A campanha vai promover diversas atividades para debater o tema, como proje\u00e7\u00e3o de filmes e rodas de conversa. O projeto piloto escolheu tr\u00eas escolas p\u00fablicas de Rio Branco, com maior \u00edndice de viol\u00eancia contra a mulher.<\/p>\n<p style=\"text-align: justify;\">As a\u00e7\u00f5es come\u00e7am a partir das escolas Louren\u00e7o Filho, Berta Vieira e Lindaura Leit\u00e3o e n\u00e3o a tem prazo para encerrar. O estudante Thiago Santos, aluno do segundo ano do Ensino M\u00e9dio da Escola Louren\u00e7o Filho lamenta que sua comunidade esteja no pico dos indicadores da viol\u00eancia.<\/p>\n<p style=\"text-align: justify;\">Para o estudante, a sociedade precisa mudar o conceito sobre as mulheres e a campanha pode ajudar nesse sentido. \u201cEssa galera nova est\u00e1 formando seu car\u00e1ter, precisa que pessoas mais velhas com experi\u00eancia mostrem o certo e o errado. Os pais tamb\u00e9m precisam se conscientizar em dar bons exemplos aos filhos\u201d, disse.<\/p>\n<p style=\"text-align: justify;\">A campanha \u201cQuem ama abra\u00e7a fazendo escola\u201d \u00e9 uma iniciativa da Rede de Desenvolvimento Humano, do Instituto Magna Mater e o Minist\u00e9rio da Mulher. A proposta j\u00e1 foi criada em 2011 e abra\u00e7ada por v\u00e1rios estados do pa\u00eds.<\/p>\n","protected":false},"excerpt":{"rendered":"<p style=\"text-align: justify;\">Juventude fascinada por tudo, menos pelo estudo<\/p>\n","protected":false},"author":4,"featured_media":22157,"comment_status":"open","ping_status":"open","sticky":false,"template":"","format":"standard","meta":{"jnews-multi-image_gallery":[],"jnews_single_post":[],"jnews_primary_category":[],"jnews_social_meta":[],"jnews_review":[],"enable_review":"","type":"","name":"","summary":"","brand":"","sku":"","good":[],"bad":[],"score_override":"","override_value":"","rating":[],"price":[],"footnotes":""},"categories":[44],"tags":[],"class_list":["post-22158","post","type-post","status-publish","format-standard","has-post-thumbnail","hentry","category-policia"],"yoast_head":"<!-- This site is optimized with the Yoast SEO plugin v26.5 - https:\/\/yoast.com\/wordpress\/plugins\/seo\/ -->\n<title>Briga no Cerb exp\u00f5e qualidade do Ensino P\u00fablico - Agazeta.net<\/title>\n<meta name=\"robots\" content=\"index, follow, max-snippet:-1, max-image-preview:large, max-video-preview:-1\" \/>\n<link rel=\"canonical\" href=\"https:\/\/nk7-testes.com.br\/agazeta\/briga-no-cerb-expoe-qualidade-do-ensino-publico\/\" \/>\n<meta property=\"og:locale\" content=\"pt_BR\" \/>\n<meta property=\"og:type\" content=\"article\" \/>\n<meta property=\"og:title\" content=\"Briga no Cerb exp\u00f5e qualidade do Ensino P\u00fablico - Agazeta.net\" \/>\n<meta property=\"og:description\" content=\"Juventude fascinada por tudo, menos pelo estudo\" \/>\n<meta property=\"og:url\" content=\"https:\/\/nk7-testes.com.br\/agazeta\/briga-no-cerb-expoe-qualidade-do-ensino-publico\/\" \/>\n<meta property=\"og:site_name\" content=\"Agazeta.net\" \/>\n<meta property=\"article:published_time\" content=\"2016-04-14T21:58:00+00:00\" \/>\n<meta property=\"og:image\" content=\"https:\/\/nk7-testes.com.br\/agazeta\/wp-content\/uploads\/2016\/04\/140416-cotidiano-alunos-tvgazeta.jpg\" \/>\n\t<meta property=\"og:image:width\" content=\"458\" \/>\n\t<meta property=\"og:image:height\" content=\"340\" \/>\n\t<meta property=\"og:image:type\" content=\"image\/jpeg\" \/>\n<meta name=\"author\" content=\"Agazeta.Net\" \/>\n<meta name=\"twitter:card\" content=\"summary_large_image\" \/>\n<meta name=\"twitter:label1\" content=\"Escrito por\" \/>\n\t<meta name=\"twitter:data1\" content=\"Agazeta.Net\" \/>\n\t<meta name=\"twitter:label2\" content=\"Est. tempo de leitura\" \/>\n\t<meta name=\"twitter:data2\" content=\"2 minutos\" \/>\n<script type=\"application\/ld+json\" class=\"yoast-schema-graph\">{\"@context\":\"https:\/\/schema.org\",\"@graph\":[{\"@type\":\"WebPage\",\"@id\":\"https:\/\/nk7-testes.com.br\/agazeta\/briga-no-cerb-expoe-qualidade-do-ensino-publico\/\",\"url\":\"https:\/\/nk7-testes.com.br\/agazeta\/briga-no-cerb-expoe-qualidade-do-ensino-publico\/\",\"name\":\"Briga no Cerb exp\u00f5e qualidade do Ensino P\u00fablico - Agazeta.net\",\"isPartOf\":{\"@id\":\"https:\/\/nk7-testes.com.br\/agazeta\/#website\"},\"primaryImageOfPage\":{\"@id\":\"https:\/\/nk7-testes.com.br\/agazeta\/briga-no-cerb-expoe-qualidade-do-ensino-publico\/#primaryimage\"},\"image\":{\"@id\":\"https:\/\/nk7-testes.com.br\/agazeta\/briga-no-cerb-expoe-qualidade-do-ensino-publico\/#primaryimage\"},\"thumbnailUrl\":\"https:\/\/nk7-testes.com.br\/agazeta\/wp-content\/uploads\/2016\/04\/140416-cotidiano-alunos-tvgazeta.jpg\",\"datePublished\":\"2016-04-14T21:58:00+00:00\",\"author\":{\"@id\":\"https:\/\/nk7-testes.com.br\/agazeta\/#\/schema\/person\/6d6e25cb0435eb4a02fd44d30b4e3020\"},\"breadcrumb\":{\"@id\":\"https:\/\/nk7-testes.com.br\/agazeta\/briga-no-cerb-expoe-qualidade-do-ensino-publico\/#breadcrumb\"},\"inLanguage\":\"pt-BR\",\"potentialAction\":[{\"@type\":\"ReadAction\",\"target\":[\"https:\/\/nk7-testes.com.br\/agazeta\/briga-no-cerb-expoe-qualidade-do-ensino-publico\/\"]}]},{\"@type\":\"ImageObject\",\"inLanguage\":\"pt-BR\",\"@id\":\"https:\/\/nk7-testes.com.br\/agazeta\/briga-no-cerb-expoe-qualidade-do-ensino-publico\/#primaryimage\",\"url\":\"https:\/\/nk7-testes.com.br\/agazeta\/wp-content\/uploads\/2016\/04\/140416-cotidiano-alunos-tvgazeta.jpg\",\"contentUrl\":\"https:\/\/nk7-testes.com.br\/agazeta\/wp-content\/uploads\/2016\/04\/140416-cotidiano-alunos-tvgazeta.jpg\",\"width\":458,\"height\":340,\"caption\":\"140416-cotidiano-alunos-tvgazeta\"},{\"@type\":\"BreadcrumbList\",\"@id\":\"https:\/\/nk7-testes.com.br\/agazeta\/briga-no-cerb-expoe-qualidade-do-ensino-publico\/#breadcrumb\",\"itemListElement\":[{\"@type\":\"ListItem\",\"position\":1,\"name\":\"In\u00edcio\",\"item\":\"https:\/\/nk7-testes.com.br\/agazeta\/\"},{\"@type\":\"ListItem\",\"position\":2,\"name\":\"Briga no Cerb exp\u00f5e qualidade do Ensino P\u00fablico\"}]},{\"@type\":\"WebSite\",\"@id\":\"https:\/\/nk7-testes.com.br\/agazeta\/#website\",\"url\":\"https:\/\/nk7-testes.com.br\/agazeta\/\",\"name\":\"Agazeta.net\",\"description\":\"Agazeta.net - Not\u00edcias de Rio Branco\/AC\",\"potentialAction\":[{\"@type\":\"SearchAction\",\"target\":{\"@type\":\"EntryPoint\",\"urlTemplate\":\"https:\/\/nk7-testes.com.br\/agazeta\/?s={search_term_string}\"},\"query-input\":{\"@type\":\"PropertyValueSpecification\",\"valueRequired\":true,\"valueName\":\"search_term_string\"}}],\"inLanguage\":\"pt-BR\"},{\"@type\":\"Person\",\"@id\":\"https:\/\/nk7-testes.com.br\/agazeta\/#\/schema\/person\/6d6e25cb0435eb4a02fd44d30b4e3020\",\"name\":\"Agazeta.Net\",\"url\":\"https:\/\/nk7-testes.com.br\/agazeta\/author\/agazeta\/\"}]}<\/script>\n<!-- \/ Yoast SEO plugin. -->","yoast_head_json":{"title":"Briga no Cerb exp\u00f5e qualidade do Ensino P\u00fablico - Agazeta.net","robots":{"index":"index","follow":"follow","max-snippet":"max-snippet:-1","max-image-preview":"max-image-preview:large","max-video-preview":"max-video-preview:-1"},"canonical":"https:\/\/nk7-testes.com.br\/agazeta\/briga-no-cerb-expoe-qualidade-do-ensino-publico\/","og_locale":"pt_BR","og_type":"article","og_title":"Briga no Cerb exp\u00f5e qualidade do Ensino P\u00fablico - Agazeta.net","og_description":"Juventude fascinada por tudo, menos pelo estudo","og_url":"https:\/\/nk7-testes.com.br\/agazeta\/briga-no-cerb-expoe-qualidade-do-ensino-publico\/","og_site_name":"Agazeta.net","article_published_time":"2016-04-14T21:58:00+00:00","og_image":[{"width":458,"height":340,"url":"https:\/\/nk7-testes.com.br\/agazeta\/wp-content\/uploads\/2016\/04\/140416-cotidiano-alunos-tvgazeta.jpg","type":"image\/jpeg"}],"author":"Agazeta.Net","twitter_card":"summary_large_image","twitter_misc":{"Escrito por":"Agazeta.Net","Est. tempo de leitura":"2 minutos"},"schema":{"@context":"https:\/\/schema.org","@graph":[{"@type":"WebPage","@id":"https:\/\/nk7-testes.com.br\/agazeta\/briga-no-cerb-expoe-qualidade-do-ensino-publico\/","url":"https:\/\/nk7-testes.com.br\/agazeta\/briga-no-cerb-expoe-qualidade-do-ensino-publico\/","name":"Briga no Cerb exp\u00f5e qualidade do Ensino P\u00fablico - Agazeta.net","isPartOf":{"@id":"https:\/\/nk7-testes.com.br\/agazeta\/#website"},"primaryImageOfPage":{"@id":"https:\/\/nk7-testes.com.br\/agazeta\/briga-no-cerb-expoe-qualidade-do-ensino-publico\/#primaryimage"},"image":{"@id":"https:\/\/nk7-testes.com.br\/agazeta\/briga-no-cerb-expoe-qualidade-do-ensino-publico\/#primaryimage"},"thumbnailUrl":"https:\/\/nk7-testes.com.br\/agazeta\/wp-content\/uploads\/2016\/04\/140416-cotidiano-alunos-tvgazeta.jpg","datePublished":"2016-04-14T21:58:00+00:00","author":{"@id":"https:\/\/nk7-testes.com.br\/agazeta\/#\/schema\/person\/6d6e25cb0435eb4a02fd44d30b4e3020"},"breadcrumb":{"@id":"https:\/\/nk7-testes.com.br\/agazeta\/briga-no-cerb-expoe-qualidade-do-ensino-publico\/#breadcrumb"},"inLanguage":"pt-BR","potentialAction":[{"@type":"ReadAction","target":["https:\/\/nk7-testes.com.br\/agazeta\/briga-no-cerb-expoe-qualidade-do-ensino-publico\/"]}]},{"@type":"ImageObject","inLanguage":"pt-BR","@id":"https:\/\/nk7-testes.com.br\/agazeta\/briga-no-cerb-expoe-qualidade-do-ensino-publico\/#primaryimage","url":"https:\/\/nk7-testes.com.br\/agazeta\/wp-content\/uploads\/2016\/04\/140416-cotidiano-alunos-tvgazeta.jpg","contentUrl":"https:\/\/nk7-testes.com.br\/agazeta\/wp-content\/uploads\/2016\/04\/140416-cotidiano-alunos-tvgazeta.jpg","width":458,"height":340,"caption":"140416-cotidiano-alunos-tvgazeta"},{"@type":"BreadcrumbList","@id":"https:\/\/nk7-testes.com.br\/agazeta\/briga-no-cerb-expoe-qualidade-do-ensino-publico\/#breadcrumb","itemListElement":[{"@type":"ListItem","position":1,"name":"In\u00edcio","item":"https:\/\/nk7-testes.com.br\/agazeta\/"},{"@type":"ListItem","position":2,"name":"Briga no Cerb exp\u00f5e qualidade do Ensino P\u00fablico"}]},{"@type":"WebSite","@id":"https:\/\/nk7-testes.com.br\/agazeta\/#website","url":"https:\/\/nk7-testes.com.br\/agazeta\/","name":"Agazeta.net","description":"Agazeta.net - Not\u00edcias de Rio Branco\/AC","potentialAction":[{"@type":"SearchAction","target":{"@type":"EntryPoint","urlTemplate":"https:\/\/nk7-testes.com.br\/agazeta\/?s={search_term_string}"},"query-input":{"@type":"PropertyValueSpecification","valueRequired":true,"valueName":"search_term_string"}}],"inLanguage":"pt-BR"},{"@type":"Person","@id":"https:\/\/nk7-testes.com.br\/agazeta\/#\/schema\/person\/6d6e25cb0435eb4a02fd44d30b4e3020","name":"Agazeta.Net","url":"https:\/\/nk7-testes.com.br\/agazeta\/author\/agazeta\/"}]}},"_links":{"self":[{"href":"https:\/\/nk7-testes.com.br\/agazeta\/wp-json\/wp\/v2\/posts\/22158","targetHints":{"allow":["GET"]}}],"collection":[{"href":"https:\/\/nk7-testes.com.br\/agazeta\/wp-json\/wp\/v2\/posts"}],"about":[{"href":"https:\/\/nk7-testes.com.br\/agazeta\/wp-json\/wp\/v2\/types\/post"}],"author":[{"embeddable":true,"href":"https:\/\/nk7-testes.com.br\/agazeta\/wp-json\/wp\/v2\/users\/4"}],"replies":[{"embeddable":true,"href":"https:\/\/nk7-testes.com.br\/agazeta\/wp-json\/wp\/v2\/comments?post=22158"}],"version-history":[{"count":0,"href":"https:\/\/nk7-testes.com.br\/agazeta\/wp-json\/wp\/v2\/posts\/22158\/revisions"}],"wp:featuredmedia":[{"embeddable":true,"href":"https:\/\/nk7-testes.com.br\/agazeta\/wp-json\/wp\/v2\/media\/22157"}],"wp:attachment":[{"href":"https:\/\/nk7-testes.com.br\/agazeta\/wp-json\/wp\/v2\/media?parent=22158"}],"wp:term":[{"taxonomy":"category","embeddable":true,"href":"https:\/\/nk7-testes.com.br\/agazeta\/wp-json\/wp\/v2\/categories?post=22158"},{"taxonomy":"post_tag","embeddable":true,"href":"https:\/\/nk7-testes.com.br\/agazeta\/wp-json\/wp\/v2\/tags?post=22158"}],"curies":[{"name":"wp","href":"https:\/\/api.w.org\/{rel}","templated":true}]}}