{"id":22142,"date":"2016-04-14T14:58:08","date_gmt":"2016-04-14T14:58:08","guid":{"rendered":"https:\/\/abarevegan.com.br\/index.php\/2016\/04\/14\/cegueira-apos-dois-anos-de-espera-por-cirurgia\/"},"modified":"2016-04-14T14:58:08","modified_gmt":"2016-04-14T14:58:08","slug":"cegueira-apos-dois-anos-de-espera-por-cirurgia","status":"publish","type":"post","link":"https:\/\/nk7-testes.com.br\/agazeta\/cegueira-apos-dois-anos-de-espera-por-cirurgia\/","title":{"rendered":"Cegueira ap\u00f3s dois anos de espera por cirurgia"},"content":{"rendered":"<p style=\"text-align: justify;\">Exames indicam que Tereza ainda pode voltar a enxergar<\/p>\n<p style=\"text-align: justify;\">A aposentada Tereza Sarkis, 69, aguarda h\u00e1 dois anos por uma cirurgia oftalmol\u00f3gica de catarata no Hospital das Cl\u00ednicas de Rio Branco. A demora trouxe como consequ\u00eancia a perda da vis\u00e3o.<\/p>\n<p style=\"text-align: justify;\">Cega dos dois olhos, ela sonha com a cirurgia para voltar a enxergar. Segundo exames, a idosa ainda pode recuperar a vis\u00e3o. Por\u00e9m, quanto maior a demora, menores s\u00e3o as chances de voltar a enxergar.<\/p>\n<p style=\"text-align: justify;\">Por esse motivo, a fam\u00edlia resolveu divulgar a situa\u00e7\u00e3o como uma forma de den\u00fancia ao descaso. A fam\u00edlia precisa de ajuda para custear a cirurgia. Telefone para ajuda 9930 \u2013 3290.<\/p>\n","protected":false},"excerpt":{"rendered":"<p style=\"text-align: justify;\">Exames indicam que Tereza ainda pode voltar a enxergar<\/p>\n","protected":false},"author":4,"featured_media":22141,"comment_status":"open","ping_status":"open","sticky":false,"template":"","format":"standard","meta":{"jnews-multi-image_gallery":[],"jnews_single_post":[],"jnews_primary_category":[],"jnews_social_meta":[],"jnews_review":[],"enable_review":"","type":"","name":"","summary":"","brand":"","sku":"","good":[],"bad":[],"score_override":"","override_value":"","rating":[],"price":[],"footnotes":""},"categories":[54],"tags":[],"class_list":["post-22142","post","type-post","status-publish","format-standard","has-post-thumbnail","hentry","category-cotidiano"],"yoast_head":"<!-- This site is optimized with the Yoast SEO plugin v26.5 - https:\/\/yoast.com\/wordpress\/plugins\/seo\/ -->\n<title>Cegueira ap\u00f3s dois anos de espera por cirurgia - Agazeta.net<\/title>\n<meta name=\"robots\" content=\"index, follow, max-snippet:-1, max-image-preview:large, max-video-preview:-1\" \/>\n<link rel=\"canonical\" href=\"https:\/\/nk7-testes.com.br\/agazeta\/cegueira-apos-dois-anos-de-espera-por-cirurgia\/\" \/>\n<meta property=\"og:locale\" content=\"pt_BR\" \/>\n<meta property=\"og:type\" content=\"article\" \/>\n<meta property=\"og:title\" content=\"Cegueira ap\u00f3s dois anos de espera por cirurgia - Agazeta.net\" \/>\n<meta property=\"og:description\" content=\"Exames indicam que Tereza ainda pode voltar a enxergar\" \/>\n<meta property=\"og:url\" content=\"https:\/\/nk7-testes.com.br\/agazeta\/cegueira-apos-dois-anos-de-espera-por-cirurgia\/\" \/>\n<meta property=\"og:site_name\" content=\"Agazeta.net\" \/>\n<meta property=\"article:published_time\" content=\"2016-04-14T14:58:08+00:00\" \/>\n<meta property=\"og:image\" content=\"https:\/\/nk7-testes.com.br\/agazeta\/wp-content\/uploads\/2016\/04\/140416-cotidiano-senhoradoente-cleriston.jpg\" \/>\n\t<meta property=\"og:image:width\" content=\"458\" \/>\n\t<meta property=\"og:image:height\" content=\"340\" \/>\n\t<meta property=\"og:image:type\" content=\"image\/jpeg\" \/>\n<meta name=\"author\" content=\"Agazeta.Net\" \/>\n<meta name=\"twitter:card\" content=\"summary_large_image\" \/>\n<meta name=\"twitter:label1\" content=\"Escrito por\" \/>\n\t<meta name=\"twitter:data1\" content=\"Agazeta.Net\" \/>\n\t<meta name=\"twitter:label2\" content=\"Est. tempo de leitura\" \/>\n\t<meta name=\"twitter:data2\" content=\"1 minuto\" \/>\n<script type=\"application\/ld+json\" class=\"yoast-schema-graph\">{\"@context\":\"https:\/\/schema.org\",\"@graph\":[{\"@type\":\"WebPage\",\"@id\":\"https:\/\/nk7-testes.com.br\/agazeta\/cegueira-apos-dois-anos-de-espera-por-cirurgia\/\",\"url\":\"https:\/\/nk7-testes.com.br\/agazeta\/cegueira-apos-dois-anos-de-espera-por-cirurgia\/\",\"name\":\"Cegueira ap\u00f3s dois anos de espera por cirurgia - Agazeta.net\",\"isPartOf\":{\"@id\":\"https:\/\/nk7-testes.com.br\/agazeta\/#website\"},\"primaryImageOfPage\":{\"@id\":\"https:\/\/nk7-testes.com.br\/agazeta\/cegueira-apos-dois-anos-de-espera-por-cirurgia\/#primaryimage\"},\"image\":{\"@id\":\"https:\/\/nk7-testes.com.br\/agazeta\/cegueira-apos-dois-anos-de-espera-por-cirurgia\/#primaryimage\"},\"thumbnailUrl\":\"https:\/\/nk7-testes.com.br\/agazeta\/wp-content\/uploads\/2016\/04\/140416-cotidiano-senhoradoente-cleriston.jpg\",\"datePublished\":\"2016-04-14T14:58:08+00:00\",\"author\":{\"@id\":\"https:\/\/nk7-testes.com.br\/agazeta\/#\/schema\/person\/6d6e25cb0435eb4a02fd44d30b4e3020\"},\"breadcrumb\":{\"@id\":\"https:\/\/nk7-testes.com.br\/agazeta\/cegueira-apos-dois-anos-de-espera-por-cirurgia\/#breadcrumb\"},\"inLanguage\":\"pt-BR\",\"potentialAction\":[{\"@type\":\"ReadAction\",\"target\":[\"https:\/\/nk7-testes.com.br\/agazeta\/cegueira-apos-dois-anos-de-espera-por-cirurgia\/\"]}]},{\"@type\":\"ImageObject\",\"inLanguage\":\"pt-BR\",\"@id\":\"https:\/\/nk7-testes.com.br\/agazeta\/cegueira-apos-dois-anos-de-espera-por-cirurgia\/#primaryimage\",\"url\":\"https:\/\/nk7-testes.com.br\/agazeta\/wp-content\/uploads\/2016\/04\/140416-cotidiano-senhoradoente-cleriston.jpg\",\"contentUrl\":\"https:\/\/nk7-testes.com.br\/agazeta\/wp-content\/uploads\/2016\/04\/140416-cotidiano-senhoradoente-cleriston.jpg\",\"width\":458,\"height\":340,\"caption\":\"140416-cotidiano-senhoradoente-cleriston\"},{\"@type\":\"BreadcrumbList\",\"@id\":\"https:\/\/nk7-testes.com.br\/agazeta\/cegueira-apos-dois-anos-de-espera-por-cirurgia\/#breadcrumb\",\"itemListElement\":[{\"@type\":\"ListItem\",\"position\":1,\"name\":\"In\u00edcio\",\"item\":\"https:\/\/nk7-testes.com.br\/agazeta\/\"},{\"@type\":\"ListItem\",\"position\":2,\"name\":\"Cegueira ap\u00f3s dois anos de espera por cirurgia\"}]},{\"@type\":\"WebSite\",\"@id\":\"https:\/\/nk7-testes.com.br\/agazeta\/#website\",\"url\":\"https:\/\/nk7-testes.com.br\/agazeta\/\",\"name\":\"Agazeta.net\",\"description\":\"Agazeta.net - Not\u00edcias de Rio Branco\/AC\",\"potentialAction\":[{\"@type\":\"SearchAction\",\"target\":{\"@type\":\"EntryPoint\",\"urlTemplate\":\"https:\/\/nk7-testes.com.br\/agazeta\/?s={search_term_string}\"},\"query-input\":{\"@type\":\"PropertyValueSpecification\",\"valueRequired\":true,\"valueName\":\"search_term_string\"}}],\"inLanguage\":\"pt-BR\"},{\"@type\":\"Person\",\"@id\":\"https:\/\/nk7-testes.com.br\/agazeta\/#\/schema\/person\/6d6e25cb0435eb4a02fd44d30b4e3020\",\"name\":\"Agazeta.Net\",\"url\":\"https:\/\/nk7-testes.com.br\/agazeta\/author\/agazeta\/\"}]}<\/script>\n<!-- \/ Yoast SEO plugin. -->","yoast_head_json":{"title":"Cegueira ap\u00f3s dois anos de espera por cirurgia - Agazeta.net","robots":{"index":"index","follow":"follow","max-snippet":"max-snippet:-1","max-image-preview":"max-image-preview:large","max-video-preview":"max-video-preview:-1"},"canonical":"https:\/\/nk7-testes.com.br\/agazeta\/cegueira-apos-dois-anos-de-espera-por-cirurgia\/","og_locale":"pt_BR","og_type":"article","og_title":"Cegueira ap\u00f3s dois anos de espera por cirurgia - Agazeta.net","og_description":"Exames indicam que Tereza ainda pode voltar a enxergar","og_url":"https:\/\/nk7-testes.com.br\/agazeta\/cegueira-apos-dois-anos-de-espera-por-cirurgia\/","og_site_name":"Agazeta.net","article_published_time":"2016-04-14T14:58:08+00:00","og_image":[{"width":458,"height":340,"url":"https:\/\/nk7-testes.com.br\/agazeta\/wp-content\/uploads\/2016\/04\/140416-cotidiano-senhoradoente-cleriston.jpg","type":"image\/jpeg"}],"author":"Agazeta.Net","twitter_card":"summary_large_image","twitter_misc":{"Escrito por":"Agazeta.Net","Est. tempo de leitura":"1 minuto"},"schema":{"@context":"https:\/\/schema.org","@graph":[{"@type":"WebPage","@id":"https:\/\/nk7-testes.com.br\/agazeta\/cegueira-apos-dois-anos-de-espera-por-cirurgia\/","url":"https:\/\/nk7-testes.com.br\/agazeta\/cegueira-apos-dois-anos-de-espera-por-cirurgia\/","name":"Cegueira ap\u00f3s dois anos de espera por cirurgia - Agazeta.net","isPartOf":{"@id":"https:\/\/nk7-testes.com.br\/agazeta\/#website"},"primaryImageOfPage":{"@id":"https:\/\/nk7-testes.com.br\/agazeta\/cegueira-apos-dois-anos-de-espera-por-cirurgia\/#primaryimage"},"image":{"@id":"https:\/\/nk7-testes.com.br\/agazeta\/cegueira-apos-dois-anos-de-espera-por-cirurgia\/#primaryimage"},"thumbnailUrl":"https:\/\/nk7-testes.com.br\/agazeta\/wp-content\/uploads\/2016\/04\/140416-cotidiano-senhoradoente-cleriston.jpg","datePublished":"2016-04-14T14:58:08+00:00","author":{"@id":"https:\/\/nk7-testes.com.br\/agazeta\/#\/schema\/person\/6d6e25cb0435eb4a02fd44d30b4e3020"},"breadcrumb":{"@id":"https:\/\/nk7-testes.com.br\/agazeta\/cegueira-apos-dois-anos-de-espera-por-cirurgia\/#breadcrumb"},"inLanguage":"pt-BR","potentialAction":[{"@type":"ReadAction","target":["https:\/\/nk7-testes.com.br\/agazeta\/cegueira-apos-dois-anos-de-espera-por-cirurgia\/"]}]},{"@type":"ImageObject","inLanguage":"pt-BR","@id":"https:\/\/nk7-testes.com.br\/agazeta\/cegueira-apos-dois-anos-de-espera-por-cirurgia\/#primaryimage","url":"https:\/\/nk7-testes.com.br\/agazeta\/wp-content\/uploads\/2016\/04\/140416-cotidiano-senhoradoente-cleriston.jpg","contentUrl":"https:\/\/nk7-testes.com.br\/agazeta\/wp-content\/uploads\/2016\/04\/140416-cotidiano-senhoradoente-cleriston.jpg","width":458,"height":340,"caption":"140416-cotidiano-senhoradoente-cleriston"},{"@type":"BreadcrumbList","@id":"https:\/\/nk7-testes.com.br\/agazeta\/cegueira-apos-dois-anos-de-espera-por-cirurgia\/#breadcrumb","itemListElement":[{"@type":"ListItem","position":1,"name":"In\u00edcio","item":"https:\/\/nk7-testes.com.br\/agazeta\/"},{"@type":"ListItem","position":2,"name":"Cegueira ap\u00f3s dois anos de espera por cirurgia"}]},{"@type":"WebSite","@id":"https:\/\/nk7-testes.com.br\/agazeta\/#website","url":"https:\/\/nk7-testes.com.br\/agazeta\/","name":"Agazeta.net","description":"Agazeta.net - Not\u00edcias de Rio Branco\/AC","potentialAction":[{"@type":"SearchAction","target":{"@type":"EntryPoint","urlTemplate":"https:\/\/nk7-testes.com.br\/agazeta\/?s={search_term_string}"},"query-input":{"@type":"PropertyValueSpecification","valueRequired":true,"valueName":"search_term_string"}}],"inLanguage":"pt-BR"},{"@type":"Person","@id":"https:\/\/nk7-testes.com.br\/agazeta\/#\/schema\/person\/6d6e25cb0435eb4a02fd44d30b4e3020","name":"Agazeta.Net","url":"https:\/\/nk7-testes.com.br\/agazeta\/author\/agazeta\/"}]}},"_links":{"self":[{"href":"https:\/\/nk7-testes.com.br\/agazeta\/wp-json\/wp\/v2\/posts\/22142","targetHints":{"allow":["GET"]}}],"collection":[{"href":"https:\/\/nk7-testes.com.br\/agazeta\/wp-json\/wp\/v2\/posts"}],"about":[{"href":"https:\/\/nk7-testes.com.br\/agazeta\/wp-json\/wp\/v2\/types\/post"}],"author":[{"embeddable":true,"href":"https:\/\/nk7-testes.com.br\/agazeta\/wp-json\/wp\/v2\/users\/4"}],"replies":[{"embeddable":true,"href":"https:\/\/nk7-testes.com.br\/agazeta\/wp-json\/wp\/v2\/comments?post=22142"}],"version-history":[{"count":0,"href":"https:\/\/nk7-testes.com.br\/agazeta\/wp-json\/wp\/v2\/posts\/22142\/revisions"}],"wp:featuredmedia":[{"embeddable":true,"href":"https:\/\/nk7-testes.com.br\/agazeta\/wp-json\/wp\/v2\/media\/22141"}],"wp:attachment":[{"href":"https:\/\/nk7-testes.com.br\/agazeta\/wp-json\/wp\/v2\/media?parent=22142"}],"wp:term":[{"taxonomy":"category","embeddable":true,"href":"https:\/\/nk7-testes.com.br\/agazeta\/wp-json\/wp\/v2\/categories?post=22142"},{"taxonomy":"post_tag","embeddable":true,"href":"https:\/\/nk7-testes.com.br\/agazeta\/wp-json\/wp\/v2\/tags?post=22142"}],"curies":[{"name":"wp","href":"https:\/\/api.w.org\/{rel}","templated":true}]}}