{"id":22126,"date":"2016-04-13T21:30:41","date_gmt":"2016-04-13T21:30:41","guid":{"rendered":"https:\/\/abarevegan.com.br\/index.php\/2016\/04\/13\/daniela-alves-no-acre-em-primeiro-trabalho-solo\/"},"modified":"2016-04-13T21:30:41","modified_gmt":"2016-04-13T21:30:41","slug":"daniela-alves-no-acre-em-primeiro-trabalho-solo","status":"publish","type":"post","link":"https:\/\/nk7-testes.com.br\/agazeta\/daniela-alves-no-acre-em-primeiro-trabalho-solo\/","title":{"rendered":"Daniela Alves no Acre em primeiro trabalho solo"},"content":{"rendered":"<p style=\"text-align: justify;\">Espet\u00e1culo foi concebido de maneira colaborativa<\/p>\n<p style=\"text-align: justify;\">A bailarina Daniela Alves, de Florian\u00f3polis, se prepara para levar seu primeiro trabalho solo, Dire\u00e7\u00e3o M\u00faltipla, para cinco cidades da regi\u00e3o Norte do Brasil at\u00e9 o final de setembro.<\/p>\n<p style=\"text-align: justify;\">A agenda come\u00e7a nos dias 15 e 16, \u00e0s 19h30, no SESC Rio Branco e segue para Porto Velho, onde ser\u00e1 exibida no SESC Porto Velho, 21 e 22 no m\u00eas de abril, \u00e0s 20h. Esta ser\u00e1 a primeira turn\u00ea do espet\u00e1culo, que estreou com seis apresenta\u00e7\u00f5es em Florian\u00f3polis em 2014.<\/p>\n<p style=\"text-align: justify;\">Na realidade, mais que um solo de dan\u00e7a contempor\u00e2nea &#8211; ainda que Daniela seja efetivamente a \u00fanica pessoa no palco &#8211; Dire\u00e7\u00e3o M\u00faltipla \u00e9 um trabalho multicolaborativo concebido com a ajuda de uma ferramenta online chamada Dire\u00e7\u00e3o M\u00faltipla Virtual, utilizada de 2013 a 2014, onde a bailarina postava v\u00eddeos e contava com a interven\u00e7\u00e3o de um grupo de mais de 200 participantes volunt\u00e1rios.<\/p>\n<p style=\"text-align: justify;\">A intera\u00e7\u00e3o acontecia por meio de coment\u00e1rios, perguntas e sugest\u00f5es acerca do experimento, que foram aproveitados e transformados em movimentos f\u00edsicos para criar e gerar novos v\u00eddeos, ou seja, novas formas de dan\u00e7ar dentro do projeto, at\u00e9 a constru\u00e7\u00e3o de uma dramaturgia singular que sustente um solo.<\/p>\n<p style=\"text-align: justify;\">&#8220;O Dire\u00e7\u00e3o M\u00faltipla \u00e9 um retorno \u00e0 dan\u00e7a, e emergiu da estagna\u00e7\u00e3o provocada por uma s\u00e9rie de tens\u00f5es da vida. Depois de quase cinco anos longe dos palcos, o trabalho surgiu mesmo como a\u00e7\u00e3o emergencial. O corpo tinha necessidade de reinventar fisicamente suas pr\u00f3prias problem\u00e1ticas, e tinha que ser fazendo uma dan\u00e7a&#8221;, destaca Daniela.<\/p>\n<p style=\"text-align: justify;\">O projeto e cada um de seus experimentos t\u00eam como ponto de partida exatamente o corpo, e n\u00e3o temas previamente estabelecidos ou assuntos espec\u00edficos a serem abordados. A partir dos movimentos, cria-se a rela\u00e7\u00e3o com o p\u00fablico, que por meio da ferramenta deixa de ser apenas espectador para ser membro atuante da cria\u00e7\u00e3o.<\/p>\n<p style=\"text-align: justify;\">&#8220;O resultado deste processo \u00e9 um trabalho que fala de resist\u00eancia para lidar com for\u00e7as opostas sem estagnar, uma resist\u00eancia que n\u00e3o preza por ir contra, mas que tenta encontrar brechas dentro do estado de tens\u00e3o para que haja fluidez, por meio de flexibilidade. Para resistir, \u00e9 preciso se mover, \u00e9 preciso ceder, assumir breves desist\u00eancias, mas nunca desistir&#8221;, descreve a bailarina.<\/p>\n<p style=\"text-align: justify;\">Al\u00e9m dos colaboradores virtuais &#8211; um grupo heterog\u00eaneo formado por pessoas de diversas \u00e1reas profissionais -, quatro diretores dirigem diferentes etapas do processo com o objetivo de dar mais consist\u00eancia ao trabalho.<\/p>\n<p style=\"text-align: justify;\">Ao todo ser\u00e3o 10 apresenta\u00e7\u00f5es gratuitas na regi\u00e3o Norte \u2013 Rio Branco, Porto Velho, Palmas, Manaus e Bel\u00e9m \u2013, duas em cada cidade, viabilizadas pelo pr\u00eamio Klauss Vianna da Funarte.<\/p>\n<p style=\"text-align: justify;\"><strong>Oficina demonstrativa<\/strong><\/p>\n<p style=\"text-align: justify;\">Al\u00e9m das apresenta\u00e7\u00f5es do solo, Daniela Alves ir\u00e1 ministrar pela primeira vez uma s\u00e9rie de oficinas te\u00f3rico-pr\u00e1ticas em torno dos conceitos abordados pelo Dire\u00e7\u00e3o M\u00faltipla. As oficinas t\u00eam quatro horas de dura\u00e7\u00e3o, s\u00e3o gratuitas e ocorrem nas localidades pelas quais o espet\u00e1culo passar\u00e1, na regi\u00e3o Norte.<\/p>\n<p style=\"text-align: justify;\">O objetivo da atividade \u00e9 convidar os participantes a experimentar no corpo os diversos princ\u00edpios de movimenta\u00e7\u00e3o testados pela bailarina ao longo do processo criativo e, ao mesmo tempo, demonstrar parte da pesquisa e a movimenta\u00e7\u00e3o que surge a partir dos coment\u00e1rios dos colaboradores virtuais e diretores convidados.<\/p>\n<p style=\"text-align: justify;\">Nos intervalos da atividade ser\u00e3o exibidos alguns dos v\u00eddeos do projeto e haver\u00e1 espa\u00e7o para bate-papo entre Daniela Alves e os participantes. A oficina \u00e9 destinada ao p\u00fablico em geral, desde que com um m\u00ednimo de experi\u00eancia em pr\u00e1ticas corporais voltadas para a dan\u00e7a.<\/p>\n<p style=\"text-align: justify;\">As inscri\u00e7\u00f5es s\u00e3o gratuitas e limitadas e podem ser feitas pelo <em><a href=\"mailto:e-mailoficinadirecaomultipla@gmail.com\">e-mailoficinadirecaomultipla@gmail.com<\/a><\/em>, colocar no assunto o nome da cidade de interesse.<\/p>\n","protected":false},"excerpt":{"rendered":"<p style=\"text-align: justify;\">Espet\u00e1culo foi concebido de maneira colaborativa<\/p>\n","protected":false},"author":4,"featured_media":22125,"comment_status":"open","ping_status":"open","sticky":false,"template":"","format":"standard","meta":{"jnews-multi-image_gallery":[],"jnews_single_post":[],"jnews_primary_category":[],"jnews_social_meta":[],"jnews_review":[],"enable_review":"","type":"","name":"","summary":"","brand":"","sku":"","good":[],"bad":[],"score_override":"","override_value":"","rating":[],"price":[],"footnotes":""},"categories":[54],"tags":[],"class_list":["post-22126","post","type-post","status-publish","format-standard","has-post-thumbnail","hentry","category-cotidiano"],"yoast_head":"<!-- This site is optimized with the Yoast SEO plugin v26.5 - https:\/\/yoast.com\/wordpress\/plugins\/seo\/ -->\n<title>Daniela Alves no Acre em primeiro trabalho solo - Agazeta.net<\/title>\n<meta name=\"robots\" content=\"index, follow, max-snippet:-1, max-image-preview:large, max-video-preview:-1\" \/>\n<link rel=\"canonical\" href=\"https:\/\/nk7-testes.com.br\/agazeta\/daniela-alves-no-acre-em-primeiro-trabalho-solo\/\" \/>\n<meta property=\"og:locale\" content=\"pt_BR\" \/>\n<meta property=\"og:type\" content=\"article\" \/>\n<meta property=\"og:title\" content=\"Daniela Alves no Acre em primeiro trabalho solo - Agazeta.net\" \/>\n<meta property=\"og:description\" content=\"Espet\u00e1culo foi concebido de maneira colaborativa\" \/>\n<meta property=\"og:url\" content=\"https:\/\/nk7-testes.com.br\/agazeta\/daniela-alves-no-acre-em-primeiro-trabalho-solo\/\" \/>\n<meta property=\"og:site_name\" content=\"Agazeta.net\" \/>\n<meta property=\"article:published_time\" content=\"2016-04-13T21:30:41+00:00\" \/>\n<meta property=\"og:image\" content=\"https:\/\/nk7-testes.com.br\/agazeta\/wp-content\/uploads\/2016\/04\/130416-cotidiano-danca-divulgacao2.jpg\" \/>\n\t<meta property=\"og:image:width\" content=\"458\" \/>\n\t<meta property=\"og:image:height\" content=\"340\" \/>\n\t<meta property=\"og:image:type\" content=\"image\/jpeg\" \/>\n<meta name=\"author\" content=\"Agazeta.Net\" \/>\n<meta name=\"twitter:card\" content=\"summary_large_image\" \/>\n<meta name=\"twitter:label1\" content=\"Escrito por\" \/>\n\t<meta name=\"twitter:data1\" content=\"Agazeta.Net\" \/>\n\t<meta name=\"twitter:label2\" content=\"Est. tempo de leitura\" \/>\n\t<meta name=\"twitter:data2\" content=\"3 minutos\" \/>\n<script type=\"application\/ld+json\" class=\"yoast-schema-graph\">{\"@context\":\"https:\/\/schema.org\",\"@graph\":[{\"@type\":\"WebPage\",\"@id\":\"https:\/\/nk7-testes.com.br\/agazeta\/daniela-alves-no-acre-em-primeiro-trabalho-solo\/\",\"url\":\"https:\/\/nk7-testes.com.br\/agazeta\/daniela-alves-no-acre-em-primeiro-trabalho-solo\/\",\"name\":\"Daniela Alves no Acre em primeiro trabalho solo - Agazeta.net\",\"isPartOf\":{\"@id\":\"https:\/\/nk7-testes.com.br\/agazeta\/#website\"},\"primaryImageOfPage\":{\"@id\":\"https:\/\/nk7-testes.com.br\/agazeta\/daniela-alves-no-acre-em-primeiro-trabalho-solo\/#primaryimage\"},\"image\":{\"@id\":\"https:\/\/nk7-testes.com.br\/agazeta\/daniela-alves-no-acre-em-primeiro-trabalho-solo\/#primaryimage\"},\"thumbnailUrl\":\"https:\/\/nk7-testes.com.br\/agazeta\/wp-content\/uploads\/2016\/04\/130416-cotidiano-danca-divulgacao2.jpg\",\"datePublished\":\"2016-04-13T21:30:41+00:00\",\"author\":{\"@id\":\"https:\/\/nk7-testes.com.br\/agazeta\/#\/schema\/person\/6d6e25cb0435eb4a02fd44d30b4e3020\"},\"breadcrumb\":{\"@id\":\"https:\/\/nk7-testes.com.br\/agazeta\/daniela-alves-no-acre-em-primeiro-trabalho-solo\/#breadcrumb\"},\"inLanguage\":\"pt-BR\",\"potentialAction\":[{\"@type\":\"ReadAction\",\"target\":[\"https:\/\/nk7-testes.com.br\/agazeta\/daniela-alves-no-acre-em-primeiro-trabalho-solo\/\"]}]},{\"@type\":\"ImageObject\",\"inLanguage\":\"pt-BR\",\"@id\":\"https:\/\/nk7-testes.com.br\/agazeta\/daniela-alves-no-acre-em-primeiro-trabalho-solo\/#primaryimage\",\"url\":\"https:\/\/nk7-testes.com.br\/agazeta\/wp-content\/uploads\/2016\/04\/130416-cotidiano-danca-divulgacao2.jpg\",\"contentUrl\":\"https:\/\/nk7-testes.com.br\/agazeta\/wp-content\/uploads\/2016\/04\/130416-cotidiano-danca-divulgacao2.jpg\",\"width\":458,\"height\":340,\"caption\":\"130416-cotidiano-danca-divulgacao2\"},{\"@type\":\"BreadcrumbList\",\"@id\":\"https:\/\/nk7-testes.com.br\/agazeta\/daniela-alves-no-acre-em-primeiro-trabalho-solo\/#breadcrumb\",\"itemListElement\":[{\"@type\":\"ListItem\",\"position\":1,\"name\":\"In\u00edcio\",\"item\":\"https:\/\/nk7-testes.com.br\/agazeta\/\"},{\"@type\":\"ListItem\",\"position\":2,\"name\":\"Daniela Alves no Acre em primeiro trabalho solo\"}]},{\"@type\":\"WebSite\",\"@id\":\"https:\/\/nk7-testes.com.br\/agazeta\/#website\",\"url\":\"https:\/\/nk7-testes.com.br\/agazeta\/\",\"name\":\"Agazeta.net\",\"description\":\"Agazeta.net - Not\u00edcias de Rio Branco\/AC\",\"potentialAction\":[{\"@type\":\"SearchAction\",\"target\":{\"@type\":\"EntryPoint\",\"urlTemplate\":\"https:\/\/nk7-testes.com.br\/agazeta\/?s={search_term_string}\"},\"query-input\":{\"@type\":\"PropertyValueSpecification\",\"valueRequired\":true,\"valueName\":\"search_term_string\"}}],\"inLanguage\":\"pt-BR\"},{\"@type\":\"Person\",\"@id\":\"https:\/\/nk7-testes.com.br\/agazeta\/#\/schema\/person\/6d6e25cb0435eb4a02fd44d30b4e3020\",\"name\":\"Agazeta.Net\",\"url\":\"https:\/\/nk7-testes.com.br\/agazeta\/author\/agazeta\/\"}]}<\/script>\n<!-- \/ Yoast SEO plugin. -->","yoast_head_json":{"title":"Daniela Alves no Acre em primeiro trabalho solo - Agazeta.net","robots":{"index":"index","follow":"follow","max-snippet":"max-snippet:-1","max-image-preview":"max-image-preview:large","max-video-preview":"max-video-preview:-1"},"canonical":"https:\/\/nk7-testes.com.br\/agazeta\/daniela-alves-no-acre-em-primeiro-trabalho-solo\/","og_locale":"pt_BR","og_type":"article","og_title":"Daniela Alves no Acre em primeiro trabalho solo - Agazeta.net","og_description":"Espet\u00e1culo foi concebido de maneira colaborativa","og_url":"https:\/\/nk7-testes.com.br\/agazeta\/daniela-alves-no-acre-em-primeiro-trabalho-solo\/","og_site_name":"Agazeta.net","article_published_time":"2016-04-13T21:30:41+00:00","og_image":[{"width":458,"height":340,"url":"https:\/\/nk7-testes.com.br\/agazeta\/wp-content\/uploads\/2016\/04\/130416-cotidiano-danca-divulgacao2.jpg","type":"image\/jpeg"}],"author":"Agazeta.Net","twitter_card":"summary_large_image","twitter_misc":{"Escrito por":"Agazeta.Net","Est. tempo de leitura":"3 minutos"},"schema":{"@context":"https:\/\/schema.org","@graph":[{"@type":"WebPage","@id":"https:\/\/nk7-testes.com.br\/agazeta\/daniela-alves-no-acre-em-primeiro-trabalho-solo\/","url":"https:\/\/nk7-testes.com.br\/agazeta\/daniela-alves-no-acre-em-primeiro-trabalho-solo\/","name":"Daniela Alves no Acre em primeiro trabalho solo - Agazeta.net","isPartOf":{"@id":"https:\/\/nk7-testes.com.br\/agazeta\/#website"},"primaryImageOfPage":{"@id":"https:\/\/nk7-testes.com.br\/agazeta\/daniela-alves-no-acre-em-primeiro-trabalho-solo\/#primaryimage"},"image":{"@id":"https:\/\/nk7-testes.com.br\/agazeta\/daniela-alves-no-acre-em-primeiro-trabalho-solo\/#primaryimage"},"thumbnailUrl":"https:\/\/nk7-testes.com.br\/agazeta\/wp-content\/uploads\/2016\/04\/130416-cotidiano-danca-divulgacao2.jpg","datePublished":"2016-04-13T21:30:41+00:00","author":{"@id":"https:\/\/nk7-testes.com.br\/agazeta\/#\/schema\/person\/6d6e25cb0435eb4a02fd44d30b4e3020"},"breadcrumb":{"@id":"https:\/\/nk7-testes.com.br\/agazeta\/daniela-alves-no-acre-em-primeiro-trabalho-solo\/#breadcrumb"},"inLanguage":"pt-BR","potentialAction":[{"@type":"ReadAction","target":["https:\/\/nk7-testes.com.br\/agazeta\/daniela-alves-no-acre-em-primeiro-trabalho-solo\/"]}]},{"@type":"ImageObject","inLanguage":"pt-BR","@id":"https:\/\/nk7-testes.com.br\/agazeta\/daniela-alves-no-acre-em-primeiro-trabalho-solo\/#primaryimage","url":"https:\/\/nk7-testes.com.br\/agazeta\/wp-content\/uploads\/2016\/04\/130416-cotidiano-danca-divulgacao2.jpg","contentUrl":"https:\/\/nk7-testes.com.br\/agazeta\/wp-content\/uploads\/2016\/04\/130416-cotidiano-danca-divulgacao2.jpg","width":458,"height":340,"caption":"130416-cotidiano-danca-divulgacao2"},{"@type":"BreadcrumbList","@id":"https:\/\/nk7-testes.com.br\/agazeta\/daniela-alves-no-acre-em-primeiro-trabalho-solo\/#breadcrumb","itemListElement":[{"@type":"ListItem","position":1,"name":"In\u00edcio","item":"https:\/\/nk7-testes.com.br\/agazeta\/"},{"@type":"ListItem","position":2,"name":"Daniela Alves no Acre em primeiro trabalho solo"}]},{"@type":"WebSite","@id":"https:\/\/nk7-testes.com.br\/agazeta\/#website","url":"https:\/\/nk7-testes.com.br\/agazeta\/","name":"Agazeta.net","description":"Agazeta.net - Not\u00edcias de Rio Branco\/AC","potentialAction":[{"@type":"SearchAction","target":{"@type":"EntryPoint","urlTemplate":"https:\/\/nk7-testes.com.br\/agazeta\/?s={search_term_string}"},"query-input":{"@type":"PropertyValueSpecification","valueRequired":true,"valueName":"search_term_string"}}],"inLanguage":"pt-BR"},{"@type":"Person","@id":"https:\/\/nk7-testes.com.br\/agazeta\/#\/schema\/person\/6d6e25cb0435eb4a02fd44d30b4e3020","name":"Agazeta.Net","url":"https:\/\/nk7-testes.com.br\/agazeta\/author\/agazeta\/"}]}},"_links":{"self":[{"href":"https:\/\/nk7-testes.com.br\/agazeta\/wp-json\/wp\/v2\/posts\/22126","targetHints":{"allow":["GET"]}}],"collection":[{"href":"https:\/\/nk7-testes.com.br\/agazeta\/wp-json\/wp\/v2\/posts"}],"about":[{"href":"https:\/\/nk7-testes.com.br\/agazeta\/wp-json\/wp\/v2\/types\/post"}],"author":[{"embeddable":true,"href":"https:\/\/nk7-testes.com.br\/agazeta\/wp-json\/wp\/v2\/users\/4"}],"replies":[{"embeddable":true,"href":"https:\/\/nk7-testes.com.br\/agazeta\/wp-json\/wp\/v2\/comments?post=22126"}],"version-history":[{"count":0,"href":"https:\/\/nk7-testes.com.br\/agazeta\/wp-json\/wp\/v2\/posts\/22126\/revisions"}],"wp:featuredmedia":[{"embeddable":true,"href":"https:\/\/nk7-testes.com.br\/agazeta\/wp-json\/wp\/v2\/media\/22125"}],"wp:attachment":[{"href":"https:\/\/nk7-testes.com.br\/agazeta\/wp-json\/wp\/v2\/media?parent=22126"}],"wp:term":[{"taxonomy":"category","embeddable":true,"href":"https:\/\/nk7-testes.com.br\/agazeta\/wp-json\/wp\/v2\/categories?post=22126"},{"taxonomy":"post_tag","embeddable":true,"href":"https:\/\/nk7-testes.com.br\/agazeta\/wp-json\/wp\/v2\/tags?post=22126"}],"curies":[{"name":"wp","href":"https:\/\/api.w.org\/{rel}","templated":true}]}}