{"id":22103,"date":"2016-04-12T21:01:36","date_gmt":"2016-04-12T21:01:36","guid":{"rendered":"https:\/\/abarevegan.com.br\/index.php\/2016\/04\/12\/iapen-entrega-obra-de-ampliacao-em-presidio\/"},"modified":"2016-04-12T21:01:36","modified_gmt":"2016-04-12T21:01:36","slug":"iapen-entrega-obra-de-ampliacao-em-presidio","status":"publish","type":"post","link":"https:\/\/nk7-testes.com.br\/agazeta\/iapen-entrega-obra-de-ampliacao-em-presidio\/","title":{"rendered":"Iapen entrega obra de amplia\u00e7\u00e3o em pres\u00eddio"},"content":{"rendered":"<p style=\"text-align: justify;\">Interven\u00e7\u00e3o \u00e9 consequ\u00eancia de decis\u00e3o judicial<\/p>\n<p style=\"text-align: justify;\">O Instituto de Administra\u00e7\u00e3o Penitenci\u00e1ria (IAPEN) entregou hoje a obra de reforma e amplia\u00e7\u00e3o do bloco A do pres\u00eddio Francisco de Oliveira Conde. Com solenidade que contou com diversas autoridades da Justi\u00e7a, Minist\u00e9rio P\u00fablico e o governador Ti\u00e3o Viana, foi informado que a unidade vai desafogar a ala dos provis\u00f3rios, que s\u00e3o os presos que ainda n\u00e3o foram julgados.<\/p>\n<p style=\"text-align: justify;\">A unidade vai oferecer 169 vagas divididas em 20 celas com capacidades de 1 a 8 presos. S\u00e3o celas amplas e banheiros maiores, todos com as pe\u00e7as concretadas. Na outra parte, em frente ao local do banho de sol, ficam as celas individuais.<\/p>\n<p style=\"text-align: justify;\">Para a seguran\u00e7a, o sistema de ilumina\u00e7\u00e3o \u00e9 externo: fica apenas no corredor e n\u00e3o na cela como em antigos projetos. Para o secret\u00e1rio de Estado de Seguran\u00e7a, o bloco segue todos os padr\u00f5es exigidos pelo Governo Federal.<\/p>\n<p style=\"text-align: justify;\">\u201cVamos poder dar um f\u00f4lego com as vagas afinal s\u00f3 esse bloco oferece mais vagas que a soma dos outros quatro blocos dos provis\u00f3rios\u201d, falou.<\/p>\n<p style=\"text-align: justify;\">O pr\u00e9dio tem um sistema hidrante de combate a inc\u00eandios. Atualmente o pres\u00eddio Francisco de Oliveira tem 2,3 mil detentos, tr\u00eas vezes a sua capacidade. Com mais vagas, na ala dos provis\u00f3rios, o Estado desafoga momentaneamente o sistema.<\/p>\n<p style=\"text-align: justify;\">Al\u00e9m da amplia\u00e7\u00e3o do bloco que custou quase um milh\u00e3o de reais, o governo quer <br \/>entregar em julho desse ano os novos pr\u00e9dios do pres\u00eddio feminino, uma constru\u00e7\u00e3o que vai custar quase R$ 8 milh\u00f5es.<\/p>\n","protected":false},"excerpt":{"rendered":"<p style=\"text-align: justify;\">Interven\u00e7\u00e3o \u00e9 consequ\u00eancia de decis\u00e3o judicial<\/p>\n","protected":false},"author":4,"featured_media":22102,"comment_status":"open","ping_status":"open","sticky":false,"template":"","format":"standard","meta":{"jnews-multi-image_gallery":[],"jnews_single_post":[],"jnews_primary_category":[],"jnews_social_meta":[],"jnews_review":[],"enable_review":"","type":"","name":"","summary":"","brand":"","sku":"","good":[],"bad":[],"score_override":"","override_value":"","rating":[],"price":[],"footnotes":""},"categories":[44],"tags":[],"class_list":["post-22103","post","type-post","status-publish","format-standard","has-post-thumbnail","hentry","category-policia"],"yoast_head":"<!-- This site is optimized with the Yoast SEO plugin v26.5 - https:\/\/yoast.com\/wordpress\/plugins\/seo\/ -->\n<title>Iapen entrega obra de amplia\u00e7\u00e3o em pres\u00eddio - Agazeta.net<\/title>\n<meta name=\"robots\" content=\"index, follow, max-snippet:-1, max-image-preview:large, max-video-preview:-1\" \/>\n<link rel=\"canonical\" href=\"https:\/\/nk7-testes.com.br\/agazeta\/iapen-entrega-obra-de-ampliacao-em-presidio\/\" \/>\n<meta property=\"og:locale\" content=\"pt_BR\" \/>\n<meta property=\"og:type\" content=\"article\" \/>\n<meta property=\"og:title\" content=\"Iapen entrega obra de amplia\u00e7\u00e3o em pres\u00eddio - Agazeta.net\" \/>\n<meta property=\"og:description\" content=\"Interven\u00e7\u00e3o \u00e9 consequ\u00eancia de decis\u00e3o judicial\" \/>\n<meta property=\"og:url\" content=\"https:\/\/nk7-testes.com.br\/agazeta\/iapen-entrega-obra-de-ampliacao-em-presidio\/\" \/>\n<meta property=\"og:site_name\" content=\"Agazeta.net\" \/>\n<meta property=\"article:published_time\" content=\"2016-04-12T21:01:36+00:00\" \/>\n<meta property=\"og:image\" content=\"https:\/\/nk7-testes.com.br\/agazeta\/wp-content\/uploads\/2016\/04\/120416-policia-reformapresidio-tvgazeta2.jpg\" \/>\n\t<meta property=\"og:image:width\" content=\"458\" \/>\n\t<meta property=\"og:image:height\" content=\"340\" \/>\n\t<meta property=\"og:image:type\" content=\"image\/jpeg\" \/>\n<meta name=\"author\" content=\"Agazeta.Net\" \/>\n<meta name=\"twitter:card\" content=\"summary_large_image\" \/>\n<meta name=\"twitter:label1\" content=\"Escrito por\" \/>\n\t<meta name=\"twitter:data1\" content=\"Agazeta.Net\" \/>\n\t<meta name=\"twitter:label2\" content=\"Est. tempo de leitura\" \/>\n\t<meta name=\"twitter:data2\" content=\"1 minuto\" \/>\n<script type=\"application\/ld+json\" class=\"yoast-schema-graph\">{\"@context\":\"https:\/\/schema.org\",\"@graph\":[{\"@type\":\"WebPage\",\"@id\":\"https:\/\/nk7-testes.com.br\/agazeta\/iapen-entrega-obra-de-ampliacao-em-presidio\/\",\"url\":\"https:\/\/nk7-testes.com.br\/agazeta\/iapen-entrega-obra-de-ampliacao-em-presidio\/\",\"name\":\"Iapen entrega obra de amplia\u00e7\u00e3o em pres\u00eddio - Agazeta.net\",\"isPartOf\":{\"@id\":\"https:\/\/nk7-testes.com.br\/agazeta\/#website\"},\"primaryImageOfPage\":{\"@id\":\"https:\/\/nk7-testes.com.br\/agazeta\/iapen-entrega-obra-de-ampliacao-em-presidio\/#primaryimage\"},\"image\":{\"@id\":\"https:\/\/nk7-testes.com.br\/agazeta\/iapen-entrega-obra-de-ampliacao-em-presidio\/#primaryimage\"},\"thumbnailUrl\":\"https:\/\/nk7-testes.com.br\/agazeta\/wp-content\/uploads\/2016\/04\/120416-policia-reformapresidio-tvgazeta2.jpg\",\"datePublished\":\"2016-04-12T21:01:36+00:00\",\"author\":{\"@id\":\"https:\/\/nk7-testes.com.br\/agazeta\/#\/schema\/person\/6d6e25cb0435eb4a02fd44d30b4e3020\"},\"breadcrumb\":{\"@id\":\"https:\/\/nk7-testes.com.br\/agazeta\/iapen-entrega-obra-de-ampliacao-em-presidio\/#breadcrumb\"},\"inLanguage\":\"pt-BR\",\"potentialAction\":[{\"@type\":\"ReadAction\",\"target\":[\"https:\/\/nk7-testes.com.br\/agazeta\/iapen-entrega-obra-de-ampliacao-em-presidio\/\"]}]},{\"@type\":\"ImageObject\",\"inLanguage\":\"pt-BR\",\"@id\":\"https:\/\/nk7-testes.com.br\/agazeta\/iapen-entrega-obra-de-ampliacao-em-presidio\/#primaryimage\",\"url\":\"https:\/\/nk7-testes.com.br\/agazeta\/wp-content\/uploads\/2016\/04\/120416-policia-reformapresidio-tvgazeta2.jpg\",\"contentUrl\":\"https:\/\/nk7-testes.com.br\/agazeta\/wp-content\/uploads\/2016\/04\/120416-policia-reformapresidio-tvgazeta2.jpg\",\"width\":458,\"height\":340,\"caption\":\"120416-policia-reformapresidio-tvgazeta2\"},{\"@type\":\"BreadcrumbList\",\"@id\":\"https:\/\/nk7-testes.com.br\/agazeta\/iapen-entrega-obra-de-ampliacao-em-presidio\/#breadcrumb\",\"itemListElement\":[{\"@type\":\"ListItem\",\"position\":1,\"name\":\"In\u00edcio\",\"item\":\"https:\/\/nk7-testes.com.br\/agazeta\/\"},{\"@type\":\"ListItem\",\"position\":2,\"name\":\"Iapen entrega obra de amplia\u00e7\u00e3o em pres\u00eddio\"}]},{\"@type\":\"WebSite\",\"@id\":\"https:\/\/nk7-testes.com.br\/agazeta\/#website\",\"url\":\"https:\/\/nk7-testes.com.br\/agazeta\/\",\"name\":\"Agazeta.net\",\"description\":\"Agazeta.net - Not\u00edcias de Rio Branco\/AC\",\"potentialAction\":[{\"@type\":\"SearchAction\",\"target\":{\"@type\":\"EntryPoint\",\"urlTemplate\":\"https:\/\/nk7-testes.com.br\/agazeta\/?s={search_term_string}\"},\"query-input\":{\"@type\":\"PropertyValueSpecification\",\"valueRequired\":true,\"valueName\":\"search_term_string\"}}],\"inLanguage\":\"pt-BR\"},{\"@type\":\"Person\",\"@id\":\"https:\/\/nk7-testes.com.br\/agazeta\/#\/schema\/person\/6d6e25cb0435eb4a02fd44d30b4e3020\",\"name\":\"Agazeta.Net\",\"url\":\"https:\/\/nk7-testes.com.br\/agazeta\/author\/agazeta\/\"}]}<\/script>\n<!-- \/ Yoast SEO plugin. -->","yoast_head_json":{"title":"Iapen entrega obra de amplia\u00e7\u00e3o em pres\u00eddio - Agazeta.net","robots":{"index":"index","follow":"follow","max-snippet":"max-snippet:-1","max-image-preview":"max-image-preview:large","max-video-preview":"max-video-preview:-1"},"canonical":"https:\/\/nk7-testes.com.br\/agazeta\/iapen-entrega-obra-de-ampliacao-em-presidio\/","og_locale":"pt_BR","og_type":"article","og_title":"Iapen entrega obra de amplia\u00e7\u00e3o em pres\u00eddio - Agazeta.net","og_description":"Interven\u00e7\u00e3o \u00e9 consequ\u00eancia de decis\u00e3o judicial","og_url":"https:\/\/nk7-testes.com.br\/agazeta\/iapen-entrega-obra-de-ampliacao-em-presidio\/","og_site_name":"Agazeta.net","article_published_time":"2016-04-12T21:01:36+00:00","og_image":[{"width":458,"height":340,"url":"https:\/\/nk7-testes.com.br\/agazeta\/wp-content\/uploads\/2016\/04\/120416-policia-reformapresidio-tvgazeta2.jpg","type":"image\/jpeg"}],"author":"Agazeta.Net","twitter_card":"summary_large_image","twitter_misc":{"Escrito por":"Agazeta.Net","Est. tempo de leitura":"1 minuto"},"schema":{"@context":"https:\/\/schema.org","@graph":[{"@type":"WebPage","@id":"https:\/\/nk7-testes.com.br\/agazeta\/iapen-entrega-obra-de-ampliacao-em-presidio\/","url":"https:\/\/nk7-testes.com.br\/agazeta\/iapen-entrega-obra-de-ampliacao-em-presidio\/","name":"Iapen entrega obra de amplia\u00e7\u00e3o em pres\u00eddio - Agazeta.net","isPartOf":{"@id":"https:\/\/nk7-testes.com.br\/agazeta\/#website"},"primaryImageOfPage":{"@id":"https:\/\/nk7-testes.com.br\/agazeta\/iapen-entrega-obra-de-ampliacao-em-presidio\/#primaryimage"},"image":{"@id":"https:\/\/nk7-testes.com.br\/agazeta\/iapen-entrega-obra-de-ampliacao-em-presidio\/#primaryimage"},"thumbnailUrl":"https:\/\/nk7-testes.com.br\/agazeta\/wp-content\/uploads\/2016\/04\/120416-policia-reformapresidio-tvgazeta2.jpg","datePublished":"2016-04-12T21:01:36+00:00","author":{"@id":"https:\/\/nk7-testes.com.br\/agazeta\/#\/schema\/person\/6d6e25cb0435eb4a02fd44d30b4e3020"},"breadcrumb":{"@id":"https:\/\/nk7-testes.com.br\/agazeta\/iapen-entrega-obra-de-ampliacao-em-presidio\/#breadcrumb"},"inLanguage":"pt-BR","potentialAction":[{"@type":"ReadAction","target":["https:\/\/nk7-testes.com.br\/agazeta\/iapen-entrega-obra-de-ampliacao-em-presidio\/"]}]},{"@type":"ImageObject","inLanguage":"pt-BR","@id":"https:\/\/nk7-testes.com.br\/agazeta\/iapen-entrega-obra-de-ampliacao-em-presidio\/#primaryimage","url":"https:\/\/nk7-testes.com.br\/agazeta\/wp-content\/uploads\/2016\/04\/120416-policia-reformapresidio-tvgazeta2.jpg","contentUrl":"https:\/\/nk7-testes.com.br\/agazeta\/wp-content\/uploads\/2016\/04\/120416-policia-reformapresidio-tvgazeta2.jpg","width":458,"height":340,"caption":"120416-policia-reformapresidio-tvgazeta2"},{"@type":"BreadcrumbList","@id":"https:\/\/nk7-testes.com.br\/agazeta\/iapen-entrega-obra-de-ampliacao-em-presidio\/#breadcrumb","itemListElement":[{"@type":"ListItem","position":1,"name":"In\u00edcio","item":"https:\/\/nk7-testes.com.br\/agazeta\/"},{"@type":"ListItem","position":2,"name":"Iapen entrega obra de amplia\u00e7\u00e3o em pres\u00eddio"}]},{"@type":"WebSite","@id":"https:\/\/nk7-testes.com.br\/agazeta\/#website","url":"https:\/\/nk7-testes.com.br\/agazeta\/","name":"Agazeta.net","description":"Agazeta.net - Not\u00edcias de Rio Branco\/AC","potentialAction":[{"@type":"SearchAction","target":{"@type":"EntryPoint","urlTemplate":"https:\/\/nk7-testes.com.br\/agazeta\/?s={search_term_string}"},"query-input":{"@type":"PropertyValueSpecification","valueRequired":true,"valueName":"search_term_string"}}],"inLanguage":"pt-BR"},{"@type":"Person","@id":"https:\/\/nk7-testes.com.br\/agazeta\/#\/schema\/person\/6d6e25cb0435eb4a02fd44d30b4e3020","name":"Agazeta.Net","url":"https:\/\/nk7-testes.com.br\/agazeta\/author\/agazeta\/"}]}},"_links":{"self":[{"href":"https:\/\/nk7-testes.com.br\/agazeta\/wp-json\/wp\/v2\/posts\/22103","targetHints":{"allow":["GET"]}}],"collection":[{"href":"https:\/\/nk7-testes.com.br\/agazeta\/wp-json\/wp\/v2\/posts"}],"about":[{"href":"https:\/\/nk7-testes.com.br\/agazeta\/wp-json\/wp\/v2\/types\/post"}],"author":[{"embeddable":true,"href":"https:\/\/nk7-testes.com.br\/agazeta\/wp-json\/wp\/v2\/users\/4"}],"replies":[{"embeddable":true,"href":"https:\/\/nk7-testes.com.br\/agazeta\/wp-json\/wp\/v2\/comments?post=22103"}],"version-history":[{"count":0,"href":"https:\/\/nk7-testes.com.br\/agazeta\/wp-json\/wp\/v2\/posts\/22103\/revisions"}],"wp:featuredmedia":[{"embeddable":true,"href":"https:\/\/nk7-testes.com.br\/agazeta\/wp-json\/wp\/v2\/media\/22102"}],"wp:attachment":[{"href":"https:\/\/nk7-testes.com.br\/agazeta\/wp-json\/wp\/v2\/media?parent=22103"}],"wp:term":[{"taxonomy":"category","embeddable":true,"href":"https:\/\/nk7-testes.com.br\/agazeta\/wp-json\/wp\/v2\/categories?post=22103"},{"taxonomy":"post_tag","embeddable":true,"href":"https:\/\/nk7-testes.com.br\/agazeta\/wp-json\/wp\/v2\/tags?post=22103"}],"curies":[{"name":"wp","href":"https:\/\/api.w.org\/{rel}","templated":true}]}}