{"id":22095,"date":"2016-04-12T16:31:13","date_gmt":"2016-04-12T16:31:13","guid":{"rendered":"https:\/\/abarevegan.com.br\/index.php\/2016\/04\/12\/vila-do-v-e-vila-campinas-sem-seguranca-oficialmente\/"},"modified":"2016-04-12T16:31:13","modified_gmt":"2016-04-12T16:31:13","slug":"vila-do-v-e-vila-campinas-sem-seguranca-oficialmente","status":"publish","type":"post","link":"https:\/\/nk7-testes.com.br\/agazeta\/vila-do-v-e-vila-campinas-sem-seguranca-oficialmente\/","title":{"rendered":"Vila do V e Vila Campinas sem seguran\u00e7a, oficialmente"},"content":{"rendered":"<p style=\"text-align: justify;\">&nbsp;<\/p>\n<p style=\"text-align: justify;\">Pol\u00edcia Civil anuncia fechamento de postos policiais<\/p>\n<p style=\"text-align: justify;\">&nbsp;<\/p>\n<p style=\"text-align: justify;\">A Secretaria de Estado de Pol\u00edcia Civil anunciou na edi\u00e7\u00e3o desta ter\u00e7a-feira o fechamento de dois postos policiais. Um localizado na Vila do V e outro na Vila Campinas.<\/p>\n<p style=\"text-align: justify;\">&nbsp;<\/p>\n<p style=\"text-align: justify;\">Os dois postos est\u00e3o localizados em duas regi\u00f5es com grande incid\u00eancia de criminalidade, na \u00e1rea rural do munic\u00edpio de Porto Acre e Pl\u00e1cido de Castro.<\/p>\n<p style=\"text-align: justify;\">&nbsp;<\/p>\n<p style=\"text-align: justify;\">A Secretaria de Estado de Pol\u00edcia Civil argumenta que o custo de manuten\u00e7\u00e3o do espa\u00e7o justifica o fechamento. \u201cA institui\u00e7\u00e3o depende praticamente de recursos de Fonte 100, de fonte do pr\u00f3prio Governo\u201d, diz o secret\u00e1rio Carlos Fl\u00e1vio Portela.<\/p>\n<p style=\"text-align: justify;\">&nbsp;<\/p>\n<p style=\"text-align: justify;\">O secret\u00e1rio admite que \u201co baixo efetivo policial que \u00e9 poss\u00edvel alocar a essas unidades n\u00e3o confere, sequer, um car\u00e1ter preventivo e ostensivo de policiamento na localidade, al\u00e9m do que n\u00e3o \u00e9 essa a atribui\u00e7\u00e3o constitucional afeta \u00e0 Pol\u00edcia Civil\u201d.<\/p>\n<p style=\"text-align: justify;\"><span style=\"font-size: 12pt; line-height: 115%; font-family: 'Times New Roman', serif;\">&nbsp;<\/span><\/p>\n","protected":false},"excerpt":{"rendered":"<p style=\"text-align: justify;\">&nbsp;<\/p>\n<p style=\"text-align: justify;\">Pol\u00edcia Civil anuncia fechamento de postos policiais<\/p>\n","protected":false},"author":4,"featured_media":13183,"comment_status":"open","ping_status":"open","sticky":false,"template":"","format":"standard","meta":{"jnews-multi-image_gallery":[],"jnews_single_post":[],"jnews_primary_category":[],"jnews_social_meta":[],"jnews_review":[],"enable_review":"","type":"","name":"","summary":"","brand":"","sku":"","good":[],"bad":[],"score_override":"","override_value":"","rating":[],"price":[],"footnotes":""},"categories":[44],"tags":[],"class_list":["post-22095","post","type-post","status-publish","format-standard","has-post-thumbnail","hentry","category-policia"],"yoast_head":"<!-- This site is optimized with the Yoast SEO plugin v26.5 - https:\/\/yoast.com\/wordpress\/plugins\/seo\/ -->\n<title>Vila do V e Vila Campinas sem seguran\u00e7a, oficialmente - Agazeta.net<\/title>\n<meta name=\"robots\" content=\"index, follow, max-snippet:-1, max-image-preview:large, max-video-preview:-1\" \/>\n<link rel=\"canonical\" href=\"https:\/\/nk7-testes.com.br\/agazeta\/vila-do-v-e-vila-campinas-sem-seguranca-oficialmente\/\" \/>\n<meta property=\"og:locale\" content=\"pt_BR\" \/>\n<meta property=\"og:type\" content=\"article\" \/>\n<meta property=\"og:title\" content=\"Vila do V e Vila Campinas sem seguran\u00e7a, oficialmente - Agazeta.net\" \/>\n<meta property=\"og:description\" content=\"&nbsp; Pol\u00edcia Civil anuncia fechamento de postos policiais\" \/>\n<meta property=\"og:url\" content=\"https:\/\/nk7-testes.com.br\/agazeta\/vila-do-v-e-vila-campinas-sem-seguranca-oficialmente\/\" \/>\n<meta property=\"og:site_name\" content=\"Agazeta.net\" \/>\n<meta property=\"article:published_time\" content=\"2016-04-12T16:31:13+00:00\" \/>\n<meta property=\"og:image\" content=\"https:\/\/nk7-testes.com.br\/agazeta\/wp-content\/uploads\/2015\/02\/040215-policia-portela-tvgazeta.jpg\" \/>\n\t<meta property=\"og:image:width\" content=\"458\" \/>\n\t<meta property=\"og:image:height\" content=\"340\" \/>\n\t<meta property=\"og:image:type\" content=\"image\/jpeg\" \/>\n<meta name=\"author\" content=\"Agazeta.Net\" \/>\n<meta name=\"twitter:card\" content=\"summary_large_image\" \/>\n<meta name=\"twitter:label1\" content=\"Escrito por\" \/>\n\t<meta name=\"twitter:data1\" content=\"Agazeta.Net\" \/>\n\t<meta name=\"twitter:label2\" content=\"Est. tempo de leitura\" \/>\n\t<meta name=\"twitter:data2\" content=\"1 minuto\" \/>\n<script type=\"application\/ld+json\" class=\"yoast-schema-graph\">{\"@context\":\"https:\/\/schema.org\",\"@graph\":[{\"@type\":\"WebPage\",\"@id\":\"https:\/\/nk7-testes.com.br\/agazeta\/vila-do-v-e-vila-campinas-sem-seguranca-oficialmente\/\",\"url\":\"https:\/\/nk7-testes.com.br\/agazeta\/vila-do-v-e-vila-campinas-sem-seguranca-oficialmente\/\",\"name\":\"Vila do V e Vila Campinas sem seguran\u00e7a, oficialmente - Agazeta.net\",\"isPartOf\":{\"@id\":\"https:\/\/nk7-testes.com.br\/agazeta\/#website\"},\"primaryImageOfPage\":{\"@id\":\"https:\/\/nk7-testes.com.br\/agazeta\/vila-do-v-e-vila-campinas-sem-seguranca-oficialmente\/#primaryimage\"},\"image\":{\"@id\":\"https:\/\/nk7-testes.com.br\/agazeta\/vila-do-v-e-vila-campinas-sem-seguranca-oficialmente\/#primaryimage\"},\"thumbnailUrl\":\"https:\/\/nk7-testes.com.br\/agazeta\/wp-content\/uploads\/2015\/02\/040215-policia-portela-tvgazeta.jpg\",\"datePublished\":\"2016-04-12T16:31:13+00:00\",\"author\":{\"@id\":\"https:\/\/nk7-testes.com.br\/agazeta\/#\/schema\/person\/6d6e25cb0435eb4a02fd44d30b4e3020\"},\"breadcrumb\":{\"@id\":\"https:\/\/nk7-testes.com.br\/agazeta\/vila-do-v-e-vila-campinas-sem-seguranca-oficialmente\/#breadcrumb\"},\"inLanguage\":\"pt-BR\",\"potentialAction\":[{\"@type\":\"ReadAction\",\"target\":[\"https:\/\/nk7-testes.com.br\/agazeta\/vila-do-v-e-vila-campinas-sem-seguranca-oficialmente\/\"]}]},{\"@type\":\"ImageObject\",\"inLanguage\":\"pt-BR\",\"@id\":\"https:\/\/nk7-testes.com.br\/agazeta\/vila-do-v-e-vila-campinas-sem-seguranca-oficialmente\/#primaryimage\",\"url\":\"https:\/\/nk7-testes.com.br\/agazeta\/wp-content\/uploads\/2015\/02\/040215-policia-portela-tvgazeta.jpg\",\"contentUrl\":\"https:\/\/nk7-testes.com.br\/agazeta\/wp-content\/uploads\/2015\/02\/040215-policia-portela-tvgazeta.jpg\",\"width\":458,\"height\":340,\"caption\":\"040215-policia-portela-tvgazeta\"},{\"@type\":\"BreadcrumbList\",\"@id\":\"https:\/\/nk7-testes.com.br\/agazeta\/vila-do-v-e-vila-campinas-sem-seguranca-oficialmente\/#breadcrumb\",\"itemListElement\":[{\"@type\":\"ListItem\",\"position\":1,\"name\":\"In\u00edcio\",\"item\":\"https:\/\/nk7-testes.com.br\/agazeta\/\"},{\"@type\":\"ListItem\",\"position\":2,\"name\":\"Vila do V e Vila Campinas sem seguran\u00e7a, oficialmente\"}]},{\"@type\":\"WebSite\",\"@id\":\"https:\/\/nk7-testes.com.br\/agazeta\/#website\",\"url\":\"https:\/\/nk7-testes.com.br\/agazeta\/\",\"name\":\"Agazeta.net\",\"description\":\"Agazeta.net - Not\u00edcias de Rio Branco\/AC\",\"potentialAction\":[{\"@type\":\"SearchAction\",\"target\":{\"@type\":\"EntryPoint\",\"urlTemplate\":\"https:\/\/nk7-testes.com.br\/agazeta\/?s={search_term_string}\"},\"query-input\":{\"@type\":\"PropertyValueSpecification\",\"valueRequired\":true,\"valueName\":\"search_term_string\"}}],\"inLanguage\":\"pt-BR\"},{\"@type\":\"Person\",\"@id\":\"https:\/\/nk7-testes.com.br\/agazeta\/#\/schema\/person\/6d6e25cb0435eb4a02fd44d30b4e3020\",\"name\":\"Agazeta.Net\",\"url\":\"https:\/\/nk7-testes.com.br\/agazeta\/author\/agazeta\/\"}]}<\/script>\n<!-- \/ Yoast SEO plugin. -->","yoast_head_json":{"title":"Vila do V e Vila Campinas sem seguran\u00e7a, oficialmente - Agazeta.net","robots":{"index":"index","follow":"follow","max-snippet":"max-snippet:-1","max-image-preview":"max-image-preview:large","max-video-preview":"max-video-preview:-1"},"canonical":"https:\/\/nk7-testes.com.br\/agazeta\/vila-do-v-e-vila-campinas-sem-seguranca-oficialmente\/","og_locale":"pt_BR","og_type":"article","og_title":"Vila do V e Vila Campinas sem seguran\u00e7a, oficialmente - Agazeta.net","og_description":"&nbsp; Pol\u00edcia Civil anuncia fechamento de postos policiais","og_url":"https:\/\/nk7-testes.com.br\/agazeta\/vila-do-v-e-vila-campinas-sem-seguranca-oficialmente\/","og_site_name":"Agazeta.net","article_published_time":"2016-04-12T16:31:13+00:00","og_image":[{"width":458,"height":340,"url":"https:\/\/nk7-testes.com.br\/agazeta\/wp-content\/uploads\/2015\/02\/040215-policia-portela-tvgazeta.jpg","type":"image\/jpeg"}],"author":"Agazeta.Net","twitter_card":"summary_large_image","twitter_misc":{"Escrito por":"Agazeta.Net","Est. tempo de leitura":"1 minuto"},"schema":{"@context":"https:\/\/schema.org","@graph":[{"@type":"WebPage","@id":"https:\/\/nk7-testes.com.br\/agazeta\/vila-do-v-e-vila-campinas-sem-seguranca-oficialmente\/","url":"https:\/\/nk7-testes.com.br\/agazeta\/vila-do-v-e-vila-campinas-sem-seguranca-oficialmente\/","name":"Vila do V e Vila Campinas sem seguran\u00e7a, oficialmente - Agazeta.net","isPartOf":{"@id":"https:\/\/nk7-testes.com.br\/agazeta\/#website"},"primaryImageOfPage":{"@id":"https:\/\/nk7-testes.com.br\/agazeta\/vila-do-v-e-vila-campinas-sem-seguranca-oficialmente\/#primaryimage"},"image":{"@id":"https:\/\/nk7-testes.com.br\/agazeta\/vila-do-v-e-vila-campinas-sem-seguranca-oficialmente\/#primaryimage"},"thumbnailUrl":"https:\/\/nk7-testes.com.br\/agazeta\/wp-content\/uploads\/2015\/02\/040215-policia-portela-tvgazeta.jpg","datePublished":"2016-04-12T16:31:13+00:00","author":{"@id":"https:\/\/nk7-testes.com.br\/agazeta\/#\/schema\/person\/6d6e25cb0435eb4a02fd44d30b4e3020"},"breadcrumb":{"@id":"https:\/\/nk7-testes.com.br\/agazeta\/vila-do-v-e-vila-campinas-sem-seguranca-oficialmente\/#breadcrumb"},"inLanguage":"pt-BR","potentialAction":[{"@type":"ReadAction","target":["https:\/\/nk7-testes.com.br\/agazeta\/vila-do-v-e-vila-campinas-sem-seguranca-oficialmente\/"]}]},{"@type":"ImageObject","inLanguage":"pt-BR","@id":"https:\/\/nk7-testes.com.br\/agazeta\/vila-do-v-e-vila-campinas-sem-seguranca-oficialmente\/#primaryimage","url":"https:\/\/nk7-testes.com.br\/agazeta\/wp-content\/uploads\/2015\/02\/040215-policia-portela-tvgazeta.jpg","contentUrl":"https:\/\/nk7-testes.com.br\/agazeta\/wp-content\/uploads\/2015\/02\/040215-policia-portela-tvgazeta.jpg","width":458,"height":340,"caption":"040215-policia-portela-tvgazeta"},{"@type":"BreadcrumbList","@id":"https:\/\/nk7-testes.com.br\/agazeta\/vila-do-v-e-vila-campinas-sem-seguranca-oficialmente\/#breadcrumb","itemListElement":[{"@type":"ListItem","position":1,"name":"In\u00edcio","item":"https:\/\/nk7-testes.com.br\/agazeta\/"},{"@type":"ListItem","position":2,"name":"Vila do V e Vila Campinas sem seguran\u00e7a, oficialmente"}]},{"@type":"WebSite","@id":"https:\/\/nk7-testes.com.br\/agazeta\/#website","url":"https:\/\/nk7-testes.com.br\/agazeta\/","name":"Agazeta.net","description":"Agazeta.net - Not\u00edcias de Rio Branco\/AC","potentialAction":[{"@type":"SearchAction","target":{"@type":"EntryPoint","urlTemplate":"https:\/\/nk7-testes.com.br\/agazeta\/?s={search_term_string}"},"query-input":{"@type":"PropertyValueSpecification","valueRequired":true,"valueName":"search_term_string"}}],"inLanguage":"pt-BR"},{"@type":"Person","@id":"https:\/\/nk7-testes.com.br\/agazeta\/#\/schema\/person\/6d6e25cb0435eb4a02fd44d30b4e3020","name":"Agazeta.Net","url":"https:\/\/nk7-testes.com.br\/agazeta\/author\/agazeta\/"}]}},"_links":{"self":[{"href":"https:\/\/nk7-testes.com.br\/agazeta\/wp-json\/wp\/v2\/posts\/22095","targetHints":{"allow":["GET"]}}],"collection":[{"href":"https:\/\/nk7-testes.com.br\/agazeta\/wp-json\/wp\/v2\/posts"}],"about":[{"href":"https:\/\/nk7-testes.com.br\/agazeta\/wp-json\/wp\/v2\/types\/post"}],"author":[{"embeddable":true,"href":"https:\/\/nk7-testes.com.br\/agazeta\/wp-json\/wp\/v2\/users\/4"}],"replies":[{"embeddable":true,"href":"https:\/\/nk7-testes.com.br\/agazeta\/wp-json\/wp\/v2\/comments?post=22095"}],"version-history":[{"count":0,"href":"https:\/\/nk7-testes.com.br\/agazeta\/wp-json\/wp\/v2\/posts\/22095\/revisions"}],"wp:featuredmedia":[{"embeddable":true,"href":"https:\/\/nk7-testes.com.br\/agazeta\/wp-json\/wp\/v2\/media\/13183"}],"wp:attachment":[{"href":"https:\/\/nk7-testes.com.br\/agazeta\/wp-json\/wp\/v2\/media?parent=22095"}],"wp:term":[{"taxonomy":"category","embeddable":true,"href":"https:\/\/nk7-testes.com.br\/agazeta\/wp-json\/wp\/v2\/categories?post=22095"},{"taxonomy":"post_tag","embeddable":true,"href":"https:\/\/nk7-testes.com.br\/agazeta\/wp-json\/wp\/v2\/tags?post=22095"}],"curies":[{"name":"wp","href":"https:\/\/api.w.org\/{rel}","templated":true}]}}