{"id":22088,"date":"2016-04-12T14:14:48","date_gmt":"2016-04-12T14:14:48","guid":{"rendered":"https:\/\/abarevegan.com.br\/index.php\/2016\/04\/12\/dupla-de-fujoes-da-trabalho-para-a-policia\/"},"modified":"2016-04-12T14:14:48","modified_gmt":"2016-04-12T14:14:48","slug":"dupla-de-fujoes-da-trabalho-para-a-policia","status":"publish","type":"post","link":"https:\/\/nk7-testes.com.br\/agazeta\/dupla-de-fujoes-da-trabalho-para-a-policia\/","title":{"rendered":"Dupla de fuj\u00f5es d\u00e1 trabalho para a pol\u00edcia"},"content":{"rendered":"<p style=\"text-align: justify;\">Jovem n\u00e3o consegue escapar da pol\u00edcia<\/p>\n<p style=\"text-align: justify;\">Adriano Oliveira da Silva, 22, (junto com um comparsa) assaltou uma jovem que vinha na moto bis de placa NAE 8666 no bairro S\u00e3o Francisco, na rua Altamira, com cruzamento com Rua Placas.<\/p>\n<p style=\"text-align: justify;\">Segundo a jovem (que pediu para n\u00e3o ser identificada), ela afirmou que vinha devagar quando a dupla chegou em outra moto e o garupa apontou a arma, mandou parar. Ela entregou a moto.<\/p>\n<p style=\"text-align: justify;\">Uma testemunha do assalto ligou para pol\u00edcia que agiu r\u00e1pido. Os policias do 5\u00ba Batalh\u00e3o fecharam o cerco pelo bairro, mas a dupla fugiu e pegou a Avenida Ant\u00f4nio da Rocha Viana.<\/p>\n<p style=\"text-align: justify;\">Pr\u00f3ximo ao Horto Florestal, eles foram localizados. Tentaram fugir novamente. Bateram em outra moto e fugiram a p\u00e9. O garupa da moto fugiu, mas Adriano foi capturado dentro de um quintal de uma casa.<\/p>\n<p style=\"text-align: justify;\">Ele foi levado para delegacia onde foi descoberto que havia roubado uma moto no domingo.<\/p>\n","protected":false},"excerpt":{"rendered":"<p style=\"text-align: justify;\">Jovem n\u00e3o consegue escapar da pol\u00edcia<\/p>\n","protected":false},"author":4,"featured_media":22087,"comment_status":"open","ping_status":"open","sticky":false,"template":"","format":"standard","meta":{"jnews-multi-image_gallery":[],"jnews_single_post":[],"jnews_primary_category":[],"jnews_social_meta":[],"jnews_review":[],"enable_review":"","type":"","name":"","summary":"","brand":"","sku":"","good":[],"bad":[],"score_override":"","override_value":"","rating":[],"price":[],"footnotes":""},"categories":[44],"tags":[],"class_list":["post-22088","post","type-post","status-publish","format-standard","has-post-thumbnail","hentry","category-policia"],"yoast_head":"<!-- This site is optimized with the Yoast SEO plugin v26.5 - https:\/\/yoast.com\/wordpress\/plugins\/seo\/ -->\n<title>Dupla de fuj\u00f5es d\u00e1 trabalho para a pol\u00edcia - Agazeta.net<\/title>\n<meta name=\"robots\" content=\"index, follow, max-snippet:-1, max-image-preview:large, max-video-preview:-1\" \/>\n<link rel=\"canonical\" href=\"https:\/\/nk7-testes.com.br\/agazeta\/dupla-de-fujoes-da-trabalho-para-a-policia\/\" \/>\n<meta property=\"og:locale\" content=\"pt_BR\" \/>\n<meta property=\"og:type\" content=\"article\" \/>\n<meta property=\"og:title\" content=\"Dupla de fuj\u00f5es d\u00e1 trabalho para a pol\u00edcia - Agazeta.net\" \/>\n<meta property=\"og:description\" content=\"Jovem n\u00e3o consegue escapar da pol\u00edcia\" \/>\n<meta property=\"og:url\" content=\"https:\/\/nk7-testes.com.br\/agazeta\/dupla-de-fujoes-da-trabalho-para-a-policia\/\" \/>\n<meta property=\"og:site_name\" content=\"Agazeta.net\" \/>\n<meta property=\"article:published_time\" content=\"2016-04-12T14:14:48+00:00\" \/>\n<meta property=\"og:image\" content=\"https:\/\/nk7-testes.com.br\/agazeta\/wp-content\/uploads\/2016\/04\/120416-policia-homemprisao-cleriston.jpg\" \/>\n\t<meta property=\"og:image:width\" content=\"458\" \/>\n\t<meta property=\"og:image:height\" content=\"340\" \/>\n\t<meta property=\"og:image:type\" content=\"image\/jpeg\" \/>\n<meta name=\"author\" content=\"Agazeta.Net\" \/>\n<meta name=\"twitter:card\" content=\"summary_large_image\" \/>\n<meta name=\"twitter:label1\" content=\"Escrito por\" \/>\n\t<meta name=\"twitter:data1\" content=\"Agazeta.Net\" \/>\n\t<meta name=\"twitter:label2\" content=\"Est. tempo de leitura\" \/>\n\t<meta name=\"twitter:data2\" content=\"1 minuto\" \/>\n<script type=\"application\/ld+json\" class=\"yoast-schema-graph\">{\"@context\":\"https:\/\/schema.org\",\"@graph\":[{\"@type\":\"WebPage\",\"@id\":\"https:\/\/nk7-testes.com.br\/agazeta\/dupla-de-fujoes-da-trabalho-para-a-policia\/\",\"url\":\"https:\/\/nk7-testes.com.br\/agazeta\/dupla-de-fujoes-da-trabalho-para-a-policia\/\",\"name\":\"Dupla de fuj\u00f5es d\u00e1 trabalho para a pol\u00edcia - Agazeta.net\",\"isPartOf\":{\"@id\":\"https:\/\/nk7-testes.com.br\/agazeta\/#website\"},\"primaryImageOfPage\":{\"@id\":\"https:\/\/nk7-testes.com.br\/agazeta\/dupla-de-fujoes-da-trabalho-para-a-policia\/#primaryimage\"},\"image\":{\"@id\":\"https:\/\/nk7-testes.com.br\/agazeta\/dupla-de-fujoes-da-trabalho-para-a-policia\/#primaryimage\"},\"thumbnailUrl\":\"https:\/\/nk7-testes.com.br\/agazeta\/wp-content\/uploads\/2016\/04\/120416-policia-homemprisao-cleriston.jpg\",\"datePublished\":\"2016-04-12T14:14:48+00:00\",\"author\":{\"@id\":\"https:\/\/nk7-testes.com.br\/agazeta\/#\/schema\/person\/6d6e25cb0435eb4a02fd44d30b4e3020\"},\"breadcrumb\":{\"@id\":\"https:\/\/nk7-testes.com.br\/agazeta\/dupla-de-fujoes-da-trabalho-para-a-policia\/#breadcrumb\"},\"inLanguage\":\"pt-BR\",\"potentialAction\":[{\"@type\":\"ReadAction\",\"target\":[\"https:\/\/nk7-testes.com.br\/agazeta\/dupla-de-fujoes-da-trabalho-para-a-policia\/\"]}]},{\"@type\":\"ImageObject\",\"inLanguage\":\"pt-BR\",\"@id\":\"https:\/\/nk7-testes.com.br\/agazeta\/dupla-de-fujoes-da-trabalho-para-a-policia\/#primaryimage\",\"url\":\"https:\/\/nk7-testes.com.br\/agazeta\/wp-content\/uploads\/2016\/04\/120416-policia-homemprisao-cleriston.jpg\",\"contentUrl\":\"https:\/\/nk7-testes.com.br\/agazeta\/wp-content\/uploads\/2016\/04\/120416-policia-homemprisao-cleriston.jpg\",\"width\":458,\"height\":340,\"caption\":\"120416-policia-homemprisao-cleriston\"},{\"@type\":\"BreadcrumbList\",\"@id\":\"https:\/\/nk7-testes.com.br\/agazeta\/dupla-de-fujoes-da-trabalho-para-a-policia\/#breadcrumb\",\"itemListElement\":[{\"@type\":\"ListItem\",\"position\":1,\"name\":\"In\u00edcio\",\"item\":\"https:\/\/nk7-testes.com.br\/agazeta\/\"},{\"@type\":\"ListItem\",\"position\":2,\"name\":\"Dupla de fuj\u00f5es d\u00e1 trabalho para a pol\u00edcia\"}]},{\"@type\":\"WebSite\",\"@id\":\"https:\/\/nk7-testes.com.br\/agazeta\/#website\",\"url\":\"https:\/\/nk7-testes.com.br\/agazeta\/\",\"name\":\"Agazeta.net\",\"description\":\"Agazeta.net - Not\u00edcias de Rio Branco\/AC\",\"potentialAction\":[{\"@type\":\"SearchAction\",\"target\":{\"@type\":\"EntryPoint\",\"urlTemplate\":\"https:\/\/nk7-testes.com.br\/agazeta\/?s={search_term_string}\"},\"query-input\":{\"@type\":\"PropertyValueSpecification\",\"valueRequired\":true,\"valueName\":\"search_term_string\"}}],\"inLanguage\":\"pt-BR\"},{\"@type\":\"Person\",\"@id\":\"https:\/\/nk7-testes.com.br\/agazeta\/#\/schema\/person\/6d6e25cb0435eb4a02fd44d30b4e3020\",\"name\":\"Agazeta.Net\",\"url\":\"https:\/\/nk7-testes.com.br\/agazeta\/author\/agazeta\/\"}]}<\/script>\n<!-- \/ Yoast SEO plugin. -->","yoast_head_json":{"title":"Dupla de fuj\u00f5es d\u00e1 trabalho para a pol\u00edcia - Agazeta.net","robots":{"index":"index","follow":"follow","max-snippet":"max-snippet:-1","max-image-preview":"max-image-preview:large","max-video-preview":"max-video-preview:-1"},"canonical":"https:\/\/nk7-testes.com.br\/agazeta\/dupla-de-fujoes-da-trabalho-para-a-policia\/","og_locale":"pt_BR","og_type":"article","og_title":"Dupla de fuj\u00f5es d\u00e1 trabalho para a pol\u00edcia - Agazeta.net","og_description":"Jovem n\u00e3o consegue escapar da pol\u00edcia","og_url":"https:\/\/nk7-testes.com.br\/agazeta\/dupla-de-fujoes-da-trabalho-para-a-policia\/","og_site_name":"Agazeta.net","article_published_time":"2016-04-12T14:14:48+00:00","og_image":[{"width":458,"height":340,"url":"https:\/\/nk7-testes.com.br\/agazeta\/wp-content\/uploads\/2016\/04\/120416-policia-homemprisao-cleriston.jpg","type":"image\/jpeg"}],"author":"Agazeta.Net","twitter_card":"summary_large_image","twitter_misc":{"Escrito por":"Agazeta.Net","Est. tempo de leitura":"1 minuto"},"schema":{"@context":"https:\/\/schema.org","@graph":[{"@type":"WebPage","@id":"https:\/\/nk7-testes.com.br\/agazeta\/dupla-de-fujoes-da-trabalho-para-a-policia\/","url":"https:\/\/nk7-testes.com.br\/agazeta\/dupla-de-fujoes-da-trabalho-para-a-policia\/","name":"Dupla de fuj\u00f5es d\u00e1 trabalho para a pol\u00edcia - Agazeta.net","isPartOf":{"@id":"https:\/\/nk7-testes.com.br\/agazeta\/#website"},"primaryImageOfPage":{"@id":"https:\/\/nk7-testes.com.br\/agazeta\/dupla-de-fujoes-da-trabalho-para-a-policia\/#primaryimage"},"image":{"@id":"https:\/\/nk7-testes.com.br\/agazeta\/dupla-de-fujoes-da-trabalho-para-a-policia\/#primaryimage"},"thumbnailUrl":"https:\/\/nk7-testes.com.br\/agazeta\/wp-content\/uploads\/2016\/04\/120416-policia-homemprisao-cleriston.jpg","datePublished":"2016-04-12T14:14:48+00:00","author":{"@id":"https:\/\/nk7-testes.com.br\/agazeta\/#\/schema\/person\/6d6e25cb0435eb4a02fd44d30b4e3020"},"breadcrumb":{"@id":"https:\/\/nk7-testes.com.br\/agazeta\/dupla-de-fujoes-da-trabalho-para-a-policia\/#breadcrumb"},"inLanguage":"pt-BR","potentialAction":[{"@type":"ReadAction","target":["https:\/\/nk7-testes.com.br\/agazeta\/dupla-de-fujoes-da-trabalho-para-a-policia\/"]}]},{"@type":"ImageObject","inLanguage":"pt-BR","@id":"https:\/\/nk7-testes.com.br\/agazeta\/dupla-de-fujoes-da-trabalho-para-a-policia\/#primaryimage","url":"https:\/\/nk7-testes.com.br\/agazeta\/wp-content\/uploads\/2016\/04\/120416-policia-homemprisao-cleriston.jpg","contentUrl":"https:\/\/nk7-testes.com.br\/agazeta\/wp-content\/uploads\/2016\/04\/120416-policia-homemprisao-cleriston.jpg","width":458,"height":340,"caption":"120416-policia-homemprisao-cleriston"},{"@type":"BreadcrumbList","@id":"https:\/\/nk7-testes.com.br\/agazeta\/dupla-de-fujoes-da-trabalho-para-a-policia\/#breadcrumb","itemListElement":[{"@type":"ListItem","position":1,"name":"In\u00edcio","item":"https:\/\/nk7-testes.com.br\/agazeta\/"},{"@type":"ListItem","position":2,"name":"Dupla de fuj\u00f5es d\u00e1 trabalho para a pol\u00edcia"}]},{"@type":"WebSite","@id":"https:\/\/nk7-testes.com.br\/agazeta\/#website","url":"https:\/\/nk7-testes.com.br\/agazeta\/","name":"Agazeta.net","description":"Agazeta.net - Not\u00edcias de Rio Branco\/AC","potentialAction":[{"@type":"SearchAction","target":{"@type":"EntryPoint","urlTemplate":"https:\/\/nk7-testes.com.br\/agazeta\/?s={search_term_string}"},"query-input":{"@type":"PropertyValueSpecification","valueRequired":true,"valueName":"search_term_string"}}],"inLanguage":"pt-BR"},{"@type":"Person","@id":"https:\/\/nk7-testes.com.br\/agazeta\/#\/schema\/person\/6d6e25cb0435eb4a02fd44d30b4e3020","name":"Agazeta.Net","url":"https:\/\/nk7-testes.com.br\/agazeta\/author\/agazeta\/"}]}},"_links":{"self":[{"href":"https:\/\/nk7-testes.com.br\/agazeta\/wp-json\/wp\/v2\/posts\/22088","targetHints":{"allow":["GET"]}}],"collection":[{"href":"https:\/\/nk7-testes.com.br\/agazeta\/wp-json\/wp\/v2\/posts"}],"about":[{"href":"https:\/\/nk7-testes.com.br\/agazeta\/wp-json\/wp\/v2\/types\/post"}],"author":[{"embeddable":true,"href":"https:\/\/nk7-testes.com.br\/agazeta\/wp-json\/wp\/v2\/users\/4"}],"replies":[{"embeddable":true,"href":"https:\/\/nk7-testes.com.br\/agazeta\/wp-json\/wp\/v2\/comments?post=22088"}],"version-history":[{"count":0,"href":"https:\/\/nk7-testes.com.br\/agazeta\/wp-json\/wp\/v2\/posts\/22088\/revisions"}],"wp:featuredmedia":[{"embeddable":true,"href":"https:\/\/nk7-testes.com.br\/agazeta\/wp-json\/wp\/v2\/media\/22087"}],"wp:attachment":[{"href":"https:\/\/nk7-testes.com.br\/agazeta\/wp-json\/wp\/v2\/media?parent=22088"}],"wp:term":[{"taxonomy":"category","embeddable":true,"href":"https:\/\/nk7-testes.com.br\/agazeta\/wp-json\/wp\/v2\/categories?post=22088"},{"taxonomy":"post_tag","embeddable":true,"href":"https:\/\/nk7-testes.com.br\/agazeta\/wp-json\/wp\/v2\/tags?post=22088"}],"curies":[{"name":"wp","href":"https:\/\/api.w.org\/{rel}","templated":true}]}}