{"id":22053,"date":"2016-04-11T20:54:53","date_gmt":"2016-04-11T20:54:53","guid":{"rendered":"https:\/\/abarevegan.com.br\/index.php\/2016\/04\/11\/parkinson-e-possivel-ter-melhor-qualidade-de-vida\/"},"modified":"2016-04-11T20:54:53","modified_gmt":"2016-04-11T20:54:53","slug":"parkinson-e-possivel-ter-melhor-qualidade-de-vida","status":"publish","type":"post","link":"https:\/\/nk7-testes.com.br\/agazeta\/parkinson-e-possivel-ter-melhor-qualidade-de-vida\/","title":{"rendered":"Parkinson: \u00e9 poss\u00edvel ter melhor qualidade de vida"},"content":{"rendered":"<p><span style=\"font-size: 12pt; line-height: 115%; font-family: 'Times New Roman', serif;\"><\/span><\/p>\n<p style=\"text-align: justify;\">No Acre, profissionais debatem sobre doen\u00e7a<\/p>\n<p style=\"text-align: justify;\"><span style=\"font-size: 12pt; line-height: 115%; font-family: 'Times New Roman', serif;\"><\/span><\/p>\n<p style=\"text-align: justify;\">No dia Internacional da doen\u00e7a de Parkinson, profissionais e estudantes da \u00e1rea de Sa\u00fade participaram de capacita\u00e7\u00e3o sobre o tema em Rio Branco. Neurologistas alertam para a import\u00e2ncia do diagn\u00f3stico precoce da doen\u00e7a, que pode representar mais qualidade de vida ao paciente.<\/p>\n<p style=\"text-align: justify;\"><span style=\"font-size: 12pt; line-height: 115%; font-family: 'Times New Roman', serif;\"><\/span><\/p>\n<p style=\"text-align: justify;\">Segundo a Academia Brasileira de Neurologia, existem no Brasil cerca de 300 mil idosos diagnosticados com a doen\u00e7a de Parkinson. A enfermidade afeta o c\u00e9rebro prejudicando a coordena\u00e7\u00e3o motora e provocando tremores.<\/p>\n<p style=\"text-align: justify;\"><span style=\"font-size: 12pt; line-height: 115%; font-family: 'Times New Roman', serif;\"><\/span><\/p>\n<p style=\"text-align: justify;\">O dia 11 de abril foi escolhido para debater sobre a doen\u00e7a, porque \u00e9 a data de nascimento de James Parkinson, que foi o primeiro m\u00e9dico a fazer an\u00e1lise e descri\u00e7\u00e3o da doen\u00e7a no ano de 1817.<\/p>\n<p style=\"text-align: justify;\"><span style=\"font-size: 12pt; line-height: 115%; font-family: 'Times New Roman', serif;\"><\/span><\/p>\n<p style=\"text-align: justify;\">Hoje, em Rio Branco, foram promovidas palestras, principalmente para atualiza\u00e7\u00e3o dos profissionais de Sa\u00fade. \u201cA fam\u00edlia, \u00e0s vezes, pensa que o idoso naturalmente vai andar mais devagar e vai ter problemas de equil\u00edbrio. Isso pode acontecer com o envelhecimento, mas a gente precisa ficar atento. A doen\u00e7a causa lentid\u00e3o dos movimentos, a pessoa vai ficar com dificuldade de locomo\u00e7\u00e3o, nem sempre tem o tremor\u201d, explica o m\u00e9dico neurologista Marcus Vin\u00edcius Della Coletta.<\/p>\n<p style=\"text-align: justify;\"><span style=\"font-size: 12pt; line-height: 115%; font-family: 'Times New Roman', serif;\"><\/span><\/p>\n<p style=\"text-align: justify;\">No Acre, n\u00e3o existe estat\u00edstica de quantos pacientes foram diagnosticados com a doen\u00e7a, por que n\u00e3o h\u00e1 atendimento espec\u00edfico para esse p\u00fablico. \u201cGeralmente os pacientes com Parkinson s\u00e3o atendidos na rede b\u00e1sica. O neurologista e o geriatra podem dar o diagn\u00f3stico. Ent\u00e3o, por isso, \u00e9 preciso conhecer\u201d, explicou Mariazinha Leit\u00e3o, presidente da Abraz (Associa\u00e7\u00e3o Brasileira de Alzheimer e doen\u00e7as similares).<\/p>\n<p style=\"text-align: justify;\"><span style=\"font-size: 12pt; line-height: 115%; font-family: 'Times New Roman', serif;\"><\/span><\/p>\n<p style=\"text-align: justify;\">A doen\u00e7a de Parkinson se apresenta de v\u00e1rias formas. Os sintomas surgem geralmente a partir dos 60 anos de idade, por isso, especialistas alertam que o diagn\u00f3stico \u00e9 muito importante. Se a doen\u00e7a for identificada tarde, traz complica\u00e7\u00f5es. Se o diagn\u00f3stico for cedo, proporciona qualidade de vida ao paciente.<\/p>\n<p style=\"text-align: justify;\"><span style=\"font-size: 12pt; line-height: 115%; font-family: 'Times New Roman', serif;\"><\/span><\/p>\n<p style=\"text-align: justify;\">Luciano de Oliveira tem 70 anos de idade. Soube em uma consulta de rotina com o geriatra que estava com Parkinson. Segundo ele, assim que abriu a porta o m\u00e9dico deu o veredito. A dificuldade em se locomover o denunciaram. Isso aconteceu h\u00e1 quatro anos, e de acordo com a esposa, Lucimara de Oliveira, desde ent\u00e3o, muita coisa mudou na rotina da fam\u00edlia.<\/p>\n<p style=\"text-align: justify;\"><span style=\"font-size: 12pt; line-height: 115%; font-family: 'Times New Roman', serif;\"><\/span><\/p>\n<p style=\"text-align: justify;\">\u201cEle era um homem ativo, saia, fazia compras e conforme a evolu\u00e7\u00e3o da doen\u00e7a foi ficando introvertido, n\u00e3o sai mais de casa, tem ido muito ao m\u00e9dico\u201d, relata.<br \/>Uma das maiores dificuldades que Luciano afirma ter sentido na fase do tratamento foi com a medica\u00e7\u00e3o. Ele n\u00e3o se adaptou, mas n\u00e3o desistiu. Para o idoso, a ci\u00eancia ainda \u00e9 capaz de produzir solu\u00e7\u00f5es, que ampliem a qualidade de vida dos atingidos pelo Parkinson.<\/p>\n<p style=\"text-align: justify;\"><span style=\"font-size: 12pt; line-height: 115%; font-family: 'Times New Roman', serif;\"><\/span><\/p>\n<p style=\"text-align: justify;\">\u201cEstou confiante e esperan\u00e7oso que isso aconte\u00e7a. Que surja um rem\u00e9dio novo que possa amenizar, melhorar a situa\u00e7\u00e3o por que os recursos que existem ainda deixam muito a desejar\u201d, afirma o idoso.<\/p>\n<p><span style=\"font-size: 12pt; line-height: 115%; font-family: 'Times New Roman', serif;\">&nbsp;<\/span><\/p>\n","protected":false},"excerpt":{"rendered":"<p><span style=\"font-size: 12pt; line-height: 115%; font-family: 'Times New Roman', serif;\"><\/span><\/p>\n<p style=\"text-align: justify;\">No Acre, profissionais debatem sobre doen\u00e7a<\/p>\n","protected":false},"author":4,"featured_media":22052,"comment_status":"open","ping_status":"open","sticky":false,"template":"","format":"standard","meta":{"jnews-multi-image_gallery":[],"jnews_single_post":[],"jnews_primary_category":[],"jnews_social_meta":[],"jnews_review":[],"enable_review":"","type":"","name":"","summary":"","brand":"","sku":"","good":[],"bad":[],"score_override":"","override_value":"","rating":[],"price":[],"footnotes":""},"categories":[54],"tags":[],"class_list":["post-22053","post","type-post","status-publish","format-standard","has-post-thumbnail","hentry","category-cotidiano"],"yoast_head":"<!-- This site is optimized with the Yoast SEO plugin v26.5 - https:\/\/yoast.com\/wordpress\/plugins\/seo\/ -->\n<title>Parkinson: \u00e9 poss\u00edvel ter melhor qualidade de vida - Agazeta.net<\/title>\n<meta name=\"robots\" content=\"index, follow, max-snippet:-1, max-image-preview:large, max-video-preview:-1\" \/>\n<link rel=\"canonical\" href=\"https:\/\/nk7-testes.com.br\/agazeta\/parkinson-e-possivel-ter-melhor-qualidade-de-vida\/\" \/>\n<meta property=\"og:locale\" content=\"pt_BR\" \/>\n<meta property=\"og:type\" content=\"article\" \/>\n<meta property=\"og:title\" content=\"Parkinson: \u00e9 poss\u00edvel ter melhor qualidade de vida - Agazeta.net\" \/>\n<meta property=\"og:description\" content=\"No Acre, profissionais debatem sobre doen\u00e7a\" \/>\n<meta property=\"og:url\" content=\"https:\/\/nk7-testes.com.br\/agazeta\/parkinson-e-possivel-ter-melhor-qualidade-de-vida\/\" \/>\n<meta property=\"og:site_name\" content=\"Agazeta.net\" \/>\n<meta property=\"article:published_time\" content=\"2016-04-11T20:54:53+00:00\" \/>\n<meta property=\"og:image\" content=\"https:\/\/nk7-testes.com.br\/agazeta\/wp-content\/uploads\/2016\/04\/110416-cotidiano-parkinson-tvgazeta.jpg\" \/>\n\t<meta property=\"og:image:width\" content=\"458\" \/>\n\t<meta property=\"og:image:height\" content=\"340\" \/>\n\t<meta property=\"og:image:type\" content=\"image\/jpeg\" \/>\n<meta name=\"author\" content=\"Agazeta.Net\" \/>\n<meta name=\"twitter:card\" content=\"summary_large_image\" \/>\n<meta name=\"twitter:label1\" content=\"Escrito por\" \/>\n\t<meta name=\"twitter:data1\" content=\"Agazeta.Net\" \/>\n\t<meta name=\"twitter:label2\" content=\"Est. tempo de leitura\" \/>\n\t<meta name=\"twitter:data2\" content=\"3 minutos\" \/>\n<script type=\"application\/ld+json\" class=\"yoast-schema-graph\">{\"@context\":\"https:\/\/schema.org\",\"@graph\":[{\"@type\":\"WebPage\",\"@id\":\"https:\/\/nk7-testes.com.br\/agazeta\/parkinson-e-possivel-ter-melhor-qualidade-de-vida\/\",\"url\":\"https:\/\/nk7-testes.com.br\/agazeta\/parkinson-e-possivel-ter-melhor-qualidade-de-vida\/\",\"name\":\"Parkinson: \u00e9 poss\u00edvel ter melhor qualidade de vida - Agazeta.net\",\"isPartOf\":{\"@id\":\"https:\/\/nk7-testes.com.br\/agazeta\/#website\"},\"primaryImageOfPage\":{\"@id\":\"https:\/\/nk7-testes.com.br\/agazeta\/parkinson-e-possivel-ter-melhor-qualidade-de-vida\/#primaryimage\"},\"image\":{\"@id\":\"https:\/\/nk7-testes.com.br\/agazeta\/parkinson-e-possivel-ter-melhor-qualidade-de-vida\/#primaryimage\"},\"thumbnailUrl\":\"https:\/\/nk7-testes.com.br\/agazeta\/wp-content\/uploads\/2016\/04\/110416-cotidiano-parkinson-tvgazeta.jpg\",\"datePublished\":\"2016-04-11T20:54:53+00:00\",\"author\":{\"@id\":\"https:\/\/nk7-testes.com.br\/agazeta\/#\/schema\/person\/6d6e25cb0435eb4a02fd44d30b4e3020\"},\"breadcrumb\":{\"@id\":\"https:\/\/nk7-testes.com.br\/agazeta\/parkinson-e-possivel-ter-melhor-qualidade-de-vida\/#breadcrumb\"},\"inLanguage\":\"pt-BR\",\"potentialAction\":[{\"@type\":\"ReadAction\",\"target\":[\"https:\/\/nk7-testes.com.br\/agazeta\/parkinson-e-possivel-ter-melhor-qualidade-de-vida\/\"]}]},{\"@type\":\"ImageObject\",\"inLanguage\":\"pt-BR\",\"@id\":\"https:\/\/nk7-testes.com.br\/agazeta\/parkinson-e-possivel-ter-melhor-qualidade-de-vida\/#primaryimage\",\"url\":\"https:\/\/nk7-testes.com.br\/agazeta\/wp-content\/uploads\/2016\/04\/110416-cotidiano-parkinson-tvgazeta.jpg\",\"contentUrl\":\"https:\/\/nk7-testes.com.br\/agazeta\/wp-content\/uploads\/2016\/04\/110416-cotidiano-parkinson-tvgazeta.jpg\",\"width\":458,\"height\":340,\"caption\":\"110416-cotidiano-parkinson-tvgazeta\"},{\"@type\":\"BreadcrumbList\",\"@id\":\"https:\/\/nk7-testes.com.br\/agazeta\/parkinson-e-possivel-ter-melhor-qualidade-de-vida\/#breadcrumb\",\"itemListElement\":[{\"@type\":\"ListItem\",\"position\":1,\"name\":\"In\u00edcio\",\"item\":\"https:\/\/nk7-testes.com.br\/agazeta\/\"},{\"@type\":\"ListItem\",\"position\":2,\"name\":\"Parkinson: \u00e9 poss\u00edvel ter melhor qualidade de vida\"}]},{\"@type\":\"WebSite\",\"@id\":\"https:\/\/nk7-testes.com.br\/agazeta\/#website\",\"url\":\"https:\/\/nk7-testes.com.br\/agazeta\/\",\"name\":\"Agazeta.net\",\"description\":\"Agazeta.net - Not\u00edcias de Rio Branco\/AC\",\"potentialAction\":[{\"@type\":\"SearchAction\",\"target\":{\"@type\":\"EntryPoint\",\"urlTemplate\":\"https:\/\/nk7-testes.com.br\/agazeta\/?s={search_term_string}\"},\"query-input\":{\"@type\":\"PropertyValueSpecification\",\"valueRequired\":true,\"valueName\":\"search_term_string\"}}],\"inLanguage\":\"pt-BR\"},{\"@type\":\"Person\",\"@id\":\"https:\/\/nk7-testes.com.br\/agazeta\/#\/schema\/person\/6d6e25cb0435eb4a02fd44d30b4e3020\",\"name\":\"Agazeta.Net\",\"url\":\"https:\/\/nk7-testes.com.br\/agazeta\/author\/agazeta\/\"}]}<\/script>\n<!-- \/ Yoast SEO plugin. -->","yoast_head_json":{"title":"Parkinson: \u00e9 poss\u00edvel ter melhor qualidade de vida - Agazeta.net","robots":{"index":"index","follow":"follow","max-snippet":"max-snippet:-1","max-image-preview":"max-image-preview:large","max-video-preview":"max-video-preview:-1"},"canonical":"https:\/\/nk7-testes.com.br\/agazeta\/parkinson-e-possivel-ter-melhor-qualidade-de-vida\/","og_locale":"pt_BR","og_type":"article","og_title":"Parkinson: \u00e9 poss\u00edvel ter melhor qualidade de vida - Agazeta.net","og_description":"No Acre, profissionais debatem sobre doen\u00e7a","og_url":"https:\/\/nk7-testes.com.br\/agazeta\/parkinson-e-possivel-ter-melhor-qualidade-de-vida\/","og_site_name":"Agazeta.net","article_published_time":"2016-04-11T20:54:53+00:00","og_image":[{"width":458,"height":340,"url":"https:\/\/nk7-testes.com.br\/agazeta\/wp-content\/uploads\/2016\/04\/110416-cotidiano-parkinson-tvgazeta.jpg","type":"image\/jpeg"}],"author":"Agazeta.Net","twitter_card":"summary_large_image","twitter_misc":{"Escrito por":"Agazeta.Net","Est. tempo de leitura":"3 minutos"},"schema":{"@context":"https:\/\/schema.org","@graph":[{"@type":"WebPage","@id":"https:\/\/nk7-testes.com.br\/agazeta\/parkinson-e-possivel-ter-melhor-qualidade-de-vida\/","url":"https:\/\/nk7-testes.com.br\/agazeta\/parkinson-e-possivel-ter-melhor-qualidade-de-vida\/","name":"Parkinson: \u00e9 poss\u00edvel ter melhor qualidade de vida - Agazeta.net","isPartOf":{"@id":"https:\/\/nk7-testes.com.br\/agazeta\/#website"},"primaryImageOfPage":{"@id":"https:\/\/nk7-testes.com.br\/agazeta\/parkinson-e-possivel-ter-melhor-qualidade-de-vida\/#primaryimage"},"image":{"@id":"https:\/\/nk7-testes.com.br\/agazeta\/parkinson-e-possivel-ter-melhor-qualidade-de-vida\/#primaryimage"},"thumbnailUrl":"https:\/\/nk7-testes.com.br\/agazeta\/wp-content\/uploads\/2016\/04\/110416-cotidiano-parkinson-tvgazeta.jpg","datePublished":"2016-04-11T20:54:53+00:00","author":{"@id":"https:\/\/nk7-testes.com.br\/agazeta\/#\/schema\/person\/6d6e25cb0435eb4a02fd44d30b4e3020"},"breadcrumb":{"@id":"https:\/\/nk7-testes.com.br\/agazeta\/parkinson-e-possivel-ter-melhor-qualidade-de-vida\/#breadcrumb"},"inLanguage":"pt-BR","potentialAction":[{"@type":"ReadAction","target":["https:\/\/nk7-testes.com.br\/agazeta\/parkinson-e-possivel-ter-melhor-qualidade-de-vida\/"]}]},{"@type":"ImageObject","inLanguage":"pt-BR","@id":"https:\/\/nk7-testes.com.br\/agazeta\/parkinson-e-possivel-ter-melhor-qualidade-de-vida\/#primaryimage","url":"https:\/\/nk7-testes.com.br\/agazeta\/wp-content\/uploads\/2016\/04\/110416-cotidiano-parkinson-tvgazeta.jpg","contentUrl":"https:\/\/nk7-testes.com.br\/agazeta\/wp-content\/uploads\/2016\/04\/110416-cotidiano-parkinson-tvgazeta.jpg","width":458,"height":340,"caption":"110416-cotidiano-parkinson-tvgazeta"},{"@type":"BreadcrumbList","@id":"https:\/\/nk7-testes.com.br\/agazeta\/parkinson-e-possivel-ter-melhor-qualidade-de-vida\/#breadcrumb","itemListElement":[{"@type":"ListItem","position":1,"name":"In\u00edcio","item":"https:\/\/nk7-testes.com.br\/agazeta\/"},{"@type":"ListItem","position":2,"name":"Parkinson: \u00e9 poss\u00edvel ter melhor qualidade de vida"}]},{"@type":"WebSite","@id":"https:\/\/nk7-testes.com.br\/agazeta\/#website","url":"https:\/\/nk7-testes.com.br\/agazeta\/","name":"Agazeta.net","description":"Agazeta.net - Not\u00edcias de Rio Branco\/AC","potentialAction":[{"@type":"SearchAction","target":{"@type":"EntryPoint","urlTemplate":"https:\/\/nk7-testes.com.br\/agazeta\/?s={search_term_string}"},"query-input":{"@type":"PropertyValueSpecification","valueRequired":true,"valueName":"search_term_string"}}],"inLanguage":"pt-BR"},{"@type":"Person","@id":"https:\/\/nk7-testes.com.br\/agazeta\/#\/schema\/person\/6d6e25cb0435eb4a02fd44d30b4e3020","name":"Agazeta.Net","url":"https:\/\/nk7-testes.com.br\/agazeta\/author\/agazeta\/"}]}},"_links":{"self":[{"href":"https:\/\/nk7-testes.com.br\/agazeta\/wp-json\/wp\/v2\/posts\/22053","targetHints":{"allow":["GET"]}}],"collection":[{"href":"https:\/\/nk7-testes.com.br\/agazeta\/wp-json\/wp\/v2\/posts"}],"about":[{"href":"https:\/\/nk7-testes.com.br\/agazeta\/wp-json\/wp\/v2\/types\/post"}],"author":[{"embeddable":true,"href":"https:\/\/nk7-testes.com.br\/agazeta\/wp-json\/wp\/v2\/users\/4"}],"replies":[{"embeddable":true,"href":"https:\/\/nk7-testes.com.br\/agazeta\/wp-json\/wp\/v2\/comments?post=22053"}],"version-history":[{"count":0,"href":"https:\/\/nk7-testes.com.br\/agazeta\/wp-json\/wp\/v2\/posts\/22053\/revisions"}],"wp:featuredmedia":[{"embeddable":true,"href":"https:\/\/nk7-testes.com.br\/agazeta\/wp-json\/wp\/v2\/media\/22052"}],"wp:attachment":[{"href":"https:\/\/nk7-testes.com.br\/agazeta\/wp-json\/wp\/v2\/media?parent=22053"}],"wp:term":[{"taxonomy":"category","embeddable":true,"href":"https:\/\/nk7-testes.com.br\/agazeta\/wp-json\/wp\/v2\/categories?post=22053"},{"taxonomy":"post_tag","embeddable":true,"href":"https:\/\/nk7-testes.com.br\/agazeta\/wp-json\/wp\/v2\/tags?post=22053"}],"curies":[{"name":"wp","href":"https:\/\/api.w.org\/{rel}","templated":true}]}}