{"id":22049,"date":"2016-04-11T20:15:26","date_gmt":"2016-04-11T20:15:26","guid":{"rendered":"https:\/\/abarevegan.com.br\/index.php\/2016\/04\/11\/um-em-cada-5-brasileiros-consome-doces-em-excesso\/"},"modified":"2016-04-11T20:15:26","modified_gmt":"2016-04-11T20:15:26","slug":"um-em-cada-5-brasileiros-consome-doces-em-excesso","status":"publish","type":"post","link":"https:\/\/nk7-testes.com.br\/agazeta\/um-em-cada-5-brasileiros-consome-doces-em-excesso\/","title":{"rendered":"Um em cada 5 brasileiros consome doces em excesso"},"content":{"rendered":"<p style=\"text-align: justify;\">Modera\u00e7\u00e3o evita fatores de risco para doen\u00e7as cr\u00f4nicas<\/p>\n<p style=\"text-align: justify;\">Segundo pesquisa Vigitel Brasil, a popula\u00e7\u00e3o de Rio Branco consome doces e refrigerantes em excesso. O estudo serve para monitorar fatores de risco para doen\u00e7as cr\u00f4nicas, hoje, respons\u00e1vel por 72% dos \u00f3bitos no pa\u00eds.<\/p>\n<p style=\"text-align: justify;\">Lucas Mortari n\u00e3o toma refrigerante h\u00e1 oito meses. Foi uma orienta\u00e7\u00e3o que recebeu do m\u00e9dico, antes da cirurgia bari\u00e1trica. Com o procedimento, ele perdeu 60 Kg. O jovem m\u00fasico, web design e empres\u00e1rio decidiu pela perda de peso, depois que n\u00e3o tinha mais disposi\u00e7\u00e3o para tantas tarefas di\u00e1rias.<\/p>\n<p style=\"text-align: justify;\">De acordo com ele, retirar os produtos gaseificados do card\u00e1pio foi uma das medidas essenciais, na meta por uma vida mais saud\u00e1vel. \u201cEu tenho mais disposi\u00e7\u00e3o. O refrigerante tira sais minerais por que \u00e9 feito com \u00e1gua com PH zero, ent\u00e3o sem sais minerais\u201d, disse.<\/p>\n<p style=\"text-align: justify;\">Lucas integrava a grande parcela da popula\u00e7\u00e3o de Rio Branco que aprecia doces e refrigerantes. Mesmo com muita gente partindo para a reeduca\u00e7\u00e3o alimentar, o \u00edndice de consumo desses produtos ainda \u00e9 alto.<\/p>\n<p style=\"text-align: justify;\">Segundo dados da pesquisa Vigitel Brasil 2015 (Vigil\u00e2ncia de Fatores de Risco e Prote\u00e7\u00e3o para Doen\u00e7as Cr\u00f4nicas por Inqu\u00e9rito Telef\u00f4nico), divulgada pelo Minist\u00e9rio da Sa\u00fade, um em cada 5 brasileiros consome doces em excesso e 19% bebem refrigerantes cinco vezes ou mais na semana.<\/p>\n<p style=\"text-align: justify;\">De acordo com a pesquisa, feita em todas as capitais, com 54 mil adultos, em Rio Branco, 16,5% dos adultos entrevistados consomem alimentos com a\u00e7\u00facar e 21,1% n\u00e3o abrem m\u00e3o do refrigerante.<\/p>\n<p style=\"text-align: justify;\">O endocrinologista Gil Lucena explica que muitas doen\u00e7as podem estar associadas ao consumo excessivo desses dois alimentos. \u201cO uso excessivo dessas subst\u00e2ncias pode ocasionar complica\u00e7\u00f5es como obesidade, surgimento de diabete tipo 2 em pessoas predispostas e o aumento da press\u00e3o arterial\u201d, disse.<\/p>\n<p style=\"text-align: justify;\">A pesquisa Vigitel monitora fatores de risco para doen\u00e7as cr\u00f4nicas, atualmente respons\u00e1vel por 72% dos \u00f3bitos no pa\u00eds.<\/p>\n<p style=\"text-align: justify;\">Al\u00e9m do a\u00e7\u00facar, o refrigerante, que muitas vezes ganha do suco, devido ao pre\u00e7o mais atrativo entre outras caracter\u00edsticas, merece aten\u00e7\u00e3o do consumidor que preza pela sa\u00fade. \u201cAl\u00e9m do a\u00e7\u00facar, alguns tipos cont\u00e9m alto grau de s\u00f3dio e isso pode acarretar aumento da press\u00e3o arterial\u201d, acrescenta.<\/p>\n<p style=\"text-align: justify;\">Lendo a essa reportagem voc\u00ea deve estar pensando: preciso cortar definitivamente os doces e o refrigerante. Mas trazemos um alento, n\u00f3s n\u00e3o! Na verdade, endocrinologistas aconselham a reduzir a quantidade.<\/p>\n<p style=\"text-align: justify;\">\u201cA orienta\u00e7\u00e3o \u00e9 que fa\u00e7a uso de forma moderada, n\u00e3o s\u00f3 do doce e do refrigerante, mas de maneira geral o consumo moderado de todo grupo alimentar\u201d, completou.<\/p>\n","protected":false},"excerpt":{"rendered":"<p style=\"text-align: justify;\">Modera\u00e7\u00e3o evita fatores de risco para doen\u00e7as cr\u00f4nicas<\/p>\n","protected":false},"author":4,"featured_media":22048,"comment_status":"open","ping_status":"open","sticky":false,"template":"","format":"standard","meta":{"jnews-multi-image_gallery":[],"jnews_single_post":[],"jnews_primary_category":[],"jnews_social_meta":[],"jnews_review":[],"enable_review":"","type":"","name":"","summary":"","brand":"","sku":"","good":[],"bad":[],"score_override":"","override_value":"","rating":[],"price":[],"footnotes":""},"categories":[54],"tags":[],"class_list":["post-22049","post","type-post","status-publish","format-standard","has-post-thumbnail","hentry","category-cotidiano"],"yoast_head":"<!-- This site is optimized with the Yoast SEO plugin v26.5 - https:\/\/yoast.com\/wordpress\/plugins\/seo\/ -->\n<title>Um em cada 5 brasileiros consome doces em excesso - Agazeta.net<\/title>\n<meta name=\"robots\" content=\"index, follow, max-snippet:-1, max-image-preview:large, max-video-preview:-1\" \/>\n<link rel=\"canonical\" href=\"https:\/\/nk7-testes.com.br\/agazeta\/um-em-cada-5-brasileiros-consome-doces-em-excesso\/\" \/>\n<meta property=\"og:locale\" content=\"pt_BR\" \/>\n<meta property=\"og:type\" content=\"article\" \/>\n<meta property=\"og:title\" content=\"Um em cada 5 brasileiros consome doces em excesso - Agazeta.net\" \/>\n<meta property=\"og:description\" content=\"Modera\u00e7\u00e3o evita fatores de risco para doen\u00e7as cr\u00f4nicas\" \/>\n<meta property=\"og:url\" content=\"https:\/\/nk7-testes.com.br\/agazeta\/um-em-cada-5-brasileiros-consome-doces-em-excesso\/\" \/>\n<meta property=\"og:site_name\" content=\"Agazeta.net\" \/>\n<meta property=\"article:published_time\" content=\"2016-04-11T20:15:26+00:00\" \/>\n<meta property=\"og:image\" content=\"https:\/\/nk7-testes.com.br\/agazeta\/wp-content\/uploads\/2016\/04\/110416-cotidiano-doces-tvgazeta2.jpg\" \/>\n\t<meta property=\"og:image:width\" content=\"458\" \/>\n\t<meta property=\"og:image:height\" content=\"340\" \/>\n\t<meta property=\"og:image:type\" content=\"image\/jpeg\" \/>\n<meta name=\"author\" content=\"Agazeta.Net\" \/>\n<meta name=\"twitter:card\" content=\"summary_large_image\" \/>\n<meta name=\"twitter:label1\" content=\"Escrito por\" \/>\n\t<meta name=\"twitter:data1\" content=\"Agazeta.Net\" \/>\n\t<meta name=\"twitter:label2\" content=\"Est. tempo de leitura\" \/>\n\t<meta name=\"twitter:data2\" content=\"2 minutos\" \/>\n<script type=\"application\/ld+json\" class=\"yoast-schema-graph\">{\"@context\":\"https:\/\/schema.org\",\"@graph\":[{\"@type\":\"WebPage\",\"@id\":\"https:\/\/nk7-testes.com.br\/agazeta\/um-em-cada-5-brasileiros-consome-doces-em-excesso\/\",\"url\":\"https:\/\/nk7-testes.com.br\/agazeta\/um-em-cada-5-brasileiros-consome-doces-em-excesso\/\",\"name\":\"Um em cada 5 brasileiros consome doces em excesso - Agazeta.net\",\"isPartOf\":{\"@id\":\"https:\/\/nk7-testes.com.br\/agazeta\/#website\"},\"primaryImageOfPage\":{\"@id\":\"https:\/\/nk7-testes.com.br\/agazeta\/um-em-cada-5-brasileiros-consome-doces-em-excesso\/#primaryimage\"},\"image\":{\"@id\":\"https:\/\/nk7-testes.com.br\/agazeta\/um-em-cada-5-brasileiros-consome-doces-em-excesso\/#primaryimage\"},\"thumbnailUrl\":\"https:\/\/nk7-testes.com.br\/agazeta\/wp-content\/uploads\/2016\/04\/110416-cotidiano-doces-tvgazeta2.jpg\",\"datePublished\":\"2016-04-11T20:15:26+00:00\",\"author\":{\"@id\":\"https:\/\/nk7-testes.com.br\/agazeta\/#\/schema\/person\/6d6e25cb0435eb4a02fd44d30b4e3020\"},\"breadcrumb\":{\"@id\":\"https:\/\/nk7-testes.com.br\/agazeta\/um-em-cada-5-brasileiros-consome-doces-em-excesso\/#breadcrumb\"},\"inLanguage\":\"pt-BR\",\"potentialAction\":[{\"@type\":\"ReadAction\",\"target\":[\"https:\/\/nk7-testes.com.br\/agazeta\/um-em-cada-5-brasileiros-consome-doces-em-excesso\/\"]}]},{\"@type\":\"ImageObject\",\"inLanguage\":\"pt-BR\",\"@id\":\"https:\/\/nk7-testes.com.br\/agazeta\/um-em-cada-5-brasileiros-consome-doces-em-excesso\/#primaryimage\",\"url\":\"https:\/\/nk7-testes.com.br\/agazeta\/wp-content\/uploads\/2016\/04\/110416-cotidiano-doces-tvgazeta2.jpg\",\"contentUrl\":\"https:\/\/nk7-testes.com.br\/agazeta\/wp-content\/uploads\/2016\/04\/110416-cotidiano-doces-tvgazeta2.jpg\",\"width\":458,\"height\":340,\"caption\":\"110416-cotidiano-doces-tvgazeta2\"},{\"@type\":\"BreadcrumbList\",\"@id\":\"https:\/\/nk7-testes.com.br\/agazeta\/um-em-cada-5-brasileiros-consome-doces-em-excesso\/#breadcrumb\",\"itemListElement\":[{\"@type\":\"ListItem\",\"position\":1,\"name\":\"In\u00edcio\",\"item\":\"https:\/\/nk7-testes.com.br\/agazeta\/\"},{\"@type\":\"ListItem\",\"position\":2,\"name\":\"Um em cada 5 brasileiros consome doces em excesso\"}]},{\"@type\":\"WebSite\",\"@id\":\"https:\/\/nk7-testes.com.br\/agazeta\/#website\",\"url\":\"https:\/\/nk7-testes.com.br\/agazeta\/\",\"name\":\"Agazeta.net\",\"description\":\"Agazeta.net - Not\u00edcias de Rio Branco\/AC\",\"potentialAction\":[{\"@type\":\"SearchAction\",\"target\":{\"@type\":\"EntryPoint\",\"urlTemplate\":\"https:\/\/nk7-testes.com.br\/agazeta\/?s={search_term_string}\"},\"query-input\":{\"@type\":\"PropertyValueSpecification\",\"valueRequired\":true,\"valueName\":\"search_term_string\"}}],\"inLanguage\":\"pt-BR\"},{\"@type\":\"Person\",\"@id\":\"https:\/\/nk7-testes.com.br\/agazeta\/#\/schema\/person\/6d6e25cb0435eb4a02fd44d30b4e3020\",\"name\":\"Agazeta.Net\",\"url\":\"https:\/\/nk7-testes.com.br\/agazeta\/author\/agazeta\/\"}]}<\/script>\n<!-- \/ Yoast SEO plugin. -->","yoast_head_json":{"title":"Um em cada 5 brasileiros consome doces em excesso - Agazeta.net","robots":{"index":"index","follow":"follow","max-snippet":"max-snippet:-1","max-image-preview":"max-image-preview:large","max-video-preview":"max-video-preview:-1"},"canonical":"https:\/\/nk7-testes.com.br\/agazeta\/um-em-cada-5-brasileiros-consome-doces-em-excesso\/","og_locale":"pt_BR","og_type":"article","og_title":"Um em cada 5 brasileiros consome doces em excesso - Agazeta.net","og_description":"Modera\u00e7\u00e3o evita fatores de risco para doen\u00e7as cr\u00f4nicas","og_url":"https:\/\/nk7-testes.com.br\/agazeta\/um-em-cada-5-brasileiros-consome-doces-em-excesso\/","og_site_name":"Agazeta.net","article_published_time":"2016-04-11T20:15:26+00:00","og_image":[{"width":458,"height":340,"url":"https:\/\/nk7-testes.com.br\/agazeta\/wp-content\/uploads\/2016\/04\/110416-cotidiano-doces-tvgazeta2.jpg","type":"image\/jpeg"}],"author":"Agazeta.Net","twitter_card":"summary_large_image","twitter_misc":{"Escrito por":"Agazeta.Net","Est. tempo de leitura":"2 minutos"},"schema":{"@context":"https:\/\/schema.org","@graph":[{"@type":"WebPage","@id":"https:\/\/nk7-testes.com.br\/agazeta\/um-em-cada-5-brasileiros-consome-doces-em-excesso\/","url":"https:\/\/nk7-testes.com.br\/agazeta\/um-em-cada-5-brasileiros-consome-doces-em-excesso\/","name":"Um em cada 5 brasileiros consome doces em excesso - Agazeta.net","isPartOf":{"@id":"https:\/\/nk7-testes.com.br\/agazeta\/#website"},"primaryImageOfPage":{"@id":"https:\/\/nk7-testes.com.br\/agazeta\/um-em-cada-5-brasileiros-consome-doces-em-excesso\/#primaryimage"},"image":{"@id":"https:\/\/nk7-testes.com.br\/agazeta\/um-em-cada-5-brasileiros-consome-doces-em-excesso\/#primaryimage"},"thumbnailUrl":"https:\/\/nk7-testes.com.br\/agazeta\/wp-content\/uploads\/2016\/04\/110416-cotidiano-doces-tvgazeta2.jpg","datePublished":"2016-04-11T20:15:26+00:00","author":{"@id":"https:\/\/nk7-testes.com.br\/agazeta\/#\/schema\/person\/6d6e25cb0435eb4a02fd44d30b4e3020"},"breadcrumb":{"@id":"https:\/\/nk7-testes.com.br\/agazeta\/um-em-cada-5-brasileiros-consome-doces-em-excesso\/#breadcrumb"},"inLanguage":"pt-BR","potentialAction":[{"@type":"ReadAction","target":["https:\/\/nk7-testes.com.br\/agazeta\/um-em-cada-5-brasileiros-consome-doces-em-excesso\/"]}]},{"@type":"ImageObject","inLanguage":"pt-BR","@id":"https:\/\/nk7-testes.com.br\/agazeta\/um-em-cada-5-brasileiros-consome-doces-em-excesso\/#primaryimage","url":"https:\/\/nk7-testes.com.br\/agazeta\/wp-content\/uploads\/2016\/04\/110416-cotidiano-doces-tvgazeta2.jpg","contentUrl":"https:\/\/nk7-testes.com.br\/agazeta\/wp-content\/uploads\/2016\/04\/110416-cotidiano-doces-tvgazeta2.jpg","width":458,"height":340,"caption":"110416-cotidiano-doces-tvgazeta2"},{"@type":"BreadcrumbList","@id":"https:\/\/nk7-testes.com.br\/agazeta\/um-em-cada-5-brasileiros-consome-doces-em-excesso\/#breadcrumb","itemListElement":[{"@type":"ListItem","position":1,"name":"In\u00edcio","item":"https:\/\/nk7-testes.com.br\/agazeta\/"},{"@type":"ListItem","position":2,"name":"Um em cada 5 brasileiros consome doces em excesso"}]},{"@type":"WebSite","@id":"https:\/\/nk7-testes.com.br\/agazeta\/#website","url":"https:\/\/nk7-testes.com.br\/agazeta\/","name":"Agazeta.net","description":"Agazeta.net - Not\u00edcias de Rio Branco\/AC","potentialAction":[{"@type":"SearchAction","target":{"@type":"EntryPoint","urlTemplate":"https:\/\/nk7-testes.com.br\/agazeta\/?s={search_term_string}"},"query-input":{"@type":"PropertyValueSpecification","valueRequired":true,"valueName":"search_term_string"}}],"inLanguage":"pt-BR"},{"@type":"Person","@id":"https:\/\/nk7-testes.com.br\/agazeta\/#\/schema\/person\/6d6e25cb0435eb4a02fd44d30b4e3020","name":"Agazeta.Net","url":"https:\/\/nk7-testes.com.br\/agazeta\/author\/agazeta\/"}]}},"_links":{"self":[{"href":"https:\/\/nk7-testes.com.br\/agazeta\/wp-json\/wp\/v2\/posts\/22049","targetHints":{"allow":["GET"]}}],"collection":[{"href":"https:\/\/nk7-testes.com.br\/agazeta\/wp-json\/wp\/v2\/posts"}],"about":[{"href":"https:\/\/nk7-testes.com.br\/agazeta\/wp-json\/wp\/v2\/types\/post"}],"author":[{"embeddable":true,"href":"https:\/\/nk7-testes.com.br\/agazeta\/wp-json\/wp\/v2\/users\/4"}],"replies":[{"embeddable":true,"href":"https:\/\/nk7-testes.com.br\/agazeta\/wp-json\/wp\/v2\/comments?post=22049"}],"version-history":[{"count":0,"href":"https:\/\/nk7-testes.com.br\/agazeta\/wp-json\/wp\/v2\/posts\/22049\/revisions"}],"wp:featuredmedia":[{"embeddable":true,"href":"https:\/\/nk7-testes.com.br\/agazeta\/wp-json\/wp\/v2\/media\/22048"}],"wp:attachment":[{"href":"https:\/\/nk7-testes.com.br\/agazeta\/wp-json\/wp\/v2\/media?parent=22049"}],"wp:term":[{"taxonomy":"category","embeddable":true,"href":"https:\/\/nk7-testes.com.br\/agazeta\/wp-json\/wp\/v2\/categories?post=22049"},{"taxonomy":"post_tag","embeddable":true,"href":"https:\/\/nk7-testes.com.br\/agazeta\/wp-json\/wp\/v2\/tags?post=22049"}],"curies":[{"name":"wp","href":"https:\/\/api.w.org\/{rel}","templated":true}]}}