{"id":22046,"date":"2016-04-11T16:45:03","date_gmt":"2016-04-11T16:45:03","guid":{"rendered":"https:\/\/abarevegan.com.br\/index.php\/2016\/04\/11\/policia-civil-prende-homem-que-matou-o-proprio-irmao\/"},"modified":"2016-04-11T16:45:03","modified_gmt":"2016-04-11T16:45:03","slug":"policia-civil-prende-homem-que-matou-o-proprio-irmao","status":"publish","type":"post","link":"https:\/\/nk7-testes.com.br\/agazeta\/policia-civil-prende-homem-que-matou-o-proprio-irmao\/","title":{"rendered":"Pol\u00edcia Civil prende homem que matou o pr\u00f3prio irm\u00e3o"},"content":{"rendered":"<p style=\"text-align: justify;\">Crime aconteceu no munic\u00edpio de Tarauac\u00e1<\/p>\n<p style=\"text-align: justify;\">A Policia Civil prendeu no munic\u00edpio de Tarauac\u00e1 na madrugada deste domingo (1) Jos\u00e9 Augusto Nascimento dos Santos, 20 anos, suspeito de cometer homic\u00eddio contra o pr\u00f3prio irm\u00e3o, Francisco de Assis dos Santos, 22, com uma facada no abd\u00f4men.<\/p>\n<p style=\"text-align: justify;\">O crime ocorreu nas proximidades de uma casa noturna, localizada na Rua Jo\u00e3o de Paiva, periferia de Tarauac\u00e1, onde os irm\u00e3os consumiam bebida alco\u00f3lica, e ap\u00f3s uma discuss\u00e3o banal, Jos\u00e9 Augusto, de posse de uma faca desferiu um golpe no abd\u00f4men de Assis que, mesmo recebendo atendimento m\u00e9dico no local, n\u00e3o resistiu aos ferimentos veio a \u00f3bito.<\/p>\n<p style=\"text-align: justify;\">Ao tomar conhecimento do fato, \u00e0 Pol\u00edcia Civil montou equipes de buscas e conseguiu prender Jos\u00e9 Augusto em flagrante quando ele tentava se evadir do local. \u201cFoi uma a\u00e7\u00e3o r\u00e1pida da Pol\u00edcia Civil onde conseguimos prender o acusado, minutos depois dele ter cometido o homic\u00eddio. Esse \u00e9 um caso isolado, mas a Pol\u00edcia Civil tem obtido \u00eaxito em suas a\u00e7\u00f5es no sentido de coibir todo e qualquer tipo de crime na cidade e vamos continuar trabalhando para manter a ordem em nosso munic\u00edpio\u201d, destacou o delegado Obeth\u00e2nio.<\/p>\n<p style=\"text-align: justify;\">Ap\u00f3s o flagrante Jos\u00e9 foi encaminhado para a unidade penitenci\u00e1ria de Tarauac\u00e1 onde permanecer\u00e1 \u00e0 disposi\u00e7\u00e3o da justi\u00e7a.<\/p>\n","protected":false},"excerpt":{"rendered":"<p style=\"text-align: justify;\">Crime aconteceu no munic\u00edpio de Tarauac\u00e1<\/p>\n","protected":false},"author":4,"featured_media":22045,"comment_status":"open","ping_status":"open","sticky":false,"template":"","format":"standard","meta":{"jnews-multi-image_gallery":[],"jnews_single_post":[],"jnews_primary_category":[],"jnews_social_meta":[],"jnews_review":[],"enable_review":"","type":"","name":"","summary":"","brand":"","sku":"","good":[],"bad":[],"score_override":"","override_value":"","rating":[],"price":[],"footnotes":""},"categories":[44],"tags":[],"class_list":["post-22046","post","type-post","status-publish","format-standard","has-post-thumbnail","hentry","category-policia"],"yoast_head":"<!-- This site is optimized with the Yoast SEO plugin v26.5 - https:\/\/yoast.com\/wordpress\/plugins\/seo\/ -->\n<title>Pol\u00edcia Civil prende homem que matou o pr\u00f3prio irm\u00e3o - Agazeta.net<\/title>\n<meta name=\"robots\" content=\"index, follow, max-snippet:-1, max-image-preview:large, max-video-preview:-1\" \/>\n<link rel=\"canonical\" href=\"https:\/\/nk7-testes.com.br\/agazeta\/policia-civil-prende-homem-que-matou-o-proprio-irmao\/\" \/>\n<meta property=\"og:locale\" content=\"pt_BR\" \/>\n<meta property=\"og:type\" content=\"article\" \/>\n<meta property=\"og:title\" content=\"Pol\u00edcia Civil prende homem que matou o pr\u00f3prio irm\u00e3o - Agazeta.net\" \/>\n<meta property=\"og:description\" content=\"Crime aconteceu no munic\u00edpio de Tarauac\u00e1\" \/>\n<meta property=\"og:url\" content=\"https:\/\/nk7-testes.com.br\/agazeta\/policia-civil-prende-homem-que-matou-o-proprio-irmao\/\" \/>\n<meta property=\"og:site_name\" content=\"Agazeta.net\" \/>\n<meta property=\"article:published_time\" content=\"2016-04-11T16:45:03+00:00\" \/>\n<meta property=\"og:image\" content=\"https:\/\/nk7-testes.com.br\/agazeta\/wp-content\/uploads\/2016\/04\/110416-policia-homemmatairmao.jpg\" \/>\n\t<meta property=\"og:image:width\" content=\"458\" \/>\n\t<meta property=\"og:image:height\" content=\"340\" \/>\n\t<meta property=\"og:image:type\" content=\"image\/jpeg\" \/>\n<meta name=\"author\" content=\"Agazeta.Net\" \/>\n<meta name=\"twitter:card\" content=\"summary_large_image\" \/>\n<meta name=\"twitter:label1\" content=\"Escrito por\" \/>\n\t<meta name=\"twitter:data1\" content=\"Agazeta.Net\" \/>\n\t<meta name=\"twitter:label2\" content=\"Est. tempo de leitura\" \/>\n\t<meta name=\"twitter:data2\" content=\"1 minuto\" \/>\n<script type=\"application\/ld+json\" class=\"yoast-schema-graph\">{\"@context\":\"https:\/\/schema.org\",\"@graph\":[{\"@type\":\"WebPage\",\"@id\":\"https:\/\/nk7-testes.com.br\/agazeta\/policia-civil-prende-homem-que-matou-o-proprio-irmao\/\",\"url\":\"https:\/\/nk7-testes.com.br\/agazeta\/policia-civil-prende-homem-que-matou-o-proprio-irmao\/\",\"name\":\"Pol\u00edcia Civil prende homem que matou o pr\u00f3prio irm\u00e3o - Agazeta.net\",\"isPartOf\":{\"@id\":\"https:\/\/nk7-testes.com.br\/agazeta\/#website\"},\"primaryImageOfPage\":{\"@id\":\"https:\/\/nk7-testes.com.br\/agazeta\/policia-civil-prende-homem-que-matou-o-proprio-irmao\/#primaryimage\"},\"image\":{\"@id\":\"https:\/\/nk7-testes.com.br\/agazeta\/policia-civil-prende-homem-que-matou-o-proprio-irmao\/#primaryimage\"},\"thumbnailUrl\":\"https:\/\/nk7-testes.com.br\/agazeta\/wp-content\/uploads\/2016\/04\/110416-policia-homemmatairmao.jpg\",\"datePublished\":\"2016-04-11T16:45:03+00:00\",\"author\":{\"@id\":\"https:\/\/nk7-testes.com.br\/agazeta\/#\/schema\/person\/6d6e25cb0435eb4a02fd44d30b4e3020\"},\"breadcrumb\":{\"@id\":\"https:\/\/nk7-testes.com.br\/agazeta\/policia-civil-prende-homem-que-matou-o-proprio-irmao\/#breadcrumb\"},\"inLanguage\":\"pt-BR\",\"potentialAction\":[{\"@type\":\"ReadAction\",\"target\":[\"https:\/\/nk7-testes.com.br\/agazeta\/policia-civil-prende-homem-que-matou-o-proprio-irmao\/\"]}]},{\"@type\":\"ImageObject\",\"inLanguage\":\"pt-BR\",\"@id\":\"https:\/\/nk7-testes.com.br\/agazeta\/policia-civil-prende-homem-que-matou-o-proprio-irmao\/#primaryimage\",\"url\":\"https:\/\/nk7-testes.com.br\/agazeta\/wp-content\/uploads\/2016\/04\/110416-policia-homemmatairmao.jpg\",\"contentUrl\":\"https:\/\/nk7-testes.com.br\/agazeta\/wp-content\/uploads\/2016\/04\/110416-policia-homemmatairmao.jpg\",\"width\":458,\"height\":340,\"caption\":\"110416-policia-homemmatairmao\"},{\"@type\":\"BreadcrumbList\",\"@id\":\"https:\/\/nk7-testes.com.br\/agazeta\/policia-civil-prende-homem-que-matou-o-proprio-irmao\/#breadcrumb\",\"itemListElement\":[{\"@type\":\"ListItem\",\"position\":1,\"name\":\"In\u00edcio\",\"item\":\"https:\/\/nk7-testes.com.br\/agazeta\/\"},{\"@type\":\"ListItem\",\"position\":2,\"name\":\"Pol\u00edcia Civil prende homem que matou o pr\u00f3prio irm\u00e3o\"}]},{\"@type\":\"WebSite\",\"@id\":\"https:\/\/nk7-testes.com.br\/agazeta\/#website\",\"url\":\"https:\/\/nk7-testes.com.br\/agazeta\/\",\"name\":\"Agazeta.net\",\"description\":\"Agazeta.net - Not\u00edcias de Rio Branco\/AC\",\"potentialAction\":[{\"@type\":\"SearchAction\",\"target\":{\"@type\":\"EntryPoint\",\"urlTemplate\":\"https:\/\/nk7-testes.com.br\/agazeta\/?s={search_term_string}\"},\"query-input\":{\"@type\":\"PropertyValueSpecification\",\"valueRequired\":true,\"valueName\":\"search_term_string\"}}],\"inLanguage\":\"pt-BR\"},{\"@type\":\"Person\",\"@id\":\"https:\/\/nk7-testes.com.br\/agazeta\/#\/schema\/person\/6d6e25cb0435eb4a02fd44d30b4e3020\",\"name\":\"Agazeta.Net\",\"url\":\"https:\/\/nk7-testes.com.br\/agazeta\/author\/agazeta\/\"}]}<\/script>\n<!-- \/ Yoast SEO plugin. -->","yoast_head_json":{"title":"Pol\u00edcia Civil prende homem que matou o pr\u00f3prio irm\u00e3o - Agazeta.net","robots":{"index":"index","follow":"follow","max-snippet":"max-snippet:-1","max-image-preview":"max-image-preview:large","max-video-preview":"max-video-preview:-1"},"canonical":"https:\/\/nk7-testes.com.br\/agazeta\/policia-civil-prende-homem-que-matou-o-proprio-irmao\/","og_locale":"pt_BR","og_type":"article","og_title":"Pol\u00edcia Civil prende homem que matou o pr\u00f3prio irm\u00e3o - Agazeta.net","og_description":"Crime aconteceu no munic\u00edpio de Tarauac\u00e1","og_url":"https:\/\/nk7-testes.com.br\/agazeta\/policia-civil-prende-homem-que-matou-o-proprio-irmao\/","og_site_name":"Agazeta.net","article_published_time":"2016-04-11T16:45:03+00:00","og_image":[{"width":458,"height":340,"url":"https:\/\/nk7-testes.com.br\/agazeta\/wp-content\/uploads\/2016\/04\/110416-policia-homemmatairmao.jpg","type":"image\/jpeg"}],"author":"Agazeta.Net","twitter_card":"summary_large_image","twitter_misc":{"Escrito por":"Agazeta.Net","Est. tempo de leitura":"1 minuto"},"schema":{"@context":"https:\/\/schema.org","@graph":[{"@type":"WebPage","@id":"https:\/\/nk7-testes.com.br\/agazeta\/policia-civil-prende-homem-que-matou-o-proprio-irmao\/","url":"https:\/\/nk7-testes.com.br\/agazeta\/policia-civil-prende-homem-que-matou-o-proprio-irmao\/","name":"Pol\u00edcia Civil prende homem que matou o pr\u00f3prio irm\u00e3o - Agazeta.net","isPartOf":{"@id":"https:\/\/nk7-testes.com.br\/agazeta\/#website"},"primaryImageOfPage":{"@id":"https:\/\/nk7-testes.com.br\/agazeta\/policia-civil-prende-homem-que-matou-o-proprio-irmao\/#primaryimage"},"image":{"@id":"https:\/\/nk7-testes.com.br\/agazeta\/policia-civil-prende-homem-que-matou-o-proprio-irmao\/#primaryimage"},"thumbnailUrl":"https:\/\/nk7-testes.com.br\/agazeta\/wp-content\/uploads\/2016\/04\/110416-policia-homemmatairmao.jpg","datePublished":"2016-04-11T16:45:03+00:00","author":{"@id":"https:\/\/nk7-testes.com.br\/agazeta\/#\/schema\/person\/6d6e25cb0435eb4a02fd44d30b4e3020"},"breadcrumb":{"@id":"https:\/\/nk7-testes.com.br\/agazeta\/policia-civil-prende-homem-que-matou-o-proprio-irmao\/#breadcrumb"},"inLanguage":"pt-BR","potentialAction":[{"@type":"ReadAction","target":["https:\/\/nk7-testes.com.br\/agazeta\/policia-civil-prende-homem-que-matou-o-proprio-irmao\/"]}]},{"@type":"ImageObject","inLanguage":"pt-BR","@id":"https:\/\/nk7-testes.com.br\/agazeta\/policia-civil-prende-homem-que-matou-o-proprio-irmao\/#primaryimage","url":"https:\/\/nk7-testes.com.br\/agazeta\/wp-content\/uploads\/2016\/04\/110416-policia-homemmatairmao.jpg","contentUrl":"https:\/\/nk7-testes.com.br\/agazeta\/wp-content\/uploads\/2016\/04\/110416-policia-homemmatairmao.jpg","width":458,"height":340,"caption":"110416-policia-homemmatairmao"},{"@type":"BreadcrumbList","@id":"https:\/\/nk7-testes.com.br\/agazeta\/policia-civil-prende-homem-que-matou-o-proprio-irmao\/#breadcrumb","itemListElement":[{"@type":"ListItem","position":1,"name":"In\u00edcio","item":"https:\/\/nk7-testes.com.br\/agazeta\/"},{"@type":"ListItem","position":2,"name":"Pol\u00edcia Civil prende homem que matou o pr\u00f3prio irm\u00e3o"}]},{"@type":"WebSite","@id":"https:\/\/nk7-testes.com.br\/agazeta\/#website","url":"https:\/\/nk7-testes.com.br\/agazeta\/","name":"Agazeta.net","description":"Agazeta.net - Not\u00edcias de Rio Branco\/AC","potentialAction":[{"@type":"SearchAction","target":{"@type":"EntryPoint","urlTemplate":"https:\/\/nk7-testes.com.br\/agazeta\/?s={search_term_string}"},"query-input":{"@type":"PropertyValueSpecification","valueRequired":true,"valueName":"search_term_string"}}],"inLanguage":"pt-BR"},{"@type":"Person","@id":"https:\/\/nk7-testes.com.br\/agazeta\/#\/schema\/person\/6d6e25cb0435eb4a02fd44d30b4e3020","name":"Agazeta.Net","url":"https:\/\/nk7-testes.com.br\/agazeta\/author\/agazeta\/"}]}},"_links":{"self":[{"href":"https:\/\/nk7-testes.com.br\/agazeta\/wp-json\/wp\/v2\/posts\/22046","targetHints":{"allow":["GET"]}}],"collection":[{"href":"https:\/\/nk7-testes.com.br\/agazeta\/wp-json\/wp\/v2\/posts"}],"about":[{"href":"https:\/\/nk7-testes.com.br\/agazeta\/wp-json\/wp\/v2\/types\/post"}],"author":[{"embeddable":true,"href":"https:\/\/nk7-testes.com.br\/agazeta\/wp-json\/wp\/v2\/users\/4"}],"replies":[{"embeddable":true,"href":"https:\/\/nk7-testes.com.br\/agazeta\/wp-json\/wp\/v2\/comments?post=22046"}],"version-history":[{"count":0,"href":"https:\/\/nk7-testes.com.br\/agazeta\/wp-json\/wp\/v2\/posts\/22046\/revisions"}],"wp:featuredmedia":[{"embeddable":true,"href":"https:\/\/nk7-testes.com.br\/agazeta\/wp-json\/wp\/v2\/media\/22045"}],"wp:attachment":[{"href":"https:\/\/nk7-testes.com.br\/agazeta\/wp-json\/wp\/v2\/media?parent=22046"}],"wp:term":[{"taxonomy":"category","embeddable":true,"href":"https:\/\/nk7-testes.com.br\/agazeta\/wp-json\/wp\/v2\/categories?post=22046"},{"taxonomy":"post_tag","embeddable":true,"href":"https:\/\/nk7-testes.com.br\/agazeta\/wp-json\/wp\/v2\/tags?post=22046"}],"curies":[{"name":"wp","href":"https:\/\/api.w.org\/{rel}","templated":true}]}}