{"id":22034,"date":"2016-04-11T00:31:13","date_gmt":"2016-04-11T00:31:13","guid":{"rendered":"https:\/\/abarevegan.com.br\/index.php\/2016\/04\/11\/maniaco-do-terminal-e-preso-em-flagrante\/"},"modified":"2016-04-11T00:31:13","modified_gmt":"2016-04-11T00:31:13","slug":"maniaco-do-terminal-e-preso-em-flagrante","status":"publish","type":"post","link":"https:\/\/nk7-testes.com.br\/agazeta\/maniaco-do-terminal-e-preso-em-flagrante\/","title":{"rendered":"Man\u00edaco do Terminal \u00e9 preso em flagrante"},"content":{"rendered":"<p style=\"text-align: justify;\">Jovem tinha 31 v\u00eddeos de mulheres que esperavam \u00f4nibus<\/p>\n<p style=\"text-align: justify;\">O catarinense Diego Fernandes, 29, foi cercado por populares e preso no final da manh\u00e3 de s\u00e1bado quando filmava, escondido, as partes \u00edntimas de mulheres que esperavam \u00f4nibus no Terminal Urbano de Rio Branco.<\/p>\n<p style=\"text-align: justify;\">Para esconder a m\u00e1quina fotogr\u00e1fica digital, ao filmar as v\u00edtimas, ele andava com uma bolsa de barraca de acampamento e, atrav\u00e9s de um buraco feito na bolsa, conseguia filmar as partes \u00edntimas das mulheres.<\/p>\n<p style=\"text-align: justify;\">Ao escolher a v\u00edtima, o jovem colocava a bolsa no ch\u00e3o bem pr\u00f3ximo das pernas da mulher. Ao ser flagrado por populares, foi cercado e preso por policiais militares ainda dentro do Terminal Urbano.<\/p>\n<p style=\"text-align: justify;\">Com o suspeito, foi apreendida uma c\u00e2mera fotogr\u00e1fica digital com 31 v\u00eddeos. A maioria de mulheres era do Terminal Urbano. Encaminhado \u00e0 Delegacia de Flagrantes, o catarinense vai responder por importuna\u00e7\u00e3o ofensiva ao pudor.<\/p>\n","protected":false},"excerpt":{"rendered":"<p style=\"text-align: justify;\">Jovem tinha 31 v\u00eddeos de mulheres que esperavam \u00f4nibus<\/p>\n","protected":false},"author":4,"featured_media":22033,"comment_status":"open","ping_status":"open","sticky":false,"template":"","format":"standard","meta":{"jnews-multi-image_gallery":[],"jnews_single_post":[],"jnews_primary_category":[],"jnews_social_meta":[],"jnews_review":[],"enable_review":"","type":"","name":"","summary":"","brand":"","sku":"","good":[],"bad":[],"score_override":"","override_value":"","rating":[],"price":[],"footnotes":""},"categories":[44],"tags":[],"class_list":["post-22034","post","type-post","status-publish","format-standard","has-post-thumbnail","hentry","category-policia"],"yoast_head":"<!-- This site is optimized with the Yoast SEO plugin v26.5 - https:\/\/yoast.com\/wordpress\/plugins\/seo\/ -->\n<title>Man\u00edaco do Terminal \u00e9 preso em flagrante - Agazeta.net<\/title>\n<meta name=\"robots\" content=\"index, follow, max-snippet:-1, max-image-preview:large, max-video-preview:-1\" \/>\n<link rel=\"canonical\" href=\"https:\/\/nk7-testes.com.br\/agazeta\/maniaco-do-terminal-e-preso-em-flagrante\/\" \/>\n<meta property=\"og:locale\" content=\"pt_BR\" \/>\n<meta property=\"og:type\" content=\"article\" \/>\n<meta property=\"og:title\" content=\"Man\u00edaco do Terminal \u00e9 preso em flagrante - Agazeta.net\" \/>\n<meta property=\"og:description\" content=\"Jovem tinha 31 v\u00eddeos de mulheres que esperavam \u00f4nibus\" \/>\n<meta property=\"og:url\" content=\"https:\/\/nk7-testes.com.br\/agazeta\/maniaco-do-terminal-e-preso-em-flagrante\/\" \/>\n<meta property=\"og:site_name\" content=\"Agazeta.net\" \/>\n<meta property=\"article:published_time\" content=\"2016-04-11T00:31:13+00:00\" \/>\n<meta property=\"og:image\" content=\"https:\/\/nk7-testes.com.br\/agazeta\/wp-content\/uploads\/2016\/04\/100416-policia-cameraescondida-cedida2.jpg\" \/>\n\t<meta property=\"og:image:width\" content=\"458\" \/>\n\t<meta property=\"og:image:height\" content=\"340\" \/>\n\t<meta property=\"og:image:type\" content=\"image\/jpeg\" \/>\n<meta name=\"author\" content=\"Agazeta.Net\" \/>\n<meta name=\"twitter:card\" content=\"summary_large_image\" \/>\n<meta name=\"twitter:label1\" content=\"Escrito por\" \/>\n\t<meta name=\"twitter:data1\" content=\"Agazeta.Net\" \/>\n\t<meta name=\"twitter:label2\" content=\"Est. tempo de leitura\" \/>\n\t<meta name=\"twitter:data2\" content=\"1 minuto\" \/>\n<script type=\"application\/ld+json\" class=\"yoast-schema-graph\">{\"@context\":\"https:\/\/schema.org\",\"@graph\":[{\"@type\":\"WebPage\",\"@id\":\"https:\/\/nk7-testes.com.br\/agazeta\/maniaco-do-terminal-e-preso-em-flagrante\/\",\"url\":\"https:\/\/nk7-testes.com.br\/agazeta\/maniaco-do-terminal-e-preso-em-flagrante\/\",\"name\":\"Man\u00edaco do Terminal \u00e9 preso em flagrante - Agazeta.net\",\"isPartOf\":{\"@id\":\"https:\/\/nk7-testes.com.br\/agazeta\/#website\"},\"primaryImageOfPage\":{\"@id\":\"https:\/\/nk7-testes.com.br\/agazeta\/maniaco-do-terminal-e-preso-em-flagrante\/#primaryimage\"},\"image\":{\"@id\":\"https:\/\/nk7-testes.com.br\/agazeta\/maniaco-do-terminal-e-preso-em-flagrante\/#primaryimage\"},\"thumbnailUrl\":\"https:\/\/nk7-testes.com.br\/agazeta\/wp-content\/uploads\/2016\/04\/100416-policia-cameraescondida-cedida2.jpg\",\"datePublished\":\"2016-04-11T00:31:13+00:00\",\"author\":{\"@id\":\"https:\/\/nk7-testes.com.br\/agazeta\/#\/schema\/person\/6d6e25cb0435eb4a02fd44d30b4e3020\"},\"breadcrumb\":{\"@id\":\"https:\/\/nk7-testes.com.br\/agazeta\/maniaco-do-terminal-e-preso-em-flagrante\/#breadcrumb\"},\"inLanguage\":\"pt-BR\",\"potentialAction\":[{\"@type\":\"ReadAction\",\"target\":[\"https:\/\/nk7-testes.com.br\/agazeta\/maniaco-do-terminal-e-preso-em-flagrante\/\"]}]},{\"@type\":\"ImageObject\",\"inLanguage\":\"pt-BR\",\"@id\":\"https:\/\/nk7-testes.com.br\/agazeta\/maniaco-do-terminal-e-preso-em-flagrante\/#primaryimage\",\"url\":\"https:\/\/nk7-testes.com.br\/agazeta\/wp-content\/uploads\/2016\/04\/100416-policia-cameraescondida-cedida2.jpg\",\"contentUrl\":\"https:\/\/nk7-testes.com.br\/agazeta\/wp-content\/uploads\/2016\/04\/100416-policia-cameraescondida-cedida2.jpg\",\"width\":458,\"height\":340,\"caption\":\"100416-policia-cameraescondida-cedida2\"},{\"@type\":\"BreadcrumbList\",\"@id\":\"https:\/\/nk7-testes.com.br\/agazeta\/maniaco-do-terminal-e-preso-em-flagrante\/#breadcrumb\",\"itemListElement\":[{\"@type\":\"ListItem\",\"position\":1,\"name\":\"In\u00edcio\",\"item\":\"https:\/\/nk7-testes.com.br\/agazeta\/\"},{\"@type\":\"ListItem\",\"position\":2,\"name\":\"Man\u00edaco do Terminal \u00e9 preso em flagrante\"}]},{\"@type\":\"WebSite\",\"@id\":\"https:\/\/nk7-testes.com.br\/agazeta\/#website\",\"url\":\"https:\/\/nk7-testes.com.br\/agazeta\/\",\"name\":\"Agazeta.net\",\"description\":\"Agazeta.net - Not\u00edcias de Rio Branco\/AC\",\"potentialAction\":[{\"@type\":\"SearchAction\",\"target\":{\"@type\":\"EntryPoint\",\"urlTemplate\":\"https:\/\/nk7-testes.com.br\/agazeta\/?s={search_term_string}\"},\"query-input\":{\"@type\":\"PropertyValueSpecification\",\"valueRequired\":true,\"valueName\":\"search_term_string\"}}],\"inLanguage\":\"pt-BR\"},{\"@type\":\"Person\",\"@id\":\"https:\/\/nk7-testes.com.br\/agazeta\/#\/schema\/person\/6d6e25cb0435eb4a02fd44d30b4e3020\",\"name\":\"Agazeta.Net\",\"url\":\"https:\/\/nk7-testes.com.br\/agazeta\/author\/agazeta\/\"}]}<\/script>\n<!-- \/ Yoast SEO plugin. -->","yoast_head_json":{"title":"Man\u00edaco do Terminal \u00e9 preso em flagrante - Agazeta.net","robots":{"index":"index","follow":"follow","max-snippet":"max-snippet:-1","max-image-preview":"max-image-preview:large","max-video-preview":"max-video-preview:-1"},"canonical":"https:\/\/nk7-testes.com.br\/agazeta\/maniaco-do-terminal-e-preso-em-flagrante\/","og_locale":"pt_BR","og_type":"article","og_title":"Man\u00edaco do Terminal \u00e9 preso em flagrante - Agazeta.net","og_description":"Jovem tinha 31 v\u00eddeos de mulheres que esperavam \u00f4nibus","og_url":"https:\/\/nk7-testes.com.br\/agazeta\/maniaco-do-terminal-e-preso-em-flagrante\/","og_site_name":"Agazeta.net","article_published_time":"2016-04-11T00:31:13+00:00","og_image":[{"width":458,"height":340,"url":"https:\/\/nk7-testes.com.br\/agazeta\/wp-content\/uploads\/2016\/04\/100416-policia-cameraescondida-cedida2.jpg","type":"image\/jpeg"}],"author":"Agazeta.Net","twitter_card":"summary_large_image","twitter_misc":{"Escrito por":"Agazeta.Net","Est. tempo de leitura":"1 minuto"},"schema":{"@context":"https:\/\/schema.org","@graph":[{"@type":"WebPage","@id":"https:\/\/nk7-testes.com.br\/agazeta\/maniaco-do-terminal-e-preso-em-flagrante\/","url":"https:\/\/nk7-testes.com.br\/agazeta\/maniaco-do-terminal-e-preso-em-flagrante\/","name":"Man\u00edaco do Terminal \u00e9 preso em flagrante - Agazeta.net","isPartOf":{"@id":"https:\/\/nk7-testes.com.br\/agazeta\/#website"},"primaryImageOfPage":{"@id":"https:\/\/nk7-testes.com.br\/agazeta\/maniaco-do-terminal-e-preso-em-flagrante\/#primaryimage"},"image":{"@id":"https:\/\/nk7-testes.com.br\/agazeta\/maniaco-do-terminal-e-preso-em-flagrante\/#primaryimage"},"thumbnailUrl":"https:\/\/nk7-testes.com.br\/agazeta\/wp-content\/uploads\/2016\/04\/100416-policia-cameraescondida-cedida2.jpg","datePublished":"2016-04-11T00:31:13+00:00","author":{"@id":"https:\/\/nk7-testes.com.br\/agazeta\/#\/schema\/person\/6d6e25cb0435eb4a02fd44d30b4e3020"},"breadcrumb":{"@id":"https:\/\/nk7-testes.com.br\/agazeta\/maniaco-do-terminal-e-preso-em-flagrante\/#breadcrumb"},"inLanguage":"pt-BR","potentialAction":[{"@type":"ReadAction","target":["https:\/\/nk7-testes.com.br\/agazeta\/maniaco-do-terminal-e-preso-em-flagrante\/"]}]},{"@type":"ImageObject","inLanguage":"pt-BR","@id":"https:\/\/nk7-testes.com.br\/agazeta\/maniaco-do-terminal-e-preso-em-flagrante\/#primaryimage","url":"https:\/\/nk7-testes.com.br\/agazeta\/wp-content\/uploads\/2016\/04\/100416-policia-cameraescondida-cedida2.jpg","contentUrl":"https:\/\/nk7-testes.com.br\/agazeta\/wp-content\/uploads\/2016\/04\/100416-policia-cameraescondida-cedida2.jpg","width":458,"height":340,"caption":"100416-policia-cameraescondida-cedida2"},{"@type":"BreadcrumbList","@id":"https:\/\/nk7-testes.com.br\/agazeta\/maniaco-do-terminal-e-preso-em-flagrante\/#breadcrumb","itemListElement":[{"@type":"ListItem","position":1,"name":"In\u00edcio","item":"https:\/\/nk7-testes.com.br\/agazeta\/"},{"@type":"ListItem","position":2,"name":"Man\u00edaco do Terminal \u00e9 preso em flagrante"}]},{"@type":"WebSite","@id":"https:\/\/nk7-testes.com.br\/agazeta\/#website","url":"https:\/\/nk7-testes.com.br\/agazeta\/","name":"Agazeta.net","description":"Agazeta.net - Not\u00edcias de Rio Branco\/AC","potentialAction":[{"@type":"SearchAction","target":{"@type":"EntryPoint","urlTemplate":"https:\/\/nk7-testes.com.br\/agazeta\/?s={search_term_string}"},"query-input":{"@type":"PropertyValueSpecification","valueRequired":true,"valueName":"search_term_string"}}],"inLanguage":"pt-BR"},{"@type":"Person","@id":"https:\/\/nk7-testes.com.br\/agazeta\/#\/schema\/person\/6d6e25cb0435eb4a02fd44d30b4e3020","name":"Agazeta.Net","url":"https:\/\/nk7-testes.com.br\/agazeta\/author\/agazeta\/"}]}},"_links":{"self":[{"href":"https:\/\/nk7-testes.com.br\/agazeta\/wp-json\/wp\/v2\/posts\/22034","targetHints":{"allow":["GET"]}}],"collection":[{"href":"https:\/\/nk7-testes.com.br\/agazeta\/wp-json\/wp\/v2\/posts"}],"about":[{"href":"https:\/\/nk7-testes.com.br\/agazeta\/wp-json\/wp\/v2\/types\/post"}],"author":[{"embeddable":true,"href":"https:\/\/nk7-testes.com.br\/agazeta\/wp-json\/wp\/v2\/users\/4"}],"replies":[{"embeddable":true,"href":"https:\/\/nk7-testes.com.br\/agazeta\/wp-json\/wp\/v2\/comments?post=22034"}],"version-history":[{"count":0,"href":"https:\/\/nk7-testes.com.br\/agazeta\/wp-json\/wp\/v2\/posts\/22034\/revisions"}],"wp:featuredmedia":[{"embeddable":true,"href":"https:\/\/nk7-testes.com.br\/agazeta\/wp-json\/wp\/v2\/media\/22033"}],"wp:attachment":[{"href":"https:\/\/nk7-testes.com.br\/agazeta\/wp-json\/wp\/v2\/media?parent=22034"}],"wp:term":[{"taxonomy":"category","embeddable":true,"href":"https:\/\/nk7-testes.com.br\/agazeta\/wp-json\/wp\/v2\/categories?post=22034"},{"taxonomy":"post_tag","embeddable":true,"href":"https:\/\/nk7-testes.com.br\/agazeta\/wp-json\/wp\/v2\/tags?post=22034"}],"curies":[{"name":"wp","href":"https:\/\/api.w.org\/{rel}","templated":true}]}}