{"id":22003,"date":"2016-04-09T17:41:04","date_gmt":"2016-04-09T17:41:04","guid":{"rendered":"https:\/\/abarevegan.com.br\/index.php\/2016\/04\/09\/grupo-recol-forma-gestores-pelo-instituto-aquila\/"},"modified":"2016-04-09T17:41:04","modified_gmt":"2016-04-09T17:41:04","slug":"grupo-recol-forma-gestores-pelo-instituto-aquila","status":"publish","type":"post","link":"https:\/\/nk7-testes.com.br\/agazeta\/grupo-recol-forma-gestores-pelo-instituto-aquila\/","title":{"rendered":"Grupo Recol forma gestores pelo Instituto \u00c1quila"},"content":{"rendered":"<p style=\"text-align: justify;\">65 profissionais reestruturam processo interno<\/p>\n<p style=\"text-align: justify;\">O Grupo Recol concluiu a forma\u00e7\u00e3o de 65 gestores das unidades de Cuiab\u00e1, Porto Velho e Rio Branco pelo selo do prestigiado Instituto \u00c1quila, de Minas Gerais. Quatro \u00e1res da gest\u00e3o foram priorizadas: vendas, administra\u00e7\u00e3o, financeira e log\u00edstica.<\/p>\n<p style=\"text-align: justify;\">O empres\u00e1rio Marcelo Moura decidiu rever os procedimentos internos da empresa. Fez contato com a \u00fanica empresa multinacional com origem no Brasil e atua\u00e7\u00e3o em 15 pa\u00edses. A decis\u00e3o foi colocada em pr\u00e1tica ainda no ano passado com a execu\u00e7\u00e3o do Projeto Renovar.<\/p>\n<p style=\"text-align: justify;\">\u201cAvaliamos que precis\u00e1vamos aperfei\u00e7oar o nosso sistema de gest\u00e3o e, para isso, era necess\u00e1rio investir mais ainda em qualifica\u00e7\u00e3o e forma\u00e7\u00e3o dos nossos profissionais em \u00e1reas estrat\u00e9gicas\u201d, relata o gerente do Projeto Renovar e consultor da Recol, Jo\u00e3o Evangelista Caldas.<\/p>\n<p style=\"text-align: justify;\">Quem passou pela qualifica\u00e7\u00e3o do \u00c1quila no Grupo Recol precisou fazer uma esp\u00e9cie de \u201cdefesa de tese\u201d. Ap\u00f3s 30 horas de aulas te\u00f3ricas, os alunos refizeram os procedimentos de trabalho na empresa. \u201cA ideia era fazer com que o profissional mostrasse como estava fazendo o trabalho e propusesse mudan\u00e7a, com referencial de diminuir custos e aumentar a produtividade\u201d, lembra o gerente.<\/p>\n<p style=\"text-align: justify;\">A defesa do novo procedimento foi submetida a duas bancas de professores do Instituto \u00c1quila. A nota m\u00ednima para o recebimento do diploma \u00e9 7. A solenidade de entrega dos diplomas foi simples e ocorreu na sede da revendedora Kia uma das empresas do Grupo Recol. Entre os presentes, percebia-se um clima de vit\u00f3ria \u201cap\u00f3s tanto estudo e esfor\u00e7o\u201d, reconhece Caldas.<\/p>\n<p style=\"text-align: justify;\">O gerente adianta que todos os trabalhos apresentados j\u00e1 est\u00e3o sendo aplicados na rotina da empresa e j\u00e1 \u201cgeram economia e evitam desperd\u00edcios\u201d.<\/p>\n","protected":false},"excerpt":{"rendered":"<p style=\"text-align: justify;\">65 profissionais reestruturam processo interno<\/p>\n","protected":false},"author":4,"featured_media":22002,"comment_status":"open","ping_status":"open","sticky":false,"template":"","format":"standard","meta":{"jnews-multi-image_gallery":[],"jnews_single_post":[],"jnews_primary_category":[],"jnews_social_meta":[],"jnews_review":[],"enable_review":"","type":"","name":"","summary":"","brand":"","sku":"","good":[],"bad":[],"score_override":"","override_value":"","rating":[],"price":[],"footnotes":""},"categories":[54],"tags":[],"class_list":["post-22003","post","type-post","status-publish","format-standard","has-post-thumbnail","hentry","category-cotidiano"],"yoast_head":"<!-- This site is optimized with the Yoast SEO plugin v26.5 - https:\/\/yoast.com\/wordpress\/plugins\/seo\/ -->\n<title>Grupo Recol forma gestores pelo Instituto \u00c1quila - Agazeta.net<\/title>\n<meta name=\"robots\" content=\"index, follow, max-snippet:-1, max-image-preview:large, max-video-preview:-1\" \/>\n<link rel=\"canonical\" href=\"https:\/\/nk7-testes.com.br\/agazeta\/grupo-recol-forma-gestores-pelo-instituto-aquila\/\" \/>\n<meta property=\"og:locale\" content=\"pt_BR\" \/>\n<meta property=\"og:type\" content=\"article\" \/>\n<meta property=\"og:title\" content=\"Grupo Recol forma gestores pelo Instituto \u00c1quila - Agazeta.net\" \/>\n<meta property=\"og:description\" content=\"65 profissionais reestruturam processo interno\" \/>\n<meta property=\"og:url\" content=\"https:\/\/nk7-testes.com.br\/agazeta\/grupo-recol-forma-gestores-pelo-instituto-aquila\/\" \/>\n<meta property=\"og:site_name\" content=\"Agazeta.net\" \/>\n<meta property=\"article:published_time\" content=\"2016-04-09T17:41:04+00:00\" \/>\n<meta property=\"og:image\" content=\"https:\/\/nk7-testes.com.br\/agazeta\/wp-content\/uploads\/2016\/04\/090416-cotidiano-recolinstitutoaquila-cedida.jpg\" \/>\n\t<meta property=\"og:image:width\" content=\"458\" \/>\n\t<meta property=\"og:image:height\" content=\"340\" \/>\n\t<meta property=\"og:image:type\" content=\"image\/jpeg\" \/>\n<meta name=\"author\" content=\"Agazeta.Net\" \/>\n<meta name=\"twitter:card\" content=\"summary_large_image\" \/>\n<meta name=\"twitter:label1\" content=\"Escrito por\" \/>\n\t<meta name=\"twitter:data1\" content=\"Agazeta.Net\" \/>\n\t<meta name=\"twitter:label2\" content=\"Est. tempo de leitura\" \/>\n\t<meta name=\"twitter:data2\" content=\"1 minuto\" \/>\n<script type=\"application\/ld+json\" class=\"yoast-schema-graph\">{\"@context\":\"https:\/\/schema.org\",\"@graph\":[{\"@type\":\"WebPage\",\"@id\":\"https:\/\/nk7-testes.com.br\/agazeta\/grupo-recol-forma-gestores-pelo-instituto-aquila\/\",\"url\":\"https:\/\/nk7-testes.com.br\/agazeta\/grupo-recol-forma-gestores-pelo-instituto-aquila\/\",\"name\":\"Grupo Recol forma gestores pelo Instituto \u00c1quila - Agazeta.net\",\"isPartOf\":{\"@id\":\"https:\/\/nk7-testes.com.br\/agazeta\/#website\"},\"primaryImageOfPage\":{\"@id\":\"https:\/\/nk7-testes.com.br\/agazeta\/grupo-recol-forma-gestores-pelo-instituto-aquila\/#primaryimage\"},\"image\":{\"@id\":\"https:\/\/nk7-testes.com.br\/agazeta\/grupo-recol-forma-gestores-pelo-instituto-aquila\/#primaryimage\"},\"thumbnailUrl\":\"https:\/\/nk7-testes.com.br\/agazeta\/wp-content\/uploads\/2016\/04\/090416-cotidiano-recolinstitutoaquila-cedida.jpg\",\"datePublished\":\"2016-04-09T17:41:04+00:00\",\"author\":{\"@id\":\"https:\/\/nk7-testes.com.br\/agazeta\/#\/schema\/person\/6d6e25cb0435eb4a02fd44d30b4e3020\"},\"breadcrumb\":{\"@id\":\"https:\/\/nk7-testes.com.br\/agazeta\/grupo-recol-forma-gestores-pelo-instituto-aquila\/#breadcrumb\"},\"inLanguage\":\"pt-BR\",\"potentialAction\":[{\"@type\":\"ReadAction\",\"target\":[\"https:\/\/nk7-testes.com.br\/agazeta\/grupo-recol-forma-gestores-pelo-instituto-aquila\/\"]}]},{\"@type\":\"ImageObject\",\"inLanguage\":\"pt-BR\",\"@id\":\"https:\/\/nk7-testes.com.br\/agazeta\/grupo-recol-forma-gestores-pelo-instituto-aquila\/#primaryimage\",\"url\":\"https:\/\/nk7-testes.com.br\/agazeta\/wp-content\/uploads\/2016\/04\/090416-cotidiano-recolinstitutoaquila-cedida.jpg\",\"contentUrl\":\"https:\/\/nk7-testes.com.br\/agazeta\/wp-content\/uploads\/2016\/04\/090416-cotidiano-recolinstitutoaquila-cedida.jpg\",\"width\":458,\"height\":340,\"caption\":\"090416-cotidiano-recolinstitutoaquila-cedida\"},{\"@type\":\"BreadcrumbList\",\"@id\":\"https:\/\/nk7-testes.com.br\/agazeta\/grupo-recol-forma-gestores-pelo-instituto-aquila\/#breadcrumb\",\"itemListElement\":[{\"@type\":\"ListItem\",\"position\":1,\"name\":\"In\u00edcio\",\"item\":\"https:\/\/nk7-testes.com.br\/agazeta\/\"},{\"@type\":\"ListItem\",\"position\":2,\"name\":\"Grupo Recol forma gestores pelo Instituto \u00c1quila\"}]},{\"@type\":\"WebSite\",\"@id\":\"https:\/\/nk7-testes.com.br\/agazeta\/#website\",\"url\":\"https:\/\/nk7-testes.com.br\/agazeta\/\",\"name\":\"Agazeta.net\",\"description\":\"Agazeta.net - Not\u00edcias de Rio Branco\/AC\",\"potentialAction\":[{\"@type\":\"SearchAction\",\"target\":{\"@type\":\"EntryPoint\",\"urlTemplate\":\"https:\/\/nk7-testes.com.br\/agazeta\/?s={search_term_string}\"},\"query-input\":{\"@type\":\"PropertyValueSpecification\",\"valueRequired\":true,\"valueName\":\"search_term_string\"}}],\"inLanguage\":\"pt-BR\"},{\"@type\":\"Person\",\"@id\":\"https:\/\/nk7-testes.com.br\/agazeta\/#\/schema\/person\/6d6e25cb0435eb4a02fd44d30b4e3020\",\"name\":\"Agazeta.Net\",\"url\":\"https:\/\/nk7-testes.com.br\/agazeta\/author\/agazeta\/\"}]}<\/script>\n<!-- \/ Yoast SEO plugin. -->","yoast_head_json":{"title":"Grupo Recol forma gestores pelo Instituto \u00c1quila - Agazeta.net","robots":{"index":"index","follow":"follow","max-snippet":"max-snippet:-1","max-image-preview":"max-image-preview:large","max-video-preview":"max-video-preview:-1"},"canonical":"https:\/\/nk7-testes.com.br\/agazeta\/grupo-recol-forma-gestores-pelo-instituto-aquila\/","og_locale":"pt_BR","og_type":"article","og_title":"Grupo Recol forma gestores pelo Instituto \u00c1quila - Agazeta.net","og_description":"65 profissionais reestruturam processo interno","og_url":"https:\/\/nk7-testes.com.br\/agazeta\/grupo-recol-forma-gestores-pelo-instituto-aquila\/","og_site_name":"Agazeta.net","article_published_time":"2016-04-09T17:41:04+00:00","og_image":[{"width":458,"height":340,"url":"https:\/\/nk7-testes.com.br\/agazeta\/wp-content\/uploads\/2016\/04\/090416-cotidiano-recolinstitutoaquila-cedida.jpg","type":"image\/jpeg"}],"author":"Agazeta.Net","twitter_card":"summary_large_image","twitter_misc":{"Escrito por":"Agazeta.Net","Est. tempo de leitura":"1 minuto"},"schema":{"@context":"https:\/\/schema.org","@graph":[{"@type":"WebPage","@id":"https:\/\/nk7-testes.com.br\/agazeta\/grupo-recol-forma-gestores-pelo-instituto-aquila\/","url":"https:\/\/nk7-testes.com.br\/agazeta\/grupo-recol-forma-gestores-pelo-instituto-aquila\/","name":"Grupo Recol forma gestores pelo Instituto \u00c1quila - Agazeta.net","isPartOf":{"@id":"https:\/\/nk7-testes.com.br\/agazeta\/#website"},"primaryImageOfPage":{"@id":"https:\/\/nk7-testes.com.br\/agazeta\/grupo-recol-forma-gestores-pelo-instituto-aquila\/#primaryimage"},"image":{"@id":"https:\/\/nk7-testes.com.br\/agazeta\/grupo-recol-forma-gestores-pelo-instituto-aquila\/#primaryimage"},"thumbnailUrl":"https:\/\/nk7-testes.com.br\/agazeta\/wp-content\/uploads\/2016\/04\/090416-cotidiano-recolinstitutoaquila-cedida.jpg","datePublished":"2016-04-09T17:41:04+00:00","author":{"@id":"https:\/\/nk7-testes.com.br\/agazeta\/#\/schema\/person\/6d6e25cb0435eb4a02fd44d30b4e3020"},"breadcrumb":{"@id":"https:\/\/nk7-testes.com.br\/agazeta\/grupo-recol-forma-gestores-pelo-instituto-aquila\/#breadcrumb"},"inLanguage":"pt-BR","potentialAction":[{"@type":"ReadAction","target":["https:\/\/nk7-testes.com.br\/agazeta\/grupo-recol-forma-gestores-pelo-instituto-aquila\/"]}]},{"@type":"ImageObject","inLanguage":"pt-BR","@id":"https:\/\/nk7-testes.com.br\/agazeta\/grupo-recol-forma-gestores-pelo-instituto-aquila\/#primaryimage","url":"https:\/\/nk7-testes.com.br\/agazeta\/wp-content\/uploads\/2016\/04\/090416-cotidiano-recolinstitutoaquila-cedida.jpg","contentUrl":"https:\/\/nk7-testes.com.br\/agazeta\/wp-content\/uploads\/2016\/04\/090416-cotidiano-recolinstitutoaquila-cedida.jpg","width":458,"height":340,"caption":"090416-cotidiano-recolinstitutoaquila-cedida"},{"@type":"BreadcrumbList","@id":"https:\/\/nk7-testes.com.br\/agazeta\/grupo-recol-forma-gestores-pelo-instituto-aquila\/#breadcrumb","itemListElement":[{"@type":"ListItem","position":1,"name":"In\u00edcio","item":"https:\/\/nk7-testes.com.br\/agazeta\/"},{"@type":"ListItem","position":2,"name":"Grupo Recol forma gestores pelo Instituto \u00c1quila"}]},{"@type":"WebSite","@id":"https:\/\/nk7-testes.com.br\/agazeta\/#website","url":"https:\/\/nk7-testes.com.br\/agazeta\/","name":"Agazeta.net","description":"Agazeta.net - Not\u00edcias de Rio Branco\/AC","potentialAction":[{"@type":"SearchAction","target":{"@type":"EntryPoint","urlTemplate":"https:\/\/nk7-testes.com.br\/agazeta\/?s={search_term_string}"},"query-input":{"@type":"PropertyValueSpecification","valueRequired":true,"valueName":"search_term_string"}}],"inLanguage":"pt-BR"},{"@type":"Person","@id":"https:\/\/nk7-testes.com.br\/agazeta\/#\/schema\/person\/6d6e25cb0435eb4a02fd44d30b4e3020","name":"Agazeta.Net","url":"https:\/\/nk7-testes.com.br\/agazeta\/author\/agazeta\/"}]}},"_links":{"self":[{"href":"https:\/\/nk7-testes.com.br\/agazeta\/wp-json\/wp\/v2\/posts\/22003","targetHints":{"allow":["GET"]}}],"collection":[{"href":"https:\/\/nk7-testes.com.br\/agazeta\/wp-json\/wp\/v2\/posts"}],"about":[{"href":"https:\/\/nk7-testes.com.br\/agazeta\/wp-json\/wp\/v2\/types\/post"}],"author":[{"embeddable":true,"href":"https:\/\/nk7-testes.com.br\/agazeta\/wp-json\/wp\/v2\/users\/4"}],"replies":[{"embeddable":true,"href":"https:\/\/nk7-testes.com.br\/agazeta\/wp-json\/wp\/v2\/comments?post=22003"}],"version-history":[{"count":0,"href":"https:\/\/nk7-testes.com.br\/agazeta\/wp-json\/wp\/v2\/posts\/22003\/revisions"}],"wp:featuredmedia":[{"embeddable":true,"href":"https:\/\/nk7-testes.com.br\/agazeta\/wp-json\/wp\/v2\/media\/22002"}],"wp:attachment":[{"href":"https:\/\/nk7-testes.com.br\/agazeta\/wp-json\/wp\/v2\/media?parent=22003"}],"wp:term":[{"taxonomy":"category","embeddable":true,"href":"https:\/\/nk7-testes.com.br\/agazeta\/wp-json\/wp\/v2\/categories?post=22003"},{"taxonomy":"post_tag","embeddable":true,"href":"https:\/\/nk7-testes.com.br\/agazeta\/wp-json\/wp\/v2\/tags?post=22003"}],"curies":[{"name":"wp","href":"https:\/\/api.w.org\/{rel}","templated":true}]}}