{"id":21891,"date":"2016-04-04T19:53:02","date_gmt":"2016-04-04T19:53:02","guid":{"rendered":"https:\/\/abarevegan.com.br\/index.php\/2016\/04\/04\/governo-federal-confirma-acre-entre-8-epidemicos\/"},"modified":"2016-04-04T19:53:02","modified_gmt":"2016-04-04T19:53:02","slug":"governo-federal-confirma-acre-entre-8-epidemicos","status":"publish","type":"post","link":"https:\/\/nk7-testes.com.br\/agazeta\/governo-federal-confirma-acre-entre-8-epidemicos\/","title":{"rendered":"Governo Federal confirma Acre entre 8 epid\u00eamicos"},"content":{"rendered":"<p style=\"text-align: justify;\">Acre registrou 3,5 mil casos notificados de dengue<\/p>\n<p style=\"text-align: justify;\">Segundo dados do \u00faltimo boletim da dengue, divulgado pelo Minist\u00e9rio da Sa\u00fade, os casos da doen\u00e7a aumentaram 53% no pa\u00eds. O Acre aparece na lista dos oito estados com \u00edndices que configuram situa\u00e7\u00e3o de epidemia.<\/p>\n<p style=\"text-align: justify;\">Entre os meses de janeiro e fevereiro de 2016, o Brasil registrou quase 400 mil casos prov\u00e1veis de dengue, segundo divulgou o \u00faltimo boletim do Minist\u00e9rio da Sa\u00fade. Os casos prov\u00e1veis s\u00e3o aqueles confirmados e os que esperam resultado laboratorial.<\/p>\n<p style=\"text-align: justify;\">O Acre registrou nesse per\u00edodo 2672 casos prov\u00e1veis de dengue. No ano passado, foram 3845, portanto, houve redu\u00e7\u00e3o de 30,5%. Mesmo com a diminui\u00e7\u00e3o, o Acre est\u00e1 entre os oito estados do pa\u00eds, com \u00edndice classificado pelo Minist\u00e9rio da sa\u00fade como situa\u00e7\u00e3o de epidemia, quando h\u00e1 mais de 300 casos de dengue a cada 100 mil habitantes.<\/p>\n<p style=\"text-align: justify;\">Est\u00e3o listados, al\u00e9m do Acre, Tocantins, Rio Grande do Norte, Minas Gerais, Esp\u00edrito Santo, Mato Grosso do Sul, Mato Grosso e Goi\u00e1s.<\/p>\n<p style=\"text-align: justify;\">De acordo com a gerente da vigil\u00e2ncia Epidemiol\u00f3gica, Elaine Costa, os munic\u00edpios de Rio Branco, Cruzeiro do Sul e Assis Brasil apresentaram maior n\u00famero de notifica\u00e7\u00f5es e colocaram o estado no patamar de epidemia.<\/p>\n<p style=\"text-align: justify;\">\u201cIsso n\u00e3o quer dizer que o estado vivencia uma epidemia. N\u00f3s temos tr\u00eas munic\u00edpios com aumento de casos e eles est\u00e3o sendo trabalhados de maneira priorit\u00e1ria\u201d, disse.<\/p>\n<p style=\"text-align: justify;\">Rio Branco, de 1,4 mil casos notificados entre janeiro e fevereiro do ano passado, passou para 3,5 mil em 2016. Nesse mesmo per\u00edodo, Assis Brasil notificou 522, sendo que em 2015 foram apenas 180. Na contram\u00e3o, mas com n\u00fameros ainda expressivos, Cruzeiro do Sul, reduziu de 5,4 mil notifica\u00e7\u00f5es em 2015 para 500 entre janeiro e fevereiro de 2016.<\/p>\n<p style=\"text-align: justify;\">De acordo com a gerente da Vigil\u00e2ncia Epidemiol\u00f3gica, um plano estrat\u00e9gico norteia as a\u00e7\u00f5es de combate ao <strong><span style=\"text-decoration: underline;\"><em>Aedes aegypti<\/em><\/span><\/strong>, mosquito transmissor da dengue. Semana a semana, o plano \u00e9 revisto, para garantir efetividade e redu\u00e7\u00e3o dos \u00edndices.<\/p>\n","protected":false},"excerpt":{"rendered":"<p style=\"text-align: justify;\">Acre registrou 3,5 mil casos notificados de dengue<\/p>\n","protected":false},"author":4,"featured_media":21890,"comment_status":"open","ping_status":"open","sticky":false,"template":"","format":"standard","meta":{"jnews-multi-image_gallery":[],"jnews_single_post":[],"jnews_primary_category":[],"jnews_social_meta":[],"jnews_review":[],"enable_review":"","type":"","name":"","summary":"","brand":"","sku":"","good":[],"bad":[],"score_override":"","override_value":"","rating":[],"price":[],"footnotes":""},"categories":[54],"tags":[],"class_list":["post-21891","post","type-post","status-publish","format-standard","has-post-thumbnail","hentry","category-cotidiano"],"yoast_head":"<!-- This site is optimized with the Yoast SEO plugin v26.5 - https:\/\/yoast.com\/wordpress\/plugins\/seo\/ -->\n<title>Governo Federal confirma Acre entre 8 epid\u00eamicos - Agazeta.net<\/title>\n<meta name=\"robots\" content=\"index, follow, max-snippet:-1, max-image-preview:large, max-video-preview:-1\" \/>\n<link rel=\"canonical\" href=\"https:\/\/nk7-testes.com.br\/agazeta\/governo-federal-confirma-acre-entre-8-epidemicos\/\" \/>\n<meta property=\"og:locale\" content=\"pt_BR\" \/>\n<meta property=\"og:type\" content=\"article\" \/>\n<meta property=\"og:title\" content=\"Governo Federal confirma Acre entre 8 epid\u00eamicos - Agazeta.net\" \/>\n<meta property=\"og:description\" content=\"Acre registrou 3,5 mil casos notificados de dengue\" \/>\n<meta property=\"og:url\" content=\"https:\/\/nk7-testes.com.br\/agazeta\/governo-federal-confirma-acre-entre-8-epidemicos\/\" \/>\n<meta property=\"og:site_name\" content=\"Agazeta.net\" \/>\n<meta property=\"article:published_time\" content=\"2016-04-04T19:53:02+00:00\" \/>\n<meta property=\"og:image\" content=\"https:\/\/nk7-testes.com.br\/agazeta\/wp-content\/uploads\/2016\/04\/Banner_Dengue.jpg\" \/>\n\t<meta property=\"og:image:width\" content=\"458\" \/>\n\t<meta property=\"og:image:height\" content=\"340\" \/>\n\t<meta property=\"og:image:type\" content=\"image\/jpeg\" \/>\n<meta name=\"author\" content=\"Agazeta.Net\" \/>\n<meta name=\"twitter:card\" content=\"summary_large_image\" \/>\n<meta name=\"twitter:label1\" content=\"Escrito por\" \/>\n\t<meta name=\"twitter:data1\" content=\"Agazeta.Net\" \/>\n\t<meta name=\"twitter:label2\" content=\"Est. tempo de leitura\" \/>\n\t<meta name=\"twitter:data2\" content=\"2 minutos\" \/>\n<script type=\"application\/ld+json\" class=\"yoast-schema-graph\">{\"@context\":\"https:\/\/schema.org\",\"@graph\":[{\"@type\":\"WebPage\",\"@id\":\"https:\/\/nk7-testes.com.br\/agazeta\/governo-federal-confirma-acre-entre-8-epidemicos\/\",\"url\":\"https:\/\/nk7-testes.com.br\/agazeta\/governo-federal-confirma-acre-entre-8-epidemicos\/\",\"name\":\"Governo Federal confirma Acre entre 8 epid\u00eamicos - Agazeta.net\",\"isPartOf\":{\"@id\":\"https:\/\/nk7-testes.com.br\/agazeta\/#website\"},\"primaryImageOfPage\":{\"@id\":\"https:\/\/nk7-testes.com.br\/agazeta\/governo-federal-confirma-acre-entre-8-epidemicos\/#primaryimage\"},\"image\":{\"@id\":\"https:\/\/nk7-testes.com.br\/agazeta\/governo-federal-confirma-acre-entre-8-epidemicos\/#primaryimage\"},\"thumbnailUrl\":\"https:\/\/nk7-testes.com.br\/agazeta\/wp-content\/uploads\/2016\/04\/Banner_Dengue.jpg\",\"datePublished\":\"2016-04-04T19:53:02+00:00\",\"author\":{\"@id\":\"https:\/\/nk7-testes.com.br\/agazeta\/#\/schema\/person\/6d6e25cb0435eb4a02fd44d30b4e3020\"},\"breadcrumb\":{\"@id\":\"https:\/\/nk7-testes.com.br\/agazeta\/governo-federal-confirma-acre-entre-8-epidemicos\/#breadcrumb\"},\"inLanguage\":\"pt-BR\",\"potentialAction\":[{\"@type\":\"ReadAction\",\"target\":[\"https:\/\/nk7-testes.com.br\/agazeta\/governo-federal-confirma-acre-entre-8-epidemicos\/\"]}]},{\"@type\":\"ImageObject\",\"inLanguage\":\"pt-BR\",\"@id\":\"https:\/\/nk7-testes.com.br\/agazeta\/governo-federal-confirma-acre-entre-8-epidemicos\/#primaryimage\",\"url\":\"https:\/\/nk7-testes.com.br\/agazeta\/wp-content\/uploads\/2016\/04\/Banner_Dengue.jpg\",\"contentUrl\":\"https:\/\/nk7-testes.com.br\/agazeta\/wp-content\/uploads\/2016\/04\/Banner_Dengue.jpg\",\"width\":458,\"height\":340,\"caption\":\"Banner Dengue\"},{\"@type\":\"BreadcrumbList\",\"@id\":\"https:\/\/nk7-testes.com.br\/agazeta\/governo-federal-confirma-acre-entre-8-epidemicos\/#breadcrumb\",\"itemListElement\":[{\"@type\":\"ListItem\",\"position\":1,\"name\":\"In\u00edcio\",\"item\":\"https:\/\/nk7-testes.com.br\/agazeta\/\"},{\"@type\":\"ListItem\",\"position\":2,\"name\":\"Governo Federal confirma Acre entre 8 epid\u00eamicos\"}]},{\"@type\":\"WebSite\",\"@id\":\"https:\/\/nk7-testes.com.br\/agazeta\/#website\",\"url\":\"https:\/\/nk7-testes.com.br\/agazeta\/\",\"name\":\"Agazeta.net\",\"description\":\"Agazeta.net - Not\u00edcias de Rio Branco\/AC\",\"potentialAction\":[{\"@type\":\"SearchAction\",\"target\":{\"@type\":\"EntryPoint\",\"urlTemplate\":\"https:\/\/nk7-testes.com.br\/agazeta\/?s={search_term_string}\"},\"query-input\":{\"@type\":\"PropertyValueSpecification\",\"valueRequired\":true,\"valueName\":\"search_term_string\"}}],\"inLanguage\":\"pt-BR\"},{\"@type\":\"Person\",\"@id\":\"https:\/\/nk7-testes.com.br\/agazeta\/#\/schema\/person\/6d6e25cb0435eb4a02fd44d30b4e3020\",\"name\":\"Agazeta.Net\",\"url\":\"https:\/\/nk7-testes.com.br\/agazeta\/author\/agazeta\/\"}]}<\/script>\n<!-- \/ Yoast SEO plugin. -->","yoast_head_json":{"title":"Governo Federal confirma Acre entre 8 epid\u00eamicos - Agazeta.net","robots":{"index":"index","follow":"follow","max-snippet":"max-snippet:-1","max-image-preview":"max-image-preview:large","max-video-preview":"max-video-preview:-1"},"canonical":"https:\/\/nk7-testes.com.br\/agazeta\/governo-federal-confirma-acre-entre-8-epidemicos\/","og_locale":"pt_BR","og_type":"article","og_title":"Governo Federal confirma Acre entre 8 epid\u00eamicos - Agazeta.net","og_description":"Acre registrou 3,5 mil casos notificados de dengue","og_url":"https:\/\/nk7-testes.com.br\/agazeta\/governo-federal-confirma-acre-entre-8-epidemicos\/","og_site_name":"Agazeta.net","article_published_time":"2016-04-04T19:53:02+00:00","og_image":[{"width":458,"height":340,"url":"https:\/\/nk7-testes.com.br\/agazeta\/wp-content\/uploads\/2016\/04\/Banner_Dengue.jpg","type":"image\/jpeg"}],"author":"Agazeta.Net","twitter_card":"summary_large_image","twitter_misc":{"Escrito por":"Agazeta.Net","Est. tempo de leitura":"2 minutos"},"schema":{"@context":"https:\/\/schema.org","@graph":[{"@type":"WebPage","@id":"https:\/\/nk7-testes.com.br\/agazeta\/governo-federal-confirma-acre-entre-8-epidemicos\/","url":"https:\/\/nk7-testes.com.br\/agazeta\/governo-federal-confirma-acre-entre-8-epidemicos\/","name":"Governo Federal confirma Acre entre 8 epid\u00eamicos - Agazeta.net","isPartOf":{"@id":"https:\/\/nk7-testes.com.br\/agazeta\/#website"},"primaryImageOfPage":{"@id":"https:\/\/nk7-testes.com.br\/agazeta\/governo-federal-confirma-acre-entre-8-epidemicos\/#primaryimage"},"image":{"@id":"https:\/\/nk7-testes.com.br\/agazeta\/governo-federal-confirma-acre-entre-8-epidemicos\/#primaryimage"},"thumbnailUrl":"https:\/\/nk7-testes.com.br\/agazeta\/wp-content\/uploads\/2016\/04\/Banner_Dengue.jpg","datePublished":"2016-04-04T19:53:02+00:00","author":{"@id":"https:\/\/nk7-testes.com.br\/agazeta\/#\/schema\/person\/6d6e25cb0435eb4a02fd44d30b4e3020"},"breadcrumb":{"@id":"https:\/\/nk7-testes.com.br\/agazeta\/governo-federal-confirma-acre-entre-8-epidemicos\/#breadcrumb"},"inLanguage":"pt-BR","potentialAction":[{"@type":"ReadAction","target":["https:\/\/nk7-testes.com.br\/agazeta\/governo-federal-confirma-acre-entre-8-epidemicos\/"]}]},{"@type":"ImageObject","inLanguage":"pt-BR","@id":"https:\/\/nk7-testes.com.br\/agazeta\/governo-federal-confirma-acre-entre-8-epidemicos\/#primaryimage","url":"https:\/\/nk7-testes.com.br\/agazeta\/wp-content\/uploads\/2016\/04\/Banner_Dengue.jpg","contentUrl":"https:\/\/nk7-testes.com.br\/agazeta\/wp-content\/uploads\/2016\/04\/Banner_Dengue.jpg","width":458,"height":340,"caption":"Banner Dengue"},{"@type":"BreadcrumbList","@id":"https:\/\/nk7-testes.com.br\/agazeta\/governo-federal-confirma-acre-entre-8-epidemicos\/#breadcrumb","itemListElement":[{"@type":"ListItem","position":1,"name":"In\u00edcio","item":"https:\/\/nk7-testes.com.br\/agazeta\/"},{"@type":"ListItem","position":2,"name":"Governo Federal confirma Acre entre 8 epid\u00eamicos"}]},{"@type":"WebSite","@id":"https:\/\/nk7-testes.com.br\/agazeta\/#website","url":"https:\/\/nk7-testes.com.br\/agazeta\/","name":"Agazeta.net","description":"Agazeta.net - Not\u00edcias de Rio Branco\/AC","potentialAction":[{"@type":"SearchAction","target":{"@type":"EntryPoint","urlTemplate":"https:\/\/nk7-testes.com.br\/agazeta\/?s={search_term_string}"},"query-input":{"@type":"PropertyValueSpecification","valueRequired":true,"valueName":"search_term_string"}}],"inLanguage":"pt-BR"},{"@type":"Person","@id":"https:\/\/nk7-testes.com.br\/agazeta\/#\/schema\/person\/6d6e25cb0435eb4a02fd44d30b4e3020","name":"Agazeta.Net","url":"https:\/\/nk7-testes.com.br\/agazeta\/author\/agazeta\/"}]}},"_links":{"self":[{"href":"https:\/\/nk7-testes.com.br\/agazeta\/wp-json\/wp\/v2\/posts\/21891","targetHints":{"allow":["GET"]}}],"collection":[{"href":"https:\/\/nk7-testes.com.br\/agazeta\/wp-json\/wp\/v2\/posts"}],"about":[{"href":"https:\/\/nk7-testes.com.br\/agazeta\/wp-json\/wp\/v2\/types\/post"}],"author":[{"embeddable":true,"href":"https:\/\/nk7-testes.com.br\/agazeta\/wp-json\/wp\/v2\/users\/4"}],"replies":[{"embeddable":true,"href":"https:\/\/nk7-testes.com.br\/agazeta\/wp-json\/wp\/v2\/comments?post=21891"}],"version-history":[{"count":0,"href":"https:\/\/nk7-testes.com.br\/agazeta\/wp-json\/wp\/v2\/posts\/21891\/revisions"}],"wp:featuredmedia":[{"embeddable":true,"href":"https:\/\/nk7-testes.com.br\/agazeta\/wp-json\/wp\/v2\/media\/21890"}],"wp:attachment":[{"href":"https:\/\/nk7-testes.com.br\/agazeta\/wp-json\/wp\/v2\/media?parent=21891"}],"wp:term":[{"taxonomy":"category","embeddable":true,"href":"https:\/\/nk7-testes.com.br\/agazeta\/wp-json\/wp\/v2\/categories?post=21891"},{"taxonomy":"post_tag","embeddable":true,"href":"https:\/\/nk7-testes.com.br\/agazeta\/wp-json\/wp\/v2\/tags?post=21891"}],"curies":[{"name":"wp","href":"https:\/\/api.w.org\/{rel}","templated":true}]}}