{"id":21877,"date":"2016-04-04T14:23:45","date_gmt":"2016-04-04T14:23:45","guid":{"rendered":"https:\/\/abarevegan.com.br\/index.php\/2016\/04\/04\/homem-nao-tinha-porte-para-usar-espingarda\/"},"modified":"2016-04-04T14:23:45","modified_gmt":"2016-04-04T14:23:45","slug":"homem-nao-tinha-porte-para-usar-espingarda","status":"publish","type":"post","link":"https:\/\/nk7-testes.com.br\/agazeta\/homem-nao-tinha-porte-para-usar-espingarda\/","title":{"rendered":"Homem n\u00e3o tinha porte para usar espingarda"},"content":{"rendered":"<p style=\"text-align: justify;\">Jovem amea\u00e7ou e cumpriu promessa ap\u00f3s discuss\u00e3o<\/p>\n<p style=\"text-align: justify;\">Everton P\u00e1scoa de Sousa, 28, foi preso na noite deste domingo (3), por policias do 5\u00ba Batalh\u00e3o. Os policiais foram acionados para atender a uma ocorr\u00eancia de disparo de arma de fogo no Ramal do Mutum.<\/p>\n<p style=\"text-align: justify;\">Ao chegar \u00e0 associa\u00e7\u00e3o dos mototaxistas, foram informados que o acusado estava de posse de uma arma de fogo e teria efetuado um disparo no local.<\/p>\n<p style=\"text-align: justify;\">Os policias ent\u00e3o sa\u00edram \u00e0 procura do jovem. Em seguida, conseguiram prend\u00ea-lo. A arma foi apreendida. Era uma espingarda calibre 16.<\/p>\n<p style=\"text-align: justify;\">Segundo as v\u00edtimas, o acusado teria discutido com uma pessoa no local e teria dito que iria busca uma arma em sua casa. Cumpriu a promessa.<\/p>\n","protected":false},"excerpt":{"rendered":"<p style=\"text-align: justify;\">Jovem amea\u00e7ou e cumpriu promessa ap\u00f3s discuss\u00e3o<\/p>\n","protected":false},"author":4,"featured_media":21876,"comment_status":"open","ping_status":"open","sticky":false,"template":"","format":"standard","meta":{"jnews-multi-image_gallery":[],"jnews_single_post":[],"jnews_primary_category":[],"jnews_social_meta":[],"jnews_review":[],"enable_review":"","type":"","name":"","summary":"","brand":"","sku":"","good":[],"bad":[],"score_override":"","override_value":"","rating":[],"price":[],"footnotes":""},"categories":[44],"tags":[],"class_list":["post-21877","post","type-post","status-publish","format-standard","has-post-thumbnail","hentry","category-policia"],"yoast_head":"<!-- This site is optimized with the Yoast SEO plugin v26.5 - https:\/\/yoast.com\/wordpress\/plugins\/seo\/ -->\n<title>Homem n\u00e3o tinha porte para usar espingarda - Agazeta.net<\/title>\n<meta name=\"robots\" content=\"index, follow, max-snippet:-1, max-image-preview:large, max-video-preview:-1\" \/>\n<link rel=\"canonical\" href=\"https:\/\/nk7-testes.com.br\/agazeta\/homem-nao-tinha-porte-para-usar-espingarda\/\" \/>\n<meta property=\"og:locale\" content=\"pt_BR\" \/>\n<meta property=\"og:type\" content=\"article\" \/>\n<meta property=\"og:title\" content=\"Homem n\u00e3o tinha porte para usar espingarda - Agazeta.net\" \/>\n<meta property=\"og:description\" content=\"Jovem amea\u00e7ou e cumpriu promessa ap\u00f3s discuss\u00e3o\" \/>\n<meta property=\"og:url\" content=\"https:\/\/nk7-testes.com.br\/agazeta\/homem-nao-tinha-porte-para-usar-espingarda\/\" \/>\n<meta property=\"og:site_name\" content=\"Agazeta.net\" \/>\n<meta property=\"article:published_time\" content=\"2016-04-04T14:23:45+00:00\" \/>\n<meta property=\"og:image\" content=\"https:\/\/nk7-testes.com.br\/agazeta\/wp-content\/uploads\/2016\/04\/040416-policia-jovemespingarda-cleriston.jpg\" \/>\n\t<meta property=\"og:image:width\" content=\"458\" \/>\n\t<meta property=\"og:image:height\" content=\"340\" \/>\n\t<meta property=\"og:image:type\" content=\"image\/jpeg\" \/>\n<meta name=\"author\" content=\"Agazeta.Net\" \/>\n<meta name=\"twitter:card\" content=\"summary_large_image\" \/>\n<meta name=\"twitter:label1\" content=\"Escrito por\" \/>\n\t<meta name=\"twitter:data1\" content=\"Agazeta.Net\" \/>\n\t<meta name=\"twitter:label2\" content=\"Est. tempo de leitura\" \/>\n\t<meta name=\"twitter:data2\" content=\"1 minuto\" \/>\n<script type=\"application\/ld+json\" class=\"yoast-schema-graph\">{\"@context\":\"https:\/\/schema.org\",\"@graph\":[{\"@type\":\"WebPage\",\"@id\":\"https:\/\/nk7-testes.com.br\/agazeta\/homem-nao-tinha-porte-para-usar-espingarda\/\",\"url\":\"https:\/\/nk7-testes.com.br\/agazeta\/homem-nao-tinha-porte-para-usar-espingarda\/\",\"name\":\"Homem n\u00e3o tinha porte para usar espingarda - Agazeta.net\",\"isPartOf\":{\"@id\":\"https:\/\/nk7-testes.com.br\/agazeta\/#website\"},\"primaryImageOfPage\":{\"@id\":\"https:\/\/nk7-testes.com.br\/agazeta\/homem-nao-tinha-porte-para-usar-espingarda\/#primaryimage\"},\"image\":{\"@id\":\"https:\/\/nk7-testes.com.br\/agazeta\/homem-nao-tinha-porte-para-usar-espingarda\/#primaryimage\"},\"thumbnailUrl\":\"https:\/\/nk7-testes.com.br\/agazeta\/wp-content\/uploads\/2016\/04\/040416-policia-jovemespingarda-cleriston.jpg\",\"datePublished\":\"2016-04-04T14:23:45+00:00\",\"author\":{\"@id\":\"https:\/\/nk7-testes.com.br\/agazeta\/#\/schema\/person\/6d6e25cb0435eb4a02fd44d30b4e3020\"},\"breadcrumb\":{\"@id\":\"https:\/\/nk7-testes.com.br\/agazeta\/homem-nao-tinha-porte-para-usar-espingarda\/#breadcrumb\"},\"inLanguage\":\"pt-BR\",\"potentialAction\":[{\"@type\":\"ReadAction\",\"target\":[\"https:\/\/nk7-testes.com.br\/agazeta\/homem-nao-tinha-porte-para-usar-espingarda\/\"]}]},{\"@type\":\"ImageObject\",\"inLanguage\":\"pt-BR\",\"@id\":\"https:\/\/nk7-testes.com.br\/agazeta\/homem-nao-tinha-porte-para-usar-espingarda\/#primaryimage\",\"url\":\"https:\/\/nk7-testes.com.br\/agazeta\/wp-content\/uploads\/2016\/04\/040416-policia-jovemespingarda-cleriston.jpg\",\"contentUrl\":\"https:\/\/nk7-testes.com.br\/agazeta\/wp-content\/uploads\/2016\/04\/040416-policia-jovemespingarda-cleriston.jpg\",\"width\":458,\"height\":340,\"caption\":\"040416-policia-jovemespingarda-cleriston\"},{\"@type\":\"BreadcrumbList\",\"@id\":\"https:\/\/nk7-testes.com.br\/agazeta\/homem-nao-tinha-porte-para-usar-espingarda\/#breadcrumb\",\"itemListElement\":[{\"@type\":\"ListItem\",\"position\":1,\"name\":\"In\u00edcio\",\"item\":\"https:\/\/nk7-testes.com.br\/agazeta\/\"},{\"@type\":\"ListItem\",\"position\":2,\"name\":\"Homem n\u00e3o tinha porte para usar espingarda\"}]},{\"@type\":\"WebSite\",\"@id\":\"https:\/\/nk7-testes.com.br\/agazeta\/#website\",\"url\":\"https:\/\/nk7-testes.com.br\/agazeta\/\",\"name\":\"Agazeta.net\",\"description\":\"Agazeta.net - Not\u00edcias de Rio Branco\/AC\",\"potentialAction\":[{\"@type\":\"SearchAction\",\"target\":{\"@type\":\"EntryPoint\",\"urlTemplate\":\"https:\/\/nk7-testes.com.br\/agazeta\/?s={search_term_string}\"},\"query-input\":{\"@type\":\"PropertyValueSpecification\",\"valueRequired\":true,\"valueName\":\"search_term_string\"}}],\"inLanguage\":\"pt-BR\"},{\"@type\":\"Person\",\"@id\":\"https:\/\/nk7-testes.com.br\/agazeta\/#\/schema\/person\/6d6e25cb0435eb4a02fd44d30b4e3020\",\"name\":\"Agazeta.Net\",\"url\":\"https:\/\/nk7-testes.com.br\/agazeta\/author\/agazeta\/\"}]}<\/script>\n<!-- \/ Yoast SEO plugin. -->","yoast_head_json":{"title":"Homem n\u00e3o tinha porte para usar espingarda - Agazeta.net","robots":{"index":"index","follow":"follow","max-snippet":"max-snippet:-1","max-image-preview":"max-image-preview:large","max-video-preview":"max-video-preview:-1"},"canonical":"https:\/\/nk7-testes.com.br\/agazeta\/homem-nao-tinha-porte-para-usar-espingarda\/","og_locale":"pt_BR","og_type":"article","og_title":"Homem n\u00e3o tinha porte para usar espingarda - Agazeta.net","og_description":"Jovem amea\u00e7ou e cumpriu promessa ap\u00f3s discuss\u00e3o","og_url":"https:\/\/nk7-testes.com.br\/agazeta\/homem-nao-tinha-porte-para-usar-espingarda\/","og_site_name":"Agazeta.net","article_published_time":"2016-04-04T14:23:45+00:00","og_image":[{"width":458,"height":340,"url":"https:\/\/nk7-testes.com.br\/agazeta\/wp-content\/uploads\/2016\/04\/040416-policia-jovemespingarda-cleriston.jpg","type":"image\/jpeg"}],"author":"Agazeta.Net","twitter_card":"summary_large_image","twitter_misc":{"Escrito por":"Agazeta.Net","Est. tempo de leitura":"1 minuto"},"schema":{"@context":"https:\/\/schema.org","@graph":[{"@type":"WebPage","@id":"https:\/\/nk7-testes.com.br\/agazeta\/homem-nao-tinha-porte-para-usar-espingarda\/","url":"https:\/\/nk7-testes.com.br\/agazeta\/homem-nao-tinha-porte-para-usar-espingarda\/","name":"Homem n\u00e3o tinha porte para usar espingarda - Agazeta.net","isPartOf":{"@id":"https:\/\/nk7-testes.com.br\/agazeta\/#website"},"primaryImageOfPage":{"@id":"https:\/\/nk7-testes.com.br\/agazeta\/homem-nao-tinha-porte-para-usar-espingarda\/#primaryimage"},"image":{"@id":"https:\/\/nk7-testes.com.br\/agazeta\/homem-nao-tinha-porte-para-usar-espingarda\/#primaryimage"},"thumbnailUrl":"https:\/\/nk7-testes.com.br\/agazeta\/wp-content\/uploads\/2016\/04\/040416-policia-jovemespingarda-cleriston.jpg","datePublished":"2016-04-04T14:23:45+00:00","author":{"@id":"https:\/\/nk7-testes.com.br\/agazeta\/#\/schema\/person\/6d6e25cb0435eb4a02fd44d30b4e3020"},"breadcrumb":{"@id":"https:\/\/nk7-testes.com.br\/agazeta\/homem-nao-tinha-porte-para-usar-espingarda\/#breadcrumb"},"inLanguage":"pt-BR","potentialAction":[{"@type":"ReadAction","target":["https:\/\/nk7-testes.com.br\/agazeta\/homem-nao-tinha-porte-para-usar-espingarda\/"]}]},{"@type":"ImageObject","inLanguage":"pt-BR","@id":"https:\/\/nk7-testes.com.br\/agazeta\/homem-nao-tinha-porte-para-usar-espingarda\/#primaryimage","url":"https:\/\/nk7-testes.com.br\/agazeta\/wp-content\/uploads\/2016\/04\/040416-policia-jovemespingarda-cleriston.jpg","contentUrl":"https:\/\/nk7-testes.com.br\/agazeta\/wp-content\/uploads\/2016\/04\/040416-policia-jovemespingarda-cleriston.jpg","width":458,"height":340,"caption":"040416-policia-jovemespingarda-cleriston"},{"@type":"BreadcrumbList","@id":"https:\/\/nk7-testes.com.br\/agazeta\/homem-nao-tinha-porte-para-usar-espingarda\/#breadcrumb","itemListElement":[{"@type":"ListItem","position":1,"name":"In\u00edcio","item":"https:\/\/nk7-testes.com.br\/agazeta\/"},{"@type":"ListItem","position":2,"name":"Homem n\u00e3o tinha porte para usar espingarda"}]},{"@type":"WebSite","@id":"https:\/\/nk7-testes.com.br\/agazeta\/#website","url":"https:\/\/nk7-testes.com.br\/agazeta\/","name":"Agazeta.net","description":"Agazeta.net - Not\u00edcias de Rio Branco\/AC","potentialAction":[{"@type":"SearchAction","target":{"@type":"EntryPoint","urlTemplate":"https:\/\/nk7-testes.com.br\/agazeta\/?s={search_term_string}"},"query-input":{"@type":"PropertyValueSpecification","valueRequired":true,"valueName":"search_term_string"}}],"inLanguage":"pt-BR"},{"@type":"Person","@id":"https:\/\/nk7-testes.com.br\/agazeta\/#\/schema\/person\/6d6e25cb0435eb4a02fd44d30b4e3020","name":"Agazeta.Net","url":"https:\/\/nk7-testes.com.br\/agazeta\/author\/agazeta\/"}]}},"_links":{"self":[{"href":"https:\/\/nk7-testes.com.br\/agazeta\/wp-json\/wp\/v2\/posts\/21877","targetHints":{"allow":["GET"]}}],"collection":[{"href":"https:\/\/nk7-testes.com.br\/agazeta\/wp-json\/wp\/v2\/posts"}],"about":[{"href":"https:\/\/nk7-testes.com.br\/agazeta\/wp-json\/wp\/v2\/types\/post"}],"author":[{"embeddable":true,"href":"https:\/\/nk7-testes.com.br\/agazeta\/wp-json\/wp\/v2\/users\/4"}],"replies":[{"embeddable":true,"href":"https:\/\/nk7-testes.com.br\/agazeta\/wp-json\/wp\/v2\/comments?post=21877"}],"version-history":[{"count":0,"href":"https:\/\/nk7-testes.com.br\/agazeta\/wp-json\/wp\/v2\/posts\/21877\/revisions"}],"wp:featuredmedia":[{"embeddable":true,"href":"https:\/\/nk7-testes.com.br\/agazeta\/wp-json\/wp\/v2\/media\/21876"}],"wp:attachment":[{"href":"https:\/\/nk7-testes.com.br\/agazeta\/wp-json\/wp\/v2\/media?parent=21877"}],"wp:term":[{"taxonomy":"category","embeddable":true,"href":"https:\/\/nk7-testes.com.br\/agazeta\/wp-json\/wp\/v2\/categories?post=21877"},{"taxonomy":"post_tag","embeddable":true,"href":"https:\/\/nk7-testes.com.br\/agazeta\/wp-json\/wp\/v2\/tags?post=21877"}],"curies":[{"name":"wp","href":"https:\/\/api.w.org\/{rel}","templated":true}]}}