{"id":21854,"date":"2016-04-01T13:23:03","date_gmt":"2016-04-01T13:23:03","guid":{"rendered":"https:\/\/abarevegan.com.br\/index.php\/2016\/04\/01\/adolescente-e-morto-a-tiros-em-frente-de-casa\/"},"modified":"2016-04-01T13:23:03","modified_gmt":"2016-04-01T13:23:03","slug":"adolescente-e-morto-a-tiros-em-frente-de-casa","status":"publish","type":"post","link":"https:\/\/nk7-testes.com.br\/agazeta\/adolescente-e-morto-a-tiros-em-frente-de-casa\/","title":{"rendered":"Adolescente \u00e9 morto a tiros em frente de casa"},"content":{"rendered":"<p style=\"text-align: justify;\">Resid\u00eancia est\u00e1 localizada no Cabre\u00fava<\/p>\n<p style=\"text-align: justify;\">O adolescente Eduardo Pereira da Silva, 16, foi assassinado na noite desta quinta-feira (31), quando conversava com um amigo em frente de casa, localizada na Rua Jandira, no Conjunto Cabre\u00fava, Bairro Floresta.<\/p>\n<p style=\"text-align: justify;\">Segundo a pol\u00edcia conseguiu apurar, o jovem conversava com um amigo, quando um ve\u00edculo n\u00e3o identificado passou em baixa velocidade, como se os ocupantes observassem os jovens.<\/p>\n<p style=\"text-align: justify;\">Em seguida, apareceu um homem vestindo uma jaqueta similar \u00e0 do Ex\u00e9rcito Brasileiro e, sem qualquer discuss\u00e3o, se aproximou dos jovens e efetuou v\u00e1rios tiros em Eduardo.<\/p>\n<p style=\"text-align: justify;\">Uma equipe de suporte avan\u00e7ado do Samu foi acionada, mas quando a equipe m\u00e9dica chegou ao local o adolescente j\u00e1 estava morto. No local, ningu\u00e9m quis falar detalhes do crime, apenas relataram que era comum um grupo de jovens se reunirem na frente da casa de Eduardo, mas nesta noite de quinta-feira, estava somente ele e outro adolescente.<\/p>\n<p style=\"text-align: justify;\">A Pol\u00edcia Militar tentou coletar mais informa\u00e7\u00f5es, mas no local impera a \u201clei do sil\u00eancio\u201d.<\/p>\n","protected":false},"excerpt":{"rendered":"<p style=\"text-align: justify;\">Resid\u00eancia est\u00e1 localizada no Cabre\u00fava<\/p>\n","protected":false},"author":4,"featured_media":21853,"comment_status":"open","ping_status":"open","sticky":false,"template":"","format":"standard","meta":{"jnews-multi-image_gallery":[],"jnews_single_post":[],"jnews_primary_category":[],"jnews_social_meta":[],"jnews_review":[],"enable_review":"","type":"","name":"","summary":"","brand":"","sku":"","good":[],"bad":[],"score_override":"","override_value":"","rating":[],"price":[],"footnotes":""},"categories":[44],"tags":[],"class_list":["post-21854","post","type-post","status-publish","format-standard","has-post-thumbnail","hentry","category-policia"],"yoast_head":"<!-- This site is optimized with the Yoast SEO plugin v26.5 - https:\/\/yoast.com\/wordpress\/plugins\/seo\/ -->\n<title>Adolescente \u00e9 morto a tiros em frente de casa - Agazeta.net<\/title>\n<meta name=\"robots\" content=\"index, follow, max-snippet:-1, max-image-preview:large, max-video-preview:-1\" \/>\n<link rel=\"canonical\" href=\"https:\/\/nk7-testes.com.br\/agazeta\/adolescente-e-morto-a-tiros-em-frente-de-casa\/\" \/>\n<meta property=\"og:locale\" content=\"pt_BR\" \/>\n<meta property=\"og:type\" content=\"article\" \/>\n<meta property=\"og:title\" content=\"Adolescente \u00e9 morto a tiros em frente de casa - Agazeta.net\" \/>\n<meta property=\"og:description\" content=\"Resid\u00eancia est\u00e1 localizada no Cabre\u00fava\" \/>\n<meta property=\"og:url\" content=\"https:\/\/nk7-testes.com.br\/agazeta\/adolescente-e-morto-a-tiros-em-frente-de-casa\/\" \/>\n<meta property=\"og:site_name\" content=\"Agazeta.net\" \/>\n<meta property=\"article:published_time\" content=\"2016-04-01T13:23:03+00:00\" \/>\n<meta property=\"og:image\" content=\"https:\/\/nk7-testes.com.br\/agazeta\/wp-content\/uploads\/2016\/04\/010416-policia-adolescentemorto-cleriston.jpg\" \/>\n\t<meta property=\"og:image:width\" content=\"458\" \/>\n\t<meta property=\"og:image:height\" content=\"340\" \/>\n\t<meta property=\"og:image:type\" content=\"image\/jpeg\" \/>\n<meta name=\"author\" content=\"Agazeta.Net\" \/>\n<meta name=\"twitter:card\" content=\"summary_large_image\" \/>\n<meta name=\"twitter:label1\" content=\"Escrito por\" \/>\n\t<meta name=\"twitter:data1\" content=\"Agazeta.Net\" \/>\n\t<meta name=\"twitter:label2\" content=\"Est. tempo de leitura\" \/>\n\t<meta name=\"twitter:data2\" content=\"1 minuto\" \/>\n<script type=\"application\/ld+json\" class=\"yoast-schema-graph\">{\"@context\":\"https:\/\/schema.org\",\"@graph\":[{\"@type\":\"WebPage\",\"@id\":\"https:\/\/nk7-testes.com.br\/agazeta\/adolescente-e-morto-a-tiros-em-frente-de-casa\/\",\"url\":\"https:\/\/nk7-testes.com.br\/agazeta\/adolescente-e-morto-a-tiros-em-frente-de-casa\/\",\"name\":\"Adolescente \u00e9 morto a tiros em frente de casa - Agazeta.net\",\"isPartOf\":{\"@id\":\"https:\/\/nk7-testes.com.br\/agazeta\/#website\"},\"primaryImageOfPage\":{\"@id\":\"https:\/\/nk7-testes.com.br\/agazeta\/adolescente-e-morto-a-tiros-em-frente-de-casa\/#primaryimage\"},\"image\":{\"@id\":\"https:\/\/nk7-testes.com.br\/agazeta\/adolescente-e-morto-a-tiros-em-frente-de-casa\/#primaryimage\"},\"thumbnailUrl\":\"https:\/\/nk7-testes.com.br\/agazeta\/wp-content\/uploads\/2016\/04\/010416-policia-adolescentemorto-cleriston.jpg\",\"datePublished\":\"2016-04-01T13:23:03+00:00\",\"author\":{\"@id\":\"https:\/\/nk7-testes.com.br\/agazeta\/#\/schema\/person\/6d6e25cb0435eb4a02fd44d30b4e3020\"},\"breadcrumb\":{\"@id\":\"https:\/\/nk7-testes.com.br\/agazeta\/adolescente-e-morto-a-tiros-em-frente-de-casa\/#breadcrumb\"},\"inLanguage\":\"pt-BR\",\"potentialAction\":[{\"@type\":\"ReadAction\",\"target\":[\"https:\/\/nk7-testes.com.br\/agazeta\/adolescente-e-morto-a-tiros-em-frente-de-casa\/\"]}]},{\"@type\":\"ImageObject\",\"inLanguage\":\"pt-BR\",\"@id\":\"https:\/\/nk7-testes.com.br\/agazeta\/adolescente-e-morto-a-tiros-em-frente-de-casa\/#primaryimage\",\"url\":\"https:\/\/nk7-testes.com.br\/agazeta\/wp-content\/uploads\/2016\/04\/010416-policia-adolescentemorto-cleriston.jpg\",\"contentUrl\":\"https:\/\/nk7-testes.com.br\/agazeta\/wp-content\/uploads\/2016\/04\/010416-policia-adolescentemorto-cleriston.jpg\",\"width\":458,\"height\":340,\"caption\":\"010416-policia-adolescentemorto-cleriston\"},{\"@type\":\"BreadcrumbList\",\"@id\":\"https:\/\/nk7-testes.com.br\/agazeta\/adolescente-e-morto-a-tiros-em-frente-de-casa\/#breadcrumb\",\"itemListElement\":[{\"@type\":\"ListItem\",\"position\":1,\"name\":\"In\u00edcio\",\"item\":\"https:\/\/nk7-testes.com.br\/agazeta\/\"},{\"@type\":\"ListItem\",\"position\":2,\"name\":\"Adolescente \u00e9 morto a tiros em frente de casa\"}]},{\"@type\":\"WebSite\",\"@id\":\"https:\/\/nk7-testes.com.br\/agazeta\/#website\",\"url\":\"https:\/\/nk7-testes.com.br\/agazeta\/\",\"name\":\"Agazeta.net\",\"description\":\"Agazeta.net - Not\u00edcias de Rio Branco\/AC\",\"potentialAction\":[{\"@type\":\"SearchAction\",\"target\":{\"@type\":\"EntryPoint\",\"urlTemplate\":\"https:\/\/nk7-testes.com.br\/agazeta\/?s={search_term_string}\"},\"query-input\":{\"@type\":\"PropertyValueSpecification\",\"valueRequired\":true,\"valueName\":\"search_term_string\"}}],\"inLanguage\":\"pt-BR\"},{\"@type\":\"Person\",\"@id\":\"https:\/\/nk7-testes.com.br\/agazeta\/#\/schema\/person\/6d6e25cb0435eb4a02fd44d30b4e3020\",\"name\":\"Agazeta.Net\",\"url\":\"https:\/\/nk7-testes.com.br\/agazeta\/author\/agazeta\/\"}]}<\/script>\n<!-- \/ Yoast SEO plugin. -->","yoast_head_json":{"title":"Adolescente \u00e9 morto a tiros em frente de casa - Agazeta.net","robots":{"index":"index","follow":"follow","max-snippet":"max-snippet:-1","max-image-preview":"max-image-preview:large","max-video-preview":"max-video-preview:-1"},"canonical":"https:\/\/nk7-testes.com.br\/agazeta\/adolescente-e-morto-a-tiros-em-frente-de-casa\/","og_locale":"pt_BR","og_type":"article","og_title":"Adolescente \u00e9 morto a tiros em frente de casa - Agazeta.net","og_description":"Resid\u00eancia est\u00e1 localizada no Cabre\u00fava","og_url":"https:\/\/nk7-testes.com.br\/agazeta\/adolescente-e-morto-a-tiros-em-frente-de-casa\/","og_site_name":"Agazeta.net","article_published_time":"2016-04-01T13:23:03+00:00","og_image":[{"width":458,"height":340,"url":"https:\/\/nk7-testes.com.br\/agazeta\/wp-content\/uploads\/2016\/04\/010416-policia-adolescentemorto-cleriston.jpg","type":"image\/jpeg"}],"author":"Agazeta.Net","twitter_card":"summary_large_image","twitter_misc":{"Escrito por":"Agazeta.Net","Est. tempo de leitura":"1 minuto"},"schema":{"@context":"https:\/\/schema.org","@graph":[{"@type":"WebPage","@id":"https:\/\/nk7-testes.com.br\/agazeta\/adolescente-e-morto-a-tiros-em-frente-de-casa\/","url":"https:\/\/nk7-testes.com.br\/agazeta\/adolescente-e-morto-a-tiros-em-frente-de-casa\/","name":"Adolescente \u00e9 morto a tiros em frente de casa - Agazeta.net","isPartOf":{"@id":"https:\/\/nk7-testes.com.br\/agazeta\/#website"},"primaryImageOfPage":{"@id":"https:\/\/nk7-testes.com.br\/agazeta\/adolescente-e-morto-a-tiros-em-frente-de-casa\/#primaryimage"},"image":{"@id":"https:\/\/nk7-testes.com.br\/agazeta\/adolescente-e-morto-a-tiros-em-frente-de-casa\/#primaryimage"},"thumbnailUrl":"https:\/\/nk7-testes.com.br\/agazeta\/wp-content\/uploads\/2016\/04\/010416-policia-adolescentemorto-cleriston.jpg","datePublished":"2016-04-01T13:23:03+00:00","author":{"@id":"https:\/\/nk7-testes.com.br\/agazeta\/#\/schema\/person\/6d6e25cb0435eb4a02fd44d30b4e3020"},"breadcrumb":{"@id":"https:\/\/nk7-testes.com.br\/agazeta\/adolescente-e-morto-a-tiros-em-frente-de-casa\/#breadcrumb"},"inLanguage":"pt-BR","potentialAction":[{"@type":"ReadAction","target":["https:\/\/nk7-testes.com.br\/agazeta\/adolescente-e-morto-a-tiros-em-frente-de-casa\/"]}]},{"@type":"ImageObject","inLanguage":"pt-BR","@id":"https:\/\/nk7-testes.com.br\/agazeta\/adolescente-e-morto-a-tiros-em-frente-de-casa\/#primaryimage","url":"https:\/\/nk7-testes.com.br\/agazeta\/wp-content\/uploads\/2016\/04\/010416-policia-adolescentemorto-cleriston.jpg","contentUrl":"https:\/\/nk7-testes.com.br\/agazeta\/wp-content\/uploads\/2016\/04\/010416-policia-adolescentemorto-cleriston.jpg","width":458,"height":340,"caption":"010416-policia-adolescentemorto-cleriston"},{"@type":"BreadcrumbList","@id":"https:\/\/nk7-testes.com.br\/agazeta\/adolescente-e-morto-a-tiros-em-frente-de-casa\/#breadcrumb","itemListElement":[{"@type":"ListItem","position":1,"name":"In\u00edcio","item":"https:\/\/nk7-testes.com.br\/agazeta\/"},{"@type":"ListItem","position":2,"name":"Adolescente \u00e9 morto a tiros em frente de casa"}]},{"@type":"WebSite","@id":"https:\/\/nk7-testes.com.br\/agazeta\/#website","url":"https:\/\/nk7-testes.com.br\/agazeta\/","name":"Agazeta.net","description":"Agazeta.net - Not\u00edcias de Rio Branco\/AC","potentialAction":[{"@type":"SearchAction","target":{"@type":"EntryPoint","urlTemplate":"https:\/\/nk7-testes.com.br\/agazeta\/?s={search_term_string}"},"query-input":{"@type":"PropertyValueSpecification","valueRequired":true,"valueName":"search_term_string"}}],"inLanguage":"pt-BR"},{"@type":"Person","@id":"https:\/\/nk7-testes.com.br\/agazeta\/#\/schema\/person\/6d6e25cb0435eb4a02fd44d30b4e3020","name":"Agazeta.Net","url":"https:\/\/nk7-testes.com.br\/agazeta\/author\/agazeta\/"}]}},"_links":{"self":[{"href":"https:\/\/nk7-testes.com.br\/agazeta\/wp-json\/wp\/v2\/posts\/21854","targetHints":{"allow":["GET"]}}],"collection":[{"href":"https:\/\/nk7-testes.com.br\/agazeta\/wp-json\/wp\/v2\/posts"}],"about":[{"href":"https:\/\/nk7-testes.com.br\/agazeta\/wp-json\/wp\/v2\/types\/post"}],"author":[{"embeddable":true,"href":"https:\/\/nk7-testes.com.br\/agazeta\/wp-json\/wp\/v2\/users\/4"}],"replies":[{"embeddable":true,"href":"https:\/\/nk7-testes.com.br\/agazeta\/wp-json\/wp\/v2\/comments?post=21854"}],"version-history":[{"count":0,"href":"https:\/\/nk7-testes.com.br\/agazeta\/wp-json\/wp\/v2\/posts\/21854\/revisions"}],"wp:featuredmedia":[{"embeddable":true,"href":"https:\/\/nk7-testes.com.br\/agazeta\/wp-json\/wp\/v2\/media\/21853"}],"wp:attachment":[{"href":"https:\/\/nk7-testes.com.br\/agazeta\/wp-json\/wp\/v2\/media?parent=21854"}],"wp:term":[{"taxonomy":"category","embeddable":true,"href":"https:\/\/nk7-testes.com.br\/agazeta\/wp-json\/wp\/v2\/categories?post=21854"},{"taxonomy":"post_tag","embeddable":true,"href":"https:\/\/nk7-testes.com.br\/agazeta\/wp-json\/wp\/v2\/tags?post=21854"}],"curies":[{"name":"wp","href":"https:\/\/api.w.org\/{rel}","templated":true}]}}