{"id":21788,"date":"2016-03-29T19:08:46","date_gmt":"2016-03-29T19:08:46","guid":{"rendered":"https:\/\/abarevegan.com.br\/index.php\/2016\/03\/29\/turma-de-jornalismo-da-ufac-realiza-mostra-fotografica\/"},"modified":"2016-03-29T19:08:46","modified_gmt":"2016-03-29T19:08:46","slug":"turma-de-jornalismo-da-ufac-realiza-mostra-fotografica","status":"publish","type":"post","link":"https:\/\/nk7-testes.com.br\/agazeta\/turma-de-jornalismo-da-ufac-realiza-mostra-fotografica\/","title":{"rendered":"Turma de Jornalismo da Ufac realiza mostra fotogr\u00e1fica"},"content":{"rendered":"<p style=\"text-align: justify;\">Alunos v\u00e3o expor trabalhos no Via Verde Shopping<\/p>\n<p style=\"text-align: justify;\">Os estudantes do curso de Comunica\u00e7\u00e3o Social, com Habilita\u00e7\u00e3o em Jornalismo realizam do dia 7 a 14 de abril a IV Mostra Experimental de Comunica\u00e7\u00e3o Visual. O evento acontece no Via Verde Shopping a partir das 19h.<\/p>\n<p style=\"text-align: justify;\">De acordo com a organiza\u00e7\u00e3o o evento tem por finalidade a aplica\u00e7\u00e3o dos conceitos da disciplina de Comunica\u00e7\u00e3o Visual, ou seja, expor fotografias produzidas a partir das t\u00e9cnicas de composi\u00e7\u00e3o visual.<\/p>\n<p style=\"text-align: justify;\">Durante a semana ser\u00e3o expostos os trabalhos dos acad\u00eamicos e na abertura o p\u00fablico poder\u00e1 apreciar m\u00fasica ao vivo, al\u00e9m de participar de sorteios e de um coffee break.<\/p>\n<p style=\"text-align: justify;\">Para a estudante do 5\u00ba per\u00edodo de jornalismo Larissa Costa, a mostra \u00e9 uma oportunidade de ganhar mais experi\u00eancia, \u201c\u00e9 muito importante porque a gente v\u00ea a teoria em sala de aula e esta \u00e9 oportunidade de colocar em pr\u00e1tica\u201d.<\/p>\n","protected":false},"excerpt":{"rendered":"<p style=\"text-align: justify;\">Alunos v\u00e3o expor trabalhos no Via Verde Shopping<\/p>\n","protected":false},"author":4,"featured_media":21787,"comment_status":"open","ping_status":"open","sticky":false,"template":"","format":"standard","meta":{"jnews-multi-image_gallery":[],"jnews_single_post":[],"jnews_primary_category":[],"jnews_social_meta":[],"jnews_review":[],"enable_review":"","type":"","name":"","summary":"","brand":"","sku":"","good":[],"bad":[],"score_override":"","override_value":"","rating":[],"price":[],"footnotes":""},"categories":[54],"tags":[],"class_list":["post-21788","post","type-post","status-publish","format-standard","has-post-thumbnail","hentry","category-cotidiano"],"yoast_head":"<!-- This site is optimized with the Yoast SEO plugin v26.5 - https:\/\/yoast.com\/wordpress\/plugins\/seo\/ -->\n<title>Turma de Jornalismo da Ufac realiza mostra fotogr\u00e1fica - Agazeta.net<\/title>\n<meta name=\"robots\" content=\"index, follow, max-snippet:-1, max-image-preview:large, max-video-preview:-1\" \/>\n<link rel=\"canonical\" href=\"https:\/\/nk7-testes.com.br\/agazeta\/turma-de-jornalismo-da-ufac-realiza-mostra-fotografica\/\" \/>\n<meta property=\"og:locale\" content=\"pt_BR\" \/>\n<meta property=\"og:type\" content=\"article\" \/>\n<meta property=\"og:title\" content=\"Turma de Jornalismo da Ufac realiza mostra fotogr\u00e1fica - Agazeta.net\" \/>\n<meta property=\"og:description\" content=\"Alunos v\u00e3o expor trabalhos no Via Verde Shopping\" \/>\n<meta property=\"og:url\" content=\"https:\/\/nk7-testes.com.br\/agazeta\/turma-de-jornalismo-da-ufac-realiza-mostra-fotografica\/\" \/>\n<meta property=\"og:site_name\" content=\"Agazeta.net\" \/>\n<meta property=\"article:published_time\" content=\"2016-03-29T19:08:46+00:00\" \/>\n<meta property=\"og:image\" content=\"https:\/\/nk7-testes.com.br\/agazeta\/wp-content\/uploads\/2016\/03\/290316-cotidiano-mostraufac.jpg\" \/>\n\t<meta property=\"og:image:width\" content=\"458\" \/>\n\t<meta property=\"og:image:height\" content=\"340\" \/>\n\t<meta property=\"og:image:type\" content=\"image\/jpeg\" \/>\n<meta name=\"author\" content=\"Agazeta.Net\" \/>\n<meta name=\"twitter:card\" content=\"summary_large_image\" \/>\n<meta name=\"twitter:label1\" content=\"Escrito por\" \/>\n\t<meta name=\"twitter:data1\" content=\"Agazeta.Net\" \/>\n\t<meta name=\"twitter:label2\" content=\"Est. tempo de leitura\" \/>\n\t<meta name=\"twitter:data2\" content=\"1 minuto\" \/>\n<script type=\"application\/ld+json\" class=\"yoast-schema-graph\">{\"@context\":\"https:\/\/schema.org\",\"@graph\":[{\"@type\":\"WebPage\",\"@id\":\"https:\/\/nk7-testes.com.br\/agazeta\/turma-de-jornalismo-da-ufac-realiza-mostra-fotografica\/\",\"url\":\"https:\/\/nk7-testes.com.br\/agazeta\/turma-de-jornalismo-da-ufac-realiza-mostra-fotografica\/\",\"name\":\"Turma de Jornalismo da Ufac realiza mostra fotogr\u00e1fica - Agazeta.net\",\"isPartOf\":{\"@id\":\"https:\/\/nk7-testes.com.br\/agazeta\/#website\"},\"primaryImageOfPage\":{\"@id\":\"https:\/\/nk7-testes.com.br\/agazeta\/turma-de-jornalismo-da-ufac-realiza-mostra-fotografica\/#primaryimage\"},\"image\":{\"@id\":\"https:\/\/nk7-testes.com.br\/agazeta\/turma-de-jornalismo-da-ufac-realiza-mostra-fotografica\/#primaryimage\"},\"thumbnailUrl\":\"https:\/\/nk7-testes.com.br\/agazeta\/wp-content\/uploads\/2016\/03\/290316-cotidiano-mostraufac.jpg\",\"datePublished\":\"2016-03-29T19:08:46+00:00\",\"author\":{\"@id\":\"https:\/\/nk7-testes.com.br\/agazeta\/#\/schema\/person\/6d6e25cb0435eb4a02fd44d30b4e3020\"},\"breadcrumb\":{\"@id\":\"https:\/\/nk7-testes.com.br\/agazeta\/turma-de-jornalismo-da-ufac-realiza-mostra-fotografica\/#breadcrumb\"},\"inLanguage\":\"pt-BR\",\"potentialAction\":[{\"@type\":\"ReadAction\",\"target\":[\"https:\/\/nk7-testes.com.br\/agazeta\/turma-de-jornalismo-da-ufac-realiza-mostra-fotografica\/\"]}]},{\"@type\":\"ImageObject\",\"inLanguage\":\"pt-BR\",\"@id\":\"https:\/\/nk7-testes.com.br\/agazeta\/turma-de-jornalismo-da-ufac-realiza-mostra-fotografica\/#primaryimage\",\"url\":\"https:\/\/nk7-testes.com.br\/agazeta\/wp-content\/uploads\/2016\/03\/290316-cotidiano-mostraufac.jpg\",\"contentUrl\":\"https:\/\/nk7-testes.com.br\/agazeta\/wp-content\/uploads\/2016\/03\/290316-cotidiano-mostraufac.jpg\",\"width\":458,\"height\":340,\"caption\":\"290316-cotidiano-mostraufac\"},{\"@type\":\"BreadcrumbList\",\"@id\":\"https:\/\/nk7-testes.com.br\/agazeta\/turma-de-jornalismo-da-ufac-realiza-mostra-fotografica\/#breadcrumb\",\"itemListElement\":[{\"@type\":\"ListItem\",\"position\":1,\"name\":\"In\u00edcio\",\"item\":\"https:\/\/nk7-testes.com.br\/agazeta\/\"},{\"@type\":\"ListItem\",\"position\":2,\"name\":\"Turma de Jornalismo da Ufac realiza mostra fotogr\u00e1fica\"}]},{\"@type\":\"WebSite\",\"@id\":\"https:\/\/nk7-testes.com.br\/agazeta\/#website\",\"url\":\"https:\/\/nk7-testes.com.br\/agazeta\/\",\"name\":\"Agazeta.net\",\"description\":\"Agazeta.net - Not\u00edcias de Rio Branco\/AC\",\"potentialAction\":[{\"@type\":\"SearchAction\",\"target\":{\"@type\":\"EntryPoint\",\"urlTemplate\":\"https:\/\/nk7-testes.com.br\/agazeta\/?s={search_term_string}\"},\"query-input\":{\"@type\":\"PropertyValueSpecification\",\"valueRequired\":true,\"valueName\":\"search_term_string\"}}],\"inLanguage\":\"pt-BR\"},{\"@type\":\"Person\",\"@id\":\"https:\/\/nk7-testes.com.br\/agazeta\/#\/schema\/person\/6d6e25cb0435eb4a02fd44d30b4e3020\",\"name\":\"Agazeta.Net\",\"url\":\"https:\/\/nk7-testes.com.br\/agazeta\/author\/agazeta\/\"}]}<\/script>\n<!-- \/ Yoast SEO plugin. -->","yoast_head_json":{"title":"Turma de Jornalismo da Ufac realiza mostra fotogr\u00e1fica - Agazeta.net","robots":{"index":"index","follow":"follow","max-snippet":"max-snippet:-1","max-image-preview":"max-image-preview:large","max-video-preview":"max-video-preview:-1"},"canonical":"https:\/\/nk7-testes.com.br\/agazeta\/turma-de-jornalismo-da-ufac-realiza-mostra-fotografica\/","og_locale":"pt_BR","og_type":"article","og_title":"Turma de Jornalismo da Ufac realiza mostra fotogr\u00e1fica - Agazeta.net","og_description":"Alunos v\u00e3o expor trabalhos no Via Verde Shopping","og_url":"https:\/\/nk7-testes.com.br\/agazeta\/turma-de-jornalismo-da-ufac-realiza-mostra-fotografica\/","og_site_name":"Agazeta.net","article_published_time":"2016-03-29T19:08:46+00:00","og_image":[{"width":458,"height":340,"url":"https:\/\/nk7-testes.com.br\/agazeta\/wp-content\/uploads\/2016\/03\/290316-cotidiano-mostraufac.jpg","type":"image\/jpeg"}],"author":"Agazeta.Net","twitter_card":"summary_large_image","twitter_misc":{"Escrito por":"Agazeta.Net","Est. tempo de leitura":"1 minuto"},"schema":{"@context":"https:\/\/schema.org","@graph":[{"@type":"WebPage","@id":"https:\/\/nk7-testes.com.br\/agazeta\/turma-de-jornalismo-da-ufac-realiza-mostra-fotografica\/","url":"https:\/\/nk7-testes.com.br\/agazeta\/turma-de-jornalismo-da-ufac-realiza-mostra-fotografica\/","name":"Turma de Jornalismo da Ufac realiza mostra fotogr\u00e1fica - Agazeta.net","isPartOf":{"@id":"https:\/\/nk7-testes.com.br\/agazeta\/#website"},"primaryImageOfPage":{"@id":"https:\/\/nk7-testes.com.br\/agazeta\/turma-de-jornalismo-da-ufac-realiza-mostra-fotografica\/#primaryimage"},"image":{"@id":"https:\/\/nk7-testes.com.br\/agazeta\/turma-de-jornalismo-da-ufac-realiza-mostra-fotografica\/#primaryimage"},"thumbnailUrl":"https:\/\/nk7-testes.com.br\/agazeta\/wp-content\/uploads\/2016\/03\/290316-cotidiano-mostraufac.jpg","datePublished":"2016-03-29T19:08:46+00:00","author":{"@id":"https:\/\/nk7-testes.com.br\/agazeta\/#\/schema\/person\/6d6e25cb0435eb4a02fd44d30b4e3020"},"breadcrumb":{"@id":"https:\/\/nk7-testes.com.br\/agazeta\/turma-de-jornalismo-da-ufac-realiza-mostra-fotografica\/#breadcrumb"},"inLanguage":"pt-BR","potentialAction":[{"@type":"ReadAction","target":["https:\/\/nk7-testes.com.br\/agazeta\/turma-de-jornalismo-da-ufac-realiza-mostra-fotografica\/"]}]},{"@type":"ImageObject","inLanguage":"pt-BR","@id":"https:\/\/nk7-testes.com.br\/agazeta\/turma-de-jornalismo-da-ufac-realiza-mostra-fotografica\/#primaryimage","url":"https:\/\/nk7-testes.com.br\/agazeta\/wp-content\/uploads\/2016\/03\/290316-cotidiano-mostraufac.jpg","contentUrl":"https:\/\/nk7-testes.com.br\/agazeta\/wp-content\/uploads\/2016\/03\/290316-cotidiano-mostraufac.jpg","width":458,"height":340,"caption":"290316-cotidiano-mostraufac"},{"@type":"BreadcrumbList","@id":"https:\/\/nk7-testes.com.br\/agazeta\/turma-de-jornalismo-da-ufac-realiza-mostra-fotografica\/#breadcrumb","itemListElement":[{"@type":"ListItem","position":1,"name":"In\u00edcio","item":"https:\/\/nk7-testes.com.br\/agazeta\/"},{"@type":"ListItem","position":2,"name":"Turma de Jornalismo da Ufac realiza mostra fotogr\u00e1fica"}]},{"@type":"WebSite","@id":"https:\/\/nk7-testes.com.br\/agazeta\/#website","url":"https:\/\/nk7-testes.com.br\/agazeta\/","name":"Agazeta.net","description":"Agazeta.net - Not\u00edcias de Rio Branco\/AC","potentialAction":[{"@type":"SearchAction","target":{"@type":"EntryPoint","urlTemplate":"https:\/\/nk7-testes.com.br\/agazeta\/?s={search_term_string}"},"query-input":{"@type":"PropertyValueSpecification","valueRequired":true,"valueName":"search_term_string"}}],"inLanguage":"pt-BR"},{"@type":"Person","@id":"https:\/\/nk7-testes.com.br\/agazeta\/#\/schema\/person\/6d6e25cb0435eb4a02fd44d30b4e3020","name":"Agazeta.Net","url":"https:\/\/nk7-testes.com.br\/agazeta\/author\/agazeta\/"}]}},"_links":{"self":[{"href":"https:\/\/nk7-testes.com.br\/agazeta\/wp-json\/wp\/v2\/posts\/21788","targetHints":{"allow":["GET"]}}],"collection":[{"href":"https:\/\/nk7-testes.com.br\/agazeta\/wp-json\/wp\/v2\/posts"}],"about":[{"href":"https:\/\/nk7-testes.com.br\/agazeta\/wp-json\/wp\/v2\/types\/post"}],"author":[{"embeddable":true,"href":"https:\/\/nk7-testes.com.br\/agazeta\/wp-json\/wp\/v2\/users\/4"}],"replies":[{"embeddable":true,"href":"https:\/\/nk7-testes.com.br\/agazeta\/wp-json\/wp\/v2\/comments?post=21788"}],"version-history":[{"count":0,"href":"https:\/\/nk7-testes.com.br\/agazeta\/wp-json\/wp\/v2\/posts\/21788\/revisions"}],"wp:featuredmedia":[{"embeddable":true,"href":"https:\/\/nk7-testes.com.br\/agazeta\/wp-json\/wp\/v2\/media\/21787"}],"wp:attachment":[{"href":"https:\/\/nk7-testes.com.br\/agazeta\/wp-json\/wp\/v2\/media?parent=21788"}],"wp:term":[{"taxonomy":"category","embeddable":true,"href":"https:\/\/nk7-testes.com.br\/agazeta\/wp-json\/wp\/v2\/categories?post=21788"},{"taxonomy":"post_tag","embeddable":true,"href":"https:\/\/nk7-testes.com.br\/agazeta\/wp-json\/wp\/v2\/tags?post=21788"}],"curies":[{"name":"wp","href":"https:\/\/api.w.org\/{rel}","templated":true}]}}