{"id":21779,"date":"2016-03-29T13:57:37","date_gmt":"2016-03-29T13:57:37","guid":{"rendered":"https:\/\/abarevegan.com.br\/index.php\/2016\/03\/29\/agente-socioeducativo-e-acusado-de-agressao-no-transito\/"},"modified":"2016-03-29T13:57:37","modified_gmt":"2016-03-29T13:57:37","slug":"agente-socioeducativo-e-acusado-de-agressao-no-transito","status":"publish","type":"post","link":"https:\/\/nk7-testes.com.br\/agazeta\/agente-socioeducativo-e-acusado-de-agressao-no-transito\/","title":{"rendered":"Fam\u00edlia se diz agredida por agente socioeducativo"},"content":{"rendered":"<p style=\"text-align: justify;\">Caso ganhou repercuss\u00e3o nas redes sociais<\/p>\n<p style=\"text-align: justify;\">Discuss\u00e3o de tr\u00e2nsito ganha repercuss\u00e3o nas redes sociais, ap\u00f3s casal afirmar que Diretor do Instituto S\u00f3cio Educativo do Estado (ISE) apontou arma contra a fam\u00edlia. Nossa equipe ouviu Rafael Almeida. Ele afirma que cogita entrar com representa\u00e7\u00e3o na Justi\u00e7a por cal\u00fania.<\/p>\n<p style=\"text-align: justify;\">A confus\u00e3o, segundo a manicure Luna Saluana, 25, come\u00e7ou enquanto ela e o marido retornavam da maternidade no \u00faltimo s\u00e1bado. Luna havia recebido alta, ap\u00f3s conceber o terceiro filho do casal, atrav\u00e9s de uma cesariana.<\/p>\n<p style=\"text-align: justify;\">Por orienta\u00e7\u00e3o m\u00e9dica, o marido conduzia o ve\u00edculo com m\u00e9dia de 40 Km\/hora para proteger a mulher dos impactos que poderiam causar dor e prejudicar os pontos da cirurgia.<\/p>\n<p style=\"text-align: justify;\">Tiago Torres explica que a mulher estava no banco da frente, segurando a filha rec\u00e9m-nascida e que se preocupou ao ver se aproximando atr\u00e1s deles, um ve\u00edculo que ultrapassava v\u00e1rios carros.<\/p>\n<p style=\"text-align: justify;\">\u201cEu olhei no retrovisor e falei que vinha um doido e ela pediu pra eu ter cuidado. Eu vinha pela esquerda devagar\u201d, disse Tiago.<\/p>\n<p style=\"text-align: justify;\">Quem estava no outro ve\u00edculo era Rafael Almeida, Diretor presidente do Instituto S\u00f3cio Educativo do Acre. Segundo o casal, no calor da discuss\u00e3o, promovida enquanto os dois carros estavam em movimento na Avenida Cear\u00e1, Rafael teria apontado uma arma de fogo contra eles. Teria sido uma pistola. \u201cQuando ele puxou a arma eu vi que a situa\u00e7\u00e3o era extrema. A gente n\u00e3o tinha o que fazer\u201d, lembrou.<\/p>\n<p style=\"text-align: justify;\">A confus\u00e3o foi relatada em um v\u00eddeo que foi postado por Luna no Facebook. Em pouco tempo, o caso ganhou repercuss\u00e3o. Segundo a jovem, tomou uma propor\u00e7\u00e3o muito grande e que traz preocupa\u00e7\u00e3o para a fam\u00edlia.<\/p>\n<p style=\"text-align: justify;\">\u201cCome\u00e7aram a mandar mensagens e ligar no telefone de casa. Mensagens dizendo que era pra eu me cuidar, que sou apenas uma manicure, enfim. Procurei a m\u00eddia como forma de me proteger e de proteger a minha fam\u00edlia\u201d, disse.<\/p>\n<p style=\"text-align: justify;\">Rafael afirma que est\u00e1 tranquilo e que tem provas de que as acusa\u00e7\u00f5es n\u00e3o procedem. Segundo o gestor do ISE, ele \u00e9 que foi agredido, verbalmente. \u201cHouve uma ultrapassagem, que fiz consciente. Quando retornei acho que pensou que teria que brecar, que o outro carro poderia bater e buzinaram. Houve agress\u00f5es verbais\u201d, disse.<\/p>\n<p style=\"text-align: justify;\">Ap\u00f3s chegar ao destino final, um mercado atacadista, localizado na mesma avenida, Rafael afirma que foi revistado por policiais, que foram acionados para a ocorr\u00eancia pelo casal, mas que nenhuma arma foi encontrada. \u201cHouve um mal entendido. Os policiais revistaram a mim e meu carro. Estou tranquilo quanto a isso\u201d, afirmou.<\/p>\n<p style=\"text-align: justify;\">De acordo com Almeida, provid\u00eancias judiciais podem ser tomadas, mas ele afirma que est\u00e1 aberto para um di\u00e1logo.<\/p>\n<p style=\"text-align: justify;\">O casal explica que deu publicidade ao ocorrido, imaginando que Rafael era um agente socioeducativo, e que ao saber de quem se tratava, agora esperam provid\u00eancias. \u201cQuero que a autoridade acima dele tome provid\u00eancias, porque se ele fez isso comigo pode numa hora mais estressado at\u00e9 matar um pai de fam\u00edlia\u201d, disse Tiago.<\/p>\n","protected":false},"excerpt":{"rendered":"<p style=\"text-align: justify;\">Caso ganhou repercuss\u00e3o nas redes sociais<\/p>\n","protected":false},"author":4,"featured_media":21778,"comment_status":"open","ping_status":"open","sticky":false,"template":"","format":"standard","meta":{"jnews-multi-image_gallery":[],"jnews_single_post":[],"jnews_primary_category":[],"jnews_social_meta":[],"jnews_review":[],"enable_review":"","type":"","name":"","summary":"","brand":"","sku":"","good":[],"bad":[],"score_override":"","override_value":"","rating":[],"price":[],"footnotes":""},"categories":[54],"tags":[],"class_list":["post-21779","post","type-post","status-publish","format-standard","has-post-thumbnail","hentry","category-cotidiano"],"yoast_head":"<!-- This site is optimized with the Yoast SEO plugin v26.5 - https:\/\/yoast.com\/wordpress\/plugins\/seo\/ -->\n<title>Fam\u00edlia se diz agredida por agente socioeducativo - Agazeta.net<\/title>\n<meta name=\"robots\" content=\"index, follow, max-snippet:-1, max-image-preview:large, max-video-preview:-1\" \/>\n<link rel=\"canonical\" href=\"https:\/\/nk7-testes.com.br\/agazeta\/agente-socioeducativo-e-acusado-de-agressao-no-transito\/\" \/>\n<meta property=\"og:locale\" content=\"pt_BR\" \/>\n<meta property=\"og:type\" content=\"article\" \/>\n<meta property=\"og:title\" content=\"Fam\u00edlia se diz agredida por agente socioeducativo - Agazeta.net\" \/>\n<meta property=\"og:description\" content=\"Caso ganhou repercuss\u00e3o nas redes sociais\" \/>\n<meta property=\"og:url\" content=\"https:\/\/nk7-testes.com.br\/agazeta\/agente-socioeducativo-e-acusado-de-agressao-no-transito\/\" \/>\n<meta property=\"og:site_name\" content=\"Agazeta.net\" \/>\n<meta property=\"article:published_time\" content=\"2016-03-29T13:57:37+00:00\" \/>\n<meta property=\"og:image\" content=\"https:\/\/nk7-testes.com.br\/agazeta\/wp-content\/uploads\/2016\/03\/290316-cotidiano-transito-tvgazeta2.jpg\" \/>\n\t<meta property=\"og:image:width\" content=\"458\" \/>\n\t<meta property=\"og:image:height\" content=\"340\" \/>\n\t<meta property=\"og:image:type\" content=\"image\/jpeg\" \/>\n<meta name=\"author\" content=\"Agazeta.Net\" \/>\n<meta name=\"twitter:card\" content=\"summary_large_image\" \/>\n<meta name=\"twitter:label1\" content=\"Escrito por\" \/>\n\t<meta name=\"twitter:data1\" content=\"Agazeta.Net\" \/>\n\t<meta name=\"twitter:label2\" content=\"Est. tempo de leitura\" \/>\n\t<meta name=\"twitter:data2\" content=\"3 minutos\" \/>\n<script type=\"application\/ld+json\" class=\"yoast-schema-graph\">{\"@context\":\"https:\/\/schema.org\",\"@graph\":[{\"@type\":\"WebPage\",\"@id\":\"https:\/\/nk7-testes.com.br\/agazeta\/agente-socioeducativo-e-acusado-de-agressao-no-transito\/\",\"url\":\"https:\/\/nk7-testes.com.br\/agazeta\/agente-socioeducativo-e-acusado-de-agressao-no-transito\/\",\"name\":\"Fam\u00edlia se diz agredida por agente socioeducativo - Agazeta.net\",\"isPartOf\":{\"@id\":\"https:\/\/nk7-testes.com.br\/agazeta\/#website\"},\"primaryImageOfPage\":{\"@id\":\"https:\/\/nk7-testes.com.br\/agazeta\/agente-socioeducativo-e-acusado-de-agressao-no-transito\/#primaryimage\"},\"image\":{\"@id\":\"https:\/\/nk7-testes.com.br\/agazeta\/agente-socioeducativo-e-acusado-de-agressao-no-transito\/#primaryimage\"},\"thumbnailUrl\":\"https:\/\/nk7-testes.com.br\/agazeta\/wp-content\/uploads\/2016\/03\/290316-cotidiano-transito-tvgazeta2.jpg\",\"datePublished\":\"2016-03-29T13:57:37+00:00\",\"author\":{\"@id\":\"https:\/\/nk7-testes.com.br\/agazeta\/#\/schema\/person\/6d6e25cb0435eb4a02fd44d30b4e3020\"},\"breadcrumb\":{\"@id\":\"https:\/\/nk7-testes.com.br\/agazeta\/agente-socioeducativo-e-acusado-de-agressao-no-transito\/#breadcrumb\"},\"inLanguage\":\"pt-BR\",\"potentialAction\":[{\"@type\":\"ReadAction\",\"target\":[\"https:\/\/nk7-testes.com.br\/agazeta\/agente-socioeducativo-e-acusado-de-agressao-no-transito\/\"]}]},{\"@type\":\"ImageObject\",\"inLanguage\":\"pt-BR\",\"@id\":\"https:\/\/nk7-testes.com.br\/agazeta\/agente-socioeducativo-e-acusado-de-agressao-no-transito\/#primaryimage\",\"url\":\"https:\/\/nk7-testes.com.br\/agazeta\/wp-content\/uploads\/2016\/03\/290316-cotidiano-transito-tvgazeta2.jpg\",\"contentUrl\":\"https:\/\/nk7-testes.com.br\/agazeta\/wp-content\/uploads\/2016\/03\/290316-cotidiano-transito-tvgazeta2.jpg\",\"width\":458,\"height\":340,\"caption\":\"290316-cotidiano-transito-tvgazeta2\"},{\"@type\":\"BreadcrumbList\",\"@id\":\"https:\/\/nk7-testes.com.br\/agazeta\/agente-socioeducativo-e-acusado-de-agressao-no-transito\/#breadcrumb\",\"itemListElement\":[{\"@type\":\"ListItem\",\"position\":1,\"name\":\"In\u00edcio\",\"item\":\"https:\/\/nk7-testes.com.br\/agazeta\/\"},{\"@type\":\"ListItem\",\"position\":2,\"name\":\"Fam\u00edlia se diz agredida por agente socioeducativo\"}]},{\"@type\":\"WebSite\",\"@id\":\"https:\/\/nk7-testes.com.br\/agazeta\/#website\",\"url\":\"https:\/\/nk7-testes.com.br\/agazeta\/\",\"name\":\"Agazeta.net\",\"description\":\"Agazeta.net - Not\u00edcias de Rio Branco\/AC\",\"potentialAction\":[{\"@type\":\"SearchAction\",\"target\":{\"@type\":\"EntryPoint\",\"urlTemplate\":\"https:\/\/nk7-testes.com.br\/agazeta\/?s={search_term_string}\"},\"query-input\":{\"@type\":\"PropertyValueSpecification\",\"valueRequired\":true,\"valueName\":\"search_term_string\"}}],\"inLanguage\":\"pt-BR\"},{\"@type\":\"Person\",\"@id\":\"https:\/\/nk7-testes.com.br\/agazeta\/#\/schema\/person\/6d6e25cb0435eb4a02fd44d30b4e3020\",\"name\":\"Agazeta.Net\",\"url\":\"https:\/\/nk7-testes.com.br\/agazeta\/author\/agazeta\/\"}]}<\/script>\n<!-- \/ Yoast SEO plugin. -->","yoast_head_json":{"title":"Fam\u00edlia se diz agredida por agente socioeducativo - Agazeta.net","robots":{"index":"index","follow":"follow","max-snippet":"max-snippet:-1","max-image-preview":"max-image-preview:large","max-video-preview":"max-video-preview:-1"},"canonical":"https:\/\/nk7-testes.com.br\/agazeta\/agente-socioeducativo-e-acusado-de-agressao-no-transito\/","og_locale":"pt_BR","og_type":"article","og_title":"Fam\u00edlia se diz agredida por agente socioeducativo - Agazeta.net","og_description":"Caso ganhou repercuss\u00e3o nas redes sociais","og_url":"https:\/\/nk7-testes.com.br\/agazeta\/agente-socioeducativo-e-acusado-de-agressao-no-transito\/","og_site_name":"Agazeta.net","article_published_time":"2016-03-29T13:57:37+00:00","og_image":[{"width":458,"height":340,"url":"https:\/\/nk7-testes.com.br\/agazeta\/wp-content\/uploads\/2016\/03\/290316-cotidiano-transito-tvgazeta2.jpg","type":"image\/jpeg"}],"author":"Agazeta.Net","twitter_card":"summary_large_image","twitter_misc":{"Escrito por":"Agazeta.Net","Est. tempo de leitura":"3 minutos"},"schema":{"@context":"https:\/\/schema.org","@graph":[{"@type":"WebPage","@id":"https:\/\/nk7-testes.com.br\/agazeta\/agente-socioeducativo-e-acusado-de-agressao-no-transito\/","url":"https:\/\/nk7-testes.com.br\/agazeta\/agente-socioeducativo-e-acusado-de-agressao-no-transito\/","name":"Fam\u00edlia se diz agredida por agente socioeducativo - Agazeta.net","isPartOf":{"@id":"https:\/\/nk7-testes.com.br\/agazeta\/#website"},"primaryImageOfPage":{"@id":"https:\/\/nk7-testes.com.br\/agazeta\/agente-socioeducativo-e-acusado-de-agressao-no-transito\/#primaryimage"},"image":{"@id":"https:\/\/nk7-testes.com.br\/agazeta\/agente-socioeducativo-e-acusado-de-agressao-no-transito\/#primaryimage"},"thumbnailUrl":"https:\/\/nk7-testes.com.br\/agazeta\/wp-content\/uploads\/2016\/03\/290316-cotidiano-transito-tvgazeta2.jpg","datePublished":"2016-03-29T13:57:37+00:00","author":{"@id":"https:\/\/nk7-testes.com.br\/agazeta\/#\/schema\/person\/6d6e25cb0435eb4a02fd44d30b4e3020"},"breadcrumb":{"@id":"https:\/\/nk7-testes.com.br\/agazeta\/agente-socioeducativo-e-acusado-de-agressao-no-transito\/#breadcrumb"},"inLanguage":"pt-BR","potentialAction":[{"@type":"ReadAction","target":["https:\/\/nk7-testes.com.br\/agazeta\/agente-socioeducativo-e-acusado-de-agressao-no-transito\/"]}]},{"@type":"ImageObject","inLanguage":"pt-BR","@id":"https:\/\/nk7-testes.com.br\/agazeta\/agente-socioeducativo-e-acusado-de-agressao-no-transito\/#primaryimage","url":"https:\/\/nk7-testes.com.br\/agazeta\/wp-content\/uploads\/2016\/03\/290316-cotidiano-transito-tvgazeta2.jpg","contentUrl":"https:\/\/nk7-testes.com.br\/agazeta\/wp-content\/uploads\/2016\/03\/290316-cotidiano-transito-tvgazeta2.jpg","width":458,"height":340,"caption":"290316-cotidiano-transito-tvgazeta2"},{"@type":"BreadcrumbList","@id":"https:\/\/nk7-testes.com.br\/agazeta\/agente-socioeducativo-e-acusado-de-agressao-no-transito\/#breadcrumb","itemListElement":[{"@type":"ListItem","position":1,"name":"In\u00edcio","item":"https:\/\/nk7-testes.com.br\/agazeta\/"},{"@type":"ListItem","position":2,"name":"Fam\u00edlia se diz agredida por agente socioeducativo"}]},{"@type":"WebSite","@id":"https:\/\/nk7-testes.com.br\/agazeta\/#website","url":"https:\/\/nk7-testes.com.br\/agazeta\/","name":"Agazeta.net","description":"Agazeta.net - Not\u00edcias de Rio Branco\/AC","potentialAction":[{"@type":"SearchAction","target":{"@type":"EntryPoint","urlTemplate":"https:\/\/nk7-testes.com.br\/agazeta\/?s={search_term_string}"},"query-input":{"@type":"PropertyValueSpecification","valueRequired":true,"valueName":"search_term_string"}}],"inLanguage":"pt-BR"},{"@type":"Person","@id":"https:\/\/nk7-testes.com.br\/agazeta\/#\/schema\/person\/6d6e25cb0435eb4a02fd44d30b4e3020","name":"Agazeta.Net","url":"https:\/\/nk7-testes.com.br\/agazeta\/author\/agazeta\/"}]}},"_links":{"self":[{"href":"https:\/\/nk7-testes.com.br\/agazeta\/wp-json\/wp\/v2\/posts\/21779","targetHints":{"allow":["GET"]}}],"collection":[{"href":"https:\/\/nk7-testes.com.br\/agazeta\/wp-json\/wp\/v2\/posts"}],"about":[{"href":"https:\/\/nk7-testes.com.br\/agazeta\/wp-json\/wp\/v2\/types\/post"}],"author":[{"embeddable":true,"href":"https:\/\/nk7-testes.com.br\/agazeta\/wp-json\/wp\/v2\/users\/4"}],"replies":[{"embeddable":true,"href":"https:\/\/nk7-testes.com.br\/agazeta\/wp-json\/wp\/v2\/comments?post=21779"}],"version-history":[{"count":0,"href":"https:\/\/nk7-testes.com.br\/agazeta\/wp-json\/wp\/v2\/posts\/21779\/revisions"}],"wp:featuredmedia":[{"embeddable":true,"href":"https:\/\/nk7-testes.com.br\/agazeta\/wp-json\/wp\/v2\/media\/21778"}],"wp:attachment":[{"href":"https:\/\/nk7-testes.com.br\/agazeta\/wp-json\/wp\/v2\/media?parent=21779"}],"wp:term":[{"taxonomy":"category","embeddable":true,"href":"https:\/\/nk7-testes.com.br\/agazeta\/wp-json\/wp\/v2\/categories?post=21779"},{"taxonomy":"post_tag","embeddable":true,"href":"https:\/\/nk7-testes.com.br\/agazeta\/wp-json\/wp\/v2\/tags?post=21779"}],"curies":[{"name":"wp","href":"https:\/\/api.w.org\/{rel}","templated":true}]}}