{"id":21744,"date":"2016-03-25T17:25:03","date_gmt":"2016-03-25T17:25:03","guid":{"rendered":"https:\/\/abarevegan.com.br\/index.php\/2016\/03\/25\/projeto-usa-musica-para-educar-criancas\/"},"modified":"2016-03-25T17:25:03","modified_gmt":"2016-03-25T17:25:03","slug":"projeto-usa-musica-para-educar-criancas","status":"publish","type":"post","link":"https:\/\/nk7-testes.com.br\/agazeta\/projeto-usa-musica-para-educar-criancas\/","title":{"rendered":"Projeto usa m\u00fasica para educar crian\u00e7as"},"content":{"rendered":"<p>Quinhentas pessoas s\u00e3o volunt\u00e1rios no projeto<\/p>\n<p>No bairro Adalberto Sena, o soldado Derineudo Souza se transforma em professor. As aulas tem uma pitada de \u201ccomando militar\u201d, para manter a turma sempre disciplinada.<\/p>\n<p>Mesmo com o ar sisudo, o professor ganhou o respeito pela aten\u00e7\u00e3o que tem dado aos alunos. \u201cTem dias que ele d\u00e1 um car\u00e3o e logo a gente se comporta\u201d, revela o aluno Caio Jos\u00e9, 10.<\/p>\n<p>Mas, quando a pergunta \u00e9: gosta ou n\u00e3o da aula de m\u00fasica, a resposta \u00e9 un\u00e2nime. \u201c\u00c9 muito legal a aula\u201d, afirma Samuel Lima, 8. \u201cMuito bom\u201d, diz Gabriel Ferraz, 7.<\/p>\n<p>Derineudo e a fam\u00edlia de militares iniciaram o projeto Amigos Solid\u00e1rios h\u00e1 um ano. A iniciativa atende a quase 40 crian\u00e7as de pelo menos cinco bairros. Hoje, os alunos aprendem flauta e percuss\u00e3o, mas daqui a um tempo, a meta \u00e9 passar para o trompete e o sax.<\/p>\n<p>Al\u00e9m do pai e do irm\u00e3o, Derineudo conta com mais de 500 volunt\u00e1rios que ajudam a manter o projeto. Aqueles que contribuem financeiramente colaboram com a compra da merenda da turma, os uniformes, os instrumentos musicais e a organiza\u00e7\u00e3o de eventos em datas comemorativas.<\/p>\n<p>\u201cN\u00f3s fazemos o social quanto o cultural. Se tem alguma fam\u00edlia precisando de sacol\u00e3o, nos reunimos e levamos. Se n\u00e3o temos, vamos at\u00e9 ela e oferecemos nosso abra\u00e7o. Podemos ajudar de qualquer forma\u201d, disse o soldado professor.<\/p>\n<p>O projeto n\u00e3o para por a\u00ed. O espa\u00e7o ficou pequeno demais. Eles j\u00e1 conseguiram doa\u00e7\u00e3o de sete computadores, mas n\u00e3o tem sala adequada para as aulas de inform\u00e1tica. Uma professora de bal\u00e9 j\u00e1 se prontificou a dar aulas para as crian\u00e7as, mas tamb\u00e9m n\u00e3o h\u00e1 espa\u00e7o. A ideia ent\u00e3o \u00e9 expandir, levar o projeto para outros bairros, formar n\u00facleos.<\/p>\n<p>\u201cO povo acriano \u00e9 de muito bom cora\u00e7\u00e3o. Est\u00e1 falando espa\u00e7o pra n\u00f3s continuarmos nosso trabalho. Esse n\u00facleo vai continuar, mas tem outras comunidades que querem nosso trabalho e estamos querendo ajuda-los\u201d, explica.<\/p>\n<p>A maioria das crian\u00e7as vem de fam\u00edlias pobres. Em uma das atividades do projeto, grupos foram levados ao shopping da cidade. Uma das crian\u00e7as revelou ao professor que era a primeira vez que visitava aquele lugar.<\/p>\n<p>Diego vem de longe participar das aulas. Ele mora na invas\u00e3o do Caladinho. Junto com uma ou mais m\u00e3es, ele e outras crian\u00e7as caminham at\u00e9 o bairro Adalberto Sena, pra participar do projeto, que funciona em uma sala da igreja cat\u00f3lica do bairro. \u201c\u00c9 muito sol e \u00e1s vezes chego a passar mal\u201d, revela o garotinho de apenas 9 anos de idade.<\/p>\n<p>\u201cTem muitos jovens perdidos por a\u00ed. A gente traz nossos filhos para tocar flauta e eles tem um momento pra se ocupar e aprender\u201d, comenta a m\u00e3e de uma das crian\u00e7as, Nataniele Silva.<\/p>\n<p>T\u00edmido Diego revela algo tocante, quando precisa ir de sand\u00e1lia. \u201cMeu p\u00e9 fica todo sujo quando chego aqui\u201d, disse.<\/p>\n<p>Quem participa do projeto como volunt\u00e1rio, afirma que as crian\u00e7as t\u00eam muito mais a oferecer do que os amigos solid\u00e1rios sup\u00f5em doar. \u201c\u00c9 muito gratificante ver o sorriso deles. Ajudar o pr\u00f3ximo n\u00e3o tem coisa melhor\u201d, disse a estudante Amanda Santana.<\/p>\n<p>Para o militar aposentado Bartolomeu Bispo, o projeto \u00e9 mais uma inciativa que mostra que a sociedade n\u00e3o precisa esperar s\u00f3 do poder p\u00fablico, mudan\u00e7as.<br \/>\u201cEu via muita crian\u00e7a caindo para o lado da marginalidade e sendo assim, aqui podem com a m\u00fasica aprender uma profiss\u00e3o, ao inv\u00e9s de ficar na rua aprendendo o que n\u00e3o devem\u201d, afirma.<\/p>\n<p>E a m\u00fasica gera mudan\u00e7as mesmo. O Levi Gabriel, 11, por exemplo, explica o que os acordes musicais significam pra ele. \u201cAntes a m\u00fasica era pouco, agora \u00e9 muito sentimental pra mim\u201d, disse.<\/p>\n<p>O colega Luiz Henrique, 7, entrega a fraqueza e confirma o que a m\u00fasica tem gerado no amigo. \u201c\u00c0s vezes a gente toca uma m\u00fasica e ele come\u00e7a chorar\u201d, revela.<br \/>A a\u00e7\u00e3o proposta pelos &#8220;Amigos solid\u00e1rios&#8221;, como o pr\u00f3prio nome j\u00e1 diz, existe atrav\u00e9s de uma corrente de solidariedade e compaix\u00e3o pelo pr\u00f3ximo. Tendo a m\u00fasica como atrativo, os volunt\u00e1rios tamb\u00e9m encontram uma oportunidade a mais de estender a m\u00e3o, atrav\u00e9s do social.<\/p>\n","protected":false},"excerpt":{"rendered":"<p>Quinhentas pessoas s\u00e3o volunt\u00e1rios no projeto<\/p>\n","protected":false},"author":4,"featured_media":21743,"comment_status":"open","ping_status":"open","sticky":false,"template":"","format":"standard","meta":{"jnews-multi-image_gallery":[],"jnews_single_post":[],"jnews_primary_category":[],"jnews_social_meta":[],"jnews_review":[],"enable_review":"","type":"","name":"","summary":"","brand":"","sku":"","good":[],"bad":[],"score_override":"","override_value":"","rating":[],"price":[],"footnotes":""},"categories":[54],"tags":[],"class_list":["post-21744","post","type-post","status-publish","format-standard","has-post-thumbnail","hentry","category-cotidiano"],"yoast_head":"<!-- This site is optimized with the Yoast SEO plugin v26.5 - https:\/\/yoast.com\/wordpress\/plugins\/seo\/ -->\n<title>Projeto usa m\u00fasica para educar crian\u00e7as - Agazeta.net<\/title>\n<meta name=\"robots\" content=\"index, follow, max-snippet:-1, max-image-preview:large, max-video-preview:-1\" \/>\n<link rel=\"canonical\" href=\"https:\/\/nk7-testes.com.br\/agazeta\/projeto-usa-musica-para-educar-criancas\/\" \/>\n<meta property=\"og:locale\" content=\"pt_BR\" \/>\n<meta property=\"og:type\" content=\"article\" \/>\n<meta property=\"og:title\" content=\"Projeto usa m\u00fasica para educar crian\u00e7as - Agazeta.net\" \/>\n<meta property=\"og:description\" content=\"Quinhentas pessoas s\u00e3o volunt\u00e1rios no projeto\" \/>\n<meta property=\"og:url\" content=\"https:\/\/nk7-testes.com.br\/agazeta\/projeto-usa-musica-para-educar-criancas\/\" \/>\n<meta property=\"og:site_name\" content=\"Agazeta.net\" \/>\n<meta property=\"article:published_time\" content=\"2016-03-25T17:25:03+00:00\" \/>\n<meta property=\"og:image\" content=\"https:\/\/nk7-testes.com.br\/agazeta\/wp-content\/uploads\/2016\/03\/250316-cotidiano-amigossolidarios-tvgazeta.jpg\" \/>\n\t<meta property=\"og:image:width\" content=\"458\" \/>\n\t<meta property=\"og:image:height\" content=\"340\" \/>\n\t<meta property=\"og:image:type\" content=\"image\/jpeg\" \/>\n<meta name=\"author\" content=\"Agazeta.Net\" \/>\n<meta name=\"twitter:card\" content=\"summary_large_image\" \/>\n<meta name=\"twitter:label1\" content=\"Escrito por\" \/>\n\t<meta name=\"twitter:data1\" content=\"Agazeta.Net\" \/>\n\t<meta name=\"twitter:label2\" content=\"Est. tempo de leitura\" \/>\n\t<meta name=\"twitter:data2\" content=\"4 minutos\" \/>\n<script type=\"application\/ld+json\" class=\"yoast-schema-graph\">{\"@context\":\"https:\/\/schema.org\",\"@graph\":[{\"@type\":\"WebPage\",\"@id\":\"https:\/\/nk7-testes.com.br\/agazeta\/projeto-usa-musica-para-educar-criancas\/\",\"url\":\"https:\/\/nk7-testes.com.br\/agazeta\/projeto-usa-musica-para-educar-criancas\/\",\"name\":\"Projeto usa m\u00fasica para educar crian\u00e7as - Agazeta.net\",\"isPartOf\":{\"@id\":\"https:\/\/nk7-testes.com.br\/agazeta\/#website\"},\"primaryImageOfPage\":{\"@id\":\"https:\/\/nk7-testes.com.br\/agazeta\/projeto-usa-musica-para-educar-criancas\/#primaryimage\"},\"image\":{\"@id\":\"https:\/\/nk7-testes.com.br\/agazeta\/projeto-usa-musica-para-educar-criancas\/#primaryimage\"},\"thumbnailUrl\":\"https:\/\/nk7-testes.com.br\/agazeta\/wp-content\/uploads\/2016\/03\/250316-cotidiano-amigossolidarios-tvgazeta.jpg\",\"datePublished\":\"2016-03-25T17:25:03+00:00\",\"author\":{\"@id\":\"https:\/\/nk7-testes.com.br\/agazeta\/#\/schema\/person\/6d6e25cb0435eb4a02fd44d30b4e3020\"},\"breadcrumb\":{\"@id\":\"https:\/\/nk7-testes.com.br\/agazeta\/projeto-usa-musica-para-educar-criancas\/#breadcrumb\"},\"inLanguage\":\"pt-BR\",\"potentialAction\":[{\"@type\":\"ReadAction\",\"target\":[\"https:\/\/nk7-testes.com.br\/agazeta\/projeto-usa-musica-para-educar-criancas\/\"]}]},{\"@type\":\"ImageObject\",\"inLanguage\":\"pt-BR\",\"@id\":\"https:\/\/nk7-testes.com.br\/agazeta\/projeto-usa-musica-para-educar-criancas\/#primaryimage\",\"url\":\"https:\/\/nk7-testes.com.br\/agazeta\/wp-content\/uploads\/2016\/03\/250316-cotidiano-amigossolidarios-tvgazeta.jpg\",\"contentUrl\":\"https:\/\/nk7-testes.com.br\/agazeta\/wp-content\/uploads\/2016\/03\/250316-cotidiano-amigossolidarios-tvgazeta.jpg\",\"width\":458,\"height\":340,\"caption\":\"250316-cotidiano-amigossolidarios-tvgazeta\"},{\"@type\":\"BreadcrumbList\",\"@id\":\"https:\/\/nk7-testes.com.br\/agazeta\/projeto-usa-musica-para-educar-criancas\/#breadcrumb\",\"itemListElement\":[{\"@type\":\"ListItem\",\"position\":1,\"name\":\"In\u00edcio\",\"item\":\"https:\/\/nk7-testes.com.br\/agazeta\/\"},{\"@type\":\"ListItem\",\"position\":2,\"name\":\"Projeto usa m\u00fasica para educar crian\u00e7as\"}]},{\"@type\":\"WebSite\",\"@id\":\"https:\/\/nk7-testes.com.br\/agazeta\/#website\",\"url\":\"https:\/\/nk7-testes.com.br\/agazeta\/\",\"name\":\"Agazeta.net\",\"description\":\"Agazeta.net - Not\u00edcias de Rio Branco\/AC\",\"potentialAction\":[{\"@type\":\"SearchAction\",\"target\":{\"@type\":\"EntryPoint\",\"urlTemplate\":\"https:\/\/nk7-testes.com.br\/agazeta\/?s={search_term_string}\"},\"query-input\":{\"@type\":\"PropertyValueSpecification\",\"valueRequired\":true,\"valueName\":\"search_term_string\"}}],\"inLanguage\":\"pt-BR\"},{\"@type\":\"Person\",\"@id\":\"https:\/\/nk7-testes.com.br\/agazeta\/#\/schema\/person\/6d6e25cb0435eb4a02fd44d30b4e3020\",\"name\":\"Agazeta.Net\",\"url\":\"https:\/\/nk7-testes.com.br\/agazeta\/author\/agazeta\/\"}]}<\/script>\n<!-- \/ Yoast SEO plugin. -->","yoast_head_json":{"title":"Projeto usa m\u00fasica para educar crian\u00e7as - Agazeta.net","robots":{"index":"index","follow":"follow","max-snippet":"max-snippet:-1","max-image-preview":"max-image-preview:large","max-video-preview":"max-video-preview:-1"},"canonical":"https:\/\/nk7-testes.com.br\/agazeta\/projeto-usa-musica-para-educar-criancas\/","og_locale":"pt_BR","og_type":"article","og_title":"Projeto usa m\u00fasica para educar crian\u00e7as - Agazeta.net","og_description":"Quinhentas pessoas s\u00e3o volunt\u00e1rios no projeto","og_url":"https:\/\/nk7-testes.com.br\/agazeta\/projeto-usa-musica-para-educar-criancas\/","og_site_name":"Agazeta.net","article_published_time":"2016-03-25T17:25:03+00:00","og_image":[{"width":458,"height":340,"url":"https:\/\/nk7-testes.com.br\/agazeta\/wp-content\/uploads\/2016\/03\/250316-cotidiano-amigossolidarios-tvgazeta.jpg","type":"image\/jpeg"}],"author":"Agazeta.Net","twitter_card":"summary_large_image","twitter_misc":{"Escrito por":"Agazeta.Net","Est. tempo de leitura":"4 minutos"},"schema":{"@context":"https:\/\/schema.org","@graph":[{"@type":"WebPage","@id":"https:\/\/nk7-testes.com.br\/agazeta\/projeto-usa-musica-para-educar-criancas\/","url":"https:\/\/nk7-testes.com.br\/agazeta\/projeto-usa-musica-para-educar-criancas\/","name":"Projeto usa m\u00fasica para educar crian\u00e7as - Agazeta.net","isPartOf":{"@id":"https:\/\/nk7-testes.com.br\/agazeta\/#website"},"primaryImageOfPage":{"@id":"https:\/\/nk7-testes.com.br\/agazeta\/projeto-usa-musica-para-educar-criancas\/#primaryimage"},"image":{"@id":"https:\/\/nk7-testes.com.br\/agazeta\/projeto-usa-musica-para-educar-criancas\/#primaryimage"},"thumbnailUrl":"https:\/\/nk7-testes.com.br\/agazeta\/wp-content\/uploads\/2016\/03\/250316-cotidiano-amigossolidarios-tvgazeta.jpg","datePublished":"2016-03-25T17:25:03+00:00","author":{"@id":"https:\/\/nk7-testes.com.br\/agazeta\/#\/schema\/person\/6d6e25cb0435eb4a02fd44d30b4e3020"},"breadcrumb":{"@id":"https:\/\/nk7-testes.com.br\/agazeta\/projeto-usa-musica-para-educar-criancas\/#breadcrumb"},"inLanguage":"pt-BR","potentialAction":[{"@type":"ReadAction","target":["https:\/\/nk7-testes.com.br\/agazeta\/projeto-usa-musica-para-educar-criancas\/"]}]},{"@type":"ImageObject","inLanguage":"pt-BR","@id":"https:\/\/nk7-testes.com.br\/agazeta\/projeto-usa-musica-para-educar-criancas\/#primaryimage","url":"https:\/\/nk7-testes.com.br\/agazeta\/wp-content\/uploads\/2016\/03\/250316-cotidiano-amigossolidarios-tvgazeta.jpg","contentUrl":"https:\/\/nk7-testes.com.br\/agazeta\/wp-content\/uploads\/2016\/03\/250316-cotidiano-amigossolidarios-tvgazeta.jpg","width":458,"height":340,"caption":"250316-cotidiano-amigossolidarios-tvgazeta"},{"@type":"BreadcrumbList","@id":"https:\/\/nk7-testes.com.br\/agazeta\/projeto-usa-musica-para-educar-criancas\/#breadcrumb","itemListElement":[{"@type":"ListItem","position":1,"name":"In\u00edcio","item":"https:\/\/nk7-testes.com.br\/agazeta\/"},{"@type":"ListItem","position":2,"name":"Projeto usa m\u00fasica para educar crian\u00e7as"}]},{"@type":"WebSite","@id":"https:\/\/nk7-testes.com.br\/agazeta\/#website","url":"https:\/\/nk7-testes.com.br\/agazeta\/","name":"Agazeta.net","description":"Agazeta.net - Not\u00edcias de Rio Branco\/AC","potentialAction":[{"@type":"SearchAction","target":{"@type":"EntryPoint","urlTemplate":"https:\/\/nk7-testes.com.br\/agazeta\/?s={search_term_string}"},"query-input":{"@type":"PropertyValueSpecification","valueRequired":true,"valueName":"search_term_string"}}],"inLanguage":"pt-BR"},{"@type":"Person","@id":"https:\/\/nk7-testes.com.br\/agazeta\/#\/schema\/person\/6d6e25cb0435eb4a02fd44d30b4e3020","name":"Agazeta.Net","url":"https:\/\/nk7-testes.com.br\/agazeta\/author\/agazeta\/"}]}},"_links":{"self":[{"href":"https:\/\/nk7-testes.com.br\/agazeta\/wp-json\/wp\/v2\/posts\/21744","targetHints":{"allow":["GET"]}}],"collection":[{"href":"https:\/\/nk7-testes.com.br\/agazeta\/wp-json\/wp\/v2\/posts"}],"about":[{"href":"https:\/\/nk7-testes.com.br\/agazeta\/wp-json\/wp\/v2\/types\/post"}],"author":[{"embeddable":true,"href":"https:\/\/nk7-testes.com.br\/agazeta\/wp-json\/wp\/v2\/users\/4"}],"replies":[{"embeddable":true,"href":"https:\/\/nk7-testes.com.br\/agazeta\/wp-json\/wp\/v2\/comments?post=21744"}],"version-history":[{"count":0,"href":"https:\/\/nk7-testes.com.br\/agazeta\/wp-json\/wp\/v2\/posts\/21744\/revisions"}],"wp:featuredmedia":[{"embeddable":true,"href":"https:\/\/nk7-testes.com.br\/agazeta\/wp-json\/wp\/v2\/media\/21743"}],"wp:attachment":[{"href":"https:\/\/nk7-testes.com.br\/agazeta\/wp-json\/wp\/v2\/media?parent=21744"}],"wp:term":[{"taxonomy":"category","embeddable":true,"href":"https:\/\/nk7-testes.com.br\/agazeta\/wp-json\/wp\/v2\/categories?post=21744"},{"taxonomy":"post_tag","embeddable":true,"href":"https:\/\/nk7-testes.com.br\/agazeta\/wp-json\/wp\/v2\/tags?post=21744"}],"curies":[{"name":"wp","href":"https:\/\/api.w.org\/{rel}","templated":true}]}}