{"id":21721,"date":"2016-03-24T21:11:45","date_gmt":"2016-03-24T21:11:45","guid":{"rendered":"https:\/\/abarevegan.com.br\/index.php\/2016\/03\/24\/internauta-denuncia-falta-de-agua-no-ps\/"},"modified":"2016-03-24T21:11:45","modified_gmt":"2016-03-24T21:11:45","slug":"internauta-denuncia-falta-de-agua-no-ps","status":"publish","type":"post","link":"https:\/\/nk7-testes.com.br\/agazeta\/internauta-denuncia-falta-de-agua-no-ps\/","title":{"rendered":"Internauta denuncia falta de \u00e1gua no PS"},"content":{"rendered":"<p style=\"text-align: justify;\">Funcion\u00e1rios t\u00eam que juntar \u00e1gua para trabalhar<\/p>\n<p style=\"text-align: justify;\">Uma internauta (que n\u00e3o quis se identificar) enviou um v\u00eddeo para o site Agazeta.Net denunciando a falta de \u00e1gua em algumas alas do Pronto Socorro de Rio Branco.<\/p>\n<p style=\"text-align: justify;\">De acordo com a den\u00fancia, pelo menos tr\u00eas cl\u00ednicas, a A, B e a Feminina estariam sem \u00e1gua desde ontem (23), obrigando os profissionais a carregar baldes com \u00e1gua para manter atendimentos b\u00e1sicos.<\/p>\n<p style=\"text-align: justify;\">A mulher contou ainda que as enfermeiras estariam sem fazer os curativos de pacientes, pois n\u00e3o h\u00e1 como dar banho neles. \u201cTem acompanhante que levou \u00e1gua mineral pra dar banho no parente hospitalizado para poder fazer o curativo,\u201d denunciou.<\/p>\n<p style=\"text-align: justify;\">De acordo com a dire\u00e7\u00e3o do hospital, houve um vazamento em um dos canos do local, mas que n\u00e3o prejudica o atendimento. \u201cEquipes da Seop, Depasa e Sesacre est\u00e3o trabalhando para resolver o problema o quanto antes\u201d.<\/p>\n","protected":false},"excerpt":{"rendered":"<p style=\"text-align: justify;\">Funcion\u00e1rios t\u00eam que juntar \u00e1gua para trabalhar<\/p>\n","protected":false},"author":4,"featured_media":21720,"comment_status":"open","ping_status":"open","sticky":false,"template":"","format":"standard","meta":{"jnews-multi-image_gallery":[],"jnews_single_post":[],"jnews_primary_category":[],"jnews_social_meta":[],"jnews_review":[],"enable_review":"","type":"","name":"","summary":"","brand":"","sku":"","good":[],"bad":[],"score_override":"","override_value":"","rating":[],"price":[],"footnotes":""},"categories":[54],"tags":[],"class_list":["post-21721","post","type-post","status-publish","format-standard","has-post-thumbnail","hentry","category-cotidiano"],"yoast_head":"<!-- This site is optimized with the Yoast SEO plugin v26.5 - https:\/\/yoast.com\/wordpress\/plugins\/seo\/ -->\n<title>Internauta denuncia falta de \u00e1gua no PS - Agazeta.net<\/title>\n<meta name=\"robots\" content=\"index, follow, max-snippet:-1, max-image-preview:large, max-video-preview:-1\" \/>\n<link rel=\"canonical\" href=\"https:\/\/nk7-testes.com.br\/agazeta\/internauta-denuncia-falta-de-agua-no-ps\/\" \/>\n<meta property=\"og:locale\" content=\"pt_BR\" \/>\n<meta property=\"og:type\" content=\"article\" \/>\n<meta property=\"og:title\" content=\"Internauta denuncia falta de \u00e1gua no PS - Agazeta.net\" \/>\n<meta property=\"og:description\" content=\"Funcion\u00e1rios t\u00eam que juntar \u00e1gua para trabalhar\" \/>\n<meta property=\"og:url\" content=\"https:\/\/nk7-testes.com.br\/agazeta\/internauta-denuncia-falta-de-agua-no-ps\/\" \/>\n<meta property=\"og:site_name\" content=\"Agazeta.net\" \/>\n<meta property=\"article:published_time\" content=\"2016-03-24T21:11:45+00:00\" \/>\n<meta property=\"og:image\" content=\"https:\/\/nk7-testes.com.br\/agazeta\/wp-content\/uploads\/2016\/03\/240316-cotidiano-aguanops-cedida.jpg\" \/>\n\t<meta property=\"og:image:width\" content=\"458\" \/>\n\t<meta property=\"og:image:height\" content=\"340\" \/>\n\t<meta property=\"og:image:type\" content=\"image\/jpeg\" \/>\n<meta name=\"author\" content=\"Agazeta.Net\" \/>\n<meta name=\"twitter:card\" content=\"summary_large_image\" \/>\n<meta name=\"twitter:label1\" content=\"Escrito por\" \/>\n\t<meta name=\"twitter:data1\" content=\"Agazeta.Net\" \/>\n\t<meta name=\"twitter:label2\" content=\"Est. tempo de leitura\" \/>\n\t<meta name=\"twitter:data2\" content=\"1 minuto\" \/>\n<script type=\"application\/ld+json\" class=\"yoast-schema-graph\">{\"@context\":\"https:\/\/schema.org\",\"@graph\":[{\"@type\":\"WebPage\",\"@id\":\"https:\/\/nk7-testes.com.br\/agazeta\/internauta-denuncia-falta-de-agua-no-ps\/\",\"url\":\"https:\/\/nk7-testes.com.br\/agazeta\/internauta-denuncia-falta-de-agua-no-ps\/\",\"name\":\"Internauta denuncia falta de \u00e1gua no PS - Agazeta.net\",\"isPartOf\":{\"@id\":\"https:\/\/nk7-testes.com.br\/agazeta\/#website\"},\"primaryImageOfPage\":{\"@id\":\"https:\/\/nk7-testes.com.br\/agazeta\/internauta-denuncia-falta-de-agua-no-ps\/#primaryimage\"},\"image\":{\"@id\":\"https:\/\/nk7-testes.com.br\/agazeta\/internauta-denuncia-falta-de-agua-no-ps\/#primaryimage\"},\"thumbnailUrl\":\"https:\/\/nk7-testes.com.br\/agazeta\/wp-content\/uploads\/2016\/03\/240316-cotidiano-aguanops-cedida.jpg\",\"datePublished\":\"2016-03-24T21:11:45+00:00\",\"author\":{\"@id\":\"https:\/\/nk7-testes.com.br\/agazeta\/#\/schema\/person\/6d6e25cb0435eb4a02fd44d30b4e3020\"},\"breadcrumb\":{\"@id\":\"https:\/\/nk7-testes.com.br\/agazeta\/internauta-denuncia-falta-de-agua-no-ps\/#breadcrumb\"},\"inLanguage\":\"pt-BR\",\"potentialAction\":[{\"@type\":\"ReadAction\",\"target\":[\"https:\/\/nk7-testes.com.br\/agazeta\/internauta-denuncia-falta-de-agua-no-ps\/\"]}]},{\"@type\":\"ImageObject\",\"inLanguage\":\"pt-BR\",\"@id\":\"https:\/\/nk7-testes.com.br\/agazeta\/internauta-denuncia-falta-de-agua-no-ps\/#primaryimage\",\"url\":\"https:\/\/nk7-testes.com.br\/agazeta\/wp-content\/uploads\/2016\/03\/240316-cotidiano-aguanops-cedida.jpg\",\"contentUrl\":\"https:\/\/nk7-testes.com.br\/agazeta\/wp-content\/uploads\/2016\/03\/240316-cotidiano-aguanops-cedida.jpg\",\"width\":458,\"height\":340,\"caption\":\"240316-cotidiano-aguanops-cedida\"},{\"@type\":\"BreadcrumbList\",\"@id\":\"https:\/\/nk7-testes.com.br\/agazeta\/internauta-denuncia-falta-de-agua-no-ps\/#breadcrumb\",\"itemListElement\":[{\"@type\":\"ListItem\",\"position\":1,\"name\":\"In\u00edcio\",\"item\":\"https:\/\/nk7-testes.com.br\/agazeta\/\"},{\"@type\":\"ListItem\",\"position\":2,\"name\":\"Internauta denuncia falta de \u00e1gua no PS\"}]},{\"@type\":\"WebSite\",\"@id\":\"https:\/\/nk7-testes.com.br\/agazeta\/#website\",\"url\":\"https:\/\/nk7-testes.com.br\/agazeta\/\",\"name\":\"Agazeta.net\",\"description\":\"Agazeta.net - Not\u00edcias de Rio Branco\/AC\",\"potentialAction\":[{\"@type\":\"SearchAction\",\"target\":{\"@type\":\"EntryPoint\",\"urlTemplate\":\"https:\/\/nk7-testes.com.br\/agazeta\/?s={search_term_string}\"},\"query-input\":{\"@type\":\"PropertyValueSpecification\",\"valueRequired\":true,\"valueName\":\"search_term_string\"}}],\"inLanguage\":\"pt-BR\"},{\"@type\":\"Person\",\"@id\":\"https:\/\/nk7-testes.com.br\/agazeta\/#\/schema\/person\/6d6e25cb0435eb4a02fd44d30b4e3020\",\"name\":\"Agazeta.Net\",\"url\":\"https:\/\/nk7-testes.com.br\/agazeta\/author\/agazeta\/\"}]}<\/script>\n<!-- \/ Yoast SEO plugin. -->","yoast_head_json":{"title":"Internauta denuncia falta de \u00e1gua no PS - Agazeta.net","robots":{"index":"index","follow":"follow","max-snippet":"max-snippet:-1","max-image-preview":"max-image-preview:large","max-video-preview":"max-video-preview:-1"},"canonical":"https:\/\/nk7-testes.com.br\/agazeta\/internauta-denuncia-falta-de-agua-no-ps\/","og_locale":"pt_BR","og_type":"article","og_title":"Internauta denuncia falta de \u00e1gua no PS - Agazeta.net","og_description":"Funcion\u00e1rios t\u00eam que juntar \u00e1gua para trabalhar","og_url":"https:\/\/nk7-testes.com.br\/agazeta\/internauta-denuncia-falta-de-agua-no-ps\/","og_site_name":"Agazeta.net","article_published_time":"2016-03-24T21:11:45+00:00","og_image":[{"width":458,"height":340,"url":"https:\/\/nk7-testes.com.br\/agazeta\/wp-content\/uploads\/2016\/03\/240316-cotidiano-aguanops-cedida.jpg","type":"image\/jpeg"}],"author":"Agazeta.Net","twitter_card":"summary_large_image","twitter_misc":{"Escrito por":"Agazeta.Net","Est. tempo de leitura":"1 minuto"},"schema":{"@context":"https:\/\/schema.org","@graph":[{"@type":"WebPage","@id":"https:\/\/nk7-testes.com.br\/agazeta\/internauta-denuncia-falta-de-agua-no-ps\/","url":"https:\/\/nk7-testes.com.br\/agazeta\/internauta-denuncia-falta-de-agua-no-ps\/","name":"Internauta denuncia falta de \u00e1gua no PS - Agazeta.net","isPartOf":{"@id":"https:\/\/nk7-testes.com.br\/agazeta\/#website"},"primaryImageOfPage":{"@id":"https:\/\/nk7-testes.com.br\/agazeta\/internauta-denuncia-falta-de-agua-no-ps\/#primaryimage"},"image":{"@id":"https:\/\/nk7-testes.com.br\/agazeta\/internauta-denuncia-falta-de-agua-no-ps\/#primaryimage"},"thumbnailUrl":"https:\/\/nk7-testes.com.br\/agazeta\/wp-content\/uploads\/2016\/03\/240316-cotidiano-aguanops-cedida.jpg","datePublished":"2016-03-24T21:11:45+00:00","author":{"@id":"https:\/\/nk7-testes.com.br\/agazeta\/#\/schema\/person\/6d6e25cb0435eb4a02fd44d30b4e3020"},"breadcrumb":{"@id":"https:\/\/nk7-testes.com.br\/agazeta\/internauta-denuncia-falta-de-agua-no-ps\/#breadcrumb"},"inLanguage":"pt-BR","potentialAction":[{"@type":"ReadAction","target":["https:\/\/nk7-testes.com.br\/agazeta\/internauta-denuncia-falta-de-agua-no-ps\/"]}]},{"@type":"ImageObject","inLanguage":"pt-BR","@id":"https:\/\/nk7-testes.com.br\/agazeta\/internauta-denuncia-falta-de-agua-no-ps\/#primaryimage","url":"https:\/\/nk7-testes.com.br\/agazeta\/wp-content\/uploads\/2016\/03\/240316-cotidiano-aguanops-cedida.jpg","contentUrl":"https:\/\/nk7-testes.com.br\/agazeta\/wp-content\/uploads\/2016\/03\/240316-cotidiano-aguanops-cedida.jpg","width":458,"height":340,"caption":"240316-cotidiano-aguanops-cedida"},{"@type":"BreadcrumbList","@id":"https:\/\/nk7-testes.com.br\/agazeta\/internauta-denuncia-falta-de-agua-no-ps\/#breadcrumb","itemListElement":[{"@type":"ListItem","position":1,"name":"In\u00edcio","item":"https:\/\/nk7-testes.com.br\/agazeta\/"},{"@type":"ListItem","position":2,"name":"Internauta denuncia falta de \u00e1gua no PS"}]},{"@type":"WebSite","@id":"https:\/\/nk7-testes.com.br\/agazeta\/#website","url":"https:\/\/nk7-testes.com.br\/agazeta\/","name":"Agazeta.net","description":"Agazeta.net - Not\u00edcias de Rio Branco\/AC","potentialAction":[{"@type":"SearchAction","target":{"@type":"EntryPoint","urlTemplate":"https:\/\/nk7-testes.com.br\/agazeta\/?s={search_term_string}"},"query-input":{"@type":"PropertyValueSpecification","valueRequired":true,"valueName":"search_term_string"}}],"inLanguage":"pt-BR"},{"@type":"Person","@id":"https:\/\/nk7-testes.com.br\/agazeta\/#\/schema\/person\/6d6e25cb0435eb4a02fd44d30b4e3020","name":"Agazeta.Net","url":"https:\/\/nk7-testes.com.br\/agazeta\/author\/agazeta\/"}]}},"_links":{"self":[{"href":"https:\/\/nk7-testes.com.br\/agazeta\/wp-json\/wp\/v2\/posts\/21721","targetHints":{"allow":["GET"]}}],"collection":[{"href":"https:\/\/nk7-testes.com.br\/agazeta\/wp-json\/wp\/v2\/posts"}],"about":[{"href":"https:\/\/nk7-testes.com.br\/agazeta\/wp-json\/wp\/v2\/types\/post"}],"author":[{"embeddable":true,"href":"https:\/\/nk7-testes.com.br\/agazeta\/wp-json\/wp\/v2\/users\/4"}],"replies":[{"embeddable":true,"href":"https:\/\/nk7-testes.com.br\/agazeta\/wp-json\/wp\/v2\/comments?post=21721"}],"version-history":[{"count":0,"href":"https:\/\/nk7-testes.com.br\/agazeta\/wp-json\/wp\/v2\/posts\/21721\/revisions"}],"wp:featuredmedia":[{"embeddable":true,"href":"https:\/\/nk7-testes.com.br\/agazeta\/wp-json\/wp\/v2\/media\/21720"}],"wp:attachment":[{"href":"https:\/\/nk7-testes.com.br\/agazeta\/wp-json\/wp\/v2\/media?parent=21721"}],"wp:term":[{"taxonomy":"category","embeddable":true,"href":"https:\/\/nk7-testes.com.br\/agazeta\/wp-json\/wp\/v2\/categories?post=21721"},{"taxonomy":"post_tag","embeddable":true,"href":"https:\/\/nk7-testes.com.br\/agazeta\/wp-json\/wp\/v2\/tags?post=21721"}],"curies":[{"name":"wp","href":"https:\/\/api.w.org\/{rel}","templated":true}]}}