{"id":21719,"date":"2016-03-24T20:54:14","date_gmt":"2016-03-24T20:54:14","guid":{"rendered":"https:\/\/abarevegan.com.br\/index.php\/2016\/03\/24\/acre-realiza-1-feirao-do-imposto-educacao-tributaria\/"},"modified":"2016-03-24T20:54:14","modified_gmt":"2016-03-24T20:54:14","slug":"acre-realiza-1-feirao-do-imposto-educacao-tributaria","status":"publish","type":"post","link":"https:\/\/nk7-testes.com.br\/agazeta\/acre-realiza-1-feirao-do-imposto-educacao-tributaria\/","title":{"rendered":"Acre realiza 1\u00ba Feir\u00e3o do Imposto: educa\u00e7\u00e3o tribut\u00e1ria"},"content":{"rendered":"<p style=\"text-align: justify;\">Objetivo \u00e9 educar quanto ao pagamento de tributos<\/p>\n<p style=\"text-align: justify;\">Foi lan\u00e7ado na noite desta quarta-feira (23) o \u201c1\u00ba Feir\u00e3o de Impostos\u201d do Acre. A Associa\u00e7\u00e3o dos Jovens Empreendedores (Ajeac), Confedera\u00e7\u00e3o dos Jovens Empres\u00e1rios (Conaje) e a Associa\u00e7\u00e3o Comercial (Acisa) estar\u00e3o \u00e0 frente do evento que acontece no dia 21 de maio.<\/p>\n<p style=\"text-align: justify;\">O Brasil \u00e9 o pa\u00eds com maior carga tribut\u00e1ria da Am\u00e9rica Latina. Os eletrodom\u00e9sticos s\u00e3o os produtos que mais possuem encargos.<\/p>\n<p style=\"text-align: justify;\">Produtos comuns nas casas dos brasileiros e muito necess\u00e1rios apresentam porcentagens alt\u00edssimas de tributa\u00e7\u00e3o. O valor de uma geladeira, por exemplo, tem 37% do valor somente em impostos. O fog\u00e3o 4 bocas, aquele mais simples, tem 27% de encargos e a televis\u00e3o 45% de carga tribut\u00e1ria.<\/p>\n<p style=\"text-align: justify;\">E foi pensando em esclarecer a popula\u00e7\u00e3o sobre o assunto, que associa\u00e7\u00f5es do estado resolveram realizar o feir\u00e3o. O presidente da Associa\u00e7\u00e3o dos Jovens Empreendedores do Acre, Thiago Cabral, explica como surgiu a iniciativa. \u201cEssa ideia surgiu h\u00e1 dez anos com o intuito de mostrar para a popula\u00e7\u00e3o e para o empres\u00e1rio o quanto \u00e9 gasto em carga tribut\u00e1ria\u201d.<\/p>\n<p style=\"text-align: justify;\">O tema do primeiro feir\u00e3o \u00e9 \u201cCad\u00ea o retorno?\u201d e tem por objetivo esclarecer d\u00favidas da popula\u00e7\u00e3o sobre o assunto. \u201cOnde est\u00e1 sendo investido esse imposto? N\u00f3s temos que conscientizar a popula\u00e7\u00e3o sobre o que acontece com os impostos gerados no pa\u00eds e, principalmente, no Acre\u201d, disse Cabral.<\/p>\n<p style=\"text-align: justify;\">O local do feir\u00e3o ainda n\u00e3o foi definido, mas h\u00e1 duas atra\u00e7\u00f5es pr\u00e9-agendadas para a data do evento, uma campanha num posto de gasolina da cidade com venda de combust\u00edvel sem cobran\u00e7a de imposto e uma cicleata.<\/p>\n<p style=\"text-align: justify;\">O presidente da Acisa, Celestino Bento, explica a import\u00e2ncia do evento no Acre. \u201cTem produtos que a carga tribut\u00e1ria chega a setenta por cento e a popula\u00e7\u00e3o n\u00e3o tem consci\u00eancia, n\u00e3o sabe disso. Ent\u00e3o, \u00e9 importante o esclarecimento. A gente vai tentar esclarecer o m\u00e1ximo poss\u00edvel \u00e0 popula\u00e7\u00e3o, para que ela possa cobrar investimentos\u201d.<\/p>\n<p style=\"text-align: justify;\">Embora as pessoas n\u00e3o saibam o valor exato que gastam com impostos, os acrianos t\u00eam no\u00e7\u00e3o de que o valor \u00e9 alto e o retorno do que deveria ser investido em beneficio da popula\u00e7\u00e3o \u00e9 pouco.<\/p>\n<p style=\"text-align: justify;\">O professor universit\u00e1rio Romualdo Medeiros sabe bem disso. \u201cMuito alto! O Brasil cobra muitos impostos, mas ele (governo) nos devolve pouco em servi\u00e7os de qualidade\u201d.<\/p>\n<p style=\"text-align: justify;\">Thiago Santana \u00e9 empres\u00e1rio e concorda com o professor Romualdo, \u201ccada produto que a gente compra j\u00e1 vem com um alto imposto, o imposto que pagamos no pa\u00eds \u00e9 gigantesco!\u201d<\/p>\n<p style=\"text-align: justify;\">A assistente jur\u00eddica Dayse Mour\u00e3o vai al\u00e9m e compara a carga tribut\u00e1ria do Brasil com a de outros pa\u00edses. \u201cComparado a outros pa\u00edses \u00e9 um valor muito alto. Quando a gente viaja percebe que tem muito encargo e nenhum retorno\u201d.<\/p>\n","protected":false},"excerpt":{"rendered":"<p style=\"text-align: justify;\">Objetivo \u00e9 educar quanto ao pagamento de tributos<\/p>\n","protected":false},"author":4,"featured_media":21718,"comment_status":"open","ping_status":"open","sticky":false,"template":"","format":"standard","meta":{"jnews-multi-image_gallery":[],"jnews_single_post":[],"jnews_primary_category":[],"jnews_social_meta":[],"jnews_review":[],"enable_review":"","type":"","name":"","summary":"","brand":"","sku":"","good":[],"bad":[],"score_override":"","override_value":"","rating":[],"price":[],"footnotes":""},"categories":[54],"tags":[],"class_list":["post-21719","post","type-post","status-publish","format-standard","has-post-thumbnail","hentry","category-cotidiano"],"yoast_head":"<!-- This site is optimized with the Yoast SEO plugin v26.5 - https:\/\/yoast.com\/wordpress\/plugins\/seo\/ -->\n<title>Acre realiza 1\u00ba Feir\u00e3o do Imposto: educa\u00e7\u00e3o tribut\u00e1ria - Agazeta.net<\/title>\n<meta name=\"robots\" content=\"index, follow, max-snippet:-1, max-image-preview:large, max-video-preview:-1\" \/>\n<link rel=\"canonical\" href=\"https:\/\/nk7-testes.com.br\/agazeta\/acre-realiza-1-feirao-do-imposto-educacao-tributaria\/\" \/>\n<meta property=\"og:locale\" content=\"pt_BR\" \/>\n<meta property=\"og:type\" content=\"article\" \/>\n<meta property=\"og:title\" content=\"Acre realiza 1\u00ba Feir\u00e3o do Imposto: educa\u00e7\u00e3o tribut\u00e1ria - Agazeta.net\" \/>\n<meta property=\"og:description\" content=\"Objetivo \u00e9 educar quanto ao pagamento de tributos\" \/>\n<meta property=\"og:url\" content=\"https:\/\/nk7-testes.com.br\/agazeta\/acre-realiza-1-feirao-do-imposto-educacao-tributaria\/\" \/>\n<meta property=\"og:site_name\" content=\"Agazeta.net\" \/>\n<meta property=\"article:published_time\" content=\"2016-03-24T20:54:14+00:00\" \/>\n<meta property=\"og:image\" content=\"https:\/\/nk7-testes.com.br\/agazeta\/wp-content\/uploads\/2016\/03\/240316-cotidiano-feiraodeimporto-tvgazeta2.jpg\" \/>\n\t<meta property=\"og:image:width\" content=\"458\" \/>\n\t<meta property=\"og:image:height\" content=\"340\" \/>\n\t<meta property=\"og:image:type\" content=\"image\/jpeg\" \/>\n<meta name=\"author\" content=\"Agazeta.Net\" \/>\n<meta name=\"twitter:card\" content=\"summary_large_image\" \/>\n<meta name=\"twitter:label1\" content=\"Escrito por\" \/>\n\t<meta name=\"twitter:data1\" content=\"Agazeta.Net\" \/>\n\t<meta name=\"twitter:label2\" content=\"Est. tempo de leitura\" \/>\n\t<meta name=\"twitter:data2\" content=\"2 minutos\" \/>\n<script type=\"application\/ld+json\" class=\"yoast-schema-graph\">{\"@context\":\"https:\/\/schema.org\",\"@graph\":[{\"@type\":\"WebPage\",\"@id\":\"https:\/\/nk7-testes.com.br\/agazeta\/acre-realiza-1-feirao-do-imposto-educacao-tributaria\/\",\"url\":\"https:\/\/nk7-testes.com.br\/agazeta\/acre-realiza-1-feirao-do-imposto-educacao-tributaria\/\",\"name\":\"Acre realiza 1\u00ba Feir\u00e3o do Imposto: educa\u00e7\u00e3o tribut\u00e1ria - Agazeta.net\",\"isPartOf\":{\"@id\":\"https:\/\/nk7-testes.com.br\/agazeta\/#website\"},\"primaryImageOfPage\":{\"@id\":\"https:\/\/nk7-testes.com.br\/agazeta\/acre-realiza-1-feirao-do-imposto-educacao-tributaria\/#primaryimage\"},\"image\":{\"@id\":\"https:\/\/nk7-testes.com.br\/agazeta\/acre-realiza-1-feirao-do-imposto-educacao-tributaria\/#primaryimage\"},\"thumbnailUrl\":\"https:\/\/nk7-testes.com.br\/agazeta\/wp-content\/uploads\/2016\/03\/240316-cotidiano-feiraodeimporto-tvgazeta2.jpg\",\"datePublished\":\"2016-03-24T20:54:14+00:00\",\"author\":{\"@id\":\"https:\/\/nk7-testes.com.br\/agazeta\/#\/schema\/person\/6d6e25cb0435eb4a02fd44d30b4e3020\"},\"breadcrumb\":{\"@id\":\"https:\/\/nk7-testes.com.br\/agazeta\/acre-realiza-1-feirao-do-imposto-educacao-tributaria\/#breadcrumb\"},\"inLanguage\":\"pt-BR\",\"potentialAction\":[{\"@type\":\"ReadAction\",\"target\":[\"https:\/\/nk7-testes.com.br\/agazeta\/acre-realiza-1-feirao-do-imposto-educacao-tributaria\/\"]}]},{\"@type\":\"ImageObject\",\"inLanguage\":\"pt-BR\",\"@id\":\"https:\/\/nk7-testes.com.br\/agazeta\/acre-realiza-1-feirao-do-imposto-educacao-tributaria\/#primaryimage\",\"url\":\"https:\/\/nk7-testes.com.br\/agazeta\/wp-content\/uploads\/2016\/03\/240316-cotidiano-feiraodeimporto-tvgazeta2.jpg\",\"contentUrl\":\"https:\/\/nk7-testes.com.br\/agazeta\/wp-content\/uploads\/2016\/03\/240316-cotidiano-feiraodeimporto-tvgazeta2.jpg\",\"width\":458,\"height\":340,\"caption\":\"240316-cotidiano-feiraodeimporto-tvgazeta2\"},{\"@type\":\"BreadcrumbList\",\"@id\":\"https:\/\/nk7-testes.com.br\/agazeta\/acre-realiza-1-feirao-do-imposto-educacao-tributaria\/#breadcrumb\",\"itemListElement\":[{\"@type\":\"ListItem\",\"position\":1,\"name\":\"In\u00edcio\",\"item\":\"https:\/\/nk7-testes.com.br\/agazeta\/\"},{\"@type\":\"ListItem\",\"position\":2,\"name\":\"Acre realiza 1\u00ba Feir\u00e3o do Imposto: educa\u00e7\u00e3o tribut\u00e1ria\"}]},{\"@type\":\"WebSite\",\"@id\":\"https:\/\/nk7-testes.com.br\/agazeta\/#website\",\"url\":\"https:\/\/nk7-testes.com.br\/agazeta\/\",\"name\":\"Agazeta.net\",\"description\":\"Agazeta.net - Not\u00edcias de Rio Branco\/AC\",\"potentialAction\":[{\"@type\":\"SearchAction\",\"target\":{\"@type\":\"EntryPoint\",\"urlTemplate\":\"https:\/\/nk7-testes.com.br\/agazeta\/?s={search_term_string}\"},\"query-input\":{\"@type\":\"PropertyValueSpecification\",\"valueRequired\":true,\"valueName\":\"search_term_string\"}}],\"inLanguage\":\"pt-BR\"},{\"@type\":\"Person\",\"@id\":\"https:\/\/nk7-testes.com.br\/agazeta\/#\/schema\/person\/6d6e25cb0435eb4a02fd44d30b4e3020\",\"name\":\"Agazeta.Net\",\"url\":\"https:\/\/nk7-testes.com.br\/agazeta\/author\/agazeta\/\"}]}<\/script>\n<!-- \/ Yoast SEO plugin. -->","yoast_head_json":{"title":"Acre realiza 1\u00ba Feir\u00e3o do Imposto: educa\u00e7\u00e3o tribut\u00e1ria - Agazeta.net","robots":{"index":"index","follow":"follow","max-snippet":"max-snippet:-1","max-image-preview":"max-image-preview:large","max-video-preview":"max-video-preview:-1"},"canonical":"https:\/\/nk7-testes.com.br\/agazeta\/acre-realiza-1-feirao-do-imposto-educacao-tributaria\/","og_locale":"pt_BR","og_type":"article","og_title":"Acre realiza 1\u00ba Feir\u00e3o do Imposto: educa\u00e7\u00e3o tribut\u00e1ria - Agazeta.net","og_description":"Objetivo \u00e9 educar quanto ao pagamento de tributos","og_url":"https:\/\/nk7-testes.com.br\/agazeta\/acre-realiza-1-feirao-do-imposto-educacao-tributaria\/","og_site_name":"Agazeta.net","article_published_time":"2016-03-24T20:54:14+00:00","og_image":[{"width":458,"height":340,"url":"https:\/\/nk7-testes.com.br\/agazeta\/wp-content\/uploads\/2016\/03\/240316-cotidiano-feiraodeimporto-tvgazeta2.jpg","type":"image\/jpeg"}],"author":"Agazeta.Net","twitter_card":"summary_large_image","twitter_misc":{"Escrito por":"Agazeta.Net","Est. tempo de leitura":"2 minutos"},"schema":{"@context":"https:\/\/schema.org","@graph":[{"@type":"WebPage","@id":"https:\/\/nk7-testes.com.br\/agazeta\/acre-realiza-1-feirao-do-imposto-educacao-tributaria\/","url":"https:\/\/nk7-testes.com.br\/agazeta\/acre-realiza-1-feirao-do-imposto-educacao-tributaria\/","name":"Acre realiza 1\u00ba Feir\u00e3o do Imposto: educa\u00e7\u00e3o tribut\u00e1ria - Agazeta.net","isPartOf":{"@id":"https:\/\/nk7-testes.com.br\/agazeta\/#website"},"primaryImageOfPage":{"@id":"https:\/\/nk7-testes.com.br\/agazeta\/acre-realiza-1-feirao-do-imposto-educacao-tributaria\/#primaryimage"},"image":{"@id":"https:\/\/nk7-testes.com.br\/agazeta\/acre-realiza-1-feirao-do-imposto-educacao-tributaria\/#primaryimage"},"thumbnailUrl":"https:\/\/nk7-testes.com.br\/agazeta\/wp-content\/uploads\/2016\/03\/240316-cotidiano-feiraodeimporto-tvgazeta2.jpg","datePublished":"2016-03-24T20:54:14+00:00","author":{"@id":"https:\/\/nk7-testes.com.br\/agazeta\/#\/schema\/person\/6d6e25cb0435eb4a02fd44d30b4e3020"},"breadcrumb":{"@id":"https:\/\/nk7-testes.com.br\/agazeta\/acre-realiza-1-feirao-do-imposto-educacao-tributaria\/#breadcrumb"},"inLanguage":"pt-BR","potentialAction":[{"@type":"ReadAction","target":["https:\/\/nk7-testes.com.br\/agazeta\/acre-realiza-1-feirao-do-imposto-educacao-tributaria\/"]}]},{"@type":"ImageObject","inLanguage":"pt-BR","@id":"https:\/\/nk7-testes.com.br\/agazeta\/acre-realiza-1-feirao-do-imposto-educacao-tributaria\/#primaryimage","url":"https:\/\/nk7-testes.com.br\/agazeta\/wp-content\/uploads\/2016\/03\/240316-cotidiano-feiraodeimporto-tvgazeta2.jpg","contentUrl":"https:\/\/nk7-testes.com.br\/agazeta\/wp-content\/uploads\/2016\/03\/240316-cotidiano-feiraodeimporto-tvgazeta2.jpg","width":458,"height":340,"caption":"240316-cotidiano-feiraodeimporto-tvgazeta2"},{"@type":"BreadcrumbList","@id":"https:\/\/nk7-testes.com.br\/agazeta\/acre-realiza-1-feirao-do-imposto-educacao-tributaria\/#breadcrumb","itemListElement":[{"@type":"ListItem","position":1,"name":"In\u00edcio","item":"https:\/\/nk7-testes.com.br\/agazeta\/"},{"@type":"ListItem","position":2,"name":"Acre realiza 1\u00ba Feir\u00e3o do Imposto: educa\u00e7\u00e3o tribut\u00e1ria"}]},{"@type":"WebSite","@id":"https:\/\/nk7-testes.com.br\/agazeta\/#website","url":"https:\/\/nk7-testes.com.br\/agazeta\/","name":"Agazeta.net","description":"Agazeta.net - Not\u00edcias de Rio Branco\/AC","potentialAction":[{"@type":"SearchAction","target":{"@type":"EntryPoint","urlTemplate":"https:\/\/nk7-testes.com.br\/agazeta\/?s={search_term_string}"},"query-input":{"@type":"PropertyValueSpecification","valueRequired":true,"valueName":"search_term_string"}}],"inLanguage":"pt-BR"},{"@type":"Person","@id":"https:\/\/nk7-testes.com.br\/agazeta\/#\/schema\/person\/6d6e25cb0435eb4a02fd44d30b4e3020","name":"Agazeta.Net","url":"https:\/\/nk7-testes.com.br\/agazeta\/author\/agazeta\/"}]}},"_links":{"self":[{"href":"https:\/\/nk7-testes.com.br\/agazeta\/wp-json\/wp\/v2\/posts\/21719","targetHints":{"allow":["GET"]}}],"collection":[{"href":"https:\/\/nk7-testes.com.br\/agazeta\/wp-json\/wp\/v2\/posts"}],"about":[{"href":"https:\/\/nk7-testes.com.br\/agazeta\/wp-json\/wp\/v2\/types\/post"}],"author":[{"embeddable":true,"href":"https:\/\/nk7-testes.com.br\/agazeta\/wp-json\/wp\/v2\/users\/4"}],"replies":[{"embeddable":true,"href":"https:\/\/nk7-testes.com.br\/agazeta\/wp-json\/wp\/v2\/comments?post=21719"}],"version-history":[{"count":0,"href":"https:\/\/nk7-testes.com.br\/agazeta\/wp-json\/wp\/v2\/posts\/21719\/revisions"}],"wp:featuredmedia":[{"embeddable":true,"href":"https:\/\/nk7-testes.com.br\/agazeta\/wp-json\/wp\/v2\/media\/21718"}],"wp:attachment":[{"href":"https:\/\/nk7-testes.com.br\/agazeta\/wp-json\/wp\/v2\/media?parent=21719"}],"wp:term":[{"taxonomy":"category","embeddable":true,"href":"https:\/\/nk7-testes.com.br\/agazeta\/wp-json\/wp\/v2\/categories?post=21719"},{"taxonomy":"post_tag","embeddable":true,"href":"https:\/\/nk7-testes.com.br\/agazeta\/wp-json\/wp\/v2\/tags?post=21719"}],"curies":[{"name":"wp","href":"https:\/\/api.w.org\/{rel}","templated":true}]}}