{"id":21715,"date":"2016-03-24T16:59:28","date_gmt":"2016-03-24T16:59:28","guid":{"rendered":"https:\/\/abarevegan.com.br\/index.php\/2016\/03\/24\/via-verde-shopping-tem-programacao-especial-no-feriado\/"},"modified":"2016-03-24T16:59:28","modified_gmt":"2016-03-24T16:59:28","slug":"via-verde-shopping-tem-programacao-especial-no-feriado","status":"publish","type":"post","link":"https:\/\/nk7-testes.com.br\/agazeta\/via-verde-shopping-tem-programacao-especial-no-feriado\/","title":{"rendered":"Via Verde Shopping tem programa\u00e7\u00e3o especial no feriado"},"content":{"rendered":"<p>Exposi\u00e7\u00e3o de flores e \u201cAdotar \u00e9 o Bicho\u201d<\/p>\n<p style=\"text-align: justify;\">Os grupos de jardinagem Associa\u00e7\u00e3o Florescer, Atelier Bella Flora, ONG Resgate Animal e o Via Verde Shopping promovem entre os dias 25 e 27 de mar\u00e7o, a IV Edi\u00e7\u00e3o da Feira de Flores\u2019 e a campanha \u2018Adotar \u00e9 o Bicho\u2019.<\/p>\n<p style=\"text-align: justify;\">A feira que j\u00e1 \u00e9 tradicional e acontece todo o fim de semana de cada m\u00eas, nesta edi\u00e7\u00e3o em especial, promover\u00e1 para a crian\u00e7ada oficinas de confec\u00e7\u00e3o de copinhos ministrada pelos floricultores e monitores do evento. Na exposi\u00e7\u00e3o os visitantes poder\u00e3o comprar plantas e flores a partir de R$ 5,00.<\/p>\n<p style=\"text-align: justify;\">A ideia do evento \u00e9 oferecer aos floricultores e, ao p\u00fablico apreciador, um espa\u00e7o de comercializa\u00e7\u00e3o de flores e plantas tropicais t\u00edpicas da regi\u00e3o norte, bem como, fortalecer a economia deste ramo no estado.<\/p>\n<p style=\"text-align: justify;\">J\u00e1 a campanha \u2018Adotar \u00e9 o Bicho\u2019 ser\u00e1 realizada no s\u00e1bado (26) e conta com servi\u00e7os pets como: esclarecer d\u00favidas sobre maus-tratos de animais, veterin\u00e1rios que disponibilizar\u00e3o vacinas, pet shop, expositor infl\u00e1vel das ra\u00e7\u00f5es Fino Trato e v\u00e1rios animais que estar\u00e3o dispon\u00edveis para ado\u00e7\u00e3o. O \u2018Adotar \u00e9 o Bicho\u2019 tem o intuito de ajudar as institui\u00e7\u00f5es que trabalham com o resgate de animais, al\u00e9m de oferecer para o p\u00fablico uma oportunidade de adotar animais bem tratados.<\/p>\n<p style=\"text-align: justify;\">De acordo com o gerente de marketing do Via Verde Shopping, Fabr\u00edcio Cunha, nos eventos os visitantes ter\u00e3o a oportunidade de apreciar e adquirir belas flores e ainda adotar um animalzinho. \u201cTeremos uma variedade muito grande de flores a pre\u00e7os atrativos, que encantar\u00e3o nossos clientes e a ado\u00e7\u00e3o de lindos animais que est\u00e3o sob a prote\u00e7\u00e3o da ONG Resgate Animal que realiza, todo m\u00eas, esta campanha emocionante\u201d, disse.<\/p>\n<p style=\"text-align: justify;\">Vale lembrar que na sexta-feira (25) da Paix\u00e3o o Via Verde Shopping abrir\u00e1 \u00e0s 11h juntamente com a pra\u00e7a de alimenta\u00e7\u00e3o. As lojas abrem \u00e0s 15h com atendimento at\u00e9 \u00e0s 21 horas.<\/p>\n<p style=\"text-align: justify;\"><span style=\"font-size: 13.2px; line-height: 21.12px; text-align: justify;\">&nbsp;<\/span><\/p>\n","protected":false},"excerpt":{"rendered":"<p>Exposi\u00e7\u00e3o de flores e \u201cAdotar \u00e9 o Bicho\u201d<\/p>\n","protected":false},"author":4,"featured_media":21714,"comment_status":"open","ping_status":"open","sticky":false,"template":"","format":"standard","meta":{"jnews-multi-image_gallery":[],"jnews_single_post":[],"jnews_primary_category":[],"jnews_social_meta":[],"jnews_review":[],"enable_review":"","type":"","name":"","summary":"","brand":"","sku":"","good":[],"bad":[],"score_override":"","override_value":"","rating":[],"price":[],"footnotes":""},"categories":[54],"tags":[],"class_list":["post-21715","post","type-post","status-publish","format-standard","has-post-thumbnail","hentry","category-cotidiano"],"yoast_head":"<!-- This site is optimized with the Yoast SEO plugin v26.5 - https:\/\/yoast.com\/wordpress\/plugins\/seo\/ -->\n<title>Via Verde Shopping tem programa\u00e7\u00e3o especial no feriado - Agazeta.net<\/title>\n<meta name=\"robots\" content=\"index, follow, max-snippet:-1, max-image-preview:large, max-video-preview:-1\" \/>\n<link rel=\"canonical\" href=\"https:\/\/nk7-testes.com.br\/agazeta\/via-verde-shopping-tem-programacao-especial-no-feriado\/\" \/>\n<meta property=\"og:locale\" content=\"pt_BR\" \/>\n<meta property=\"og:type\" content=\"article\" \/>\n<meta property=\"og:title\" content=\"Via Verde Shopping tem programa\u00e7\u00e3o especial no feriado - Agazeta.net\" \/>\n<meta property=\"og:description\" content=\"Exposi\u00e7\u00e3o de flores e \u201cAdotar \u00e9 o Bicho\u201d\" \/>\n<meta property=\"og:url\" content=\"https:\/\/nk7-testes.com.br\/agazeta\/via-verde-shopping-tem-programacao-especial-no-feriado\/\" \/>\n<meta property=\"og:site_name\" content=\"Agazeta.net\" \/>\n<meta property=\"article:published_time\" content=\"2016-03-24T16:59:28+00:00\" \/>\n<meta property=\"og:image\" content=\"https:\/\/nk7-testes.com.br\/agazeta\/wp-content\/uploads\/2016\/03\/150316-politica-estacionamentos_410_305.jpg\" \/>\n\t<meta property=\"og:image:width\" content=\"410\" \/>\n\t<meta property=\"og:image:height\" content=\"305\" \/>\n\t<meta property=\"og:image:type\" content=\"image\/jpeg\" \/>\n<meta name=\"author\" content=\"Agazeta.Net\" \/>\n<meta name=\"twitter:card\" content=\"summary_large_image\" \/>\n<meta name=\"twitter:label1\" content=\"Escrito por\" \/>\n\t<meta name=\"twitter:data1\" content=\"Agazeta.Net\" \/>\n\t<meta name=\"twitter:label2\" content=\"Est. tempo de leitura\" \/>\n\t<meta name=\"twitter:data2\" content=\"2 minutos\" \/>\n<script type=\"application\/ld+json\" class=\"yoast-schema-graph\">{\"@context\":\"https:\/\/schema.org\",\"@graph\":[{\"@type\":\"WebPage\",\"@id\":\"https:\/\/nk7-testes.com.br\/agazeta\/via-verde-shopping-tem-programacao-especial-no-feriado\/\",\"url\":\"https:\/\/nk7-testes.com.br\/agazeta\/via-verde-shopping-tem-programacao-especial-no-feriado\/\",\"name\":\"Via Verde Shopping tem programa\u00e7\u00e3o especial no feriado - Agazeta.net\",\"isPartOf\":{\"@id\":\"https:\/\/nk7-testes.com.br\/agazeta\/#website\"},\"primaryImageOfPage\":{\"@id\":\"https:\/\/nk7-testes.com.br\/agazeta\/via-verde-shopping-tem-programacao-especial-no-feriado\/#primaryimage\"},\"image\":{\"@id\":\"https:\/\/nk7-testes.com.br\/agazeta\/via-verde-shopping-tem-programacao-especial-no-feriado\/#primaryimage\"},\"thumbnailUrl\":\"https:\/\/nk7-testes.com.br\/agazeta\/wp-content\/uploads\/2016\/03\/150316-politica-estacionamentos_410_305.jpg\",\"datePublished\":\"2016-03-24T16:59:28+00:00\",\"author\":{\"@id\":\"https:\/\/nk7-testes.com.br\/agazeta\/#\/schema\/person\/6d6e25cb0435eb4a02fd44d30b4e3020\"},\"breadcrumb\":{\"@id\":\"https:\/\/nk7-testes.com.br\/agazeta\/via-verde-shopping-tem-programacao-especial-no-feriado\/#breadcrumb\"},\"inLanguage\":\"pt-BR\",\"potentialAction\":[{\"@type\":\"ReadAction\",\"target\":[\"https:\/\/nk7-testes.com.br\/agazeta\/via-verde-shopping-tem-programacao-especial-no-feriado\/\"]}]},{\"@type\":\"ImageObject\",\"inLanguage\":\"pt-BR\",\"@id\":\"https:\/\/nk7-testes.com.br\/agazeta\/via-verde-shopping-tem-programacao-especial-no-feriado\/#primaryimage\",\"url\":\"https:\/\/nk7-testes.com.br\/agazeta\/wp-content\/uploads\/2016\/03\/150316-politica-estacionamentos_410_305.jpg\",\"contentUrl\":\"https:\/\/nk7-testes.com.br\/agazeta\/wp-content\/uploads\/2016\/03\/150316-politica-estacionamentos_410_305.jpg\",\"width\":410,\"height\":305,\"caption\":\"150316-politica-estacionamentos 410 305\"},{\"@type\":\"BreadcrumbList\",\"@id\":\"https:\/\/nk7-testes.com.br\/agazeta\/via-verde-shopping-tem-programacao-especial-no-feriado\/#breadcrumb\",\"itemListElement\":[{\"@type\":\"ListItem\",\"position\":1,\"name\":\"In\u00edcio\",\"item\":\"https:\/\/nk7-testes.com.br\/agazeta\/\"},{\"@type\":\"ListItem\",\"position\":2,\"name\":\"Via Verde Shopping tem programa\u00e7\u00e3o especial no feriado\"}]},{\"@type\":\"WebSite\",\"@id\":\"https:\/\/nk7-testes.com.br\/agazeta\/#website\",\"url\":\"https:\/\/nk7-testes.com.br\/agazeta\/\",\"name\":\"Agazeta.net\",\"description\":\"Agazeta.net - Not\u00edcias de Rio Branco\/AC\",\"potentialAction\":[{\"@type\":\"SearchAction\",\"target\":{\"@type\":\"EntryPoint\",\"urlTemplate\":\"https:\/\/nk7-testes.com.br\/agazeta\/?s={search_term_string}\"},\"query-input\":{\"@type\":\"PropertyValueSpecification\",\"valueRequired\":true,\"valueName\":\"search_term_string\"}}],\"inLanguage\":\"pt-BR\"},{\"@type\":\"Person\",\"@id\":\"https:\/\/nk7-testes.com.br\/agazeta\/#\/schema\/person\/6d6e25cb0435eb4a02fd44d30b4e3020\",\"name\":\"Agazeta.Net\",\"url\":\"https:\/\/nk7-testes.com.br\/agazeta\/author\/agazeta\/\"}]}<\/script>\n<!-- \/ Yoast SEO plugin. -->","yoast_head_json":{"title":"Via Verde Shopping tem programa\u00e7\u00e3o especial no feriado - Agazeta.net","robots":{"index":"index","follow":"follow","max-snippet":"max-snippet:-1","max-image-preview":"max-image-preview:large","max-video-preview":"max-video-preview:-1"},"canonical":"https:\/\/nk7-testes.com.br\/agazeta\/via-verde-shopping-tem-programacao-especial-no-feriado\/","og_locale":"pt_BR","og_type":"article","og_title":"Via Verde Shopping tem programa\u00e7\u00e3o especial no feriado - Agazeta.net","og_description":"Exposi\u00e7\u00e3o de flores e \u201cAdotar \u00e9 o Bicho\u201d","og_url":"https:\/\/nk7-testes.com.br\/agazeta\/via-verde-shopping-tem-programacao-especial-no-feriado\/","og_site_name":"Agazeta.net","article_published_time":"2016-03-24T16:59:28+00:00","og_image":[{"width":410,"height":305,"url":"https:\/\/nk7-testes.com.br\/agazeta\/wp-content\/uploads\/2016\/03\/150316-politica-estacionamentos_410_305.jpg","type":"image\/jpeg"}],"author":"Agazeta.Net","twitter_card":"summary_large_image","twitter_misc":{"Escrito por":"Agazeta.Net","Est. tempo de leitura":"2 minutos"},"schema":{"@context":"https:\/\/schema.org","@graph":[{"@type":"WebPage","@id":"https:\/\/nk7-testes.com.br\/agazeta\/via-verde-shopping-tem-programacao-especial-no-feriado\/","url":"https:\/\/nk7-testes.com.br\/agazeta\/via-verde-shopping-tem-programacao-especial-no-feriado\/","name":"Via Verde Shopping tem programa\u00e7\u00e3o especial no feriado - Agazeta.net","isPartOf":{"@id":"https:\/\/nk7-testes.com.br\/agazeta\/#website"},"primaryImageOfPage":{"@id":"https:\/\/nk7-testes.com.br\/agazeta\/via-verde-shopping-tem-programacao-especial-no-feriado\/#primaryimage"},"image":{"@id":"https:\/\/nk7-testes.com.br\/agazeta\/via-verde-shopping-tem-programacao-especial-no-feriado\/#primaryimage"},"thumbnailUrl":"https:\/\/nk7-testes.com.br\/agazeta\/wp-content\/uploads\/2016\/03\/150316-politica-estacionamentos_410_305.jpg","datePublished":"2016-03-24T16:59:28+00:00","author":{"@id":"https:\/\/nk7-testes.com.br\/agazeta\/#\/schema\/person\/6d6e25cb0435eb4a02fd44d30b4e3020"},"breadcrumb":{"@id":"https:\/\/nk7-testes.com.br\/agazeta\/via-verde-shopping-tem-programacao-especial-no-feriado\/#breadcrumb"},"inLanguage":"pt-BR","potentialAction":[{"@type":"ReadAction","target":["https:\/\/nk7-testes.com.br\/agazeta\/via-verde-shopping-tem-programacao-especial-no-feriado\/"]}]},{"@type":"ImageObject","inLanguage":"pt-BR","@id":"https:\/\/nk7-testes.com.br\/agazeta\/via-verde-shopping-tem-programacao-especial-no-feriado\/#primaryimage","url":"https:\/\/nk7-testes.com.br\/agazeta\/wp-content\/uploads\/2016\/03\/150316-politica-estacionamentos_410_305.jpg","contentUrl":"https:\/\/nk7-testes.com.br\/agazeta\/wp-content\/uploads\/2016\/03\/150316-politica-estacionamentos_410_305.jpg","width":410,"height":305,"caption":"150316-politica-estacionamentos 410 305"},{"@type":"BreadcrumbList","@id":"https:\/\/nk7-testes.com.br\/agazeta\/via-verde-shopping-tem-programacao-especial-no-feriado\/#breadcrumb","itemListElement":[{"@type":"ListItem","position":1,"name":"In\u00edcio","item":"https:\/\/nk7-testes.com.br\/agazeta\/"},{"@type":"ListItem","position":2,"name":"Via Verde Shopping tem programa\u00e7\u00e3o especial no feriado"}]},{"@type":"WebSite","@id":"https:\/\/nk7-testes.com.br\/agazeta\/#website","url":"https:\/\/nk7-testes.com.br\/agazeta\/","name":"Agazeta.net","description":"Agazeta.net - Not\u00edcias de Rio Branco\/AC","potentialAction":[{"@type":"SearchAction","target":{"@type":"EntryPoint","urlTemplate":"https:\/\/nk7-testes.com.br\/agazeta\/?s={search_term_string}"},"query-input":{"@type":"PropertyValueSpecification","valueRequired":true,"valueName":"search_term_string"}}],"inLanguage":"pt-BR"},{"@type":"Person","@id":"https:\/\/nk7-testes.com.br\/agazeta\/#\/schema\/person\/6d6e25cb0435eb4a02fd44d30b4e3020","name":"Agazeta.Net","url":"https:\/\/nk7-testes.com.br\/agazeta\/author\/agazeta\/"}]}},"_links":{"self":[{"href":"https:\/\/nk7-testes.com.br\/agazeta\/wp-json\/wp\/v2\/posts\/21715","targetHints":{"allow":["GET"]}}],"collection":[{"href":"https:\/\/nk7-testes.com.br\/agazeta\/wp-json\/wp\/v2\/posts"}],"about":[{"href":"https:\/\/nk7-testes.com.br\/agazeta\/wp-json\/wp\/v2\/types\/post"}],"author":[{"embeddable":true,"href":"https:\/\/nk7-testes.com.br\/agazeta\/wp-json\/wp\/v2\/users\/4"}],"replies":[{"embeddable":true,"href":"https:\/\/nk7-testes.com.br\/agazeta\/wp-json\/wp\/v2\/comments?post=21715"}],"version-history":[{"count":0,"href":"https:\/\/nk7-testes.com.br\/agazeta\/wp-json\/wp\/v2\/posts\/21715\/revisions"}],"wp:featuredmedia":[{"embeddable":true,"href":"https:\/\/nk7-testes.com.br\/agazeta\/wp-json\/wp\/v2\/media\/21714"}],"wp:attachment":[{"href":"https:\/\/nk7-testes.com.br\/agazeta\/wp-json\/wp\/v2\/media?parent=21715"}],"wp:term":[{"taxonomy":"category","embeddable":true,"href":"https:\/\/nk7-testes.com.br\/agazeta\/wp-json\/wp\/v2\/categories?post=21715"},{"taxonomy":"post_tag","embeddable":true,"href":"https:\/\/nk7-testes.com.br\/agazeta\/wp-json\/wp\/v2\/tags?post=21715"}],"curies":[{"name":"wp","href":"https:\/\/api.w.org\/{rel}","templated":true}]}}