{"id":21709,"date":"2016-03-24T14:16:32","date_gmt":"2016-03-24T14:16:32","guid":{"rendered":"https:\/\/abarevegan.com.br\/index.php\/2016\/03\/24\/policia-prende-jovem-acusado-de-assalto-a-residencia\/"},"modified":"2016-03-24T14:16:32","modified_gmt":"2016-03-24T14:16:32","slug":"policia-prende-jovem-acusado-de-assalto-a-residencia","status":"publish","type":"post","link":"https:\/\/nk7-testes.com.br\/agazeta\/policia-prende-jovem-acusado-de-assalto-a-residencia\/","title":{"rendered":"Pol\u00edcia prende jovem acusado de assalto \u00e0 resid\u00eancia"},"content":{"rendered":"<p style=\"text-align: justify;\">Ele manteve moradores como ref\u00e9ns<\/p>\n<p style=\"text-align: justify;\">Josemar da silva Barbosa, 24, foi preso na noite desta quarta feira (23) acusado de assalto com ref\u00e9ns. Os policias do 5\u00ba Batalh\u00e3o foram acionados via Ciosp para atender \u00e0 ocorr\u00eancia de assalto na Travessa Cajueiro, no bairro Montanh\u00eas, em uma resid\u00eancia.<\/p>\n<p style=\"text-align: justify;\">Segundo os policiais, uma pessoa teria visto quando um casal chegava \u00e0 casa e foi rendido por dois homens que obrigaram as vitimas entrar na resid\u00eancia.<\/p>\n<p style=\"text-align: justify;\">Como os policias chegaram r\u00e1pido, os dois acusados, ao perceberem a pol\u00edcia sa\u00edram correndo de dentro da casa. Os policiais conseguiram prender o acusado Josemar, que ainda teria tentado fugir dos policias pulando v\u00e1rias cercas junto com o outro acusado.<\/p>\n<p style=\"text-align: justify;\">Mas, foi preso pelos policias. Com o acusado, foi apreendido um rev\u00f3lver calibre 38 com v\u00e1rias muni\u00e7\u00f5es e uma faca que teria sido usada no assalto. Tamb\u00e9m foram apreendidos v\u00e1rios objetos que foram levados da resid\u00eancia.<\/p>\n<p style=\"text-align: justify;\">O mesmo foi conduzido \u00e0 delegacia Central de Flagrantes. Na delegacia, o casal contou aos policiais como teria sido o assalto: eles estavam chegando do trabalho e, ao parar em frente \u00e0 resid\u00eancia com a moto os dois acusados que estavam a p\u00e9 j\u00e1 foram anunciando o assalto.<\/p>\n<p style=\"text-align: justify;\">Segundo a mulher, um dos acusados j\u00e1 agarrou a mulher pelos cabelos e teria batido nela com o cabo da arma. Quando os dois foram levados para dentro de casa, segundo as v\u00edtimas, os acusados come\u00e7aram a bater nele. O marido foi jogado no ch\u00e3o e levou v\u00e1rios chutes.<\/p>\n<p style=\"text-align: justify;\">As v\u00edtimas, a todo momento, pensavam que iriam morrer.<\/p>\n","protected":false},"excerpt":{"rendered":"<p style=\"text-align: justify;\">Ele manteve moradores como ref\u00e9ns<\/p>\n","protected":false},"author":4,"featured_media":21708,"comment_status":"open","ping_status":"open","sticky":false,"template":"","format":"standard","meta":{"jnews-multi-image_gallery":[],"jnews_single_post":[],"jnews_primary_category":[],"jnews_social_meta":[],"jnews_review":[],"enable_review":"","type":"","name":"","summary":"","brand":"","sku":"","good":[],"bad":[],"score_override":"","override_value":"","rating":[],"price":[],"footnotes":""},"categories":[44],"tags":[],"class_list":["post-21709","post","type-post","status-publish","format-standard","has-post-thumbnail","hentry","category-policia"],"yoast_head":"<!-- This site is optimized with the Yoast SEO plugin v26.5 - https:\/\/yoast.com\/wordpress\/plugins\/seo\/ -->\n<title>Pol\u00edcia prende jovem acusado de assalto \u00e0 resid\u00eancia - Agazeta.net<\/title>\n<meta name=\"robots\" content=\"index, follow, max-snippet:-1, max-image-preview:large, max-video-preview:-1\" \/>\n<link rel=\"canonical\" href=\"https:\/\/nk7-testes.com.br\/agazeta\/policia-prende-jovem-acusado-de-assalto-a-residencia\/\" \/>\n<meta property=\"og:locale\" content=\"pt_BR\" \/>\n<meta property=\"og:type\" content=\"article\" \/>\n<meta property=\"og:title\" content=\"Pol\u00edcia prende jovem acusado de assalto \u00e0 resid\u00eancia - Agazeta.net\" \/>\n<meta property=\"og:description\" content=\"Ele manteve moradores como ref\u00e9ns\" \/>\n<meta property=\"og:url\" content=\"https:\/\/nk7-testes.com.br\/agazeta\/policia-prende-jovem-acusado-de-assalto-a-residencia\/\" \/>\n<meta property=\"og:site_name\" content=\"Agazeta.net\" \/>\n<meta property=\"article:published_time\" content=\"2016-03-24T14:16:32+00:00\" \/>\n<meta property=\"og:image\" content=\"https:\/\/nk7-testes.com.br\/agazeta\/wp-content\/uploads\/2016\/03\/240316-policia-assalto-cleriston.jpg\" \/>\n\t<meta property=\"og:image:width\" content=\"458\" \/>\n\t<meta property=\"og:image:height\" content=\"340\" \/>\n\t<meta property=\"og:image:type\" content=\"image\/jpeg\" \/>\n<meta name=\"author\" content=\"Agazeta.Net\" \/>\n<meta name=\"twitter:card\" content=\"summary_large_image\" \/>\n<meta name=\"twitter:label1\" content=\"Escrito por\" \/>\n\t<meta name=\"twitter:data1\" content=\"Agazeta.Net\" \/>\n\t<meta name=\"twitter:label2\" content=\"Est. tempo de leitura\" \/>\n\t<meta name=\"twitter:data2\" content=\"1 minuto\" \/>\n<script type=\"application\/ld+json\" class=\"yoast-schema-graph\">{\"@context\":\"https:\/\/schema.org\",\"@graph\":[{\"@type\":\"WebPage\",\"@id\":\"https:\/\/nk7-testes.com.br\/agazeta\/policia-prende-jovem-acusado-de-assalto-a-residencia\/\",\"url\":\"https:\/\/nk7-testes.com.br\/agazeta\/policia-prende-jovem-acusado-de-assalto-a-residencia\/\",\"name\":\"Pol\u00edcia prende jovem acusado de assalto \u00e0 resid\u00eancia - Agazeta.net\",\"isPartOf\":{\"@id\":\"https:\/\/nk7-testes.com.br\/agazeta\/#website\"},\"primaryImageOfPage\":{\"@id\":\"https:\/\/nk7-testes.com.br\/agazeta\/policia-prende-jovem-acusado-de-assalto-a-residencia\/#primaryimage\"},\"image\":{\"@id\":\"https:\/\/nk7-testes.com.br\/agazeta\/policia-prende-jovem-acusado-de-assalto-a-residencia\/#primaryimage\"},\"thumbnailUrl\":\"https:\/\/nk7-testes.com.br\/agazeta\/wp-content\/uploads\/2016\/03\/240316-policia-assalto-cleriston.jpg\",\"datePublished\":\"2016-03-24T14:16:32+00:00\",\"author\":{\"@id\":\"https:\/\/nk7-testes.com.br\/agazeta\/#\/schema\/person\/6d6e25cb0435eb4a02fd44d30b4e3020\"},\"breadcrumb\":{\"@id\":\"https:\/\/nk7-testes.com.br\/agazeta\/policia-prende-jovem-acusado-de-assalto-a-residencia\/#breadcrumb\"},\"inLanguage\":\"pt-BR\",\"potentialAction\":[{\"@type\":\"ReadAction\",\"target\":[\"https:\/\/nk7-testes.com.br\/agazeta\/policia-prende-jovem-acusado-de-assalto-a-residencia\/\"]}]},{\"@type\":\"ImageObject\",\"inLanguage\":\"pt-BR\",\"@id\":\"https:\/\/nk7-testes.com.br\/agazeta\/policia-prende-jovem-acusado-de-assalto-a-residencia\/#primaryimage\",\"url\":\"https:\/\/nk7-testes.com.br\/agazeta\/wp-content\/uploads\/2016\/03\/240316-policia-assalto-cleriston.jpg\",\"contentUrl\":\"https:\/\/nk7-testes.com.br\/agazeta\/wp-content\/uploads\/2016\/03\/240316-policia-assalto-cleriston.jpg\",\"width\":458,\"height\":340,\"caption\":\"240316-policia-assalto-cleriston\"},{\"@type\":\"BreadcrumbList\",\"@id\":\"https:\/\/nk7-testes.com.br\/agazeta\/policia-prende-jovem-acusado-de-assalto-a-residencia\/#breadcrumb\",\"itemListElement\":[{\"@type\":\"ListItem\",\"position\":1,\"name\":\"In\u00edcio\",\"item\":\"https:\/\/nk7-testes.com.br\/agazeta\/\"},{\"@type\":\"ListItem\",\"position\":2,\"name\":\"Pol\u00edcia prende jovem acusado de assalto \u00e0 resid\u00eancia\"}]},{\"@type\":\"WebSite\",\"@id\":\"https:\/\/nk7-testes.com.br\/agazeta\/#website\",\"url\":\"https:\/\/nk7-testes.com.br\/agazeta\/\",\"name\":\"Agazeta.net\",\"description\":\"Agazeta.net - Not\u00edcias de Rio Branco\/AC\",\"potentialAction\":[{\"@type\":\"SearchAction\",\"target\":{\"@type\":\"EntryPoint\",\"urlTemplate\":\"https:\/\/nk7-testes.com.br\/agazeta\/?s={search_term_string}\"},\"query-input\":{\"@type\":\"PropertyValueSpecification\",\"valueRequired\":true,\"valueName\":\"search_term_string\"}}],\"inLanguage\":\"pt-BR\"},{\"@type\":\"Person\",\"@id\":\"https:\/\/nk7-testes.com.br\/agazeta\/#\/schema\/person\/6d6e25cb0435eb4a02fd44d30b4e3020\",\"name\":\"Agazeta.Net\",\"url\":\"https:\/\/nk7-testes.com.br\/agazeta\/author\/agazeta\/\"}]}<\/script>\n<!-- \/ Yoast SEO plugin. -->","yoast_head_json":{"title":"Pol\u00edcia prende jovem acusado de assalto \u00e0 resid\u00eancia - Agazeta.net","robots":{"index":"index","follow":"follow","max-snippet":"max-snippet:-1","max-image-preview":"max-image-preview:large","max-video-preview":"max-video-preview:-1"},"canonical":"https:\/\/nk7-testes.com.br\/agazeta\/policia-prende-jovem-acusado-de-assalto-a-residencia\/","og_locale":"pt_BR","og_type":"article","og_title":"Pol\u00edcia prende jovem acusado de assalto \u00e0 resid\u00eancia - Agazeta.net","og_description":"Ele manteve moradores como ref\u00e9ns","og_url":"https:\/\/nk7-testes.com.br\/agazeta\/policia-prende-jovem-acusado-de-assalto-a-residencia\/","og_site_name":"Agazeta.net","article_published_time":"2016-03-24T14:16:32+00:00","og_image":[{"width":458,"height":340,"url":"https:\/\/nk7-testes.com.br\/agazeta\/wp-content\/uploads\/2016\/03\/240316-policia-assalto-cleriston.jpg","type":"image\/jpeg"}],"author":"Agazeta.Net","twitter_card":"summary_large_image","twitter_misc":{"Escrito por":"Agazeta.Net","Est. tempo de leitura":"1 minuto"},"schema":{"@context":"https:\/\/schema.org","@graph":[{"@type":"WebPage","@id":"https:\/\/nk7-testes.com.br\/agazeta\/policia-prende-jovem-acusado-de-assalto-a-residencia\/","url":"https:\/\/nk7-testes.com.br\/agazeta\/policia-prende-jovem-acusado-de-assalto-a-residencia\/","name":"Pol\u00edcia prende jovem acusado de assalto \u00e0 resid\u00eancia - Agazeta.net","isPartOf":{"@id":"https:\/\/nk7-testes.com.br\/agazeta\/#website"},"primaryImageOfPage":{"@id":"https:\/\/nk7-testes.com.br\/agazeta\/policia-prende-jovem-acusado-de-assalto-a-residencia\/#primaryimage"},"image":{"@id":"https:\/\/nk7-testes.com.br\/agazeta\/policia-prende-jovem-acusado-de-assalto-a-residencia\/#primaryimage"},"thumbnailUrl":"https:\/\/nk7-testes.com.br\/agazeta\/wp-content\/uploads\/2016\/03\/240316-policia-assalto-cleriston.jpg","datePublished":"2016-03-24T14:16:32+00:00","author":{"@id":"https:\/\/nk7-testes.com.br\/agazeta\/#\/schema\/person\/6d6e25cb0435eb4a02fd44d30b4e3020"},"breadcrumb":{"@id":"https:\/\/nk7-testes.com.br\/agazeta\/policia-prende-jovem-acusado-de-assalto-a-residencia\/#breadcrumb"},"inLanguage":"pt-BR","potentialAction":[{"@type":"ReadAction","target":["https:\/\/nk7-testes.com.br\/agazeta\/policia-prende-jovem-acusado-de-assalto-a-residencia\/"]}]},{"@type":"ImageObject","inLanguage":"pt-BR","@id":"https:\/\/nk7-testes.com.br\/agazeta\/policia-prende-jovem-acusado-de-assalto-a-residencia\/#primaryimage","url":"https:\/\/nk7-testes.com.br\/agazeta\/wp-content\/uploads\/2016\/03\/240316-policia-assalto-cleriston.jpg","contentUrl":"https:\/\/nk7-testes.com.br\/agazeta\/wp-content\/uploads\/2016\/03\/240316-policia-assalto-cleriston.jpg","width":458,"height":340,"caption":"240316-policia-assalto-cleriston"},{"@type":"BreadcrumbList","@id":"https:\/\/nk7-testes.com.br\/agazeta\/policia-prende-jovem-acusado-de-assalto-a-residencia\/#breadcrumb","itemListElement":[{"@type":"ListItem","position":1,"name":"In\u00edcio","item":"https:\/\/nk7-testes.com.br\/agazeta\/"},{"@type":"ListItem","position":2,"name":"Pol\u00edcia prende jovem acusado de assalto \u00e0 resid\u00eancia"}]},{"@type":"WebSite","@id":"https:\/\/nk7-testes.com.br\/agazeta\/#website","url":"https:\/\/nk7-testes.com.br\/agazeta\/","name":"Agazeta.net","description":"Agazeta.net - Not\u00edcias de Rio Branco\/AC","potentialAction":[{"@type":"SearchAction","target":{"@type":"EntryPoint","urlTemplate":"https:\/\/nk7-testes.com.br\/agazeta\/?s={search_term_string}"},"query-input":{"@type":"PropertyValueSpecification","valueRequired":true,"valueName":"search_term_string"}}],"inLanguage":"pt-BR"},{"@type":"Person","@id":"https:\/\/nk7-testes.com.br\/agazeta\/#\/schema\/person\/6d6e25cb0435eb4a02fd44d30b4e3020","name":"Agazeta.Net","url":"https:\/\/nk7-testes.com.br\/agazeta\/author\/agazeta\/"}]}},"_links":{"self":[{"href":"https:\/\/nk7-testes.com.br\/agazeta\/wp-json\/wp\/v2\/posts\/21709","targetHints":{"allow":["GET"]}}],"collection":[{"href":"https:\/\/nk7-testes.com.br\/agazeta\/wp-json\/wp\/v2\/posts"}],"about":[{"href":"https:\/\/nk7-testes.com.br\/agazeta\/wp-json\/wp\/v2\/types\/post"}],"author":[{"embeddable":true,"href":"https:\/\/nk7-testes.com.br\/agazeta\/wp-json\/wp\/v2\/users\/4"}],"replies":[{"embeddable":true,"href":"https:\/\/nk7-testes.com.br\/agazeta\/wp-json\/wp\/v2\/comments?post=21709"}],"version-history":[{"count":0,"href":"https:\/\/nk7-testes.com.br\/agazeta\/wp-json\/wp\/v2\/posts\/21709\/revisions"}],"wp:featuredmedia":[{"embeddable":true,"href":"https:\/\/nk7-testes.com.br\/agazeta\/wp-json\/wp\/v2\/media\/21708"}],"wp:attachment":[{"href":"https:\/\/nk7-testes.com.br\/agazeta\/wp-json\/wp\/v2\/media?parent=21709"}],"wp:term":[{"taxonomy":"category","embeddable":true,"href":"https:\/\/nk7-testes.com.br\/agazeta\/wp-json\/wp\/v2\/categories?post=21709"},{"taxonomy":"post_tag","embeddable":true,"href":"https:\/\/nk7-testes.com.br\/agazeta\/wp-json\/wp\/v2\/tags?post=21709"}],"curies":[{"name":"wp","href":"https:\/\/api.w.org\/{rel}","templated":true}]}}